{"id":75527,"date":"2022-01-28T14:26:13","date_gmt":"2022-01-28T14:26:13","guid":{"rendered":"https:\/\/www.altominho.tv\/site\/?p=75527"},"modified":"2022-02-16T09:53:57","modified_gmt":"2022-02-16T09:53:57","slug":"porto-gaia-e-viana-do-castelo-com-obras-publicas-paradas-e-adiadas-em-janeiro","status":"publish","type":"post","link":"https:\/\/www.altominho.tv\/site\/2022\/01\/28\/porto-gaia-e-viana-do-castelo-com-obras-publicas-paradas-e-adiadas-em-janeiro\/","title":{"rendered":"Porto, Gaia e Viana do Castelo com obras p\u00fablicas paradas e adiadas em janeiro"},"content":{"rendered":"\n<p>Os concelhos do Porto, Vila Nova de Gaia e Viana do Castelo viram-se obrigados, este m\u00eas, a parar ou atrasar obras p\u00fablicas que est\u00e3o a decorrer, devido \u00e0 falta de mat\u00e9ria-prima, m\u00e3o de obra e constrangimentos pand\u00e9micos.<\/p>\n\n\n\n<p>Se j\u00e1 eram conhecidas as paragens em Vila Nova de Gaia (distito do Porto) e em Viana do Castelo, na tarde de quinta-feira foi a vez do Porto, atrav\u00e9s da empresa municipal GO Porto &#8211;&nbsp;Gest\u00e3o e Obras do Porto, anunciar o adiamento da abertura do Cinema Batalha para setembro.<\/p>\n\n\n\n<p>A falta de mat\u00e9ria-prima, nomeadamente, de vidro, alum\u00ednio, ferro e cobre adiam a obra por mais cinco meses e &#8220;for\u00e7am a sua conclus\u00e3o&#8221; para o princ\u00edpio&nbsp;do ver\u00e3o, de acordo com a autarquia.<\/p>\n\n\n\n<p>Citada no comunicado da autarquia, a vice-presidente da GO Porto, C\u00e1tia Meirinhos, salienta que esta fase &#8220;est\u00e1 verdadeiramente cr\u00edtica, pois n\u00e3o h\u00e1 prazos de entregas de materiais e os valores continuam inst\u00e1veis e a subir&#8221;.&nbsp;<\/p>\n\n\n\n<p>Segundo aquela respons\u00e1vel, al\u00e9m da falta de vidro, alum\u00ednio ou ferro, houve tamb\u00e9m &#8220;uma falha na entrega dos contraplacados ign\u00edfugos, supostamente assegurados desde o in\u00edcio da obra,&nbsp;n\u00e3o havendo nova produ\u00e7\u00e3o de perfis e acess\u00f3rios em cobre, material existente nos corrim\u00e3os, puxadores e em alguma sinal\u00e9tica&#8221;.&nbsp;<\/p>\n\n\n\n<p>&#8220;Atualmente, subempreiteiros e fornecedores n\u00e3o garantem entregas, nem prazos, nem pre\u00e7o&#8221;, nota, acrescentando que tal implicou uma redu\u00e7\u00e3o na m\u00e3o-de-obra que chegou a rondar os 100 a 150 trabalhadores e que agora se fixa em 20 a 30 pessoas.<\/p>\n\n\n\n<p>Aos constrangimentos da obra, juntaram-se os &#8220;efeitos da pandemia&#8221;, que, &#8220;continua a afetar gravemente o normal desenvolvimento dos trabalhos&#8221;.&nbsp;<\/p>\n\n\n\n<p>Situa\u00e7\u00e3o semelhante foi relatada em Viana do Castelo, j\u00e1 que na ter\u00e7a-feira a c\u00e2mara municipal aprovou, por unanimidade, a prorroga\u00e7\u00e3o de quatro empreitadas a pedido das empresas, que alegam atrasos ou falta de materiais e aus\u00eancia de m\u00e3o-de-obra especializada devido \u00e0 pandemia de covid-19.<\/p>\n\n\n\n<p>Em causa est\u00e3o empreitadas no valor global de 4,6 milh\u00f5es de euros, relacionadas com a beneficia\u00e7\u00e3o de redes abastecimento de \u00e1guas e saneamento b\u00e1sico e regenera\u00e7\u00e3o urbana, com as empresas a pedir mais 150 dias para concluir os trabalhos.<\/p>\n\n\n\n<p>No dia 10 de janeiro, o presidente da C\u00e2mara de Vila Nova de Gaia, Eduardo V\u00edtor Rodrigues, j\u00e1 tinha dito aos jornalistas que o aumento \u201cbrutal\u201d do pre\u00e7o das mat\u00e9rias-primas fez com que, num intervalo de 15 dias, parassem duas obras no concelho.<\/p>\n\n\n\n<p>Em causa est\u00e3o a constru\u00e7\u00e3o do pavilh\u00e3o de Olival e obras relacionadas com efici\u00eancia energ\u00e9tica num bairro social.<\/p>\n\n\n\n<p>Segundo o autarca gaiense, dado o aumento dos pre\u00e7os, entre ter preju\u00edzo e abdicar da obra, os empreiteiros optam pela segunda op\u00e7\u00e3o.<\/p>\n\n\n\n<p>\u201cOs pre\u00e7os das empreitadas hoje em curso foram estabelecidos h\u00e1 dois ou tr\u00eas anos e, portanto, o que custava 100 euros \u00e0 data custa hoje 120 ou 130 euros\u201d, vincou.<\/p>\n\n\n\n<p>Depois de ter dito \u00e0 Lusa que n\u00e3o havia &#8220;problemas gen\u00e9ricos de paragem&#8221; no setor, apesar de referir a falta de m\u00e3o de obra, o presidente da Associa\u00e7\u00e3o dos Industriais da Constru\u00e7\u00e3o Civil e Obras P\u00fablicas (AICCOPN), quando questionado novamente se um novo adiamento na regi\u00e3o Norte n\u00e3o o fazia mudar de opini\u00e3o, disse continuar &#8220;a pensar que este fen\u00f3meno \u00e9 pontual&#8221;.<\/p>\n\n\n\n<p>&#8220;\u00c9 pontual devido \u00e0 m\u00e3o de obra que o setor necessita, e por outro lado agravado por esta situa\u00e7\u00e3o da pandemia&#8221;, referiu Manuel Reis Campos, lembrando as &#8220;milhares de obras em funcionamento&#8221;.<\/p>\n\n\n\n<p>&#8220;Quando estamos a falar de quatro ou cinco casos, estamos a falar de uma situa\u00e7\u00e3o pontual&#8221;, reiterou.<\/p>\n\n\n\n<p>Questionado sobre se o fen\u00f3meno corre o risco de se generalizar, Manuel Reis Campos disse que tal &#8220;n\u00e3o pode acontecer nem vai acontecer&#8221; num setor que emprega &#8220;diretamente 300 mil pessoas&#8221;.<\/p>\n\n\n\n<p>Todavia, reconheceu que &#8220;\u00e9 natural que haja um acabamento de obra que possa ser prejudicado por alguma raz\u00e3o&#8221;, nomeadamente pre\u00e7o ou escassez de material, mas disse n\u00e3o compreender que as obras parem. &#8220;N\u00e3o faz sentido&#8221;, concluiu.<\/p>\n","protected":false},"excerpt":{"rendered":"<p>Os concelhos do Porto, Vila Nova de Gaia e Viana do Castelo viram-se obrigados, este m\u00eas, a parar ou atrasar obras p\u00fablicas que est\u00e3o a decorrer, devido \u00e0 falta de mat\u00e9ria-prima, m\u00e3o de obra e constrangimentos pand\u00e9micos. Se j\u00e1 eram conhecidas as paragens em Vila Nova de Gaia (distito do Porto) e em Viana do [&hellip;]<\/p>\n","protected":false},"author":16,"featured_media":75528,"comment_status":"closed","ping_status":"closed","sticky":false,"template":"","format":"standard","meta":{"_exactmetrics_skip_tracking":false,"_exactmetrics_sitenote_active":false,"_exactmetrics_sitenote_note":"","_exactmetrics_sitenote_category":0,"footnotes":""},"categories":[73],"tags":[27],"class_list":["post-75527","post","type-post","status-publish","format-standard","has-post-thumbnail","hentry","category-alto-minho","tag-sociedade"],"yoast_head":"<!-- This site is optimized with the Yoast SEO Premium plugin v27.4 (Yoast SEO v27.4) - https:\/\/yoast.com\/product\/yoast-seo-premium-wordpress\/ -->\n<title>Porto, Gaia e Viana do Castelo com obras p\u00fablicas paradas e adiadas em janeiro<\/title>\n<meta name=\"description\" content=\"Os concelhos do Porto, Vila Nova de Gaia e Viana do Castelo viram-se obrigados a parar ou atrasar obras p\u00fablicas que est\u00e3o a decorrer.\" \/>\n<meta name=\"robots\" content=\"index, follow, max-snippet:-1, max-image-preview:large, max-video-preview:-1\" \/>\n<link rel=\"canonical\" href=\"https:\/\/www.altominho.tv\/site\/2022\/01\/28\/porto-gaia-e-viana-do-castelo-com-obras-publicas-paradas-e-adiadas-em-janeiro\/\" \/>\n<meta property=\"og:locale\" content=\"pt_PT\" \/>\n<meta property=\"og:type\" content=\"article\" \/>\n<meta property=\"og:title\" content=\"Porto, Gaia e Viana do Castelo com obras p\u00fablicas paradas e adiadas em janeiro\" \/>\n<meta property=\"og:description\" content=\"Os concelhos do Porto, Vila Nova de Gaia e Viana do Castelo viram-se obrigados a parar ou atrasar obras p\u00fablicas que est\u00e3o a decorrer.\" \/>\n<meta property=\"og:url\" content=\"https:\/\/www.altominho.tv\/site\/2022\/01\/28\/porto-gaia-e-viana-do-castelo-com-obras-publicas-paradas-e-adiadas-em-janeiro\/\" \/>\n<meta property=\"og:site_name\" content=\"Altominho.tv\" \/>\n<meta property=\"article:publisher\" content=\"https:\/\/www.facebook.com\/altominhotv\" \/>\n<meta property=\"article:published_time\" content=\"2022-01-28T14:26:13+00:00\" \/>\n<meta property=\"article:modified_time\" content=\"2022-02-16T09:53:57+00:00\" \/>\n<meta property=\"og:image\" content=\"https:\/\/www.altominho.tv\/site\/wp-content\/uploads\/2022\/01\/obras.jpg\" \/>\n\t<meta property=\"og:image:width\" content=\"1500\" \/>\n\t<meta property=\"og:image:height\" content=\"1000\" \/>\n\t<meta property=\"og:image:type\" content=\"image\/jpeg\" \/>\n<meta name=\"author\" content=\"Andreia Cunha | Lusa\" \/>\n<meta name=\"twitter:card\" content=\"summary_large_image\" \/>\n<meta name=\"twitter:creator\" content=\"@altominhoTV\" \/>\n<meta name=\"twitter:site\" content=\"@altominhoTV\" \/>\n<meta name=\"twitter:label1\" content=\"Escrito por\" \/>\n\t<meta name=\"twitter:data1\" content=\"Andreia Cunha | Lusa\" \/>\n\t<meta name=\"twitter:label2\" content=\"Tempo estimado de leitura\" \/>\n\t<meta name=\"twitter:data2\" content=\"4 minutos\" \/>\n<script type=\"application\/ld+json\" class=\"yoast-schema-graph\">{\"@context\":\"https:\\\/\\\/schema.org\",\"@graph\":[{\"@type\":\"Article\",\"@id\":\"https:\\\/\\\/www.altominho.tv\\\/site\\\/2022\\\/01\\\/28\\\/porto-gaia-e-viana-do-castelo-com-obras-publicas-paradas-e-adiadas-em-janeiro\\\/#article\",\"isPartOf\":{\"@id\":\"https:\\\/\\\/www.altominho.tv\\\/site\\\/2022\\\/01\\\/28\\\/porto-gaia-e-viana-do-castelo-com-obras-publicas-paradas-e-adiadas-em-janeiro\\\/\"},\"author\":{\"name\":\"Andreia Cunha | Lusa\",\"@id\":\"https:\\\/\\\/www.altominho.tv\\\/site\\\/#\\\/schema\\\/person\\\/dbaf181c01b51ff40c9f461a905d321e\"},\"headline\":\"Porto, Gaia e Viana do Castelo com obras p\u00fablicas paradas e adiadas em janeiro\",\"datePublished\":\"2022-01-28T14:26:13+00:00\",\"dateModified\":\"2022-02-16T09:53:57+00:00\",\"mainEntityOfPage\":{\"@id\":\"https:\\\/\\\/www.altominho.tv\\\/site\\\/2022\\\/01\\\/28\\\/porto-gaia-e-viana-do-castelo-com-obras-publicas-paradas-e-adiadas-em-janeiro\\\/\"},\"wordCount\":711,\"image\":{\"@id\":\"https:\\\/\\\/www.altominho.tv\\\/site\\\/2022\\\/01\\\/28\\\/porto-gaia-e-viana-do-castelo-com-obras-publicas-paradas-e-adiadas-em-janeiro\\\/#primaryimage\"},\"thumbnailUrl\":\"https:\\\/\\\/www.altominho.tv\\\/site\\\/wp-content\\\/uploads\\\/2022\\\/01\\\/obras.jpg\",\"keywords\":[\"Sociedade\"],\"articleSection\":[\"Alto Minho\"],\"inLanguage\":\"pt-PT\",\"copyrightYear\":\"2022\",\"copyrightHolder\":{\"@id\":\"https:\\\/\\\/www.altominho.tv\\\/site\\\/#organization\"}},{\"@type\":\"WebPage\",\"@id\":\"https:\\\/\\\/www.altominho.tv\\\/site\\\/2022\\\/01\\\/28\\\/porto-gaia-e-viana-do-castelo-com-obras-publicas-paradas-e-adiadas-em-janeiro\\\/\",\"url\":\"https:\\\/\\\/www.altominho.tv\\\/site\\\/2022\\\/01\\\/28\\\/porto-gaia-e-viana-do-castelo-com-obras-publicas-paradas-e-adiadas-em-janeiro\\\/\",\"name\":\"Porto, Gaia e Viana do Castelo com obras p\u00fablicas paradas e adiadas em janeiro\",\"isPartOf\":{\"@id\":\"https:\\\/\\\/www.altominho.tv\\\/site\\\/#website\"},\"primaryImageOfPage\":{\"@id\":\"https:\\\/\\\/www.altominho.tv\\\/site\\\/2022\\\/01\\\/28\\\/porto-gaia-e-viana-do-castelo-com-obras-publicas-paradas-e-adiadas-em-janeiro\\\/#primaryimage\"},\"image\":{\"@id\":\"https:\\\/\\\/www.altominho.tv\\\/site\\\/2022\\\/01\\\/28\\\/porto-gaia-e-viana-do-castelo-com-obras-publicas-paradas-e-adiadas-em-janeiro\\\/#primaryimage\"},\"thumbnailUrl\":\"https:\\\/\\\/www.altominho.tv\\\/site\\\/wp-content\\\/uploads\\\/2022\\\/01\\\/obras.jpg\",\"datePublished\":\"2022-01-28T14:26:13+00:00\",\"dateModified\":\"2022-02-16T09:53:57+00:00\",\"author\":{\"@id\":\"https:\\\/\\\/www.altominho.tv\\\/site\\\/#\\\/schema\\\/person\\\/dbaf181c01b51ff40c9f461a905d321e\"},\"description\":\"Os concelhos do Porto, Vila Nova de Gaia e Viana do Castelo viram-se obrigados a parar ou atrasar obras p\u00fablicas que est\u00e3o a decorrer.\",\"breadcrumb\":{\"@id\":\"https:\\\/\\\/www.altominho.tv\\\/site\\\/2022\\\/01\\\/28\\\/porto-gaia-e-viana-do-castelo-com-obras-publicas-paradas-e-adiadas-em-janeiro\\\/#breadcrumb\"},\"inLanguage\":\"pt-PT\",\"potentialAction\":[{\"@type\":\"ReadAction\",\"target\":[\"https:\\\/\\\/www.altominho.tv\\\/site\\\/2022\\\/01\\\/28\\\/porto-gaia-e-viana-do-castelo-com-obras-publicas-paradas-e-adiadas-em-janeiro\\\/\"]}]},{\"@type\":\"ImageObject\",\"inLanguage\":\"pt-PT\",\"@id\":\"https:\\\/\\\/www.altominho.tv\\\/site\\\/2022\\\/01\\\/28\\\/porto-gaia-e-viana-do-castelo-com-obras-publicas-paradas-e-adiadas-em-janeiro\\\/#primaryimage\",\"url\":\"https:\\\/\\\/www.altominho.tv\\\/site\\\/wp-content\\\/uploads\\\/2022\\\/01\\\/obras.jpg\",\"contentUrl\":\"https:\\\/\\\/www.altominho.tv\\\/site\\\/wp-content\\\/uploads\\\/2022\\\/01\\\/obras.jpg\",\"width\":1500,\"height\":1000},{\"@type\":\"BreadcrumbList\",\"@id\":\"https:\\\/\\\/www.altominho.tv\\\/site\\\/2022\\\/01\\\/28\\\/porto-gaia-e-viana-do-castelo-com-obras-publicas-paradas-e-adiadas-em-janeiro\\\/#breadcrumb\",\"itemListElement\":[{\"@type\":\"ListItem\",\"position\":1,\"name\":\"In\u00edcio\",\"item\":\"https:\\\/\\\/www.altominho.tv\\\/site\\\/\"},{\"@type\":\"ListItem\",\"position\":2,\"name\":\"Porto, Gaia e Viana do Castelo com obras p\u00fablicas paradas e adiadas em janeiro\"}]},{\"@type\":\"WebSite\",\"@id\":\"https:\\\/\\\/www.altominho.tv\\\/site\\\/#website\",\"url\":\"https:\\\/\\\/www.altominho.tv\\\/site\\\/\",\"name\":\"Altominho.tv\",\"description\":\"A sua regi\u00e3o \u00e0 dist\u00e2ncia de um clique...\",\"potentialAction\":[{\"@type\":\"SearchAction\",\"target\":{\"@type\":\"EntryPoint\",\"urlTemplate\":\"https:\\\/\\\/www.altominho.tv\\\/site\\\/?s={search_term_string}\"},\"query-input\":{\"@type\":\"PropertyValueSpecification\",\"valueRequired\":true,\"valueName\":\"search_term_string\"}}],\"inLanguage\":\"pt-PT\"},{\"@type\":\"Person\",\"@id\":\"https:\\\/\\\/www.altominho.tv\\\/site\\\/#\\\/schema\\\/person\\\/dbaf181c01b51ff40c9f461a905d321e\",\"name\":\"Andreia Cunha | Lusa\",\"image\":{\"@type\":\"ImageObject\",\"inLanguage\":\"pt-PT\",\"@id\":\"https:\\\/\\\/www.altominho.tv\\\/site\\\/wp-content\\\/uploads\\\/2017\\\/11\\\/Andreia_Cunha-1-150x150.jpg\",\"url\":\"https:\\\/\\\/www.altominho.tv\\\/site\\\/wp-content\\\/uploads\\\/2017\\\/11\\\/Andreia_Cunha-1-150x150.jpg\",\"contentUrl\":\"https:\\\/\\\/www.altominho.tv\\\/site\\\/wp-content\\\/uploads\\\/2017\\\/11\\\/Andreia_Cunha-1-150x150.jpg\",\"caption\":\"Andreia Cunha | Lusa\"},\"sameAs\":[\"https:\\\/\\\/www.altominho.tv\\\/site\"],\"url\":\"https:\\\/\\\/www.altominho.tv\\\/site\\\/author\\\/andreiacunhalusa\\\/\"}]}<\/script>\n<!-- \/ Yoast SEO Premium plugin. -->","yoast_head_json":{"title":"Porto, Gaia e Viana do Castelo com obras p\u00fablicas paradas e adiadas em janeiro","description":"Os concelhos do Porto, Vila Nova de Gaia e Viana do Castelo viram-se obrigados a parar ou atrasar obras p\u00fablicas que est\u00e3o a decorrer.","robots":{"index":"index","follow":"follow","max-snippet":"max-snippet:-1","max-image-preview":"max-image-preview:large","max-video-preview":"max-video-preview:-1"},"canonical":"https:\/\/www.altominho.tv\/site\/2022\/01\/28\/porto-gaia-e-viana-do-castelo-com-obras-publicas-paradas-e-adiadas-em-janeiro\/","og_locale":"pt_PT","og_type":"article","og_title":"Porto, Gaia e Viana do Castelo com obras p\u00fablicas paradas e adiadas em janeiro","og_description":"Os concelhos do Porto, Vila Nova de Gaia e Viana do Castelo viram-se obrigados a parar ou atrasar obras p\u00fablicas que est\u00e3o a decorrer.","og_url":"https:\/\/www.altominho.tv\/site\/2022\/01\/28\/porto-gaia-e-viana-do-castelo-com-obras-publicas-paradas-e-adiadas-em-janeiro\/","og_site_name":"Altominho.tv","article_publisher":"https:\/\/www.facebook.com\/altominhotv","article_published_time":"2022-01-28T14:26:13+00:00","article_modified_time":"2022-02-16T09:53:57+00:00","og_image":[{"width":1500,"height":1000,"url":"https:\/\/www.altominho.tv\/site\/wp-content\/uploads\/2022\/01\/obras.jpg","type":"image\/jpeg"}],"author":"Andreia Cunha | Lusa","twitter_card":"summary_large_image","twitter_creator":"@altominhoTV","twitter_site":"@altominhoTV","twitter_misc":{"Escrito por":"Andreia Cunha | Lusa","Tempo estimado de leitura":"4 minutos"},"schema":{"@context":"https:\/\/schema.org","@graph":[{"@type":"Article","@id":"https:\/\/www.altominho.tv\/site\/2022\/01\/28\/porto-gaia-e-viana-do-castelo-com-obras-publicas-paradas-e-adiadas-em-janeiro\/#article","isPartOf":{"@id":"https:\/\/www.altominho.tv\/site\/2022\/01\/28\/porto-gaia-e-viana-do-castelo-com-obras-publicas-paradas-e-adiadas-em-janeiro\/"},"author":{"name":"Andreia Cunha | Lusa","@id":"https:\/\/www.altominho.tv\/site\/#\/schema\/person\/dbaf181c01b51ff40c9f461a905d321e"},"headline":"Porto, Gaia e Viana do Castelo com obras p\u00fablicas paradas e adiadas em janeiro","datePublished":"2022-01-28T14:26:13+00:00","dateModified":"2022-02-16T09:53:57+00:00","mainEntityOfPage":{"@id":"https:\/\/www.altominho.tv\/site\/2022\/01\/28\/porto-gaia-e-viana-do-castelo-com-obras-publicas-paradas-e-adiadas-em-janeiro\/"},"wordCount":711,"image":{"@id":"https:\/\/www.altominho.tv\/site\/2022\/01\/28\/porto-gaia-e-viana-do-castelo-com-obras-publicas-paradas-e-adiadas-em-janeiro\/#primaryimage"},"thumbnailUrl":"https:\/\/www.altominho.tv\/site\/wp-content\/uploads\/2022\/01\/obras.jpg","keywords":["Sociedade"],"articleSection":["Alto Minho"],"inLanguage":"pt-PT","copyrightYear":"2022","copyrightHolder":{"@id":"https:\/\/www.altominho.tv\/site\/#organization"}},{"@type":"WebPage","@id":"https:\/\/www.altominho.tv\/site\/2022\/01\/28\/porto-gaia-e-viana-do-castelo-com-obras-publicas-paradas-e-adiadas-em-janeiro\/","url":"https:\/\/www.altominho.tv\/site\/2022\/01\/28\/porto-gaia-e-viana-do-castelo-com-obras-publicas-paradas-e-adiadas-em-janeiro\/","name":"Porto, Gaia e Viana do Castelo com obras p\u00fablicas paradas e adiadas em janeiro","isPartOf":{"@id":"https:\/\/www.altominho.tv\/site\/#website"},"primaryImageOfPage":{"@id":"https:\/\/www.altominho.tv\/site\/2022\/01\/28\/porto-gaia-e-viana-do-castelo-com-obras-publicas-paradas-e-adiadas-em-janeiro\/#primaryimage"},"image":{"@id":"https:\/\/www.altominho.tv\/site\/2022\/01\/28\/porto-gaia-e-viana-do-castelo-com-obras-publicas-paradas-e-adiadas-em-janeiro\/#primaryimage"},"thumbnailUrl":"https:\/\/www.altominho.tv\/site\/wp-content\/uploads\/2022\/01\/obras.jpg","datePublished":"2022-01-28T14:26:13+00:00","dateModified":"2022-02-16T09:53:57+00:00","author":{"@id":"https:\/\/www.altominho.tv\/site\/#\/schema\/person\/dbaf181c01b51ff40c9f461a905d321e"},"description":"Os concelhos do Porto, Vila Nova de Gaia e Viana do Castelo viram-se obrigados a parar ou atrasar obras p\u00fablicas que est\u00e3o a decorrer.","breadcrumb":{"@id":"https:\/\/www.altominho.tv\/site\/2022\/01\/28\/porto-gaia-e-viana-do-castelo-com-obras-publicas-paradas-e-adiadas-em-janeiro\/#breadcrumb"},"inLanguage":"pt-PT","potentialAction":[{"@type":"ReadAction","target":["https:\/\/www.altominho.tv\/site\/2022\/01\/28\/porto-gaia-e-viana-do-castelo-com-obras-publicas-paradas-e-adiadas-em-janeiro\/"]}]},{"@type":"ImageObject","inLanguage":"pt-PT","@id":"https:\/\/www.altominho.tv\/site\/2022\/01\/28\/porto-gaia-e-viana-do-castelo-com-obras-publicas-paradas-e-adiadas-em-janeiro\/#primaryimage","url":"https:\/\/www.altominho.tv\/site\/wp-content\/uploads\/2022\/01\/obras.jpg","contentUrl":"https:\/\/www.altominho.tv\/site\/wp-content\/uploads\/2022\/01\/obras.jpg","width":1500,"height":1000},{"@type":"BreadcrumbList","@id":"https:\/\/www.altominho.tv\/site\/2022\/01\/28\/porto-gaia-e-viana-do-castelo-com-obras-publicas-paradas-e-adiadas-em-janeiro\/#breadcrumb","itemListElement":[{"@type":"ListItem","position":1,"name":"In\u00edcio","item":"https:\/\/www.altominho.tv\/site\/"},{"@type":"ListItem","position":2,"name":"Porto, Gaia e Viana do Castelo com obras p\u00fablicas paradas e adiadas em janeiro"}]},{"@type":"WebSite","@id":"https:\/\/www.altominho.tv\/site\/#website","url":"https:\/\/www.altominho.tv\/site\/","name":"Altominho.tv","description":"A sua regi\u00e3o \u00e0 dist\u00e2ncia de um clique...","potentialAction":[{"@type":"SearchAction","target":{"@type":"EntryPoint","urlTemplate":"https:\/\/www.altominho.tv\/site\/?s={search_term_string}"},"query-input":{"@type":"PropertyValueSpecification","valueRequired":true,"valueName":"search_term_string"}}],"inLanguage":"pt-PT"},{"@type":"Person","@id":"https:\/\/www.altominho.tv\/site\/#\/schema\/person\/dbaf181c01b51ff40c9f461a905d321e","name":"Andreia Cunha | Lusa","image":{"@type":"ImageObject","inLanguage":"pt-PT","@id":"https:\/\/www.altominho.tv\/site\/wp-content\/uploads\/2017\/11\/Andreia_Cunha-1-150x150.jpg","url":"https:\/\/www.altominho.tv\/site\/wp-content\/uploads\/2017\/11\/Andreia_Cunha-1-150x150.jpg","contentUrl":"https:\/\/www.altominho.tv\/site\/wp-content\/uploads\/2017\/11\/Andreia_Cunha-1-150x150.jpg","caption":"Andreia Cunha | Lusa"},"sameAs":["https:\/\/www.altominho.tv\/site"],"url":"https:\/\/www.altominho.tv\/site\/author\/andreiacunhalusa\/"}]}},"_links":{"self":[{"href":"https:\/\/www.altominho.tv\/site\/wp-json\/wp\/v2\/posts\/75527","targetHints":{"allow":["GET"]}}],"collection":[{"href":"https:\/\/www.altominho.tv\/site\/wp-json\/wp\/v2\/posts"}],"about":[{"href":"https:\/\/www.altominho.tv\/site\/wp-json\/wp\/v2\/types\/post"}],"author":[{"embeddable":true,"href":"https:\/\/www.altominho.tv\/site\/wp-json\/wp\/v2\/users\/16"}],"replies":[{"embeddable":true,"href":"https:\/\/www.altominho.tv\/site\/wp-json\/wp\/v2\/comments?post=75527"}],"version-history":[{"count":0,"href":"https:\/\/www.altominho.tv\/site\/wp-json\/wp\/v2\/posts\/75527\/revisions"}],"wp:featuredmedia":[{"embeddable":true,"href":"https:\/\/www.altominho.tv\/site\/wp-json\/wp\/v2\/media\/75528"}],"wp:attachment":[{"href":"https:\/\/www.altominho.tv\/site\/wp-json\/wp\/v2\/media?parent=75527"}],"wp:term":[{"taxonomy":"category","embeddable":true,"href":"https:\/\/www.altominho.tv\/site\/wp-json\/wp\/v2\/categories?post=75527"},{"taxonomy":"post_tag","embeddable":true,"href":"https:\/\/www.altominho.tv\/site\/wp-json\/wp\/v2\/tags?post=75527"}],"curies":[{"name":"wp","href":"https:\/\/api.w.org\/{rel}","templated":true}]}}