{"id":75510,"date":"2022-01-28T09:39:25","date_gmt":"2022-01-28T09:39:25","guid":{"rendered":"https:\/\/www.altominho.tv\/site\/?p=75510"},"modified":"2022-02-16T09:59:24","modified_gmt":"2022-02-16T09:59:24","slug":"covid-19-cerca-de-40-dos-doentes-estavam-internados-na-ultima-semana-por-outros-motivos","status":"publish","type":"post","link":"https:\/\/www.altominho.tv\/site\/2022\/01\/28\/covid-19-cerca-de-40-dos-doentes-estavam-internados-na-ultima-semana-por-outros-motivos\/","title":{"rendered":"Covid-19: Cerca de 40% dos doentes estavam internados na \u00faltima semana por outros motivos"},"content":{"rendered":"\n<p>Cerca de 40% dos doentes internados nos hospitais na \u00faltima semana em camas covid-19 deram positivo para o SARS-CoV-2, mas ficaram no hospital por outros motivos, segundo os dados recolhidos pelo Minist\u00e9rio da Sa\u00fade.<\/p>\n\n\n\n<p>Um levantamento feito na \u00faltima semana pelo Minist\u00e9rio da Sa\u00fade, em articula\u00e7\u00e3o com a Dire\u00e7\u00e3o-Geral da Sa\u00fade (DGS) e as administra\u00e7\u00f5es regionais de sa\u00fade, indica que entre 55% e 60% dos casos reportados pelos hospitais \u201cdizem respeito a doentes cuja admiss\u00e3o a internamento ocorreu devido \u00e0 covid-19\u201d.<\/p>\n\n\n\n<p>Numa resposta conjunta enviada \u00e0 Lusa, a tutela e a DGS explicam que este levantamento foi feito junto dos hospitais para perceber a dimens\u00e3o da coexist\u00eancia de doentes internados por covid-19 e de doentes internados por outras causas, mas positivos para o SARS-Cov-2.<\/p>\n\n\n\n<p>&#8220;Considerada a situa\u00e7\u00e3o epidemiol\u00f3gica atual de circula\u00e7\u00e3o prevalente da variante \u00d3micron, em que muitos utentes apresentam quadros assintom\u00e1ticos ou de doen\u00e7a ligeira, admite-se que exista ocupa\u00e7\u00e3o de camas covid-19 por doentes com outras patologias e cujos internamentos possam ter sido motivados por essas outras circunst\u00e2ncias, mas que se encontram em camas\/alas dedicadas a doentes positivos para SARS-CoV-2&#8221;, referem.<\/p>\n\n\n\n<p>O boletim di\u00e1rio referente \u00e0 situa\u00e7\u00e3o da pandemia no pa\u00eds, acrescentam, diz respeito aos doentes infetados a ocupar camas covid-19 e a causa do internamento s\u00f3 \u00e9 apurada aquando da alta do doente: \u201cOs internamentos reportados no relat\u00f3rio de situa\u00e7\u00e3o di\u00e1rio correspondem aos dados remetidos pelos hospitais relativos ao total de camas ocupadas no final do dia anterior por doentes internados que testam positivo ao SARS-CoV-2, independentemente de a covid-19 ser diagn\u00f3stico principal ou secund\u00e1rio.\u201d<\/p>\n\n\n\n<p>\u201cO diagn\u00f3stico principal do epis\u00f3dio de internamento \u00e9 apenas dado no fim do internamento atrav\u00e9s da alta hospitalar pelo m\u00e9dico, sendo a an\u00e1lise mais exaustiva sobre estes dados realizada posteriormente, ap\u00f3s a alta hospitalar e codifica\u00e7\u00e3o da mesma no sistema\u201d, explicam.<\/p>\n\n\n\n<p>Na resposta, indicam que a realidade nos hospitais entre janeiro de 2021 e novembro de 2021 era diferente, adiantando que, nessa altura, entre 75% e 85% dos internamentos covid-19 tiveram como diagn\u00f3stico principal a covid-19.<\/p>\n\n\n\n<p>\u201cPara os casos internados em novembro e dezembro de 2021, as propor\u00e7\u00f5es s\u00e3o semelhantes at\u00e9 ao momento\u201d, acrescentam.<\/p>\n\n\n\n<p>O Minist\u00e9rio da Sa\u00fade e a DGS explicam que \u201cestes \u00faltimos dados n\u00e3o s\u00e3o ainda definitivos, uma vez que nem todos os casos internados ter\u00e3o tido alta hospitalar ou esta alta pode ainda n\u00e3o ter sido codificada\u201d.<\/p>\n\n\n\n<p>\u201cOs dados relativos a janeiro dever\u00e3o ser confirmados em mar\u00e7o, com uma metodologia robusta, ap\u00f3s a alta hospitalar e a sua codifica\u00e7\u00e3o\u201d, sublinham.<\/p>\n\n\n\n<p>Os dados do boletim de situa\u00e7\u00e3o di\u00e1rio de quarta-feira indicam que estavam internados nos hospitais 2.249 doentes, dos quais 147 em unidades de cuidados intensivos.<\/p>\n","protected":false},"excerpt":{"rendered":"<p>Cerca de 40% dos doentes internados nos hospitais na \u00faltima semana em camas covid-19 deram positivo para o SARS-CoV-2, mas ficaram no hospital por outros motivos, segundo os dados recolhidos pelo Minist\u00e9rio da Sa\u00fade. Um levantamento feito na \u00faltima semana pelo Minist\u00e9rio da Sa\u00fade, em articula\u00e7\u00e3o com a Dire\u00e7\u00e3o-Geral da Sa\u00fade (DGS) e as administra\u00e7\u00f5es [&hellip;]<\/p>\n","protected":false},"author":16,"featured_media":74326,"comment_status":"closed","ping_status":"closed","sticky":false,"template":"","format":"standard","meta":{"_exactmetrics_skip_tracking":false,"_exactmetrics_sitenote_active":false,"_exactmetrics_sitenote_note":"","_exactmetrics_sitenote_category":0,"footnotes":""},"categories":[42722],"tags":[26],"class_list":["post-75510","post","type-post","status-publish","format-standard","has-post-thumbnail","hentry","category-covid-19","tag-saude"],"yoast_head":"<!-- This site is optimized with the Yoast SEO Premium plugin v27.4 (Yoast SEO v27.4) - https:\/\/yoast.com\/product\/yoast-seo-premium-wordpress\/ -->\n<title>Covid-19: Cerca de 40% dos doentes estavam internados na \u00faltima semana por outros motivos<\/title>\n<meta name=\"description\" content=\"Cerca de 40% dos doentes internados nos hospitais na \u00faltima semana deram positivo para o SARS-CoV-2, mas ficaram no hospital por outros motivos.\" \/>\n<meta name=\"robots\" content=\"index, follow, max-snippet:-1, max-image-preview:large, max-video-preview:-1\" \/>\n<link rel=\"canonical\" href=\"https:\/\/www.altominho.tv\/site\/2022\/01\/28\/covid-19-cerca-de-40-dos-doentes-estavam-internados-na-ultima-semana-por-outros-motivos\/\" \/>\n<meta property=\"og:locale\" content=\"pt_PT\" \/>\n<meta property=\"og:type\" content=\"article\" \/>\n<meta property=\"og:title\" content=\"Covid-19: Cerca de 40% dos doentes estavam internados na \u00faltima semana por outros motivos\" \/>\n<meta property=\"og:description\" content=\"Cerca de 40% dos doentes internados nos hospitais na \u00faltima semana deram positivo para o SARS-CoV-2, mas ficaram no hospital por outros motivos.\" \/>\n<meta property=\"og:url\" content=\"https:\/\/www.altominho.tv\/site\/2022\/01\/28\/covid-19-cerca-de-40-dos-doentes-estavam-internados-na-ultima-semana-por-outros-motivos\/\" \/>\n<meta property=\"og:site_name\" content=\"Altominho.tv\" \/>\n<meta property=\"article:publisher\" content=\"https:\/\/www.facebook.com\/altominhotv\" \/>\n<meta property=\"article:published_time\" content=\"2022-01-28T09:39:25+00:00\" \/>\n<meta property=\"article:modified_time\" content=\"2022-02-16T09:59:24+00:00\" \/>\n<meta property=\"og:image\" content=\"https:\/\/www.altominho.tv\/site\/wp-content\/uploads\/2022\/01\/Captura-de-ecra\u0303-2021-08-24-a\u0300s-11.53.50-740x379-1.png\" \/>\n\t<meta property=\"og:image:width\" content=\"740\" \/>\n\t<meta property=\"og:image:height\" content=\"379\" \/>\n\t<meta property=\"og:image:type\" content=\"image\/png\" \/>\n<meta name=\"author\" content=\"Andreia Cunha | Lusa\" \/>\n<meta name=\"twitter:card\" content=\"summary_large_image\" \/>\n<meta name=\"twitter:creator\" content=\"@altominhoTV\" \/>\n<meta name=\"twitter:site\" content=\"@altominhoTV\" \/>\n<meta name=\"twitter:label1\" content=\"Escrito por\" \/>\n\t<meta name=\"twitter:data1\" content=\"Andreia Cunha | Lusa\" \/>\n\t<meta name=\"twitter:label2\" content=\"Tempo estimado de leitura\" \/>\n\t<meta name=\"twitter:data2\" content=\"3 minutos\" \/>\n<script type=\"application\/ld+json\" class=\"yoast-schema-graph\">{\"@context\":\"https:\\\/\\\/schema.org\",\"@graph\":[{\"@type\":\"Article\",\"@id\":\"https:\\\/\\\/www.altominho.tv\\\/site\\\/2022\\\/01\\\/28\\\/covid-19-cerca-de-40-dos-doentes-estavam-internados-na-ultima-semana-por-outros-motivos\\\/#article\",\"isPartOf\":{\"@id\":\"https:\\\/\\\/www.altominho.tv\\\/site\\\/2022\\\/01\\\/28\\\/covid-19-cerca-de-40-dos-doentes-estavam-internados-na-ultima-semana-por-outros-motivos\\\/\"},\"author\":{\"name\":\"Andreia Cunha | Lusa\",\"@id\":\"https:\\\/\\\/www.altominho.tv\\\/site\\\/#\\\/schema\\\/person\\\/dbaf181c01b51ff40c9f461a905d321e\"},\"headline\":\"Covid-19: Cerca de 40% dos doentes estavam internados na \u00faltima semana por outros motivos\",\"datePublished\":\"2022-01-28T09:39:25+00:00\",\"dateModified\":\"2022-02-16T09:59:24+00:00\",\"mainEntityOfPage\":{\"@id\":\"https:\\\/\\\/www.altominho.tv\\\/site\\\/2022\\\/01\\\/28\\\/covid-19-cerca-de-40-dos-doentes-estavam-internados-na-ultima-semana-por-outros-motivos\\\/\"},\"wordCount\":484,\"image\":{\"@id\":\"https:\\\/\\\/www.altominho.tv\\\/site\\\/2022\\\/01\\\/28\\\/covid-19-cerca-de-40-dos-doentes-estavam-internados-na-ultima-semana-por-outros-motivos\\\/#primaryimage\"},\"thumbnailUrl\":\"https:\\\/\\\/www.altominho.tv\\\/site\\\/wp-content\\\/uploads\\\/2022\\\/01\\\/Captura-de-ecra\u0303-2021-08-24-a\u0300s-11.53.50-740x379-1.png\",\"keywords\":[\"Sa\u00fade\"],\"articleSection\":[\"Coronav\u00edrus\"],\"inLanguage\":\"pt-PT\",\"copyrightYear\":\"2022\",\"copyrightHolder\":{\"@id\":\"https:\\\/\\\/www.altominho.tv\\\/site\\\/#organization\"}},{\"@type\":\"WebPage\",\"@id\":\"https:\\\/\\\/www.altominho.tv\\\/site\\\/2022\\\/01\\\/28\\\/covid-19-cerca-de-40-dos-doentes-estavam-internados-na-ultima-semana-por-outros-motivos\\\/\",\"url\":\"https:\\\/\\\/www.altominho.tv\\\/site\\\/2022\\\/01\\\/28\\\/covid-19-cerca-de-40-dos-doentes-estavam-internados-na-ultima-semana-por-outros-motivos\\\/\",\"name\":\"Covid-19: Cerca de 40% dos doentes estavam internados na \u00faltima semana por outros motivos\",\"isPartOf\":{\"@id\":\"https:\\\/\\\/www.altominho.tv\\\/site\\\/#website\"},\"primaryImageOfPage\":{\"@id\":\"https:\\\/\\\/www.altominho.tv\\\/site\\\/2022\\\/01\\\/28\\\/covid-19-cerca-de-40-dos-doentes-estavam-internados-na-ultima-semana-por-outros-motivos\\\/#primaryimage\"},\"image\":{\"@id\":\"https:\\\/\\\/www.altominho.tv\\\/site\\\/2022\\\/01\\\/28\\\/covid-19-cerca-de-40-dos-doentes-estavam-internados-na-ultima-semana-por-outros-motivos\\\/#primaryimage\"},\"thumbnailUrl\":\"https:\\\/\\\/www.altominho.tv\\\/site\\\/wp-content\\\/uploads\\\/2022\\\/01\\\/Captura-de-ecra\u0303-2021-08-24-a\u0300s-11.53.50-740x379-1.png\",\"datePublished\":\"2022-01-28T09:39:25+00:00\",\"dateModified\":\"2022-02-16T09:59:24+00:00\",\"author\":{\"@id\":\"https:\\\/\\\/www.altominho.tv\\\/site\\\/#\\\/schema\\\/person\\\/dbaf181c01b51ff40c9f461a905d321e\"},\"description\":\"Cerca de 40% dos doentes internados nos hospitais na \u00faltima semana deram positivo para o SARS-CoV-2, mas ficaram no hospital por outros motivos.\",\"breadcrumb\":{\"@id\":\"https:\\\/\\\/www.altominho.tv\\\/site\\\/2022\\\/01\\\/28\\\/covid-19-cerca-de-40-dos-doentes-estavam-internados-na-ultima-semana-por-outros-motivos\\\/#breadcrumb\"},\"inLanguage\":\"pt-PT\",\"potentialAction\":[{\"@type\":\"ReadAction\",\"target\":[\"https:\\\/\\\/www.altominho.tv\\\/site\\\/2022\\\/01\\\/28\\\/covid-19-cerca-de-40-dos-doentes-estavam-internados-na-ultima-semana-por-outros-motivos\\\/\"]}]},{\"@type\":\"ImageObject\",\"inLanguage\":\"pt-PT\",\"@id\":\"https:\\\/\\\/www.altominho.tv\\\/site\\\/2022\\\/01\\\/28\\\/covid-19-cerca-de-40-dos-doentes-estavam-internados-na-ultima-semana-por-outros-motivos\\\/#primaryimage\",\"url\":\"https:\\\/\\\/www.altominho.tv\\\/site\\\/wp-content\\\/uploads\\\/2022\\\/01\\\/Captura-de-ecra\u0303-2021-08-24-a\u0300s-11.53.50-740x379-1.png\",\"contentUrl\":\"https:\\\/\\\/www.altominho.tv\\\/site\\\/wp-content\\\/uploads\\\/2022\\\/01\\\/Captura-de-ecra\u0303-2021-08-24-a\u0300s-11.53.50-740x379-1.png\",\"width\":740,\"height\":379},{\"@type\":\"BreadcrumbList\",\"@id\":\"https:\\\/\\\/www.altominho.tv\\\/site\\\/2022\\\/01\\\/28\\\/covid-19-cerca-de-40-dos-doentes-estavam-internados-na-ultima-semana-por-outros-motivos\\\/#breadcrumb\",\"itemListElement\":[{\"@type\":\"ListItem\",\"position\":1,\"name\":\"In\u00edcio\",\"item\":\"https:\\\/\\\/www.altominho.tv\\\/site\\\/\"},{\"@type\":\"ListItem\",\"position\":2,\"name\":\"Covid-19: Cerca de 40% dos doentes estavam internados na \u00faltima semana por outros motivos\"}]},{\"@type\":\"WebSite\",\"@id\":\"https:\\\/\\\/www.altominho.tv\\\/site\\\/#website\",\"url\":\"https:\\\/\\\/www.altominho.tv\\\/site\\\/\",\"name\":\"Altominho.tv\",\"description\":\"A sua regi\u00e3o \u00e0 dist\u00e2ncia de um clique...\",\"potentialAction\":[{\"@type\":\"SearchAction\",\"target\":{\"@type\":\"EntryPoint\",\"urlTemplate\":\"https:\\\/\\\/www.altominho.tv\\\/site\\\/?s={search_term_string}\"},\"query-input\":{\"@type\":\"PropertyValueSpecification\",\"valueRequired\":true,\"valueName\":\"search_term_string\"}}],\"inLanguage\":\"pt-PT\"},{\"@type\":\"Person\",\"@id\":\"https:\\\/\\\/www.altominho.tv\\\/site\\\/#\\\/schema\\\/person\\\/dbaf181c01b51ff40c9f461a905d321e\",\"name\":\"Andreia Cunha | Lusa\",\"image\":{\"@type\":\"ImageObject\",\"inLanguage\":\"pt-PT\",\"@id\":\"https:\\\/\\\/www.altominho.tv\\\/site\\\/wp-content\\\/uploads\\\/2017\\\/11\\\/Andreia_Cunha-1-150x150.jpg\",\"url\":\"https:\\\/\\\/www.altominho.tv\\\/site\\\/wp-content\\\/uploads\\\/2017\\\/11\\\/Andreia_Cunha-1-150x150.jpg\",\"contentUrl\":\"https:\\\/\\\/www.altominho.tv\\\/site\\\/wp-content\\\/uploads\\\/2017\\\/11\\\/Andreia_Cunha-1-150x150.jpg\",\"caption\":\"Andreia Cunha | Lusa\"},\"sameAs\":[\"https:\\\/\\\/www.altominho.tv\\\/site\"],\"url\":\"https:\\\/\\\/www.altominho.tv\\\/site\\\/author\\\/andreiacunhalusa\\\/\"}]}<\/script>\n<!-- \/ Yoast SEO Premium plugin. -->","yoast_head_json":{"title":"Covid-19: Cerca de 40% dos doentes estavam internados na \u00faltima semana por outros motivos","description":"Cerca de 40% dos doentes internados nos hospitais na \u00faltima semana deram positivo para o SARS-CoV-2, mas ficaram no hospital por outros motivos.","robots":{"index":"index","follow":"follow","max-snippet":"max-snippet:-1","max-image-preview":"max-image-preview:large","max-video-preview":"max-video-preview:-1"},"canonical":"https:\/\/www.altominho.tv\/site\/2022\/01\/28\/covid-19-cerca-de-40-dos-doentes-estavam-internados-na-ultima-semana-por-outros-motivos\/","og_locale":"pt_PT","og_type":"article","og_title":"Covid-19: Cerca de 40% dos doentes estavam internados na \u00faltima semana por outros motivos","og_description":"Cerca de 40% dos doentes internados nos hospitais na \u00faltima semana deram positivo para o SARS-CoV-2, mas ficaram no hospital por outros motivos.","og_url":"https:\/\/www.altominho.tv\/site\/2022\/01\/28\/covid-19-cerca-de-40-dos-doentes-estavam-internados-na-ultima-semana-por-outros-motivos\/","og_site_name":"Altominho.tv","article_publisher":"https:\/\/www.facebook.com\/altominhotv","article_published_time":"2022-01-28T09:39:25+00:00","article_modified_time":"2022-02-16T09:59:24+00:00","og_image":[{"width":740,"height":379,"url":"https:\/\/www.altominho.tv\/site\/wp-content\/uploads\/2022\/01\/Captura-de-ecra\u0303-2021-08-24-a\u0300s-11.53.50-740x379-1.png","type":"image\/png"}],"author":"Andreia Cunha | Lusa","twitter_card":"summary_large_image","twitter_creator":"@altominhoTV","twitter_site":"@altominhoTV","twitter_misc":{"Escrito por":"Andreia Cunha | Lusa","Tempo estimado de leitura":"3 minutos"},"schema":{"@context":"https:\/\/schema.org","@graph":[{"@type":"Article","@id":"https:\/\/www.altominho.tv\/site\/2022\/01\/28\/covid-19-cerca-de-40-dos-doentes-estavam-internados-na-ultima-semana-por-outros-motivos\/#article","isPartOf":{"@id":"https:\/\/www.altominho.tv\/site\/2022\/01\/28\/covid-19-cerca-de-40-dos-doentes-estavam-internados-na-ultima-semana-por-outros-motivos\/"},"author":{"name":"Andreia Cunha | Lusa","@id":"https:\/\/www.altominho.tv\/site\/#\/schema\/person\/dbaf181c01b51ff40c9f461a905d321e"},"headline":"Covid-19: Cerca de 40% dos doentes estavam internados na \u00faltima semana por outros motivos","datePublished":"2022-01-28T09:39:25+00:00","dateModified":"2022-02-16T09:59:24+00:00","mainEntityOfPage":{"@id":"https:\/\/www.altominho.tv\/site\/2022\/01\/28\/covid-19-cerca-de-40-dos-doentes-estavam-internados-na-ultima-semana-por-outros-motivos\/"},"wordCount":484,"image":{"@id":"https:\/\/www.altominho.tv\/site\/2022\/01\/28\/covid-19-cerca-de-40-dos-doentes-estavam-internados-na-ultima-semana-por-outros-motivos\/#primaryimage"},"thumbnailUrl":"https:\/\/www.altominho.tv\/site\/wp-content\/uploads\/2022\/01\/Captura-de-ecra\u0303-2021-08-24-a\u0300s-11.53.50-740x379-1.png","keywords":["Sa\u00fade"],"articleSection":["Coronav\u00edrus"],"inLanguage":"pt-PT","copyrightYear":"2022","copyrightHolder":{"@id":"https:\/\/www.altominho.tv\/site\/#organization"}},{"@type":"WebPage","@id":"https:\/\/www.altominho.tv\/site\/2022\/01\/28\/covid-19-cerca-de-40-dos-doentes-estavam-internados-na-ultima-semana-por-outros-motivos\/","url":"https:\/\/www.altominho.tv\/site\/2022\/01\/28\/covid-19-cerca-de-40-dos-doentes-estavam-internados-na-ultima-semana-por-outros-motivos\/","name":"Covid-19: Cerca de 40% dos doentes estavam internados na \u00faltima semana por outros motivos","isPartOf":{"@id":"https:\/\/www.altominho.tv\/site\/#website"},"primaryImageOfPage":{"@id":"https:\/\/www.altominho.tv\/site\/2022\/01\/28\/covid-19-cerca-de-40-dos-doentes-estavam-internados-na-ultima-semana-por-outros-motivos\/#primaryimage"},"image":{"@id":"https:\/\/www.altominho.tv\/site\/2022\/01\/28\/covid-19-cerca-de-40-dos-doentes-estavam-internados-na-ultima-semana-por-outros-motivos\/#primaryimage"},"thumbnailUrl":"https:\/\/www.altominho.tv\/site\/wp-content\/uploads\/2022\/01\/Captura-de-ecra\u0303-2021-08-24-a\u0300s-11.53.50-740x379-1.png","datePublished":"2022-01-28T09:39:25+00:00","dateModified":"2022-02-16T09:59:24+00:00","author":{"@id":"https:\/\/www.altominho.tv\/site\/#\/schema\/person\/dbaf181c01b51ff40c9f461a905d321e"},"description":"Cerca de 40% dos doentes internados nos hospitais na \u00faltima semana deram positivo para o SARS-CoV-2, mas ficaram no hospital por outros motivos.","breadcrumb":{"@id":"https:\/\/www.altominho.tv\/site\/2022\/01\/28\/covid-19-cerca-de-40-dos-doentes-estavam-internados-na-ultima-semana-por-outros-motivos\/#breadcrumb"},"inLanguage":"pt-PT","potentialAction":[{"@type":"ReadAction","target":["https:\/\/www.altominho.tv\/site\/2022\/01\/28\/covid-19-cerca-de-40-dos-doentes-estavam-internados-na-ultima-semana-por-outros-motivos\/"]}]},{"@type":"ImageObject","inLanguage":"pt-PT","@id":"https:\/\/www.altominho.tv\/site\/2022\/01\/28\/covid-19-cerca-de-40-dos-doentes-estavam-internados-na-ultima-semana-por-outros-motivos\/#primaryimage","url":"https:\/\/www.altominho.tv\/site\/wp-content\/uploads\/2022\/01\/Captura-de-ecra\u0303-2021-08-24-a\u0300s-11.53.50-740x379-1.png","contentUrl":"https:\/\/www.altominho.tv\/site\/wp-content\/uploads\/2022\/01\/Captura-de-ecra\u0303-2021-08-24-a\u0300s-11.53.50-740x379-1.png","width":740,"height":379},{"@type":"BreadcrumbList","@id":"https:\/\/www.altominho.tv\/site\/2022\/01\/28\/covid-19-cerca-de-40-dos-doentes-estavam-internados-na-ultima-semana-por-outros-motivos\/#breadcrumb","itemListElement":[{"@type":"ListItem","position":1,"name":"In\u00edcio","item":"https:\/\/www.altominho.tv\/site\/"},{"@type":"ListItem","position":2,"name":"Covid-19: Cerca de 40% dos doentes estavam internados na \u00faltima semana por outros motivos"}]},{"@type":"WebSite","@id":"https:\/\/www.altominho.tv\/site\/#website","url":"https:\/\/www.altominho.tv\/site\/","name":"Altominho.tv","description":"A sua regi\u00e3o \u00e0 dist\u00e2ncia de um clique...","potentialAction":[{"@type":"SearchAction","target":{"@type":"EntryPoint","urlTemplate":"https:\/\/www.altominho.tv\/site\/?s={search_term_string}"},"query-input":{"@type":"PropertyValueSpecification","valueRequired":true,"valueName":"search_term_string"}}],"inLanguage":"pt-PT"},{"@type":"Person","@id":"https:\/\/www.altominho.tv\/site\/#\/schema\/person\/dbaf181c01b51ff40c9f461a905d321e","name":"Andreia Cunha | Lusa","image":{"@type":"ImageObject","inLanguage":"pt-PT","@id":"https:\/\/www.altominho.tv\/site\/wp-content\/uploads\/2017\/11\/Andreia_Cunha-1-150x150.jpg","url":"https:\/\/www.altominho.tv\/site\/wp-content\/uploads\/2017\/11\/Andreia_Cunha-1-150x150.jpg","contentUrl":"https:\/\/www.altominho.tv\/site\/wp-content\/uploads\/2017\/11\/Andreia_Cunha-1-150x150.jpg","caption":"Andreia Cunha | Lusa"},"sameAs":["https:\/\/www.altominho.tv\/site"],"url":"https:\/\/www.altominho.tv\/site\/author\/andreiacunhalusa\/"}]}},"_links":{"self":[{"href":"https:\/\/www.altominho.tv\/site\/wp-json\/wp\/v2\/posts\/75510","targetHints":{"allow":["GET"]}}],"collection":[{"href":"https:\/\/www.altominho.tv\/site\/wp-json\/wp\/v2\/posts"}],"about":[{"href":"https:\/\/www.altominho.tv\/site\/wp-json\/wp\/v2\/types\/post"}],"author":[{"embeddable":true,"href":"https:\/\/www.altominho.tv\/site\/wp-json\/wp\/v2\/users\/16"}],"replies":[{"embeddable":true,"href":"https:\/\/www.altominho.tv\/site\/wp-json\/wp\/v2\/comments?post=75510"}],"version-history":[{"count":0,"href":"https:\/\/www.altominho.tv\/site\/wp-json\/wp\/v2\/posts\/75510\/revisions"}],"wp:featuredmedia":[{"embeddable":true,"href":"https:\/\/www.altominho.tv\/site\/wp-json\/wp\/v2\/media\/74326"}],"wp:attachment":[{"href":"https:\/\/www.altominho.tv\/site\/wp-json\/wp\/v2\/media?parent=75510"}],"wp:term":[{"taxonomy":"category","embeddable":true,"href":"https:\/\/www.altominho.tv\/site\/wp-json\/wp\/v2\/categories?post=75510"},{"taxonomy":"post_tag","embeddable":true,"href":"https:\/\/www.altominho.tv\/site\/wp-json\/wp\/v2\/tags?post=75510"}],"curies":[{"name":"wp","href":"https:\/\/api.w.org\/{rel}","templated":true}]}}