{"id":75497,"date":"2022-01-27T18:28:24","date_gmt":"2022-01-27T18:28:24","guid":{"rendered":"https:\/\/www.altominho.tv\/site\/?p=75497"},"modified":"2022-02-16T16:07:16","modified_gmt":"2022-02-16T16:07:16","slug":"mais-71-689-pessoas-com-dose-de-reforco-da-vacina","status":"publish","type":"post","link":"https:\/\/www.altominho.tv\/site\/2022\/01\/27\/mais-71-689-pessoas-com-dose-de-reforco-da-vacina\/","title":{"rendered":"Mais 71.689 pessoas com dose de refor\u00e7o da vacina"},"content":{"rendered":"\n<p>Mais 71.689 pessoas receberam a dose de refor\u00e7o da vacina\u00e7\u00e3o contra a covid-19 na quarta-feira, revela hoje o boletim di\u00e1rio da Dire\u00e7\u00e3o Geral da Sa\u00fade, situando em 4,6 milh\u00f5es o total de inocula\u00e7\u00f5es.<\/p>\n\n\n\n<p>Com a vacina\u00e7\u00e3o prim\u00e1ria completa contra a covid-19 h\u00e1 agora 8,8 milh\u00f5es de pessoas, mais 2.794 face ao dia anterior.<\/p>\n\n\n\n<p>Em rela\u00e7\u00e3o ao dia anterior, foram tamb\u00e9m vacinadas mais 3.978 pessoas contra a gripe, elevando o total para 2,6 milh\u00f5es.<\/p>\n\n\n\n<p>Segundo os n\u00fameros da DGS, 92% das pessoas com 80 ou mais anos j\u00e1 receberam a dose de refor\u00e7o da vacina contra a covid-19, no grupo et\u00e1rio dos 70 aos 79 anos a percentagem sobre para 94%. Entre os 60 e os 69 anos, receberam o refor\u00e7o 87% das pessoas e entre os 50 e os 59 h\u00e1 71% de vacinados com a dose de refor\u00e7o.<\/p>\n\n\n\n<p>A covid-19 provocou 5.625.889 mortes em todo o mundo desde o in\u00edcio da pandemia, segundo o mais recente balan\u00e7o da ag\u00eancia France-Presse.<\/p>\n\n\n\n<p>Em Portugal, desde mar\u00e7o de 2020, morreram 19.744 pessoas e foram contabilizados 2.443.524 casos de infe\u00e7\u00e3o, segundo a Dire\u00e7\u00e3o-Geral da Sa\u00fade.<\/p>\n\n\n\n<p>A doen\u00e7a respirat\u00f3ria \u00e9 provocada pelo coronav\u00edrus SARS-CoV-2, detetado no final de 2019 em Wuhan, cidade do centro da China.<\/p>\n","protected":false},"excerpt":{"rendered":"<p>Mais 71.689 pessoas receberam a dose de refor\u00e7o da vacina\u00e7\u00e3o contra a covid-19 na quarta-feira, revela hoje o boletim di\u00e1rio da Dire\u00e7\u00e3o Geral da Sa\u00fade, situando em 4,6 milh\u00f5es o total de inocula\u00e7\u00f5es. Com a vacina\u00e7\u00e3o prim\u00e1ria completa contra a covid-19 h\u00e1 agora 8,8 milh\u00f5es de pessoas, mais 2.794 face ao dia anterior. Em rela\u00e7\u00e3o [&hellip;]<\/p>\n","protected":false},"author":13,"featured_media":75498,"comment_status":"closed","ping_status":"closed","sticky":false,"template":"","format":"standard","meta":{"_exactmetrics_skip_tracking":false,"_exactmetrics_sitenote_active":false,"_exactmetrics_sitenote_note":"","_exactmetrics_sitenote_category":0,"footnotes":""},"categories":[42722],"tags":[26,27],"class_list":["post-75497","post","type-post","status-publish","format-standard","has-post-thumbnail","hentry","category-covid-19","tag-saude","tag-sociedade"],"yoast_head":"<!-- This site is optimized with the Yoast SEO Premium plugin v27.4 (Yoast SEO v27.4) - https:\/\/yoast.com\/product\/yoast-seo-premium-wordpress\/ -->\n<title>Mais 71.689 pessoas com dose de refor\u00e7o da vacina<\/title>\n<meta name=\"description\" content=\"Com a vacina\u00e7\u00e3o prim\u00e1ria completa contra a covid-19 h\u00e1 agora 8,8 milh\u00f5es de pessoas, mais 2.794 face ao dia anterior.\" \/>\n<meta name=\"robots\" content=\"index, follow, max-snippet:-1, max-image-preview:large, max-video-preview:-1\" \/>\n<link rel=\"canonical\" href=\"https:\/\/www.altominho.tv\/site\/2022\/01\/27\/mais-71-689-pessoas-com-dose-de-reforco-da-vacina\/\" \/>\n<meta property=\"og:locale\" content=\"pt_PT\" \/>\n<meta property=\"og:type\" content=\"article\" \/>\n<meta property=\"og:title\" content=\"Mais 71.689 pessoas com dose de refor\u00e7o da vacina\" \/>\n<meta property=\"og:description\" content=\"Com a vacina\u00e7\u00e3o prim\u00e1ria completa contra a covid-19 h\u00e1 agora 8,8 milh\u00f5es de pessoas, mais 2.794 face ao dia anterior.\" \/>\n<meta property=\"og:url\" content=\"https:\/\/www.altominho.tv\/site\/2022\/01\/27\/mais-71-689-pessoas-com-dose-de-reforco-da-vacina\/\" \/>\n<meta property=\"og:site_name\" content=\"Altominho.tv\" \/>\n<meta property=\"article:publisher\" content=\"https:\/\/www.facebook.com\/altominhotv\" \/>\n<meta property=\"article:published_time\" content=\"2022-01-27T18:28:24+00:00\" \/>\n<meta property=\"article:modified_time\" content=\"2022-02-16T16:07:16+00:00\" \/>\n<meta property=\"og:image\" content=\"https:\/\/www.altominho.tv\/site\/wp-content\/uploads\/2022\/01\/vacina-astrazeneca-covid-.jpeg\" \/>\n\t<meta property=\"og:image:width\" content=\"1024\" \/>\n\t<meta property=\"og:image:height\" content=\"683\" \/>\n\t<meta property=\"og:image:type\" content=\"image\/jpeg\" \/>\n<meta name=\"author\" content=\"Lusa\" \/>\n<meta name=\"twitter:card\" content=\"summary_large_image\" \/>\n<meta name=\"twitter:creator\" content=\"@altominhoTV\" \/>\n<meta name=\"twitter:site\" content=\"@altominhoTV\" \/>\n<meta name=\"twitter:label1\" content=\"Escrito por\" \/>\n\t<meta name=\"twitter:data1\" content=\"Lusa\" \/>\n\t<meta name=\"twitter:label2\" content=\"Tempo estimado de leitura\" \/>\n\t<meta name=\"twitter:data2\" content=\"2 minutos\" \/>\n<script type=\"application\/ld+json\" class=\"yoast-schema-graph\">{\"@context\":\"https:\\\/\\\/schema.org\",\"@graph\":[{\"@type\":\"Article\",\"@id\":\"https:\\\/\\\/www.altominho.tv\\\/site\\\/2022\\\/01\\\/27\\\/mais-71-689-pessoas-com-dose-de-reforco-da-vacina\\\/#article\",\"isPartOf\":{\"@id\":\"https:\\\/\\\/www.altominho.tv\\\/site\\\/2022\\\/01\\\/27\\\/mais-71-689-pessoas-com-dose-de-reforco-da-vacina\\\/\"},\"author\":{\"name\":\"Lusa\",\"@id\":\"https:\\\/\\\/www.altominho.tv\\\/site\\\/#\\\/schema\\\/person\\\/63f693da3e1899361cbe955c46f3232e\"},\"headline\":\"Mais 71.689 pessoas com dose de refor\u00e7o da vacina\",\"datePublished\":\"2022-01-27T18:28:24+00:00\",\"dateModified\":\"2022-02-16T16:07:16+00:00\",\"mainEntityOfPage\":{\"@id\":\"https:\\\/\\\/www.altominho.tv\\\/site\\\/2022\\\/01\\\/27\\\/mais-71-689-pessoas-com-dose-de-reforco-da-vacina\\\/\"},\"wordCount\":216,\"image\":{\"@id\":\"https:\\\/\\\/www.altominho.tv\\\/site\\\/2022\\\/01\\\/27\\\/mais-71-689-pessoas-com-dose-de-reforco-da-vacina\\\/#primaryimage\"},\"thumbnailUrl\":\"https:\\\/\\\/www.altominho.tv\\\/site\\\/wp-content\\\/uploads\\\/2022\\\/01\\\/vacina-astrazeneca-covid-.jpeg\",\"keywords\":[\"Sa\u00fade\",\"Sociedade\"],\"articleSection\":[\"Coronav\u00edrus\"],\"inLanguage\":\"pt-PT\",\"copyrightYear\":\"2022\",\"copyrightHolder\":{\"@id\":\"https:\\\/\\\/www.altominho.tv\\\/site\\\/#organization\"}},{\"@type\":\"WebPage\",\"@id\":\"https:\\\/\\\/www.altominho.tv\\\/site\\\/2022\\\/01\\\/27\\\/mais-71-689-pessoas-com-dose-de-reforco-da-vacina\\\/\",\"url\":\"https:\\\/\\\/www.altominho.tv\\\/site\\\/2022\\\/01\\\/27\\\/mais-71-689-pessoas-com-dose-de-reforco-da-vacina\\\/\",\"name\":\"Mais 71.689 pessoas com dose de refor\u00e7o da vacina\",\"isPartOf\":{\"@id\":\"https:\\\/\\\/www.altominho.tv\\\/site\\\/#website\"},\"primaryImageOfPage\":{\"@id\":\"https:\\\/\\\/www.altominho.tv\\\/site\\\/2022\\\/01\\\/27\\\/mais-71-689-pessoas-com-dose-de-reforco-da-vacina\\\/#primaryimage\"},\"image\":{\"@id\":\"https:\\\/\\\/www.altominho.tv\\\/site\\\/2022\\\/01\\\/27\\\/mais-71-689-pessoas-com-dose-de-reforco-da-vacina\\\/#primaryimage\"},\"thumbnailUrl\":\"https:\\\/\\\/www.altominho.tv\\\/site\\\/wp-content\\\/uploads\\\/2022\\\/01\\\/vacina-astrazeneca-covid-.jpeg\",\"datePublished\":\"2022-01-27T18:28:24+00:00\",\"dateModified\":\"2022-02-16T16:07:16+00:00\",\"author\":{\"@id\":\"https:\\\/\\\/www.altominho.tv\\\/site\\\/#\\\/schema\\\/person\\\/63f693da3e1899361cbe955c46f3232e\"},\"description\":\"Com a vacina\u00e7\u00e3o prim\u00e1ria completa contra a covid-19 h\u00e1 agora 8,8 milh\u00f5es de pessoas, mais 2.794 face ao dia anterior.\",\"breadcrumb\":{\"@id\":\"https:\\\/\\\/www.altominho.tv\\\/site\\\/2022\\\/01\\\/27\\\/mais-71-689-pessoas-com-dose-de-reforco-da-vacina\\\/#breadcrumb\"},\"inLanguage\":\"pt-PT\",\"potentialAction\":[{\"@type\":\"ReadAction\",\"target\":[\"https:\\\/\\\/www.altominho.tv\\\/site\\\/2022\\\/01\\\/27\\\/mais-71-689-pessoas-com-dose-de-reforco-da-vacina\\\/\"]}]},{\"@type\":\"ImageObject\",\"inLanguage\":\"pt-PT\",\"@id\":\"https:\\\/\\\/www.altominho.tv\\\/site\\\/2022\\\/01\\\/27\\\/mais-71-689-pessoas-com-dose-de-reforco-da-vacina\\\/#primaryimage\",\"url\":\"https:\\\/\\\/www.altominho.tv\\\/site\\\/wp-content\\\/uploads\\\/2022\\\/01\\\/vacina-astrazeneca-covid-.jpeg\",\"contentUrl\":\"https:\\\/\\\/www.altominho.tv\\\/site\\\/wp-content\\\/uploads\\\/2022\\\/01\\\/vacina-astrazeneca-covid-.jpeg\",\"width\":1024,\"height\":683,\"caption\":\"A nurse fills a syringe with a dose of the AstraZeneca Plc Covid-19 vaccine at the Nowon District public health center in Seoul, South Korea, on Wednesday, April, 14. 2021. South Korea has resumed inoculations with the AstraZeneca shot this week after a suspension, but will limit use to those between 30 and 60 years old. Photographer: SeongJoon Cho\\\/Bloomberg\"},{\"@type\":\"BreadcrumbList\",\"@id\":\"https:\\\/\\\/www.altominho.tv\\\/site\\\/2022\\\/01\\\/27\\\/mais-71-689-pessoas-com-dose-de-reforco-da-vacina\\\/#breadcrumb\",\"itemListElement\":[{\"@type\":\"ListItem\",\"position\":1,\"name\":\"In\u00edcio\",\"item\":\"https:\\\/\\\/www.altominho.tv\\\/site\\\/\"},{\"@type\":\"ListItem\",\"position\":2,\"name\":\"Mais 71.689 pessoas com dose de refor\u00e7o da vacina\"}]},{\"@type\":\"WebSite\",\"@id\":\"https:\\\/\\\/www.altominho.tv\\\/site\\\/#website\",\"url\":\"https:\\\/\\\/www.altominho.tv\\\/site\\\/\",\"name\":\"Altominho.tv\",\"description\":\"A sua regi\u00e3o \u00e0 dist\u00e2ncia de um clique...\",\"potentialAction\":[{\"@type\":\"SearchAction\",\"target\":{\"@type\":\"EntryPoint\",\"urlTemplate\":\"https:\\\/\\\/www.altominho.tv\\\/site\\\/?s={search_term_string}\"},\"query-input\":{\"@type\":\"PropertyValueSpecification\",\"valueRequired\":true,\"valueName\":\"search_term_string\"}}],\"inLanguage\":\"pt-PT\"},{\"@type\":\"Person\",\"@id\":\"https:\\\/\\\/www.altominho.tv\\\/site\\\/#\\\/schema\\\/person\\\/63f693da3e1899361cbe955c46f3232e\",\"name\":\"Lusa\",\"image\":{\"@type\":\"ImageObject\",\"inLanguage\":\"pt-PT\",\"@id\":\"https:\\\/\\\/www.altominho.tv\\\/site\\\/wp-content\\\/uploads\\\/2019\\\/08\\\/LUSA_Logo.gif\",\"url\":\"https:\\\/\\\/www.altominho.tv\\\/site\\\/wp-content\\\/uploads\\\/2019\\\/08\\\/LUSA_Logo.gif\",\"contentUrl\":\"https:\\\/\\\/www.altominho.tv\\\/site\\\/wp-content\\\/uploads\\\/2019\\\/08\\\/LUSA_Logo.gif\",\"caption\":\"Lusa\"},\"sameAs\":[\"http:\\\/\\\/\\\/\\\/www.altominho.tv\\\/site\"],\"url\":\"https:\\\/\\\/www.altominho.tv\\\/site\\\/author\\\/lusa\\\/\"}]}<\/script>\n<!-- \/ Yoast SEO Premium plugin. -->","yoast_head_json":{"title":"Mais 71.689 pessoas com dose de refor\u00e7o da vacina","description":"Com a vacina\u00e7\u00e3o prim\u00e1ria completa contra a covid-19 h\u00e1 agora 8,8 milh\u00f5es de pessoas, mais 2.794 face ao dia anterior.","robots":{"index":"index","follow":"follow","max-snippet":"max-snippet:-1","max-image-preview":"max-image-preview:large","max-video-preview":"max-video-preview:-1"},"canonical":"https:\/\/www.altominho.tv\/site\/2022\/01\/27\/mais-71-689-pessoas-com-dose-de-reforco-da-vacina\/","og_locale":"pt_PT","og_type":"article","og_title":"Mais 71.689 pessoas com dose de refor\u00e7o da vacina","og_description":"Com a vacina\u00e7\u00e3o prim\u00e1ria completa contra a covid-19 h\u00e1 agora 8,8 milh\u00f5es de pessoas, mais 2.794 face ao dia anterior.","og_url":"https:\/\/www.altominho.tv\/site\/2022\/01\/27\/mais-71-689-pessoas-com-dose-de-reforco-da-vacina\/","og_site_name":"Altominho.tv","article_publisher":"https:\/\/www.facebook.com\/altominhotv","article_published_time":"2022-01-27T18:28:24+00:00","article_modified_time":"2022-02-16T16:07:16+00:00","og_image":[{"width":1024,"height":683,"url":"https:\/\/www.altominho.tv\/site\/wp-content\/uploads\/2022\/01\/vacina-astrazeneca-covid-.jpeg","type":"image\/jpeg"}],"author":"Lusa","twitter_card":"summary_large_image","twitter_creator":"@altominhoTV","twitter_site":"@altominhoTV","twitter_misc":{"Escrito por":"Lusa","Tempo estimado de leitura":"2 minutos"},"schema":{"@context":"https:\/\/schema.org","@graph":[{"@type":"Article","@id":"https:\/\/www.altominho.tv\/site\/2022\/01\/27\/mais-71-689-pessoas-com-dose-de-reforco-da-vacina\/#article","isPartOf":{"@id":"https:\/\/www.altominho.tv\/site\/2022\/01\/27\/mais-71-689-pessoas-com-dose-de-reforco-da-vacina\/"},"author":{"name":"Lusa","@id":"https:\/\/www.altominho.tv\/site\/#\/schema\/person\/63f693da3e1899361cbe955c46f3232e"},"headline":"Mais 71.689 pessoas com dose de refor\u00e7o da vacina","datePublished":"2022-01-27T18:28:24+00:00","dateModified":"2022-02-16T16:07:16+00:00","mainEntityOfPage":{"@id":"https:\/\/www.altominho.tv\/site\/2022\/01\/27\/mais-71-689-pessoas-com-dose-de-reforco-da-vacina\/"},"wordCount":216,"image":{"@id":"https:\/\/www.altominho.tv\/site\/2022\/01\/27\/mais-71-689-pessoas-com-dose-de-reforco-da-vacina\/#primaryimage"},"thumbnailUrl":"https:\/\/www.altominho.tv\/site\/wp-content\/uploads\/2022\/01\/vacina-astrazeneca-covid-.jpeg","keywords":["Sa\u00fade","Sociedade"],"articleSection":["Coronav\u00edrus"],"inLanguage":"pt-PT","copyrightYear":"2022","copyrightHolder":{"@id":"https:\/\/www.altominho.tv\/site\/#organization"}},{"@type":"WebPage","@id":"https:\/\/www.altominho.tv\/site\/2022\/01\/27\/mais-71-689-pessoas-com-dose-de-reforco-da-vacina\/","url":"https:\/\/www.altominho.tv\/site\/2022\/01\/27\/mais-71-689-pessoas-com-dose-de-reforco-da-vacina\/","name":"Mais 71.689 pessoas com dose de refor\u00e7o da vacina","isPartOf":{"@id":"https:\/\/www.altominho.tv\/site\/#website"},"primaryImageOfPage":{"@id":"https:\/\/www.altominho.tv\/site\/2022\/01\/27\/mais-71-689-pessoas-com-dose-de-reforco-da-vacina\/#primaryimage"},"image":{"@id":"https:\/\/www.altominho.tv\/site\/2022\/01\/27\/mais-71-689-pessoas-com-dose-de-reforco-da-vacina\/#primaryimage"},"thumbnailUrl":"https:\/\/www.altominho.tv\/site\/wp-content\/uploads\/2022\/01\/vacina-astrazeneca-covid-.jpeg","datePublished":"2022-01-27T18:28:24+00:00","dateModified":"2022-02-16T16:07:16+00:00","author":{"@id":"https:\/\/www.altominho.tv\/site\/#\/schema\/person\/63f693da3e1899361cbe955c46f3232e"},"description":"Com a vacina\u00e7\u00e3o prim\u00e1ria completa contra a covid-19 h\u00e1 agora 8,8 milh\u00f5es de pessoas, mais 2.794 face ao dia anterior.","breadcrumb":{"@id":"https:\/\/www.altominho.tv\/site\/2022\/01\/27\/mais-71-689-pessoas-com-dose-de-reforco-da-vacina\/#breadcrumb"},"inLanguage":"pt-PT","potentialAction":[{"@type":"ReadAction","target":["https:\/\/www.altominho.tv\/site\/2022\/01\/27\/mais-71-689-pessoas-com-dose-de-reforco-da-vacina\/"]}]},{"@type":"ImageObject","inLanguage":"pt-PT","@id":"https:\/\/www.altominho.tv\/site\/2022\/01\/27\/mais-71-689-pessoas-com-dose-de-reforco-da-vacina\/#primaryimage","url":"https:\/\/www.altominho.tv\/site\/wp-content\/uploads\/2022\/01\/vacina-astrazeneca-covid-.jpeg","contentUrl":"https:\/\/www.altominho.tv\/site\/wp-content\/uploads\/2022\/01\/vacina-astrazeneca-covid-.jpeg","width":1024,"height":683,"caption":"A nurse fills a syringe with a dose of the AstraZeneca Plc Covid-19 vaccine at the Nowon District public health center in Seoul, South Korea, on Wednesday, April, 14. 2021. South Korea has resumed inoculations with the AstraZeneca shot this week after a suspension, but will limit use to those between 30 and 60 years old. Photographer: SeongJoon Cho\/Bloomberg"},{"@type":"BreadcrumbList","@id":"https:\/\/www.altominho.tv\/site\/2022\/01\/27\/mais-71-689-pessoas-com-dose-de-reforco-da-vacina\/#breadcrumb","itemListElement":[{"@type":"ListItem","position":1,"name":"In\u00edcio","item":"https:\/\/www.altominho.tv\/site\/"},{"@type":"ListItem","position":2,"name":"Mais 71.689 pessoas com dose de refor\u00e7o da vacina"}]},{"@type":"WebSite","@id":"https:\/\/www.altominho.tv\/site\/#website","url":"https:\/\/www.altominho.tv\/site\/","name":"Altominho.tv","description":"A sua regi\u00e3o \u00e0 dist\u00e2ncia de um clique...","potentialAction":[{"@type":"SearchAction","target":{"@type":"EntryPoint","urlTemplate":"https:\/\/www.altominho.tv\/site\/?s={search_term_string}"},"query-input":{"@type":"PropertyValueSpecification","valueRequired":true,"valueName":"search_term_string"}}],"inLanguage":"pt-PT"},{"@type":"Person","@id":"https:\/\/www.altominho.tv\/site\/#\/schema\/person\/63f693da3e1899361cbe955c46f3232e","name":"Lusa","image":{"@type":"ImageObject","inLanguage":"pt-PT","@id":"https:\/\/www.altominho.tv\/site\/wp-content\/uploads\/2019\/08\/LUSA_Logo.gif","url":"https:\/\/www.altominho.tv\/site\/wp-content\/uploads\/2019\/08\/LUSA_Logo.gif","contentUrl":"https:\/\/www.altominho.tv\/site\/wp-content\/uploads\/2019\/08\/LUSA_Logo.gif","caption":"Lusa"},"sameAs":["http:\/\/\/\/www.altominho.tv\/site"],"url":"https:\/\/www.altominho.tv\/site\/author\/lusa\/"}]}},"_links":{"self":[{"href":"https:\/\/www.altominho.tv\/site\/wp-json\/wp\/v2\/posts\/75497","targetHints":{"allow":["GET"]}}],"collection":[{"href":"https:\/\/www.altominho.tv\/site\/wp-json\/wp\/v2\/posts"}],"about":[{"href":"https:\/\/www.altominho.tv\/site\/wp-json\/wp\/v2\/types\/post"}],"author":[{"embeddable":true,"href":"https:\/\/www.altominho.tv\/site\/wp-json\/wp\/v2\/users\/13"}],"replies":[{"embeddable":true,"href":"https:\/\/www.altominho.tv\/site\/wp-json\/wp\/v2\/comments?post=75497"}],"version-history":[{"count":0,"href":"https:\/\/www.altominho.tv\/site\/wp-json\/wp\/v2\/posts\/75497\/revisions"}],"wp:featuredmedia":[{"embeddable":true,"href":"https:\/\/www.altominho.tv\/site\/wp-json\/wp\/v2\/media\/75498"}],"wp:attachment":[{"href":"https:\/\/www.altominho.tv\/site\/wp-json\/wp\/v2\/media?parent=75497"}],"wp:term":[{"taxonomy":"category","embeddable":true,"href":"https:\/\/www.altominho.tv\/site\/wp-json\/wp\/v2\/categories?post=75497"},{"taxonomy":"post_tag","embeddable":true,"href":"https:\/\/www.altominho.tv\/site\/wp-json\/wp\/v2\/tags?post=75497"}],"curies":[{"name":"wp","href":"https:\/\/api.w.org\/{rel}","templated":true}]}}