{"id":75493,"date":"2022-01-27T17:30:51","date_gmt":"2022-01-27T17:30:51","guid":{"rendered":"https:\/\/www.altominho.tv\/site\/?p=75493"},"modified":"2022-02-16T10:07:00","modified_gmt":"2022-02-16T10:07:00","slug":"aberto-autoagendamento-para-maiores-de-18-anos-para-dose-de-reforco","status":"publish","type":"post","link":"https:\/\/www.altominho.tv\/site\/2022\/01\/27\/aberto-autoagendamento-para-maiores-de-18-anos-para-dose-de-reforco\/","title":{"rendered":"Aberto autoagendamento para maiores de 18 anos para dose de refor\u00e7o"},"content":{"rendered":"\n<p>As pessoas com 18 ou mais anos podem, a partir de hoje, fazer o autoagendamento para a toma da dose de refor\u00e7o da vacina contra a covid-19, anunciaram os Servi\u00e7os Partilhados do Minist\u00e9rio da Sa\u00fade (SPMS).<\/p>\n\n\n\n<p>&#8220;\u00c9 j\u00e1 poss\u00edvel efetuar o pedido de agendamento `online\u00b4 para a dose de refor\u00e7o da vacina contra a covid-19 para utentes com idade igual ou superior a 18 anos, que tenham completado o esquema prim\u00e1rio h\u00e1 cinco meses e n\u00e3o tenham tido infe\u00e7\u00e3o h\u00e1 menos de cinco meses&#8221;, adiantaram os SPMS em comunicado.<\/p>\n\n\n\n<p>Segundo a mesma fonte, para os adultos que receberam a vacina da Janssen h\u00e1 pelo menos tr\u00eas meses, al\u00e9m do autoagendamento dispon\u00edvel no portal covid-19, est\u00e1 agora dispon\u00edvel a modalidade de &#8220;casa aberta&#8221;.<\/p>\n\n\n\n<p>&#8220;Assim, quem foi vacinado com a Janssen pode dirigir-se ao centro de vacina\u00e7\u00e3o que lhe for mais conveniente, sem qualquer contacto ou agendamento pr\u00e9vio&#8221;, avan\u00e7am os SPMS.<\/p>\n\n\n\n<p>De acordo com os dados de quarta-feira da Dire\u00e7\u00e3o-Geral da Sa\u00fade, mais de 4,5 milh\u00f5es de pessoas j\u00e1 receberam a dose de refor\u00e7o da imuniza\u00e7\u00e3o contra o coronav\u00edrus SARS-CoV-2.<\/p>\n\n\n\n<p>A covid-19 provocou 5.625.889 mortes em todo o mundo desde o in\u00edcio da pandemia, segundo o mais recente balan\u00e7o da ag\u00eancia France-Presse.<\/p>\n\n\n\n<p>Em Portugal, desde mar\u00e7o de 2020, morreram 19.744 pessoas e foram contabilizados 2.443.524 casos de infe\u00e7\u00e3o, segundo a \u00faltima atualiza\u00e7\u00e3o da Dire\u00e7\u00e3o-Geral da Sa\u00fade.<\/p>\n\n\n\n<p>A doen\u00e7a respirat\u00f3ria \u00e9 provocada pelo coronav\u00edrus SARS-CoV-2, detetado no final de 2019 em Wuhan, cidade do centro da China.<\/p>\n\n\n\n<p>A nova variante \u00d3micron, classificada como preocupante e muito contagiosa pela Organiza\u00e7\u00e3o Mundial da Sa\u00fade (OMS), foi detetada na \u00c1frica Austral e, desde que as autoridades sanit\u00e1rias sul-africanas deram o alerta em novembro, tornou-se dominante em v\u00e1rios pa\u00edses, incluindo em Portugal.<\/p>\n","protected":false},"excerpt":{"rendered":"<p>As pessoas com 18 ou mais anos podem, a partir de hoje, fazer o autoagendamento para a toma da dose de refor\u00e7o da vacina contra a covid-19, anunciaram os Servi\u00e7os Partilhados do Minist\u00e9rio da Sa\u00fade (SPMS). &#8220;\u00c9 j\u00e1 poss\u00edvel efetuar o pedido de agendamento `online\u00b4 para a dose de refor\u00e7o da vacina contra a covid-19 [&hellip;]<\/p>\n","protected":false},"author":13,"featured_media":74454,"comment_status":"closed","ping_status":"closed","sticky":false,"template":"","format":"standard","meta":{"_exactmetrics_skip_tracking":false,"_exactmetrics_sitenote_active":false,"_exactmetrics_sitenote_note":"","_exactmetrics_sitenote_category":0,"footnotes":""},"categories":[56325],"tags":[26,27],"class_list":["post-75493","post","type-post","status-publish","format-standard","has-post-thumbnail","hentry","category-pais","tag-saude","tag-sociedade"],"yoast_head":"<!-- This site is optimized with the Yoast SEO Premium plugin v27.4 (Yoast SEO v27.4) - https:\/\/yoast.com\/product\/yoast-seo-premium-wordpress\/ -->\n<title>Aberto autoagendamento para maiores de 18 anos para dose de refor\u00e7o<\/title>\n<meta name=\"description\" content=\"As pessoas com 18 ou mais anos podem, a partir de hoje, fazer o autoagendamento para a toma da dose de refor\u00e7o da vacina contra a covid-19.\" \/>\n<meta name=\"robots\" content=\"index, follow, max-snippet:-1, max-image-preview:large, max-video-preview:-1\" \/>\n<link rel=\"canonical\" href=\"https:\/\/www.altominho.tv\/site\/2022\/01\/27\/aberto-autoagendamento-para-maiores-de-18-anos-para-dose-de-reforco\/\" \/>\n<meta property=\"og:locale\" content=\"pt_PT\" \/>\n<meta property=\"og:type\" content=\"article\" \/>\n<meta property=\"og:title\" content=\"Aberto autoagendamento para maiores de 18 anos para dose de refor\u00e7o\" \/>\n<meta property=\"og:description\" content=\"As pessoas com 18 ou mais anos podem, a partir de hoje, fazer o autoagendamento para a toma da dose de refor\u00e7o da vacina contra a covid-19.\" \/>\n<meta property=\"og:url\" content=\"https:\/\/www.altominho.tv\/site\/2022\/01\/27\/aberto-autoagendamento-para-maiores-de-18-anos-para-dose-de-reforco\/\" \/>\n<meta property=\"og:site_name\" content=\"Altominho.tv\" \/>\n<meta property=\"article:publisher\" content=\"https:\/\/www.facebook.com\/altominhotv\" \/>\n<meta property=\"article:published_time\" content=\"2022-01-27T17:30:51+00:00\" \/>\n<meta property=\"article:modified_time\" content=\"2022-02-16T10:07:00+00:00\" \/>\n<meta property=\"og:image\" content=\"https:\/\/www.altominho.tv\/site\/wp-content\/uploads\/2022\/01\/Untitled-Project.jpg\" \/>\n\t<meta property=\"og:image:width\" content=\"1920\" \/>\n\t<meta property=\"og:image:height\" content=\"1080\" \/>\n\t<meta property=\"og:image:type\" content=\"image\/jpeg\" \/>\n<meta name=\"author\" content=\"Lusa\" \/>\n<meta name=\"twitter:card\" content=\"summary_large_image\" \/>\n<meta name=\"twitter:creator\" content=\"@altominhoTV\" \/>\n<meta name=\"twitter:site\" content=\"@altominhoTV\" \/>\n<meta name=\"twitter:label1\" content=\"Escrito por\" \/>\n\t<meta name=\"twitter:data1\" content=\"Lusa\" \/>\n\t<meta name=\"twitter:label2\" content=\"Tempo estimado de leitura\" \/>\n\t<meta name=\"twitter:data2\" content=\"2 minutos\" \/>\n<script type=\"application\/ld+json\" class=\"yoast-schema-graph\">{\"@context\":\"https:\\\/\\\/schema.org\",\"@graph\":[{\"@type\":\"Article\",\"@id\":\"https:\\\/\\\/www.altominho.tv\\\/site\\\/2022\\\/01\\\/27\\\/aberto-autoagendamento-para-maiores-de-18-anos-para-dose-de-reforco\\\/#article\",\"isPartOf\":{\"@id\":\"https:\\\/\\\/www.altominho.tv\\\/site\\\/2022\\\/01\\\/27\\\/aberto-autoagendamento-para-maiores-de-18-anos-para-dose-de-reforco\\\/\"},\"author\":{\"name\":\"Lusa\",\"@id\":\"https:\\\/\\\/www.altominho.tv\\\/site\\\/#\\\/schema\\\/person\\\/63f693da3e1899361cbe955c46f3232e\"},\"headline\":\"Aberto autoagendamento para maiores de 18 anos para dose de refor\u00e7o\",\"datePublished\":\"2022-01-27T17:30:51+00:00\",\"dateModified\":\"2022-02-16T10:07:00+00:00\",\"mainEntityOfPage\":{\"@id\":\"https:\\\/\\\/www.altominho.tv\\\/site\\\/2022\\\/01\\\/27\\\/aberto-autoagendamento-para-maiores-de-18-anos-para-dose-de-reforco\\\/\"},\"wordCount\":324,\"image\":{\"@id\":\"https:\\\/\\\/www.altominho.tv\\\/site\\\/2022\\\/01\\\/27\\\/aberto-autoagendamento-para-maiores-de-18-anos-para-dose-de-reforco\\\/#primaryimage\"},\"thumbnailUrl\":\"https:\\\/\\\/www.altominho.tv\\\/site\\\/wp-content\\\/uploads\\\/2022\\\/01\\\/Untitled-Project.jpg\",\"keywords\":[\"Sa\u00fade\",\"Sociedade\"],\"articleSection\":[\"Pa\u00eds\"],\"inLanguage\":\"pt-PT\",\"copyrightYear\":\"2022\",\"copyrightHolder\":{\"@id\":\"https:\\\/\\\/www.altominho.tv\\\/site\\\/#organization\"}},{\"@type\":\"WebPage\",\"@id\":\"https:\\\/\\\/www.altominho.tv\\\/site\\\/2022\\\/01\\\/27\\\/aberto-autoagendamento-para-maiores-de-18-anos-para-dose-de-reforco\\\/\",\"url\":\"https:\\\/\\\/www.altominho.tv\\\/site\\\/2022\\\/01\\\/27\\\/aberto-autoagendamento-para-maiores-de-18-anos-para-dose-de-reforco\\\/\",\"name\":\"Aberto autoagendamento para maiores de 18 anos para dose de refor\u00e7o\",\"isPartOf\":{\"@id\":\"https:\\\/\\\/www.altominho.tv\\\/site\\\/#website\"},\"primaryImageOfPage\":{\"@id\":\"https:\\\/\\\/www.altominho.tv\\\/site\\\/2022\\\/01\\\/27\\\/aberto-autoagendamento-para-maiores-de-18-anos-para-dose-de-reforco\\\/#primaryimage\"},\"image\":{\"@id\":\"https:\\\/\\\/www.altominho.tv\\\/site\\\/2022\\\/01\\\/27\\\/aberto-autoagendamento-para-maiores-de-18-anos-para-dose-de-reforco\\\/#primaryimage\"},\"thumbnailUrl\":\"https:\\\/\\\/www.altominho.tv\\\/site\\\/wp-content\\\/uploads\\\/2022\\\/01\\\/Untitled-Project.jpg\",\"datePublished\":\"2022-01-27T17:30:51+00:00\",\"dateModified\":\"2022-02-16T10:07:00+00:00\",\"author\":{\"@id\":\"https:\\\/\\\/www.altominho.tv\\\/site\\\/#\\\/schema\\\/person\\\/63f693da3e1899361cbe955c46f3232e\"},\"description\":\"As pessoas com 18 ou mais anos podem, a partir de hoje, fazer o autoagendamento para a toma da dose de refor\u00e7o da vacina contra a covid-19.\",\"breadcrumb\":{\"@id\":\"https:\\\/\\\/www.altominho.tv\\\/site\\\/2022\\\/01\\\/27\\\/aberto-autoagendamento-para-maiores-de-18-anos-para-dose-de-reforco\\\/#breadcrumb\"},\"inLanguage\":\"pt-PT\",\"potentialAction\":[{\"@type\":\"ReadAction\",\"target\":[\"https:\\\/\\\/www.altominho.tv\\\/site\\\/2022\\\/01\\\/27\\\/aberto-autoagendamento-para-maiores-de-18-anos-para-dose-de-reforco\\\/\"]}]},{\"@type\":\"ImageObject\",\"inLanguage\":\"pt-PT\",\"@id\":\"https:\\\/\\\/www.altominho.tv\\\/site\\\/2022\\\/01\\\/27\\\/aberto-autoagendamento-para-maiores-de-18-anos-para-dose-de-reforco\\\/#primaryimage\",\"url\":\"https:\\\/\\\/www.altominho.tv\\\/site\\\/wp-content\\\/uploads\\\/2022\\\/01\\\/Untitled-Project.jpg\",\"contentUrl\":\"https:\\\/\\\/www.altominho.tv\\\/site\\\/wp-content\\\/uploads\\\/2022\\\/01\\\/Untitled-Project.jpg\",\"width\":1920,\"height\":1080},{\"@type\":\"BreadcrumbList\",\"@id\":\"https:\\\/\\\/www.altominho.tv\\\/site\\\/2022\\\/01\\\/27\\\/aberto-autoagendamento-para-maiores-de-18-anos-para-dose-de-reforco\\\/#breadcrumb\",\"itemListElement\":[{\"@type\":\"ListItem\",\"position\":1,\"name\":\"In\u00edcio\",\"item\":\"https:\\\/\\\/www.altominho.tv\\\/site\\\/\"},{\"@type\":\"ListItem\",\"position\":2,\"name\":\"Aberto autoagendamento para maiores de 18 anos para dose de refor\u00e7o\"}]},{\"@type\":\"WebSite\",\"@id\":\"https:\\\/\\\/www.altominho.tv\\\/site\\\/#website\",\"url\":\"https:\\\/\\\/www.altominho.tv\\\/site\\\/\",\"name\":\"Altominho.tv\",\"description\":\"A sua regi\u00e3o \u00e0 dist\u00e2ncia de um clique...\",\"potentialAction\":[{\"@type\":\"SearchAction\",\"target\":{\"@type\":\"EntryPoint\",\"urlTemplate\":\"https:\\\/\\\/www.altominho.tv\\\/site\\\/?s={search_term_string}\"},\"query-input\":{\"@type\":\"PropertyValueSpecification\",\"valueRequired\":true,\"valueName\":\"search_term_string\"}}],\"inLanguage\":\"pt-PT\"},{\"@type\":\"Person\",\"@id\":\"https:\\\/\\\/www.altominho.tv\\\/site\\\/#\\\/schema\\\/person\\\/63f693da3e1899361cbe955c46f3232e\",\"name\":\"Lusa\",\"image\":{\"@type\":\"ImageObject\",\"inLanguage\":\"pt-PT\",\"@id\":\"https:\\\/\\\/www.altominho.tv\\\/site\\\/wp-content\\\/uploads\\\/2019\\\/08\\\/LUSA_Logo.gif\",\"url\":\"https:\\\/\\\/www.altominho.tv\\\/site\\\/wp-content\\\/uploads\\\/2019\\\/08\\\/LUSA_Logo.gif\",\"contentUrl\":\"https:\\\/\\\/www.altominho.tv\\\/site\\\/wp-content\\\/uploads\\\/2019\\\/08\\\/LUSA_Logo.gif\",\"caption\":\"Lusa\"},\"sameAs\":[\"http:\\\/\\\/\\\/\\\/www.altominho.tv\\\/site\"],\"url\":\"https:\\\/\\\/www.altominho.tv\\\/site\\\/author\\\/lusa\\\/\"}]}<\/script>\n<!-- \/ Yoast SEO Premium plugin. -->","yoast_head_json":{"title":"Aberto autoagendamento para maiores de 18 anos para dose de refor\u00e7o","description":"As pessoas com 18 ou mais anos podem, a partir de hoje, fazer o autoagendamento para a toma da dose de refor\u00e7o da vacina contra a covid-19.","robots":{"index":"index","follow":"follow","max-snippet":"max-snippet:-1","max-image-preview":"max-image-preview:large","max-video-preview":"max-video-preview:-1"},"canonical":"https:\/\/www.altominho.tv\/site\/2022\/01\/27\/aberto-autoagendamento-para-maiores-de-18-anos-para-dose-de-reforco\/","og_locale":"pt_PT","og_type":"article","og_title":"Aberto autoagendamento para maiores de 18 anos para dose de refor\u00e7o","og_description":"As pessoas com 18 ou mais anos podem, a partir de hoje, fazer o autoagendamento para a toma da dose de refor\u00e7o da vacina contra a covid-19.","og_url":"https:\/\/www.altominho.tv\/site\/2022\/01\/27\/aberto-autoagendamento-para-maiores-de-18-anos-para-dose-de-reforco\/","og_site_name":"Altominho.tv","article_publisher":"https:\/\/www.facebook.com\/altominhotv","article_published_time":"2022-01-27T17:30:51+00:00","article_modified_time":"2022-02-16T10:07:00+00:00","og_image":[{"width":1920,"height":1080,"url":"https:\/\/www.altominho.tv\/site\/wp-content\/uploads\/2022\/01\/Untitled-Project.jpg","type":"image\/jpeg"}],"author":"Lusa","twitter_card":"summary_large_image","twitter_creator":"@altominhoTV","twitter_site":"@altominhoTV","twitter_misc":{"Escrito por":"Lusa","Tempo estimado de leitura":"2 minutos"},"schema":{"@context":"https:\/\/schema.org","@graph":[{"@type":"Article","@id":"https:\/\/www.altominho.tv\/site\/2022\/01\/27\/aberto-autoagendamento-para-maiores-de-18-anos-para-dose-de-reforco\/#article","isPartOf":{"@id":"https:\/\/www.altominho.tv\/site\/2022\/01\/27\/aberto-autoagendamento-para-maiores-de-18-anos-para-dose-de-reforco\/"},"author":{"name":"Lusa","@id":"https:\/\/www.altominho.tv\/site\/#\/schema\/person\/63f693da3e1899361cbe955c46f3232e"},"headline":"Aberto autoagendamento para maiores de 18 anos para dose de refor\u00e7o","datePublished":"2022-01-27T17:30:51+00:00","dateModified":"2022-02-16T10:07:00+00:00","mainEntityOfPage":{"@id":"https:\/\/www.altominho.tv\/site\/2022\/01\/27\/aberto-autoagendamento-para-maiores-de-18-anos-para-dose-de-reforco\/"},"wordCount":324,"image":{"@id":"https:\/\/www.altominho.tv\/site\/2022\/01\/27\/aberto-autoagendamento-para-maiores-de-18-anos-para-dose-de-reforco\/#primaryimage"},"thumbnailUrl":"https:\/\/www.altominho.tv\/site\/wp-content\/uploads\/2022\/01\/Untitled-Project.jpg","keywords":["Sa\u00fade","Sociedade"],"articleSection":["Pa\u00eds"],"inLanguage":"pt-PT","copyrightYear":"2022","copyrightHolder":{"@id":"https:\/\/www.altominho.tv\/site\/#organization"}},{"@type":"WebPage","@id":"https:\/\/www.altominho.tv\/site\/2022\/01\/27\/aberto-autoagendamento-para-maiores-de-18-anos-para-dose-de-reforco\/","url":"https:\/\/www.altominho.tv\/site\/2022\/01\/27\/aberto-autoagendamento-para-maiores-de-18-anos-para-dose-de-reforco\/","name":"Aberto autoagendamento para maiores de 18 anos para dose de refor\u00e7o","isPartOf":{"@id":"https:\/\/www.altominho.tv\/site\/#website"},"primaryImageOfPage":{"@id":"https:\/\/www.altominho.tv\/site\/2022\/01\/27\/aberto-autoagendamento-para-maiores-de-18-anos-para-dose-de-reforco\/#primaryimage"},"image":{"@id":"https:\/\/www.altominho.tv\/site\/2022\/01\/27\/aberto-autoagendamento-para-maiores-de-18-anos-para-dose-de-reforco\/#primaryimage"},"thumbnailUrl":"https:\/\/www.altominho.tv\/site\/wp-content\/uploads\/2022\/01\/Untitled-Project.jpg","datePublished":"2022-01-27T17:30:51+00:00","dateModified":"2022-02-16T10:07:00+00:00","author":{"@id":"https:\/\/www.altominho.tv\/site\/#\/schema\/person\/63f693da3e1899361cbe955c46f3232e"},"description":"As pessoas com 18 ou mais anos podem, a partir de hoje, fazer o autoagendamento para a toma da dose de refor\u00e7o da vacina contra a covid-19.","breadcrumb":{"@id":"https:\/\/www.altominho.tv\/site\/2022\/01\/27\/aberto-autoagendamento-para-maiores-de-18-anos-para-dose-de-reforco\/#breadcrumb"},"inLanguage":"pt-PT","potentialAction":[{"@type":"ReadAction","target":["https:\/\/www.altominho.tv\/site\/2022\/01\/27\/aberto-autoagendamento-para-maiores-de-18-anos-para-dose-de-reforco\/"]}]},{"@type":"ImageObject","inLanguage":"pt-PT","@id":"https:\/\/www.altominho.tv\/site\/2022\/01\/27\/aberto-autoagendamento-para-maiores-de-18-anos-para-dose-de-reforco\/#primaryimage","url":"https:\/\/www.altominho.tv\/site\/wp-content\/uploads\/2022\/01\/Untitled-Project.jpg","contentUrl":"https:\/\/www.altominho.tv\/site\/wp-content\/uploads\/2022\/01\/Untitled-Project.jpg","width":1920,"height":1080},{"@type":"BreadcrumbList","@id":"https:\/\/www.altominho.tv\/site\/2022\/01\/27\/aberto-autoagendamento-para-maiores-de-18-anos-para-dose-de-reforco\/#breadcrumb","itemListElement":[{"@type":"ListItem","position":1,"name":"In\u00edcio","item":"https:\/\/www.altominho.tv\/site\/"},{"@type":"ListItem","position":2,"name":"Aberto autoagendamento para maiores de 18 anos para dose de refor\u00e7o"}]},{"@type":"WebSite","@id":"https:\/\/www.altominho.tv\/site\/#website","url":"https:\/\/www.altominho.tv\/site\/","name":"Altominho.tv","description":"A sua regi\u00e3o \u00e0 dist\u00e2ncia de um clique...","potentialAction":[{"@type":"SearchAction","target":{"@type":"EntryPoint","urlTemplate":"https:\/\/www.altominho.tv\/site\/?s={search_term_string}"},"query-input":{"@type":"PropertyValueSpecification","valueRequired":true,"valueName":"search_term_string"}}],"inLanguage":"pt-PT"},{"@type":"Person","@id":"https:\/\/www.altominho.tv\/site\/#\/schema\/person\/63f693da3e1899361cbe955c46f3232e","name":"Lusa","image":{"@type":"ImageObject","inLanguage":"pt-PT","@id":"https:\/\/www.altominho.tv\/site\/wp-content\/uploads\/2019\/08\/LUSA_Logo.gif","url":"https:\/\/www.altominho.tv\/site\/wp-content\/uploads\/2019\/08\/LUSA_Logo.gif","contentUrl":"https:\/\/www.altominho.tv\/site\/wp-content\/uploads\/2019\/08\/LUSA_Logo.gif","caption":"Lusa"},"sameAs":["http:\/\/\/\/www.altominho.tv\/site"],"url":"https:\/\/www.altominho.tv\/site\/author\/lusa\/"}]}},"_links":{"self":[{"href":"https:\/\/www.altominho.tv\/site\/wp-json\/wp\/v2\/posts\/75493","targetHints":{"allow":["GET"]}}],"collection":[{"href":"https:\/\/www.altominho.tv\/site\/wp-json\/wp\/v2\/posts"}],"about":[{"href":"https:\/\/www.altominho.tv\/site\/wp-json\/wp\/v2\/types\/post"}],"author":[{"embeddable":true,"href":"https:\/\/www.altominho.tv\/site\/wp-json\/wp\/v2\/users\/13"}],"replies":[{"embeddable":true,"href":"https:\/\/www.altominho.tv\/site\/wp-json\/wp\/v2\/comments?post=75493"}],"version-history":[{"count":0,"href":"https:\/\/www.altominho.tv\/site\/wp-json\/wp\/v2\/posts\/75493\/revisions"}],"wp:featuredmedia":[{"embeddable":true,"href":"https:\/\/www.altominho.tv\/site\/wp-json\/wp\/v2\/media\/74454"}],"wp:attachment":[{"href":"https:\/\/www.altominho.tv\/site\/wp-json\/wp\/v2\/media?parent=75493"}],"wp:term":[{"taxonomy":"category","embeddable":true,"href":"https:\/\/www.altominho.tv\/site\/wp-json\/wp\/v2\/categories?post=75493"},{"taxonomy":"post_tag","embeddable":true,"href":"https:\/\/www.altominho.tv\/site\/wp-json\/wp\/v2\/tags?post=75493"}],"curies":[{"name":"wp","href":"https:\/\/api.w.org\/{rel}","templated":true}]}}