{"id":75478,"date":"2022-01-27T14:52:23","date_gmt":"2022-01-27T14:52:23","guid":{"rendered":"https:\/\/www.altominho.tv\/site\/?p=75478"},"modified":"2022-02-16T16:50:11","modified_gmt":"2022-02-16T16:50:11","slug":"mundo-regista-novo-recorde-de-infecoes-com-384-milhoes-de-casos-nas-ultimas-24-horas","status":"publish","type":"post","link":"https:\/\/www.altominho.tv\/site\/2022\/01\/27\/mundo-regista-novo-recorde-de-infecoes-com-384-milhoes-de-casos-nas-ultimas-24-horas\/","title":{"rendered":"Mundo regista novo recorde de infe\u00e7\u00f5es com 3,84 milh\u00f5es de casos nas \u00faltimas 24 horas"},"content":{"rendered":"\n<p>O mundo registou um novo recorde de infe\u00e7\u00f5es pelo novo coronav\u00edrus nas \u00faltimas 24 horas, com 3,84 milh\u00f5es de casos positivos, apesar da curva de cont\u00e1gios indicar que a propaga\u00e7\u00e3o da variante \u00d3micron est\u00e1 a desacelerar, foi hoje divulgado.<\/p>\n\n\n\n<p>Segundo referiu a Organiza\u00e7\u00e3o Mundial da Sa\u00fade (OMS), nenhuma das vagas anteriores da pandemia de covid-19 ultrapassou um milh\u00e3o de casos di\u00e1rios.<\/p>\n\n\n\n<p>A ag\u00eancia das Na\u00e7\u00f5es Unidas revelou que a variante \u00d3micron est\u00e1 a avan\u00e7ar de modo exponencial, embora os casos estejam a crescer a uma velocidade mais lenta: cerca de 5% na semana passada, 20% na anterior e 55% na semana pr\u00e9via.<\/p>\n\n\n\n<p>Desde o in\u00edcio da pandemia, h\u00e1 dois anos, os casos de infe\u00e7\u00e3o pelo coronav\u00edrus SARS-CoV-2 confirmados pela OMS totalizaram 356 milh\u00f5es (equivalente a 5% da popula\u00e7\u00e3o mundial) e mais de 5,6 milh\u00f5es de pessoas morreram devido \u00e0 doen\u00e7a covid-19.<\/p>\n\n\n\n<p>Cerca de 90% dos casos de covid-19 analisados pela rede global de laborat\u00f3rios GISAID &#8211; associada \u00e0 OMS &#8212; s\u00e3o da variante \u00d3micron do novo coronav\u00edrus, enquanto a variante Delta, que era dominante em 2021, corresponde aos restantes casos e continua em decl\u00ednio.<\/p>\n\n\n\n<p>A atual onda de infe\u00e7\u00f5es n\u00e3o tem sido acompanhada por mais mortes, embora tenham sido confirmadas 9.000 v\u00edtimas mortais nas \u00faltimas 24 horas, um valor ligeiramente superior \u00e0 m\u00e9dia dos \u00faltimos tr\u00eas meses, que oscilou entre 5.000 e 8.000 mortes por dia.<\/p>\n\n\n\n<p>A doen\u00e7a respirat\u00f3ria \u00e9 provocada pelo coronav\u00edrus SARS-CoV-2, detetado no final de 2019 em Wuhan, cidade do centro da China.<\/p>\n\n\n\n<p>A nova variante \u00d3micron, classificada como preocupante e muito contagiosa pela Organiza\u00e7\u00e3o Mundial da Sa\u00fade (OMS), foi detetada na \u00c1frica Austral e, desde que as autoridades sanit\u00e1rias sul-africanas deram o alerta em novembro, tornou-se dominante em v\u00e1rios pa\u00edses, incluindo em Portugal.<\/p>\n","protected":false},"excerpt":{"rendered":"<p>O mundo registou um novo recorde de infe\u00e7\u00f5es pelo novo coronav\u00edrus nas \u00faltimas 24 horas, com 3,84 milh\u00f5es de casos positivos, apesar da curva de cont\u00e1gios indicar que a propaga\u00e7\u00e3o da variante \u00d3micron est\u00e1 a desacelerar, foi hoje divulgado. Segundo referiu a Organiza\u00e7\u00e3o Mundial da Sa\u00fade (OMS), nenhuma das vagas anteriores da pandemia de covid-19 [&hellip;]<\/p>\n","protected":false},"author":13,"featured_media":75479,"comment_status":"closed","ping_status":"closed","sticky":false,"template":"","format":"standard","meta":{"_exactmetrics_skip_tracking":false,"_exactmetrics_sitenote_active":false,"_exactmetrics_sitenote_note":"","_exactmetrics_sitenote_category":0,"footnotes":""},"categories":[56325],"tags":[26,27],"class_list":["post-75478","post","type-post","status-publish","format-standard","has-post-thumbnail","hentry","category-pais","tag-saude","tag-sociedade"],"yoast_head":"<!-- This site is optimized with the Yoast SEO Premium plugin v27.4 (Yoast SEO v27.4) - https:\/\/yoast.com\/product\/yoast-seo-premium-wordpress\/ -->\n<title>Mundo regista novo recorde de infe\u00e7\u00f5es com 3,84 milh\u00f5es de casos nas \u00faltimas 24 horas<\/title>\n<meta name=\"description\" content=\"O mundo registou um novo recorde de infe\u00e7\u00f5es pelo novo coronav\u00edrus nas \u00faltimas 24 horas, com 3,84 milh\u00f5es de casos positivos.\" \/>\n<meta name=\"robots\" content=\"index, follow, max-snippet:-1, max-image-preview:large, max-video-preview:-1\" \/>\n<link rel=\"canonical\" href=\"https:\/\/www.altominho.tv\/site\/2022\/01\/27\/mundo-regista-novo-recorde-de-infecoes-com-384-milhoes-de-casos-nas-ultimas-24-horas\/\" \/>\n<meta property=\"og:locale\" content=\"pt_PT\" \/>\n<meta property=\"og:type\" content=\"article\" \/>\n<meta property=\"og:title\" content=\"Mundo regista novo recorde de infe\u00e7\u00f5es com 3,84 milh\u00f5es de casos nas \u00faltimas 24 horas\" \/>\n<meta property=\"og:description\" content=\"O mundo registou um novo recorde de infe\u00e7\u00f5es pelo novo coronav\u00edrus nas \u00faltimas 24 horas, com 3,84 milh\u00f5es de casos positivos.\" \/>\n<meta property=\"og:url\" content=\"https:\/\/www.altominho.tv\/site\/2022\/01\/27\/mundo-regista-novo-recorde-de-infecoes-com-384-milhoes-de-casos-nas-ultimas-24-horas\/\" \/>\n<meta property=\"og:site_name\" content=\"Altominho.tv\" \/>\n<meta property=\"article:publisher\" content=\"https:\/\/www.facebook.com\/altominhotv\" \/>\n<meta property=\"article:published_time\" content=\"2022-01-27T14:52:23+00:00\" \/>\n<meta property=\"article:modified_time\" content=\"2022-02-16T16:50:11+00:00\" \/>\n<meta property=\"og:image\" content=\"https:\/\/www.altominho.tv\/site\/wp-content\/uploads\/2022\/01\/covid-2.jpeg\" \/>\n\t<meta property=\"og:image:width\" content=\"860\" \/>\n\t<meta property=\"og:image:height\" content=\"472\" \/>\n\t<meta property=\"og:image:type\" content=\"image\/jpeg\" \/>\n<meta name=\"author\" content=\"Lusa\" \/>\n<meta name=\"twitter:card\" content=\"summary_large_image\" \/>\n<meta name=\"twitter:creator\" content=\"@altominhoTV\" \/>\n<meta name=\"twitter:site\" content=\"@altominhoTV\" \/>\n<meta name=\"twitter:label1\" content=\"Escrito por\" \/>\n\t<meta name=\"twitter:data1\" content=\"Lusa\" \/>\n\t<meta name=\"twitter:label2\" content=\"Tempo estimado de leitura\" \/>\n\t<meta name=\"twitter:data2\" content=\"2 minutos\" \/>\n<script type=\"application\/ld+json\" class=\"yoast-schema-graph\">{\"@context\":\"https:\\\/\\\/schema.org\",\"@graph\":[{\"@type\":\"Article\",\"@id\":\"https:\\\/\\\/www.altominho.tv\\\/site\\\/2022\\\/01\\\/27\\\/mundo-regista-novo-recorde-de-infecoes-com-384-milhoes-de-casos-nas-ultimas-24-horas\\\/#article\",\"isPartOf\":{\"@id\":\"https:\\\/\\\/www.altominho.tv\\\/site\\\/2022\\\/01\\\/27\\\/mundo-regista-novo-recorde-de-infecoes-com-384-milhoes-de-casos-nas-ultimas-24-horas\\\/\"},\"author\":{\"name\":\"Lusa\",\"@id\":\"https:\\\/\\\/www.altominho.tv\\\/site\\\/#\\\/schema\\\/person\\\/63f693da3e1899361cbe955c46f3232e\"},\"headline\":\"Mundo regista novo recorde de infe\u00e7\u00f5es com 3,84 milh\u00f5es de casos nas \u00faltimas 24 horas\",\"datePublished\":\"2022-01-27T14:52:23+00:00\",\"dateModified\":\"2022-02-16T16:50:11+00:00\",\"mainEntityOfPage\":{\"@id\":\"https:\\\/\\\/www.altominho.tv\\\/site\\\/2022\\\/01\\\/27\\\/mundo-regista-novo-recorde-de-infecoes-com-384-milhoes-de-casos-nas-ultimas-24-horas\\\/\"},\"wordCount\":320,\"image\":{\"@id\":\"https:\\\/\\\/www.altominho.tv\\\/site\\\/2022\\\/01\\\/27\\\/mundo-regista-novo-recorde-de-infecoes-com-384-milhoes-de-casos-nas-ultimas-24-horas\\\/#primaryimage\"},\"thumbnailUrl\":\"https:\\\/\\\/www.altominho.tv\\\/site\\\/wp-content\\\/uploads\\\/2022\\\/01\\\/covid-2.jpeg\",\"keywords\":[\"Sa\u00fade\",\"Sociedade\"],\"articleSection\":[\"Pa\u00eds\"],\"inLanguage\":\"pt-PT\",\"copyrightYear\":\"2022\",\"copyrightHolder\":{\"@id\":\"https:\\\/\\\/www.altominho.tv\\\/site\\\/#organization\"}},{\"@type\":\"WebPage\",\"@id\":\"https:\\\/\\\/www.altominho.tv\\\/site\\\/2022\\\/01\\\/27\\\/mundo-regista-novo-recorde-de-infecoes-com-384-milhoes-de-casos-nas-ultimas-24-horas\\\/\",\"url\":\"https:\\\/\\\/www.altominho.tv\\\/site\\\/2022\\\/01\\\/27\\\/mundo-regista-novo-recorde-de-infecoes-com-384-milhoes-de-casos-nas-ultimas-24-horas\\\/\",\"name\":\"Mundo regista novo recorde de infe\u00e7\u00f5es com 3,84 milh\u00f5es de casos nas \u00faltimas 24 horas\",\"isPartOf\":{\"@id\":\"https:\\\/\\\/www.altominho.tv\\\/site\\\/#website\"},\"primaryImageOfPage\":{\"@id\":\"https:\\\/\\\/www.altominho.tv\\\/site\\\/2022\\\/01\\\/27\\\/mundo-regista-novo-recorde-de-infecoes-com-384-milhoes-de-casos-nas-ultimas-24-horas\\\/#primaryimage\"},\"image\":{\"@id\":\"https:\\\/\\\/www.altominho.tv\\\/site\\\/2022\\\/01\\\/27\\\/mundo-regista-novo-recorde-de-infecoes-com-384-milhoes-de-casos-nas-ultimas-24-horas\\\/#primaryimage\"},\"thumbnailUrl\":\"https:\\\/\\\/www.altominho.tv\\\/site\\\/wp-content\\\/uploads\\\/2022\\\/01\\\/covid-2.jpeg\",\"datePublished\":\"2022-01-27T14:52:23+00:00\",\"dateModified\":\"2022-02-16T16:50:11+00:00\",\"author\":{\"@id\":\"https:\\\/\\\/www.altominho.tv\\\/site\\\/#\\\/schema\\\/person\\\/63f693da3e1899361cbe955c46f3232e\"},\"description\":\"O mundo registou um novo recorde de infe\u00e7\u00f5es pelo novo coronav\u00edrus nas \u00faltimas 24 horas, com 3,84 milh\u00f5es de casos positivos.\",\"breadcrumb\":{\"@id\":\"https:\\\/\\\/www.altominho.tv\\\/site\\\/2022\\\/01\\\/27\\\/mundo-regista-novo-recorde-de-infecoes-com-384-milhoes-de-casos-nas-ultimas-24-horas\\\/#breadcrumb\"},\"inLanguage\":\"pt-PT\",\"potentialAction\":[{\"@type\":\"ReadAction\",\"target\":[\"https:\\\/\\\/www.altominho.tv\\\/site\\\/2022\\\/01\\\/27\\\/mundo-regista-novo-recorde-de-infecoes-com-384-milhoes-de-casos-nas-ultimas-24-horas\\\/\"]}]},{\"@type\":\"ImageObject\",\"inLanguage\":\"pt-PT\",\"@id\":\"https:\\\/\\\/www.altominho.tv\\\/site\\\/2022\\\/01\\\/27\\\/mundo-regista-novo-recorde-de-infecoes-com-384-milhoes-de-casos-nas-ultimas-24-horas\\\/#primaryimage\",\"url\":\"https:\\\/\\\/www.altominho.tv\\\/site\\\/wp-content\\\/uploads\\\/2022\\\/01\\\/covid-2.jpeg\",\"contentUrl\":\"https:\\\/\\\/www.altominho.tv\\\/site\\\/wp-content\\\/uploads\\\/2022\\\/01\\\/covid-2.jpeg\",\"width\":860,\"height\":472},{\"@type\":\"BreadcrumbList\",\"@id\":\"https:\\\/\\\/www.altominho.tv\\\/site\\\/2022\\\/01\\\/27\\\/mundo-regista-novo-recorde-de-infecoes-com-384-milhoes-de-casos-nas-ultimas-24-horas\\\/#breadcrumb\",\"itemListElement\":[{\"@type\":\"ListItem\",\"position\":1,\"name\":\"In\u00edcio\",\"item\":\"https:\\\/\\\/www.altominho.tv\\\/site\\\/\"},{\"@type\":\"ListItem\",\"position\":2,\"name\":\"Mundo regista novo recorde de infe\u00e7\u00f5es com 3,84 milh\u00f5es de casos nas \u00faltimas 24 horas\"}]},{\"@type\":\"WebSite\",\"@id\":\"https:\\\/\\\/www.altominho.tv\\\/site\\\/#website\",\"url\":\"https:\\\/\\\/www.altominho.tv\\\/site\\\/\",\"name\":\"Altominho.tv\",\"description\":\"A sua regi\u00e3o \u00e0 dist\u00e2ncia de um clique...\",\"potentialAction\":[{\"@type\":\"SearchAction\",\"target\":{\"@type\":\"EntryPoint\",\"urlTemplate\":\"https:\\\/\\\/www.altominho.tv\\\/site\\\/?s={search_term_string}\"},\"query-input\":{\"@type\":\"PropertyValueSpecification\",\"valueRequired\":true,\"valueName\":\"search_term_string\"}}],\"inLanguage\":\"pt-PT\"},{\"@type\":\"Person\",\"@id\":\"https:\\\/\\\/www.altominho.tv\\\/site\\\/#\\\/schema\\\/person\\\/63f693da3e1899361cbe955c46f3232e\",\"name\":\"Lusa\",\"image\":{\"@type\":\"ImageObject\",\"inLanguage\":\"pt-PT\",\"@id\":\"https:\\\/\\\/www.altominho.tv\\\/site\\\/wp-content\\\/uploads\\\/2019\\\/08\\\/LUSA_Logo.gif\",\"url\":\"https:\\\/\\\/www.altominho.tv\\\/site\\\/wp-content\\\/uploads\\\/2019\\\/08\\\/LUSA_Logo.gif\",\"contentUrl\":\"https:\\\/\\\/www.altominho.tv\\\/site\\\/wp-content\\\/uploads\\\/2019\\\/08\\\/LUSA_Logo.gif\",\"caption\":\"Lusa\"},\"sameAs\":[\"http:\\\/\\\/\\\/\\\/www.altominho.tv\\\/site\"],\"url\":\"https:\\\/\\\/www.altominho.tv\\\/site\\\/author\\\/lusa\\\/\"}]}<\/script>\n<!-- \/ Yoast SEO Premium plugin. -->","yoast_head_json":{"title":"Mundo regista novo recorde de infe\u00e7\u00f5es com 3,84 milh\u00f5es de casos nas \u00faltimas 24 horas","description":"O mundo registou um novo recorde de infe\u00e7\u00f5es pelo novo coronav\u00edrus nas \u00faltimas 24 horas, com 3,84 milh\u00f5es de casos positivos.","robots":{"index":"index","follow":"follow","max-snippet":"max-snippet:-1","max-image-preview":"max-image-preview:large","max-video-preview":"max-video-preview:-1"},"canonical":"https:\/\/www.altominho.tv\/site\/2022\/01\/27\/mundo-regista-novo-recorde-de-infecoes-com-384-milhoes-de-casos-nas-ultimas-24-horas\/","og_locale":"pt_PT","og_type":"article","og_title":"Mundo regista novo recorde de infe\u00e7\u00f5es com 3,84 milh\u00f5es de casos nas \u00faltimas 24 horas","og_description":"O mundo registou um novo recorde de infe\u00e7\u00f5es pelo novo coronav\u00edrus nas \u00faltimas 24 horas, com 3,84 milh\u00f5es de casos positivos.","og_url":"https:\/\/www.altominho.tv\/site\/2022\/01\/27\/mundo-regista-novo-recorde-de-infecoes-com-384-milhoes-de-casos-nas-ultimas-24-horas\/","og_site_name":"Altominho.tv","article_publisher":"https:\/\/www.facebook.com\/altominhotv","article_published_time":"2022-01-27T14:52:23+00:00","article_modified_time":"2022-02-16T16:50:11+00:00","og_image":[{"width":860,"height":472,"url":"https:\/\/www.altominho.tv\/site\/wp-content\/uploads\/2022\/01\/covid-2.jpeg","type":"image\/jpeg"}],"author":"Lusa","twitter_card":"summary_large_image","twitter_creator":"@altominhoTV","twitter_site":"@altominhoTV","twitter_misc":{"Escrito por":"Lusa","Tempo estimado de leitura":"2 minutos"},"schema":{"@context":"https:\/\/schema.org","@graph":[{"@type":"Article","@id":"https:\/\/www.altominho.tv\/site\/2022\/01\/27\/mundo-regista-novo-recorde-de-infecoes-com-384-milhoes-de-casos-nas-ultimas-24-horas\/#article","isPartOf":{"@id":"https:\/\/www.altominho.tv\/site\/2022\/01\/27\/mundo-regista-novo-recorde-de-infecoes-com-384-milhoes-de-casos-nas-ultimas-24-horas\/"},"author":{"name":"Lusa","@id":"https:\/\/www.altominho.tv\/site\/#\/schema\/person\/63f693da3e1899361cbe955c46f3232e"},"headline":"Mundo regista novo recorde de infe\u00e7\u00f5es com 3,84 milh\u00f5es de casos nas \u00faltimas 24 horas","datePublished":"2022-01-27T14:52:23+00:00","dateModified":"2022-02-16T16:50:11+00:00","mainEntityOfPage":{"@id":"https:\/\/www.altominho.tv\/site\/2022\/01\/27\/mundo-regista-novo-recorde-de-infecoes-com-384-milhoes-de-casos-nas-ultimas-24-horas\/"},"wordCount":320,"image":{"@id":"https:\/\/www.altominho.tv\/site\/2022\/01\/27\/mundo-regista-novo-recorde-de-infecoes-com-384-milhoes-de-casos-nas-ultimas-24-horas\/#primaryimage"},"thumbnailUrl":"https:\/\/www.altominho.tv\/site\/wp-content\/uploads\/2022\/01\/covid-2.jpeg","keywords":["Sa\u00fade","Sociedade"],"articleSection":["Pa\u00eds"],"inLanguage":"pt-PT","copyrightYear":"2022","copyrightHolder":{"@id":"https:\/\/www.altominho.tv\/site\/#organization"}},{"@type":"WebPage","@id":"https:\/\/www.altominho.tv\/site\/2022\/01\/27\/mundo-regista-novo-recorde-de-infecoes-com-384-milhoes-de-casos-nas-ultimas-24-horas\/","url":"https:\/\/www.altominho.tv\/site\/2022\/01\/27\/mundo-regista-novo-recorde-de-infecoes-com-384-milhoes-de-casos-nas-ultimas-24-horas\/","name":"Mundo regista novo recorde de infe\u00e7\u00f5es com 3,84 milh\u00f5es de casos nas \u00faltimas 24 horas","isPartOf":{"@id":"https:\/\/www.altominho.tv\/site\/#website"},"primaryImageOfPage":{"@id":"https:\/\/www.altominho.tv\/site\/2022\/01\/27\/mundo-regista-novo-recorde-de-infecoes-com-384-milhoes-de-casos-nas-ultimas-24-horas\/#primaryimage"},"image":{"@id":"https:\/\/www.altominho.tv\/site\/2022\/01\/27\/mundo-regista-novo-recorde-de-infecoes-com-384-milhoes-de-casos-nas-ultimas-24-horas\/#primaryimage"},"thumbnailUrl":"https:\/\/www.altominho.tv\/site\/wp-content\/uploads\/2022\/01\/covid-2.jpeg","datePublished":"2022-01-27T14:52:23+00:00","dateModified":"2022-02-16T16:50:11+00:00","author":{"@id":"https:\/\/www.altominho.tv\/site\/#\/schema\/person\/63f693da3e1899361cbe955c46f3232e"},"description":"O mundo registou um novo recorde de infe\u00e7\u00f5es pelo novo coronav\u00edrus nas \u00faltimas 24 horas, com 3,84 milh\u00f5es de casos positivos.","breadcrumb":{"@id":"https:\/\/www.altominho.tv\/site\/2022\/01\/27\/mundo-regista-novo-recorde-de-infecoes-com-384-milhoes-de-casos-nas-ultimas-24-horas\/#breadcrumb"},"inLanguage":"pt-PT","potentialAction":[{"@type":"ReadAction","target":["https:\/\/www.altominho.tv\/site\/2022\/01\/27\/mundo-regista-novo-recorde-de-infecoes-com-384-milhoes-de-casos-nas-ultimas-24-horas\/"]}]},{"@type":"ImageObject","inLanguage":"pt-PT","@id":"https:\/\/www.altominho.tv\/site\/2022\/01\/27\/mundo-regista-novo-recorde-de-infecoes-com-384-milhoes-de-casos-nas-ultimas-24-horas\/#primaryimage","url":"https:\/\/www.altominho.tv\/site\/wp-content\/uploads\/2022\/01\/covid-2.jpeg","contentUrl":"https:\/\/www.altominho.tv\/site\/wp-content\/uploads\/2022\/01\/covid-2.jpeg","width":860,"height":472},{"@type":"BreadcrumbList","@id":"https:\/\/www.altominho.tv\/site\/2022\/01\/27\/mundo-regista-novo-recorde-de-infecoes-com-384-milhoes-de-casos-nas-ultimas-24-horas\/#breadcrumb","itemListElement":[{"@type":"ListItem","position":1,"name":"In\u00edcio","item":"https:\/\/www.altominho.tv\/site\/"},{"@type":"ListItem","position":2,"name":"Mundo regista novo recorde de infe\u00e7\u00f5es com 3,84 milh\u00f5es de casos nas \u00faltimas 24 horas"}]},{"@type":"WebSite","@id":"https:\/\/www.altominho.tv\/site\/#website","url":"https:\/\/www.altominho.tv\/site\/","name":"Altominho.tv","description":"A sua regi\u00e3o \u00e0 dist\u00e2ncia de um clique...","potentialAction":[{"@type":"SearchAction","target":{"@type":"EntryPoint","urlTemplate":"https:\/\/www.altominho.tv\/site\/?s={search_term_string}"},"query-input":{"@type":"PropertyValueSpecification","valueRequired":true,"valueName":"search_term_string"}}],"inLanguage":"pt-PT"},{"@type":"Person","@id":"https:\/\/www.altominho.tv\/site\/#\/schema\/person\/63f693da3e1899361cbe955c46f3232e","name":"Lusa","image":{"@type":"ImageObject","inLanguage":"pt-PT","@id":"https:\/\/www.altominho.tv\/site\/wp-content\/uploads\/2019\/08\/LUSA_Logo.gif","url":"https:\/\/www.altominho.tv\/site\/wp-content\/uploads\/2019\/08\/LUSA_Logo.gif","contentUrl":"https:\/\/www.altominho.tv\/site\/wp-content\/uploads\/2019\/08\/LUSA_Logo.gif","caption":"Lusa"},"sameAs":["http:\/\/\/\/www.altominho.tv\/site"],"url":"https:\/\/www.altominho.tv\/site\/author\/lusa\/"}]}},"_links":{"self":[{"href":"https:\/\/www.altominho.tv\/site\/wp-json\/wp\/v2\/posts\/75478","targetHints":{"allow":["GET"]}}],"collection":[{"href":"https:\/\/www.altominho.tv\/site\/wp-json\/wp\/v2\/posts"}],"about":[{"href":"https:\/\/www.altominho.tv\/site\/wp-json\/wp\/v2\/types\/post"}],"author":[{"embeddable":true,"href":"https:\/\/www.altominho.tv\/site\/wp-json\/wp\/v2\/users\/13"}],"replies":[{"embeddable":true,"href":"https:\/\/www.altominho.tv\/site\/wp-json\/wp\/v2\/comments?post=75478"}],"version-history":[{"count":0,"href":"https:\/\/www.altominho.tv\/site\/wp-json\/wp\/v2\/posts\/75478\/revisions"}],"wp:featuredmedia":[{"embeddable":true,"href":"https:\/\/www.altominho.tv\/site\/wp-json\/wp\/v2\/media\/75479"}],"wp:attachment":[{"href":"https:\/\/www.altominho.tv\/site\/wp-json\/wp\/v2\/media?parent=75478"}],"wp:term":[{"taxonomy":"category","embeddable":true,"href":"https:\/\/www.altominho.tv\/site\/wp-json\/wp\/v2\/categories?post=75478"},{"taxonomy":"post_tag","embeddable":true,"href":"https:\/\/www.altominho.tv\/site\/wp-json\/wp\/v2\/tags?post=75478"}],"curies":[{"name":"wp","href":"https:\/\/api.w.org\/{rel}","templated":true}]}}