{"id":75476,"date":"2022-01-27T14:31:48","date_gmt":"2022-01-27T14:31:48","guid":{"rendered":"https:\/\/www.altominho.tv\/site\/?p=75476"},"modified":"2022-02-16T16:52:11","modified_gmt":"2022-02-16T16:52:11","slug":"mais-65-706-infecoes-e-41-mortes-por-covid-19-em-portugal","status":"publish","type":"post","link":"https:\/\/www.altominho.tv\/site\/2022\/01\/27\/mais-65-706-infecoes-e-41-mortes-por-covid-19-em-portugal\/","title":{"rendered":"Mais 65.706 infe\u00e7\u00f5es e 41 mortes por covid-19 em Portugal"},"content":{"rendered":"\n<p>Nas \u00faltimas 24 horas, Portugal registou mais 65.706 casos e 41 mortes por&nbsp;covid-19, segundo&nbsp;o boletim epidemiol\u00f3gico&nbsp;desta quinta-feira da Dire\u00e7\u00e3o-Geral da Sa\u00fade.&nbsp;Apesar de ter sido batido um novo m\u00e1ximo di\u00e1rio de infe\u00e7\u00f5es, os internamentos continuam a diminuir.<\/p>\n\n\n\n<p>A&nbsp;regi\u00e3o Norte&nbsp;continua a ser a que reporta mais novos casos. S\u00f3 nas \u00faltimas 24 horas registou mais 27.594 novas infe\u00e7\u00f5es. Segue-se Lisboa e Vale do Tejo (18.590), o Centro (11.430), e mais atr\u00e1s, o Algarve (2.883), Alentejo (2.713) e as ilhas \u2013 A\u00e7ores (1.552) e a Madeira (944).<\/p>\n\n\n\n<p>Quanto ao \u00f3bitos, 17 dos quais registaram-se na regi\u00e3o de Lisboa e 15 no Norte. O Centro reportou quatro v\u00edtimas mortais nas \u00faltimas 24 horas, o Alentejo tr\u00eas e o Algarve duas.<\/p>\n\n\n\n<p>Com esta atualiza\u00e7\u00e3o, o n\u00famero total de casos desde o in\u00edcio da pandemia \u00e9 agora de 2.443.524 e o de \u00f3bitos \u00e9 de 19.744.<\/p>\n","protected":false},"excerpt":{"rendered":"<p>Nas \u00faltimas 24 horas, Portugal registou mais 65.706 casos e 41 mortes por&nbsp;covid-19, segundo&nbsp;o boletim epidemiol\u00f3gico&nbsp;desta quinta-feira da Dire\u00e7\u00e3o-Geral da Sa\u00fade.&nbsp;Apesar de ter sido batido um novo m\u00e1ximo di\u00e1rio de infe\u00e7\u00f5es, os internamentos continuam a diminuir. A&nbsp;regi\u00e3o Norte&nbsp;continua a ser a que reporta mais novos casos. S\u00f3 nas \u00faltimas 24 horas registou mais 27.594 novas [&hellip;]<\/p>\n","protected":false},"author":13,"featured_media":74092,"comment_status":"closed","ping_status":"closed","sticky":false,"template":"","format":"standard","meta":{"_exactmetrics_skip_tracking":false,"_exactmetrics_sitenote_active":false,"_exactmetrics_sitenote_note":"","_exactmetrics_sitenote_category":0,"footnotes":""},"categories":[42722],"tags":[26,27],"class_list":["post-75476","post","type-post","status-publish","format-standard","has-post-thumbnail","hentry","category-covid-19","tag-saude","tag-sociedade"],"yoast_head":"<!-- This site is optimized with the Yoast SEO Premium plugin v27.4 (Yoast SEO v27.4) - https:\/\/yoast.com\/product\/yoast-seo-premium-wordpress\/ -->\n<title>Mais 65.706 infe\u00e7\u00f5es e 41 mortes por covid-19 em Portugal<\/title>\n<meta name=\"description\" content=\"Nas \u00faltimas 24 horas, Portugal registou mais 65.706 casos e 41 mortes por\u00a0covid-19, segundo\u00a0o boletim epidemiol\u00f3gico\" \/>\n<meta name=\"robots\" content=\"index, follow, max-snippet:-1, max-image-preview:large, max-video-preview:-1\" \/>\n<link rel=\"canonical\" href=\"https:\/\/www.altominho.tv\/site\/2022\/01\/27\/mais-65-706-infecoes-e-41-mortes-por-covid-19-em-portugal\/\" \/>\n<meta property=\"og:locale\" content=\"pt_PT\" \/>\n<meta property=\"og:type\" content=\"article\" \/>\n<meta property=\"og:title\" content=\"Mais 65.706 infe\u00e7\u00f5es e 41 mortes por covid-19 em Portugal\" \/>\n<meta property=\"og:description\" content=\"Nas \u00faltimas 24 horas, Portugal registou mais 65.706 casos e 41 mortes por\u00a0covid-19, segundo\u00a0o boletim epidemiol\u00f3gico\" \/>\n<meta property=\"og:url\" content=\"https:\/\/www.altominho.tv\/site\/2022\/01\/27\/mais-65-706-infecoes-e-41-mortes-por-covid-19-em-portugal\/\" \/>\n<meta property=\"og:site_name\" content=\"Altominho.tv\" \/>\n<meta property=\"article:publisher\" content=\"https:\/\/www.facebook.com\/altominhotv\" \/>\n<meta property=\"article:published_time\" content=\"2022-01-27T14:31:48+00:00\" \/>\n<meta property=\"article:modified_time\" content=\"2022-02-16T16:52:11+00:00\" \/>\n<meta property=\"og:image\" content=\"https:\/\/www.altominho.tv\/site\/wp-content\/uploads\/2021\/12\/20200401171904490031e.jpeg\" \/>\n\t<meta property=\"og:image:width\" content=\"660\" \/>\n\t<meta property=\"og:image:height\" content=\"360\" \/>\n\t<meta property=\"og:image:type\" content=\"image\/jpeg\" \/>\n<meta name=\"author\" content=\"Lusa\" \/>\n<meta name=\"twitter:card\" content=\"summary_large_image\" \/>\n<meta name=\"twitter:creator\" content=\"@altominhoTV\" \/>\n<meta name=\"twitter:site\" content=\"@altominhoTV\" \/>\n<meta name=\"twitter:label1\" content=\"Escrito por\" \/>\n\t<meta name=\"twitter:data1\" content=\"Lusa\" \/>\n\t<meta name=\"twitter:label2\" content=\"Tempo estimado de leitura\" \/>\n\t<meta name=\"twitter:data2\" content=\"1 minuto\" \/>\n<script type=\"application\/ld+json\" class=\"yoast-schema-graph\">{\"@context\":\"https:\\\/\\\/schema.org\",\"@graph\":[{\"@type\":\"Article\",\"@id\":\"https:\\\/\\\/www.altominho.tv\\\/site\\\/2022\\\/01\\\/27\\\/mais-65-706-infecoes-e-41-mortes-por-covid-19-em-portugal\\\/#article\",\"isPartOf\":{\"@id\":\"https:\\\/\\\/www.altominho.tv\\\/site\\\/2022\\\/01\\\/27\\\/mais-65-706-infecoes-e-41-mortes-por-covid-19-em-portugal\\\/\"},\"author\":{\"name\":\"Lusa\",\"@id\":\"https:\\\/\\\/www.altominho.tv\\\/site\\\/#\\\/schema\\\/person\\\/63f693da3e1899361cbe955c46f3232e\"},\"headline\":\"Mais 65.706 infe\u00e7\u00f5es e 41 mortes por covid-19 em Portugal\",\"datePublished\":\"2022-01-27T14:31:48+00:00\",\"dateModified\":\"2022-02-16T16:52:11+00:00\",\"mainEntityOfPage\":{\"@id\":\"https:\\\/\\\/www.altominho.tv\\\/site\\\/2022\\\/01\\\/27\\\/mais-65-706-infecoes-e-41-mortes-por-covid-19-em-portugal\\\/\"},\"wordCount\":158,\"image\":{\"@id\":\"https:\\\/\\\/www.altominho.tv\\\/site\\\/2022\\\/01\\\/27\\\/mais-65-706-infecoes-e-41-mortes-por-covid-19-em-portugal\\\/#primaryimage\"},\"thumbnailUrl\":\"https:\\\/\\\/www.altominho.tv\\\/site\\\/wp-content\\\/uploads\\\/2021\\\/12\\\/20200401171904490031e.jpeg\",\"keywords\":[\"Sa\u00fade\",\"Sociedade\"],\"articleSection\":[\"Coronav\u00edrus\"],\"inLanguage\":\"pt-PT\",\"copyrightYear\":\"2022\",\"copyrightHolder\":{\"@id\":\"https:\\\/\\\/www.altominho.tv\\\/site\\\/#organization\"}},{\"@type\":\"WebPage\",\"@id\":\"https:\\\/\\\/www.altominho.tv\\\/site\\\/2022\\\/01\\\/27\\\/mais-65-706-infecoes-e-41-mortes-por-covid-19-em-portugal\\\/\",\"url\":\"https:\\\/\\\/www.altominho.tv\\\/site\\\/2022\\\/01\\\/27\\\/mais-65-706-infecoes-e-41-mortes-por-covid-19-em-portugal\\\/\",\"name\":\"Mais 65.706 infe\u00e7\u00f5es e 41 mortes por covid-19 em Portugal\",\"isPartOf\":{\"@id\":\"https:\\\/\\\/www.altominho.tv\\\/site\\\/#website\"},\"primaryImageOfPage\":{\"@id\":\"https:\\\/\\\/www.altominho.tv\\\/site\\\/2022\\\/01\\\/27\\\/mais-65-706-infecoes-e-41-mortes-por-covid-19-em-portugal\\\/#primaryimage\"},\"image\":{\"@id\":\"https:\\\/\\\/www.altominho.tv\\\/site\\\/2022\\\/01\\\/27\\\/mais-65-706-infecoes-e-41-mortes-por-covid-19-em-portugal\\\/#primaryimage\"},\"thumbnailUrl\":\"https:\\\/\\\/www.altominho.tv\\\/site\\\/wp-content\\\/uploads\\\/2021\\\/12\\\/20200401171904490031e.jpeg\",\"datePublished\":\"2022-01-27T14:31:48+00:00\",\"dateModified\":\"2022-02-16T16:52:11+00:00\",\"author\":{\"@id\":\"https:\\\/\\\/www.altominho.tv\\\/site\\\/#\\\/schema\\\/person\\\/63f693da3e1899361cbe955c46f3232e\"},\"description\":\"Nas \u00faltimas 24 horas, Portugal registou mais 65.706 casos e 41 mortes por\u00a0covid-19, segundo\u00a0o boletim epidemiol\u00f3gico\",\"breadcrumb\":{\"@id\":\"https:\\\/\\\/www.altominho.tv\\\/site\\\/2022\\\/01\\\/27\\\/mais-65-706-infecoes-e-41-mortes-por-covid-19-em-portugal\\\/#breadcrumb\"},\"inLanguage\":\"pt-PT\",\"potentialAction\":[{\"@type\":\"ReadAction\",\"target\":[\"https:\\\/\\\/www.altominho.tv\\\/site\\\/2022\\\/01\\\/27\\\/mais-65-706-infecoes-e-41-mortes-por-covid-19-em-portugal\\\/\"]}]},{\"@type\":\"ImageObject\",\"inLanguage\":\"pt-PT\",\"@id\":\"https:\\\/\\\/www.altominho.tv\\\/site\\\/2022\\\/01\\\/27\\\/mais-65-706-infecoes-e-41-mortes-por-covid-19-em-portugal\\\/#primaryimage\",\"url\":\"https:\\\/\\\/www.altominho.tv\\\/site\\\/wp-content\\\/uploads\\\/2021\\\/12\\\/20200401171904490031e.jpeg\",\"contentUrl\":\"https:\\\/\\\/www.altominho.tv\\\/site\\\/wp-content\\\/uploads\\\/2021\\\/12\\\/20200401171904490031e.jpeg\",\"width\":660,\"height\":360},{\"@type\":\"BreadcrumbList\",\"@id\":\"https:\\\/\\\/www.altominho.tv\\\/site\\\/2022\\\/01\\\/27\\\/mais-65-706-infecoes-e-41-mortes-por-covid-19-em-portugal\\\/#breadcrumb\",\"itemListElement\":[{\"@type\":\"ListItem\",\"position\":1,\"name\":\"In\u00edcio\",\"item\":\"https:\\\/\\\/www.altominho.tv\\\/site\\\/\"},{\"@type\":\"ListItem\",\"position\":2,\"name\":\"Mais 65.706 infe\u00e7\u00f5es e 41 mortes por covid-19 em Portugal\"}]},{\"@type\":\"WebSite\",\"@id\":\"https:\\\/\\\/www.altominho.tv\\\/site\\\/#website\",\"url\":\"https:\\\/\\\/www.altominho.tv\\\/site\\\/\",\"name\":\"Altominho.tv\",\"description\":\"A sua regi\u00e3o \u00e0 dist\u00e2ncia de um clique...\",\"potentialAction\":[{\"@type\":\"SearchAction\",\"target\":{\"@type\":\"EntryPoint\",\"urlTemplate\":\"https:\\\/\\\/www.altominho.tv\\\/site\\\/?s={search_term_string}\"},\"query-input\":{\"@type\":\"PropertyValueSpecification\",\"valueRequired\":true,\"valueName\":\"search_term_string\"}}],\"inLanguage\":\"pt-PT\"},{\"@type\":\"Person\",\"@id\":\"https:\\\/\\\/www.altominho.tv\\\/site\\\/#\\\/schema\\\/person\\\/63f693da3e1899361cbe955c46f3232e\",\"name\":\"Lusa\",\"image\":{\"@type\":\"ImageObject\",\"inLanguage\":\"pt-PT\",\"@id\":\"https:\\\/\\\/www.altominho.tv\\\/site\\\/wp-content\\\/uploads\\\/2019\\\/08\\\/LUSA_Logo.gif\",\"url\":\"https:\\\/\\\/www.altominho.tv\\\/site\\\/wp-content\\\/uploads\\\/2019\\\/08\\\/LUSA_Logo.gif\",\"contentUrl\":\"https:\\\/\\\/www.altominho.tv\\\/site\\\/wp-content\\\/uploads\\\/2019\\\/08\\\/LUSA_Logo.gif\",\"caption\":\"Lusa\"},\"sameAs\":[\"http:\\\/\\\/\\\/\\\/www.altominho.tv\\\/site\"],\"url\":\"https:\\\/\\\/www.altominho.tv\\\/site\\\/author\\\/lusa\\\/\"}]}<\/script>\n<!-- \/ Yoast SEO Premium plugin. -->","yoast_head_json":{"title":"Mais 65.706 infe\u00e7\u00f5es e 41 mortes por covid-19 em Portugal","description":"Nas \u00faltimas 24 horas, Portugal registou mais 65.706 casos e 41 mortes por\u00a0covid-19, segundo\u00a0o boletim epidemiol\u00f3gico","robots":{"index":"index","follow":"follow","max-snippet":"max-snippet:-1","max-image-preview":"max-image-preview:large","max-video-preview":"max-video-preview:-1"},"canonical":"https:\/\/www.altominho.tv\/site\/2022\/01\/27\/mais-65-706-infecoes-e-41-mortes-por-covid-19-em-portugal\/","og_locale":"pt_PT","og_type":"article","og_title":"Mais 65.706 infe\u00e7\u00f5es e 41 mortes por covid-19 em Portugal","og_description":"Nas \u00faltimas 24 horas, Portugal registou mais 65.706 casos e 41 mortes por\u00a0covid-19, segundo\u00a0o boletim epidemiol\u00f3gico","og_url":"https:\/\/www.altominho.tv\/site\/2022\/01\/27\/mais-65-706-infecoes-e-41-mortes-por-covid-19-em-portugal\/","og_site_name":"Altominho.tv","article_publisher":"https:\/\/www.facebook.com\/altominhotv","article_published_time":"2022-01-27T14:31:48+00:00","article_modified_time":"2022-02-16T16:52:11+00:00","og_image":[{"width":660,"height":360,"url":"https:\/\/www.altominho.tv\/site\/wp-content\/uploads\/2021\/12\/20200401171904490031e.jpeg","type":"image\/jpeg"}],"author":"Lusa","twitter_card":"summary_large_image","twitter_creator":"@altominhoTV","twitter_site":"@altominhoTV","twitter_misc":{"Escrito por":"Lusa","Tempo estimado de leitura":"1 minuto"},"schema":{"@context":"https:\/\/schema.org","@graph":[{"@type":"Article","@id":"https:\/\/www.altominho.tv\/site\/2022\/01\/27\/mais-65-706-infecoes-e-41-mortes-por-covid-19-em-portugal\/#article","isPartOf":{"@id":"https:\/\/www.altominho.tv\/site\/2022\/01\/27\/mais-65-706-infecoes-e-41-mortes-por-covid-19-em-portugal\/"},"author":{"name":"Lusa","@id":"https:\/\/www.altominho.tv\/site\/#\/schema\/person\/63f693da3e1899361cbe955c46f3232e"},"headline":"Mais 65.706 infe\u00e7\u00f5es e 41 mortes por covid-19 em Portugal","datePublished":"2022-01-27T14:31:48+00:00","dateModified":"2022-02-16T16:52:11+00:00","mainEntityOfPage":{"@id":"https:\/\/www.altominho.tv\/site\/2022\/01\/27\/mais-65-706-infecoes-e-41-mortes-por-covid-19-em-portugal\/"},"wordCount":158,"image":{"@id":"https:\/\/www.altominho.tv\/site\/2022\/01\/27\/mais-65-706-infecoes-e-41-mortes-por-covid-19-em-portugal\/#primaryimage"},"thumbnailUrl":"https:\/\/www.altominho.tv\/site\/wp-content\/uploads\/2021\/12\/20200401171904490031e.jpeg","keywords":["Sa\u00fade","Sociedade"],"articleSection":["Coronav\u00edrus"],"inLanguage":"pt-PT","copyrightYear":"2022","copyrightHolder":{"@id":"https:\/\/www.altominho.tv\/site\/#organization"}},{"@type":"WebPage","@id":"https:\/\/www.altominho.tv\/site\/2022\/01\/27\/mais-65-706-infecoes-e-41-mortes-por-covid-19-em-portugal\/","url":"https:\/\/www.altominho.tv\/site\/2022\/01\/27\/mais-65-706-infecoes-e-41-mortes-por-covid-19-em-portugal\/","name":"Mais 65.706 infe\u00e7\u00f5es e 41 mortes por covid-19 em Portugal","isPartOf":{"@id":"https:\/\/www.altominho.tv\/site\/#website"},"primaryImageOfPage":{"@id":"https:\/\/www.altominho.tv\/site\/2022\/01\/27\/mais-65-706-infecoes-e-41-mortes-por-covid-19-em-portugal\/#primaryimage"},"image":{"@id":"https:\/\/www.altominho.tv\/site\/2022\/01\/27\/mais-65-706-infecoes-e-41-mortes-por-covid-19-em-portugal\/#primaryimage"},"thumbnailUrl":"https:\/\/www.altominho.tv\/site\/wp-content\/uploads\/2021\/12\/20200401171904490031e.jpeg","datePublished":"2022-01-27T14:31:48+00:00","dateModified":"2022-02-16T16:52:11+00:00","author":{"@id":"https:\/\/www.altominho.tv\/site\/#\/schema\/person\/63f693da3e1899361cbe955c46f3232e"},"description":"Nas \u00faltimas 24 horas, Portugal registou mais 65.706 casos e 41 mortes por\u00a0covid-19, segundo\u00a0o boletim epidemiol\u00f3gico","breadcrumb":{"@id":"https:\/\/www.altominho.tv\/site\/2022\/01\/27\/mais-65-706-infecoes-e-41-mortes-por-covid-19-em-portugal\/#breadcrumb"},"inLanguage":"pt-PT","potentialAction":[{"@type":"ReadAction","target":["https:\/\/www.altominho.tv\/site\/2022\/01\/27\/mais-65-706-infecoes-e-41-mortes-por-covid-19-em-portugal\/"]}]},{"@type":"ImageObject","inLanguage":"pt-PT","@id":"https:\/\/www.altominho.tv\/site\/2022\/01\/27\/mais-65-706-infecoes-e-41-mortes-por-covid-19-em-portugal\/#primaryimage","url":"https:\/\/www.altominho.tv\/site\/wp-content\/uploads\/2021\/12\/20200401171904490031e.jpeg","contentUrl":"https:\/\/www.altominho.tv\/site\/wp-content\/uploads\/2021\/12\/20200401171904490031e.jpeg","width":660,"height":360},{"@type":"BreadcrumbList","@id":"https:\/\/www.altominho.tv\/site\/2022\/01\/27\/mais-65-706-infecoes-e-41-mortes-por-covid-19-em-portugal\/#breadcrumb","itemListElement":[{"@type":"ListItem","position":1,"name":"In\u00edcio","item":"https:\/\/www.altominho.tv\/site\/"},{"@type":"ListItem","position":2,"name":"Mais 65.706 infe\u00e7\u00f5es e 41 mortes por covid-19 em Portugal"}]},{"@type":"WebSite","@id":"https:\/\/www.altominho.tv\/site\/#website","url":"https:\/\/www.altominho.tv\/site\/","name":"Altominho.tv","description":"A sua regi\u00e3o \u00e0 dist\u00e2ncia de um clique...","potentialAction":[{"@type":"SearchAction","target":{"@type":"EntryPoint","urlTemplate":"https:\/\/www.altominho.tv\/site\/?s={search_term_string}"},"query-input":{"@type":"PropertyValueSpecification","valueRequired":true,"valueName":"search_term_string"}}],"inLanguage":"pt-PT"},{"@type":"Person","@id":"https:\/\/www.altominho.tv\/site\/#\/schema\/person\/63f693da3e1899361cbe955c46f3232e","name":"Lusa","image":{"@type":"ImageObject","inLanguage":"pt-PT","@id":"https:\/\/www.altominho.tv\/site\/wp-content\/uploads\/2019\/08\/LUSA_Logo.gif","url":"https:\/\/www.altominho.tv\/site\/wp-content\/uploads\/2019\/08\/LUSA_Logo.gif","contentUrl":"https:\/\/www.altominho.tv\/site\/wp-content\/uploads\/2019\/08\/LUSA_Logo.gif","caption":"Lusa"},"sameAs":["http:\/\/\/\/www.altominho.tv\/site"],"url":"https:\/\/www.altominho.tv\/site\/author\/lusa\/"}]}},"_links":{"self":[{"href":"https:\/\/www.altominho.tv\/site\/wp-json\/wp\/v2\/posts\/75476","targetHints":{"allow":["GET"]}}],"collection":[{"href":"https:\/\/www.altominho.tv\/site\/wp-json\/wp\/v2\/posts"}],"about":[{"href":"https:\/\/www.altominho.tv\/site\/wp-json\/wp\/v2\/types\/post"}],"author":[{"embeddable":true,"href":"https:\/\/www.altominho.tv\/site\/wp-json\/wp\/v2\/users\/13"}],"replies":[{"embeddable":true,"href":"https:\/\/www.altominho.tv\/site\/wp-json\/wp\/v2\/comments?post=75476"}],"version-history":[{"count":0,"href":"https:\/\/www.altominho.tv\/site\/wp-json\/wp\/v2\/posts\/75476\/revisions"}],"wp:featuredmedia":[{"embeddable":true,"href":"https:\/\/www.altominho.tv\/site\/wp-json\/wp\/v2\/media\/74092"}],"wp:attachment":[{"href":"https:\/\/www.altominho.tv\/site\/wp-json\/wp\/v2\/media?parent=75476"}],"wp:term":[{"taxonomy":"category","embeddable":true,"href":"https:\/\/www.altominho.tv\/site\/wp-json\/wp\/v2\/categories?post=75476"},{"taxonomy":"post_tag","embeddable":true,"href":"https:\/\/www.altominho.tv\/site\/wp-json\/wp\/v2\/tags?post=75476"}],"curies":[{"name":"wp","href":"https:\/\/api.w.org\/{rel}","templated":true}]}}