{"id":75471,"date":"2022-01-27T12:27:55","date_gmt":"2022-01-27T12:27:55","guid":{"rendered":"https:\/\/www.altominho.tv\/site\/?p=75471"},"modified":"2022-02-16T16:53:31","modified_gmt":"2022-02-16T16:53:31","slug":"mais-de-11-mil-milhoes-de-doses-da-vacina-distribuidas-em-todo-o-mundo","status":"publish","type":"post","link":"https:\/\/www.altominho.tv\/site\/2022\/01\/27\/mais-de-11-mil-milhoes-de-doses-da-vacina-distribuidas-em-todo-o-mundo\/","title":{"rendered":"Mais de 11 mil milh\u00f5es de doses da vacina distribu\u00eddas em todo o mundo"},"content":{"rendered":"\n<p>Mais de 11 mil milh\u00f5es de doses de vacinas contra a covid-19 foram distribu\u00eddas em todo o mundo at\u00e9 final do ano passado, revelou a UNICEF, que alertou mais uma vez para a disparidade no acesso a n\u00edvel global.<\/p>\n\n\n\n<p>Num ponto de situa\u00e7\u00e3o do mercado das vacinas contra a covid-19, o Fundo de Emerg\u00eancia Internacional das Na\u00e7\u00f5es Unidas para a Inf\u00e2ncia (UNICEF) refere que os pa\u00edses mais ricos receberam cerca de 200 doses\/100 habitantes, 10 vezes mais do que os pa\u00edses mais pobres, que se ficaram pelas 20 doses\/100 habitantes.<\/p>\n\n\n\n<p>Embora a Organiza\u00e7\u00e3o Mundial da Sa\u00fade (OMS) tenha pedido uma morat\u00f3ria nas doses de refor\u00e7o da covid-19 at\u00e9 o final de 2021, a UNICEF lembra que a administra\u00e7\u00e3o de doses de refor\u00e7o nos pa\u00edses de maior rendimento &#8220;aumentou drasticamente no final de 2021, em resposta \u00e0 nova variante \u00d3micron&#8221;.<\/p>\n\n\n\n<p>At\u00e9 o final de 2021, a COVAX, uma plataforma internacional para aquisi\u00e7\u00e3o e posterior distribui\u00e7\u00e3o de vacinas contra a covid-19 nos pa\u00edses mais pobres, entregou cerca de mil milh\u00f5es de doses (948 milh\u00f5es) em 144 pa\u00edses, com entregas mensais recorde de 347 milh\u00f5es de doses em dezembro.<\/p>\n\n\n\n<p>A UNICEF sublinha que a COVAX, uma iniciativa da OMS, a Alian\u00e7a Global para as Vacinas (GAVI) e a CEPi (parceria global de organiza\u00e7\u00f5es p\u00fablicas, privadas e filantr\u00f3picas), foi &#8220;particularmente cr\u00edtica&#8221; para os pa\u00edses pobres, tendo contribu\u00eddo para 79% dos fornecimentos totais at\u00e9 dezembro de 2021.<\/p>\n\n\n\n<p>Das 150 milh\u00f5es de doses entregues atrav\u00e9s do COVAX aos pa\u00edses mais pobres em 2021, 68% foram doadas e cedidos com custos divididos entre os doadores e a plataforma.<\/p>\n\n\n\n<p>No total, em 2021 foram produzidos e entregues aos pa\u00edses 11 mil milh\u00f5es de doses de vacina contra a covid-19, o dobro do volume total do mercado global de vacinas de 2019 para imuniza\u00e7\u00e3o de rotina, que foi estimado em 5,5 mil milh\u00f5es de doses e que incluiu 85 vacinas diferentes, segundo a OMS.<\/p>\n\n\n\n<p>Colocando estes valores em perspetiva, a UNICEF lembra que o mercado para a vacina contra o poliov\u00edrus (bOPV) &#8211; o maior mercado global de vacinas (em volume) em 2019 &#8211; foi de 1,5 mil milh\u00f5es de doses, enquanto o mercado de vacinas para influenza sazonal ficou em 0,5 mil milh\u00f5es de doses em 2019.<\/p>\n\n\n\n<p>No ano passado, os cinco maiores produtores de vacinas covid-19 por volume de doses entregues aos pa\u00edses foram das biofarmac\u00eauticas Sinovac, com 2,3 mil milh\u00f5es de doses (21%), Sinopharm, com 2,1 mil milh\u00f5es de doses (19%), Pfizer\/BioNTech, com 2 mil milh\u00f5es de doses (18%) , Serum Institute of India (SII), com 1,5 mil milh\u00f5es de doses (13%), e a AstraZeneca, com 0,9 mil milh\u00f5es de doses (8%).<\/p>\n\n\n\n<p>&#8220;Juntos, esses produtores de vacinas representaram 80% do mercado total de vacinas Covid-19 (em volume)&#8221;, recorda.<\/p>\n\n\n\n<p>A UNICEF lembra ainda que 115 pa\u00edses firmaram 515 contratos de fornecimento para garantir um total de 17,8 mil milh\u00f5es de doses de vacinas contra a covid-19s, al\u00e9m de 5,3 mil milh\u00f5es de doses opcionais.<\/p>\n\n\n\n<p>&#8220;Olhando para o futuro, o foco para novos acordos de fornecimento ser\u00e3o provavelmente as vacinas pedi\u00e1tricas, os refor\u00e7os e\/ou vacinas espec\u00edficas para novas variantes&#8221;, acrescenta a organiza\u00e7\u00e3o.<\/p>\n\n\n\n<p>Em menos de um ano, desde que as primeiras vacinas covid-19 chegaram ao mercado, 33 diferentes vacinas foram aprovadas por pelo menos uma autoridade reguladora nacional.<\/p>\n\n\n\n<p>Segundo a UNICEF, muitas outras vacinas candidatas est\u00e3o em desenvolvimento e, destas, h\u00e1 30 em est\u00e1gio avan\u00e7ado de desenvolvimento: 17 em ensaios cl\u00ednicos de Fase II\/III, 10 em ensaios cl\u00ednicos de Fase III e tr\u00eas j\u00e1 em revis\u00e3o regulat\u00f3ria.<\/p>\n\n\n\n<p>No ponto de situa\u00e7\u00e3o sobre o mercado das vacinas contra a covid.19 que hoje fez, a UNICEF lembra que &#8220;foram identificadas grandes varia\u00e7\u00f5es de pre\u00e7os na maioria das regi\u00f5es geogr\u00e1ficas&#8221;.<\/p>\n\n\n\n<p>&#8220;A maior varia\u00e7\u00e3o de pre\u00e7o est\u00e1 na Europa e \u00c1sia Central, com pa\u00edses da mesma regi\u00e3o a pagar um pre\u00e7o por dose que varia entre os 2,19 e os 36 d\u00f3lares (entre 1,95Euro e 32,17Euro). O pre\u00e7o m\u00e9dio por dose foi de 12,60 d\u00f3lares (11,26Euro) em 2021.<\/p>\n","protected":false},"excerpt":{"rendered":"<p>Mais de 11 mil milh\u00f5es de doses de vacinas contra a covid-19 foram distribu\u00eddas em todo o mundo at\u00e9 final do ano passado, revelou a UNICEF, que alertou mais uma vez para a disparidade no acesso a n\u00edvel global. Num ponto de situa\u00e7\u00e3o do mercado das vacinas contra a covid-19, o Fundo de Emerg\u00eancia Internacional [&hellip;]<\/p>\n","protected":false},"author":13,"featured_media":75014,"comment_status":"closed","ping_status":"closed","sticky":false,"template":"","format":"standard","meta":{"_exactmetrics_skip_tracking":false,"_exactmetrics_sitenote_active":false,"_exactmetrics_sitenote_note":"","_exactmetrics_sitenote_category":0,"footnotes":""},"categories":[56325],"tags":[26,27],"class_list":["post-75471","post","type-post","status-publish","format-standard","has-post-thumbnail","hentry","category-pais","tag-saude","tag-sociedade"],"yoast_head":"<!-- This site is optimized with the Yoast SEO Premium plugin v27.4 (Yoast SEO v27.4) - https:\/\/yoast.com\/product\/yoast-seo-premium-wordpress\/ -->\n<title>Mais de 11 mil milh\u00f5es de doses da vacina distribu\u00eddas em todo o mundo<\/title>\n<meta name=\"description\" content=\"Mais de 11 mil milh\u00f5es de doses de vacinas contra a covid-19 foram distribu\u00eddas em todo o mundo at\u00e9 final do ano passado.\" \/>\n<meta name=\"robots\" content=\"index, follow, max-snippet:-1, max-image-preview:large, max-video-preview:-1\" \/>\n<link rel=\"canonical\" href=\"https:\/\/www.altominho.tv\/site\/2022\/01\/27\/mais-de-11-mil-milhoes-de-doses-da-vacina-distribuidas-em-todo-o-mundo\/\" \/>\n<meta property=\"og:locale\" content=\"pt_PT\" \/>\n<meta property=\"og:type\" content=\"article\" \/>\n<meta property=\"og:title\" content=\"Mais de 11 mil milh\u00f5es de doses da vacina distribu\u00eddas em todo o mundo\" \/>\n<meta property=\"og:description\" content=\"Mais de 11 mil milh\u00f5es de doses de vacinas contra a covid-19 foram distribu\u00eddas em todo o mundo at\u00e9 final do ano passado.\" \/>\n<meta property=\"og:url\" content=\"https:\/\/www.altominho.tv\/site\/2022\/01\/27\/mais-de-11-mil-milhoes-de-doses-da-vacina-distribuidas-em-todo-o-mundo\/\" \/>\n<meta property=\"og:site_name\" content=\"Altominho.tv\" \/>\n<meta property=\"article:publisher\" content=\"https:\/\/www.facebook.com\/altominhotv\" \/>\n<meta property=\"article:published_time\" content=\"2022-01-27T12:27:55+00:00\" \/>\n<meta property=\"article:modified_time\" content=\"2022-02-16T16:53:31+00:00\" \/>\n<meta property=\"og:image\" content=\"https:\/\/www.altominho.tv\/site\/wp-content\/uploads\/2022\/01\/Captura-de-ecra\u0303-2022-01-18-a\u0300s-13.45.07.jpg\" \/>\n\t<meta property=\"og:image:width\" content=\"1500\" \/>\n\t<meta property=\"og:image:height\" content=\"900\" \/>\n\t<meta property=\"og:image:type\" content=\"image\/jpeg\" \/>\n<meta name=\"author\" content=\"Lusa\" \/>\n<meta name=\"twitter:card\" content=\"summary_large_image\" \/>\n<meta name=\"twitter:creator\" content=\"@altominhoTV\" \/>\n<meta name=\"twitter:site\" content=\"@altominhoTV\" \/>\n<meta name=\"twitter:label1\" content=\"Escrito por\" \/>\n\t<meta name=\"twitter:data1\" content=\"Lusa\" \/>\n\t<meta name=\"twitter:label2\" content=\"Tempo estimado de leitura\" \/>\n\t<meta name=\"twitter:data2\" content=\"4 minutos\" \/>\n<script type=\"application\/ld+json\" class=\"yoast-schema-graph\">{\"@context\":\"https:\\\/\\\/schema.org\",\"@graph\":[{\"@type\":\"Article\",\"@id\":\"https:\\\/\\\/www.altominho.tv\\\/site\\\/2022\\\/01\\\/27\\\/mais-de-11-mil-milhoes-de-doses-da-vacina-distribuidas-em-todo-o-mundo\\\/#article\",\"isPartOf\":{\"@id\":\"https:\\\/\\\/www.altominho.tv\\\/site\\\/2022\\\/01\\\/27\\\/mais-de-11-mil-milhoes-de-doses-da-vacina-distribuidas-em-todo-o-mundo\\\/\"},\"author\":{\"name\":\"Lusa\",\"@id\":\"https:\\\/\\\/www.altominho.tv\\\/site\\\/#\\\/schema\\\/person\\\/63f693da3e1899361cbe955c46f3232e\"},\"headline\":\"Mais de 11 mil milh\u00f5es de doses da vacina distribu\u00eddas em todo o mundo\",\"datePublished\":\"2022-01-27T12:27:55+00:00\",\"dateModified\":\"2022-02-16T16:53:31+00:00\",\"mainEntityOfPage\":{\"@id\":\"https:\\\/\\\/www.altominho.tv\\\/site\\\/2022\\\/01\\\/27\\\/mais-de-11-mil-milhoes-de-doses-da-vacina-distribuidas-em-todo-o-mundo\\\/\"},\"wordCount\":704,\"image\":{\"@id\":\"https:\\\/\\\/www.altominho.tv\\\/site\\\/2022\\\/01\\\/27\\\/mais-de-11-mil-milhoes-de-doses-da-vacina-distribuidas-em-todo-o-mundo\\\/#primaryimage\"},\"thumbnailUrl\":\"https:\\\/\\\/www.altominho.tv\\\/site\\\/wp-content\\\/uploads\\\/2022\\\/01\\\/Captura-de-ecra\u0303-2022-01-18-a\u0300s-13.45.07.jpg\",\"keywords\":[\"Sa\u00fade\",\"Sociedade\"],\"articleSection\":[\"Pa\u00eds\"],\"inLanguage\":\"pt-PT\",\"copyrightYear\":\"2022\",\"copyrightHolder\":{\"@id\":\"https:\\\/\\\/www.altominho.tv\\\/site\\\/#organization\"}},{\"@type\":\"WebPage\",\"@id\":\"https:\\\/\\\/www.altominho.tv\\\/site\\\/2022\\\/01\\\/27\\\/mais-de-11-mil-milhoes-de-doses-da-vacina-distribuidas-em-todo-o-mundo\\\/\",\"url\":\"https:\\\/\\\/www.altominho.tv\\\/site\\\/2022\\\/01\\\/27\\\/mais-de-11-mil-milhoes-de-doses-da-vacina-distribuidas-em-todo-o-mundo\\\/\",\"name\":\"Mais de 11 mil milh\u00f5es de doses da vacina distribu\u00eddas em todo o mundo\",\"isPartOf\":{\"@id\":\"https:\\\/\\\/www.altominho.tv\\\/site\\\/#website\"},\"primaryImageOfPage\":{\"@id\":\"https:\\\/\\\/www.altominho.tv\\\/site\\\/2022\\\/01\\\/27\\\/mais-de-11-mil-milhoes-de-doses-da-vacina-distribuidas-em-todo-o-mundo\\\/#primaryimage\"},\"image\":{\"@id\":\"https:\\\/\\\/www.altominho.tv\\\/site\\\/2022\\\/01\\\/27\\\/mais-de-11-mil-milhoes-de-doses-da-vacina-distribuidas-em-todo-o-mundo\\\/#primaryimage\"},\"thumbnailUrl\":\"https:\\\/\\\/www.altominho.tv\\\/site\\\/wp-content\\\/uploads\\\/2022\\\/01\\\/Captura-de-ecra\u0303-2022-01-18-a\u0300s-13.45.07.jpg\",\"datePublished\":\"2022-01-27T12:27:55+00:00\",\"dateModified\":\"2022-02-16T16:53:31+00:00\",\"author\":{\"@id\":\"https:\\\/\\\/www.altominho.tv\\\/site\\\/#\\\/schema\\\/person\\\/63f693da3e1899361cbe955c46f3232e\"},\"description\":\"Mais de 11 mil milh\u00f5es de doses de vacinas contra a covid-19 foram distribu\u00eddas em todo o mundo at\u00e9 final do ano passado.\",\"breadcrumb\":{\"@id\":\"https:\\\/\\\/www.altominho.tv\\\/site\\\/2022\\\/01\\\/27\\\/mais-de-11-mil-milhoes-de-doses-da-vacina-distribuidas-em-todo-o-mundo\\\/#breadcrumb\"},\"inLanguage\":\"pt-PT\",\"potentialAction\":[{\"@type\":\"ReadAction\",\"target\":[\"https:\\\/\\\/www.altominho.tv\\\/site\\\/2022\\\/01\\\/27\\\/mais-de-11-mil-milhoes-de-doses-da-vacina-distribuidas-em-todo-o-mundo\\\/\"]}]},{\"@type\":\"ImageObject\",\"inLanguage\":\"pt-PT\",\"@id\":\"https:\\\/\\\/www.altominho.tv\\\/site\\\/2022\\\/01\\\/27\\\/mais-de-11-mil-milhoes-de-doses-da-vacina-distribuidas-em-todo-o-mundo\\\/#primaryimage\",\"url\":\"https:\\\/\\\/www.altominho.tv\\\/site\\\/wp-content\\\/uploads\\\/2022\\\/01\\\/Captura-de-ecra\u0303-2022-01-18-a\u0300s-13.45.07.jpg\",\"contentUrl\":\"https:\\\/\\\/www.altominho.tv\\\/site\\\/wp-content\\\/uploads\\\/2022\\\/01\\\/Captura-de-ecra\u0303-2022-01-18-a\u0300s-13.45.07.jpg\",\"width\":1500,\"height\":900},{\"@type\":\"BreadcrumbList\",\"@id\":\"https:\\\/\\\/www.altominho.tv\\\/site\\\/2022\\\/01\\\/27\\\/mais-de-11-mil-milhoes-de-doses-da-vacina-distribuidas-em-todo-o-mundo\\\/#breadcrumb\",\"itemListElement\":[{\"@type\":\"ListItem\",\"position\":1,\"name\":\"In\u00edcio\",\"item\":\"https:\\\/\\\/www.altominho.tv\\\/site\\\/\"},{\"@type\":\"ListItem\",\"position\":2,\"name\":\"Mais de 11 mil milh\u00f5es de doses da vacina distribu\u00eddas em todo o mundo\"}]},{\"@type\":\"WebSite\",\"@id\":\"https:\\\/\\\/www.altominho.tv\\\/site\\\/#website\",\"url\":\"https:\\\/\\\/www.altominho.tv\\\/site\\\/\",\"name\":\"Altominho.tv\",\"description\":\"A sua regi\u00e3o \u00e0 dist\u00e2ncia de um clique...\",\"potentialAction\":[{\"@type\":\"SearchAction\",\"target\":{\"@type\":\"EntryPoint\",\"urlTemplate\":\"https:\\\/\\\/www.altominho.tv\\\/site\\\/?s={search_term_string}\"},\"query-input\":{\"@type\":\"PropertyValueSpecification\",\"valueRequired\":true,\"valueName\":\"search_term_string\"}}],\"inLanguage\":\"pt-PT\"},{\"@type\":\"Person\",\"@id\":\"https:\\\/\\\/www.altominho.tv\\\/site\\\/#\\\/schema\\\/person\\\/63f693da3e1899361cbe955c46f3232e\",\"name\":\"Lusa\",\"image\":{\"@type\":\"ImageObject\",\"inLanguage\":\"pt-PT\",\"@id\":\"https:\\\/\\\/www.altominho.tv\\\/site\\\/wp-content\\\/uploads\\\/2019\\\/08\\\/LUSA_Logo.gif\",\"url\":\"https:\\\/\\\/www.altominho.tv\\\/site\\\/wp-content\\\/uploads\\\/2019\\\/08\\\/LUSA_Logo.gif\",\"contentUrl\":\"https:\\\/\\\/www.altominho.tv\\\/site\\\/wp-content\\\/uploads\\\/2019\\\/08\\\/LUSA_Logo.gif\",\"caption\":\"Lusa\"},\"sameAs\":[\"http:\\\/\\\/\\\/\\\/www.altominho.tv\\\/site\"],\"url\":\"https:\\\/\\\/www.altominho.tv\\\/site\\\/author\\\/lusa\\\/\"}]}<\/script>\n<!-- \/ Yoast SEO Premium plugin. -->","yoast_head_json":{"title":"Mais de 11 mil milh\u00f5es de doses da vacina distribu\u00eddas em todo o mundo","description":"Mais de 11 mil milh\u00f5es de doses de vacinas contra a covid-19 foram distribu\u00eddas em todo o mundo at\u00e9 final do ano passado.","robots":{"index":"index","follow":"follow","max-snippet":"max-snippet:-1","max-image-preview":"max-image-preview:large","max-video-preview":"max-video-preview:-1"},"canonical":"https:\/\/www.altominho.tv\/site\/2022\/01\/27\/mais-de-11-mil-milhoes-de-doses-da-vacina-distribuidas-em-todo-o-mundo\/","og_locale":"pt_PT","og_type":"article","og_title":"Mais de 11 mil milh\u00f5es de doses da vacina distribu\u00eddas em todo o mundo","og_description":"Mais de 11 mil milh\u00f5es de doses de vacinas contra a covid-19 foram distribu\u00eddas em todo o mundo at\u00e9 final do ano passado.","og_url":"https:\/\/www.altominho.tv\/site\/2022\/01\/27\/mais-de-11-mil-milhoes-de-doses-da-vacina-distribuidas-em-todo-o-mundo\/","og_site_name":"Altominho.tv","article_publisher":"https:\/\/www.facebook.com\/altominhotv","article_published_time":"2022-01-27T12:27:55+00:00","article_modified_time":"2022-02-16T16:53:31+00:00","og_image":[{"width":1500,"height":900,"url":"https:\/\/www.altominho.tv\/site\/wp-content\/uploads\/2022\/01\/Captura-de-ecra\u0303-2022-01-18-a\u0300s-13.45.07.jpg","type":"image\/jpeg"}],"author":"Lusa","twitter_card":"summary_large_image","twitter_creator":"@altominhoTV","twitter_site":"@altominhoTV","twitter_misc":{"Escrito por":"Lusa","Tempo estimado de leitura":"4 minutos"},"schema":{"@context":"https:\/\/schema.org","@graph":[{"@type":"Article","@id":"https:\/\/www.altominho.tv\/site\/2022\/01\/27\/mais-de-11-mil-milhoes-de-doses-da-vacina-distribuidas-em-todo-o-mundo\/#article","isPartOf":{"@id":"https:\/\/www.altominho.tv\/site\/2022\/01\/27\/mais-de-11-mil-milhoes-de-doses-da-vacina-distribuidas-em-todo-o-mundo\/"},"author":{"name":"Lusa","@id":"https:\/\/www.altominho.tv\/site\/#\/schema\/person\/63f693da3e1899361cbe955c46f3232e"},"headline":"Mais de 11 mil milh\u00f5es de doses da vacina distribu\u00eddas em todo o mundo","datePublished":"2022-01-27T12:27:55+00:00","dateModified":"2022-02-16T16:53:31+00:00","mainEntityOfPage":{"@id":"https:\/\/www.altominho.tv\/site\/2022\/01\/27\/mais-de-11-mil-milhoes-de-doses-da-vacina-distribuidas-em-todo-o-mundo\/"},"wordCount":704,"image":{"@id":"https:\/\/www.altominho.tv\/site\/2022\/01\/27\/mais-de-11-mil-milhoes-de-doses-da-vacina-distribuidas-em-todo-o-mundo\/#primaryimage"},"thumbnailUrl":"https:\/\/www.altominho.tv\/site\/wp-content\/uploads\/2022\/01\/Captura-de-ecra\u0303-2022-01-18-a\u0300s-13.45.07.jpg","keywords":["Sa\u00fade","Sociedade"],"articleSection":["Pa\u00eds"],"inLanguage":"pt-PT","copyrightYear":"2022","copyrightHolder":{"@id":"https:\/\/www.altominho.tv\/site\/#organization"}},{"@type":"WebPage","@id":"https:\/\/www.altominho.tv\/site\/2022\/01\/27\/mais-de-11-mil-milhoes-de-doses-da-vacina-distribuidas-em-todo-o-mundo\/","url":"https:\/\/www.altominho.tv\/site\/2022\/01\/27\/mais-de-11-mil-milhoes-de-doses-da-vacina-distribuidas-em-todo-o-mundo\/","name":"Mais de 11 mil milh\u00f5es de doses da vacina distribu\u00eddas em todo o mundo","isPartOf":{"@id":"https:\/\/www.altominho.tv\/site\/#website"},"primaryImageOfPage":{"@id":"https:\/\/www.altominho.tv\/site\/2022\/01\/27\/mais-de-11-mil-milhoes-de-doses-da-vacina-distribuidas-em-todo-o-mundo\/#primaryimage"},"image":{"@id":"https:\/\/www.altominho.tv\/site\/2022\/01\/27\/mais-de-11-mil-milhoes-de-doses-da-vacina-distribuidas-em-todo-o-mundo\/#primaryimage"},"thumbnailUrl":"https:\/\/www.altominho.tv\/site\/wp-content\/uploads\/2022\/01\/Captura-de-ecra\u0303-2022-01-18-a\u0300s-13.45.07.jpg","datePublished":"2022-01-27T12:27:55+00:00","dateModified":"2022-02-16T16:53:31+00:00","author":{"@id":"https:\/\/www.altominho.tv\/site\/#\/schema\/person\/63f693da3e1899361cbe955c46f3232e"},"description":"Mais de 11 mil milh\u00f5es de doses de vacinas contra a covid-19 foram distribu\u00eddas em todo o mundo at\u00e9 final do ano passado.","breadcrumb":{"@id":"https:\/\/www.altominho.tv\/site\/2022\/01\/27\/mais-de-11-mil-milhoes-de-doses-da-vacina-distribuidas-em-todo-o-mundo\/#breadcrumb"},"inLanguage":"pt-PT","potentialAction":[{"@type":"ReadAction","target":["https:\/\/www.altominho.tv\/site\/2022\/01\/27\/mais-de-11-mil-milhoes-de-doses-da-vacina-distribuidas-em-todo-o-mundo\/"]}]},{"@type":"ImageObject","inLanguage":"pt-PT","@id":"https:\/\/www.altominho.tv\/site\/2022\/01\/27\/mais-de-11-mil-milhoes-de-doses-da-vacina-distribuidas-em-todo-o-mundo\/#primaryimage","url":"https:\/\/www.altominho.tv\/site\/wp-content\/uploads\/2022\/01\/Captura-de-ecra\u0303-2022-01-18-a\u0300s-13.45.07.jpg","contentUrl":"https:\/\/www.altominho.tv\/site\/wp-content\/uploads\/2022\/01\/Captura-de-ecra\u0303-2022-01-18-a\u0300s-13.45.07.jpg","width":1500,"height":900},{"@type":"BreadcrumbList","@id":"https:\/\/www.altominho.tv\/site\/2022\/01\/27\/mais-de-11-mil-milhoes-de-doses-da-vacina-distribuidas-em-todo-o-mundo\/#breadcrumb","itemListElement":[{"@type":"ListItem","position":1,"name":"In\u00edcio","item":"https:\/\/www.altominho.tv\/site\/"},{"@type":"ListItem","position":2,"name":"Mais de 11 mil milh\u00f5es de doses da vacina distribu\u00eddas em todo o mundo"}]},{"@type":"WebSite","@id":"https:\/\/www.altominho.tv\/site\/#website","url":"https:\/\/www.altominho.tv\/site\/","name":"Altominho.tv","description":"A sua regi\u00e3o \u00e0 dist\u00e2ncia de um clique...","potentialAction":[{"@type":"SearchAction","target":{"@type":"EntryPoint","urlTemplate":"https:\/\/www.altominho.tv\/site\/?s={search_term_string}"},"query-input":{"@type":"PropertyValueSpecification","valueRequired":true,"valueName":"search_term_string"}}],"inLanguage":"pt-PT"},{"@type":"Person","@id":"https:\/\/www.altominho.tv\/site\/#\/schema\/person\/63f693da3e1899361cbe955c46f3232e","name":"Lusa","image":{"@type":"ImageObject","inLanguage":"pt-PT","@id":"https:\/\/www.altominho.tv\/site\/wp-content\/uploads\/2019\/08\/LUSA_Logo.gif","url":"https:\/\/www.altominho.tv\/site\/wp-content\/uploads\/2019\/08\/LUSA_Logo.gif","contentUrl":"https:\/\/www.altominho.tv\/site\/wp-content\/uploads\/2019\/08\/LUSA_Logo.gif","caption":"Lusa"},"sameAs":["http:\/\/\/\/www.altominho.tv\/site"],"url":"https:\/\/www.altominho.tv\/site\/author\/lusa\/"}]}},"_links":{"self":[{"href":"https:\/\/www.altominho.tv\/site\/wp-json\/wp\/v2\/posts\/75471","targetHints":{"allow":["GET"]}}],"collection":[{"href":"https:\/\/www.altominho.tv\/site\/wp-json\/wp\/v2\/posts"}],"about":[{"href":"https:\/\/www.altominho.tv\/site\/wp-json\/wp\/v2\/types\/post"}],"author":[{"embeddable":true,"href":"https:\/\/www.altominho.tv\/site\/wp-json\/wp\/v2\/users\/13"}],"replies":[{"embeddable":true,"href":"https:\/\/www.altominho.tv\/site\/wp-json\/wp\/v2\/comments?post=75471"}],"version-history":[{"count":0,"href":"https:\/\/www.altominho.tv\/site\/wp-json\/wp\/v2\/posts\/75471\/revisions"}],"wp:featuredmedia":[{"embeddable":true,"href":"https:\/\/www.altominho.tv\/site\/wp-json\/wp\/v2\/media\/75014"}],"wp:attachment":[{"href":"https:\/\/www.altominho.tv\/site\/wp-json\/wp\/v2\/media?parent=75471"}],"wp:term":[{"taxonomy":"category","embeddable":true,"href":"https:\/\/www.altominho.tv\/site\/wp-json\/wp\/v2\/categories?post=75471"},{"taxonomy":"post_tag","embeddable":true,"href":"https:\/\/www.altominho.tv\/site\/wp-json\/wp\/v2\/tags?post=75471"}],"curies":[{"name":"wp","href":"https:\/\/api.w.org\/{rel}","templated":true}]}}