{"id":75468,"date":"2022-01-27T11:52:20","date_gmt":"2022-01-27T11:52:20","guid":{"rendered":"https:\/\/www.altominho.tv\/site\/?p=75468"},"modified":"2022-02-16T16:56:28","modified_gmt":"2022-02-16T16:56:28","slug":"testes-rapidos-de-antigenio-de-uso-profissional-continuam-gratuitos-em-fevereiro","status":"publish","type":"post","link":"https:\/\/www.altominho.tv\/site\/2022\/01\/27\/testes-rapidos-de-antigenio-de-uso-profissional-continuam-gratuitos-em-fevereiro\/","title":{"rendered":"Testes r\u00e1pidos de antig\u00e9nio de uso profissional continuam gratuitos em fevereiro"},"content":{"rendered":"<p>Os testes r\u00e1pidos de antig\u00e9nio de uso profissional v\u00e3o continuar a ser comparticipados no m\u00eas de fevereiro, tendo em conta a atual situa\u00e7\u00e3o epidemiol\u00f3gica do coronav\u00edrus SARS-CoV-2, segundo uma portaria publicada esta quinta-feira em Di\u00e1rio da Rep\u00fablica.<\/p>\n<p class=\"text-paragraph\">\u201cNo contexto da situa\u00e7\u00e3o epidemiol\u00f3gica atual, importa continuar a assegurar a vig\u00eancia do regime excecional e tempor\u00e1rio at\u00e9 ao dia 28 de fevereiro de 2022, prosseguindo a utiliza\u00e7\u00e3o de testes para dete\u00e7\u00e3o do SARS-CoV-2\u201d, refere a portaria assinada pelo secret\u00e1rio de Estado da Sa\u00fade, Diogo Serras Lopes.<\/p>\n<p class=\"text-paragraph\">Cada utente poder\u00e1 fazer quatro testes r\u00e1pidos de antig\u00e9nio (TRAg) gratuitos por m\u00eas em farm\u00e1cias, laborat\u00f3rios de patologia cl\u00ednica ou an\u00e1lises cl\u00ednicas ou outros estabelecimentos prestadores de cuidados de sa\u00fade com registo v\u00e1lido na Entidade Reguladora da Sa\u00fade para este efeito.<\/p>\n<p class=\"text-paragraph\">A portaria vigora at\u00e9 ao dia 28 de fevereiro de 2022, sem preju\u00edzo da sua eventual prorroga\u00e7\u00e3o.<\/p>\n<p class=\"text-paragraph\">No \u00e2mbito deste regime, os testes r\u00e1pidos de antig\u00e9nio \u00e0 Covid-19 est\u00e3o dispon\u00edveis em 1.351 farm\u00e1cias e 684 laborat\u00f3rios do pa\u00eds, segundo dados da Autoridade Nacional do Medicamento e Produtos de Sa\u00fade (Infarmed).<\/p>\n<p class=\"text-paragraph\">H\u00e1 ainda 56 estabelecimentos prestadores de cuidados de sa\u00fade onde estes testes podem ser realizados gratuitamente.<\/p>\n<p class=\"text-paragraph\">A Covid-19 provocou 5.614.118 mortes em todo o mundo desde o in\u00edcio da pandemia, segundo o mais recente balan\u00e7o da ag\u00eancia France-Presse.<\/p>\n<p class=\"text-paragraph\">Em Portugal, desde mar\u00e7o de 2020, morreram 19.703 pessoas e foram contabilizados 2.377.818 casos de infe\u00e7\u00e3o, segundo a \u00faltima atualiza\u00e7\u00e3o da Dire\u00e7\u00e3o-Geral da Sa\u00fade.<\/p>\n<p class=\"text-paragraph\">A doen\u00e7a respirat\u00f3ria \u00e9 provocada pelo coronav\u00edrus SARS-CoV-2, detetado no final de 2019 em Wuhan, cidade do centro da China.<\/p>\n<p class=\"text-paragraph\">A nova variante \u00d3micron, classificada como preocupante e muito contagiosa pela Organiza\u00e7\u00e3o Mundial da Sa\u00fade (OMS), foi detetada na \u00c1frica Austral e, desde que as autoridades sanit\u00e1rias sul-africanas deram o alerta em novembro, tornou-se dominante em v\u00e1rios pa\u00edses, incluindo em Portugal.<\/p>\n","protected":false},"excerpt":{"rendered":"<p>Os testes r\u00e1pidos de antig\u00e9nio de uso profissional v\u00e3o continuar a ser comparticipados no m\u00eas de fevereiro, tendo em conta a atual situa\u00e7\u00e3o epidemiol\u00f3gica do coronav\u00edrus SARS-CoV-2, segundo uma portaria publicada esta quinta-feira em Di\u00e1rio da Rep\u00fablica. \u201cNo contexto da situa\u00e7\u00e3o epidemiol\u00f3gica atual, importa continuar a assegurar a vig\u00eancia do regime excecional e tempor\u00e1rio at\u00e9 [&hellip;]<\/p>\n","protected":false},"author":13,"featured_media":74799,"comment_status":"closed","ping_status":"closed","sticky":false,"template":"","format":"standard","meta":{"_exactmetrics_skip_tracking":false,"_exactmetrics_sitenote_active":false,"_exactmetrics_sitenote_note":"","_exactmetrics_sitenote_category":0,"footnotes":""},"categories":[56325],"tags":[26,27],"class_list":["post-75468","post","type-post","status-publish","format-standard","has-post-thumbnail","hentry","category-pais","tag-saude","tag-sociedade"],"yoast_head":"<!-- This site is optimized with the Yoast SEO Premium plugin v27.4 (Yoast SEO v27.4) - https:\/\/yoast.com\/product\/yoast-seo-premium-wordpress\/ -->\n<title>Testes r\u00e1pidos de antig\u00e9nio de uso profissional continuam gratuitos em fevereiro<\/title>\n<meta name=\"description\" content=\"Os testes r\u00e1pidos de antig\u00e9nio de uso profissional v\u00e3o continuar a ser comparticipados no m\u00eas de fevereiro, em atual situa\u00e7\u00e3o epidemiol\u00f3gica.\" \/>\n<meta name=\"robots\" content=\"index, follow, max-snippet:-1, max-image-preview:large, max-video-preview:-1\" \/>\n<link rel=\"canonical\" href=\"https:\/\/www.altominho.tv\/site\/2022\/01\/27\/testes-rapidos-de-antigenio-de-uso-profissional-continuam-gratuitos-em-fevereiro\/\" \/>\n<meta property=\"og:locale\" content=\"pt_PT\" \/>\n<meta property=\"og:type\" content=\"article\" \/>\n<meta property=\"og:title\" content=\"Testes r\u00e1pidos de antig\u00e9nio de uso profissional continuam gratuitos em fevereiro\" \/>\n<meta property=\"og:description\" content=\"Os testes r\u00e1pidos de antig\u00e9nio de uso profissional v\u00e3o continuar a ser comparticipados no m\u00eas de fevereiro, em atual situa\u00e7\u00e3o epidemiol\u00f3gica.\" \/>\n<meta property=\"og:url\" content=\"https:\/\/www.altominho.tv\/site\/2022\/01\/27\/testes-rapidos-de-antigenio-de-uso-profissional-continuam-gratuitos-em-fevereiro\/\" \/>\n<meta property=\"og:site_name\" content=\"Altominho.tv\" \/>\n<meta property=\"article:publisher\" content=\"https:\/\/www.facebook.com\/altominhotv\" \/>\n<meta property=\"article:published_time\" content=\"2022-01-27T11:52:20+00:00\" \/>\n<meta property=\"article:modified_time\" content=\"2022-02-16T16:56:28+00:00\" \/>\n<meta property=\"og:image\" content=\"https:\/\/www.altominho.tv\/site\/wp-content\/uploads\/2022\/01\/Testagem_atv.jpg\" \/>\n\t<meta property=\"og:image:width\" content=\"1273\" \/>\n\t<meta property=\"og:image:height\" content=\"666\" \/>\n\t<meta property=\"og:image:type\" content=\"image\/jpeg\" \/>\n<meta name=\"author\" content=\"Lusa\" \/>\n<meta name=\"twitter:card\" content=\"summary_large_image\" \/>\n<meta name=\"twitter:creator\" content=\"@altominhoTV\" \/>\n<meta name=\"twitter:site\" content=\"@altominhoTV\" \/>\n<meta name=\"twitter:label1\" content=\"Escrito por\" \/>\n\t<meta name=\"twitter:data1\" content=\"Lusa\" \/>\n\t<meta name=\"twitter:label2\" content=\"Tempo estimado de leitura\" \/>\n\t<meta name=\"twitter:data2\" content=\"2 minutos\" \/>\n<script type=\"application\/ld+json\" class=\"yoast-schema-graph\">{\"@context\":\"https:\\\/\\\/schema.org\",\"@graph\":[{\"@type\":\"Article\",\"@id\":\"https:\\\/\\\/www.altominho.tv\\\/site\\\/2022\\\/01\\\/27\\\/testes-rapidos-de-antigenio-de-uso-profissional-continuam-gratuitos-em-fevereiro\\\/#article\",\"isPartOf\":{\"@id\":\"https:\\\/\\\/www.altominho.tv\\\/site\\\/2022\\\/01\\\/27\\\/testes-rapidos-de-antigenio-de-uso-profissional-continuam-gratuitos-em-fevereiro\\\/\"},\"author\":{\"name\":\"Lusa\",\"@id\":\"https:\\\/\\\/www.altominho.tv\\\/site\\\/#\\\/schema\\\/person\\\/63f693da3e1899361cbe955c46f3232e\"},\"headline\":\"Testes r\u00e1pidos de antig\u00e9nio de uso profissional continuam gratuitos em fevereiro\",\"datePublished\":\"2022-01-27T11:52:20+00:00\",\"dateModified\":\"2022-02-16T16:56:28+00:00\",\"mainEntityOfPage\":{\"@id\":\"https:\\\/\\\/www.altominho.tv\\\/site\\\/2022\\\/01\\\/27\\\/testes-rapidos-de-antigenio-de-uso-profissional-continuam-gratuitos-em-fevereiro\\\/\"},\"wordCount\":352,\"image\":{\"@id\":\"https:\\\/\\\/www.altominho.tv\\\/site\\\/2022\\\/01\\\/27\\\/testes-rapidos-de-antigenio-de-uso-profissional-continuam-gratuitos-em-fevereiro\\\/#primaryimage\"},\"thumbnailUrl\":\"https:\\\/\\\/www.altominho.tv\\\/site\\\/wp-content\\\/uploads\\\/2022\\\/01\\\/Testagem_atv.jpg\",\"keywords\":[\"Sa\u00fade\",\"Sociedade\"],\"articleSection\":[\"Pa\u00eds\"],\"inLanguage\":\"pt-PT\",\"copyrightYear\":\"2022\",\"copyrightHolder\":{\"@id\":\"https:\\\/\\\/www.altominho.tv\\\/site\\\/#organization\"}},{\"@type\":\"WebPage\",\"@id\":\"https:\\\/\\\/www.altominho.tv\\\/site\\\/2022\\\/01\\\/27\\\/testes-rapidos-de-antigenio-de-uso-profissional-continuam-gratuitos-em-fevereiro\\\/\",\"url\":\"https:\\\/\\\/www.altominho.tv\\\/site\\\/2022\\\/01\\\/27\\\/testes-rapidos-de-antigenio-de-uso-profissional-continuam-gratuitos-em-fevereiro\\\/\",\"name\":\"Testes r\u00e1pidos de antig\u00e9nio de uso profissional continuam gratuitos em fevereiro\",\"isPartOf\":{\"@id\":\"https:\\\/\\\/www.altominho.tv\\\/site\\\/#website\"},\"primaryImageOfPage\":{\"@id\":\"https:\\\/\\\/www.altominho.tv\\\/site\\\/2022\\\/01\\\/27\\\/testes-rapidos-de-antigenio-de-uso-profissional-continuam-gratuitos-em-fevereiro\\\/#primaryimage\"},\"image\":{\"@id\":\"https:\\\/\\\/www.altominho.tv\\\/site\\\/2022\\\/01\\\/27\\\/testes-rapidos-de-antigenio-de-uso-profissional-continuam-gratuitos-em-fevereiro\\\/#primaryimage\"},\"thumbnailUrl\":\"https:\\\/\\\/www.altominho.tv\\\/site\\\/wp-content\\\/uploads\\\/2022\\\/01\\\/Testagem_atv.jpg\",\"datePublished\":\"2022-01-27T11:52:20+00:00\",\"dateModified\":\"2022-02-16T16:56:28+00:00\",\"author\":{\"@id\":\"https:\\\/\\\/www.altominho.tv\\\/site\\\/#\\\/schema\\\/person\\\/63f693da3e1899361cbe955c46f3232e\"},\"description\":\"Os testes r\u00e1pidos de antig\u00e9nio de uso profissional v\u00e3o continuar a ser comparticipados no m\u00eas de fevereiro, em atual situa\u00e7\u00e3o epidemiol\u00f3gica.\",\"breadcrumb\":{\"@id\":\"https:\\\/\\\/www.altominho.tv\\\/site\\\/2022\\\/01\\\/27\\\/testes-rapidos-de-antigenio-de-uso-profissional-continuam-gratuitos-em-fevereiro\\\/#breadcrumb\"},\"inLanguage\":\"pt-PT\",\"potentialAction\":[{\"@type\":\"ReadAction\",\"target\":[\"https:\\\/\\\/www.altominho.tv\\\/site\\\/2022\\\/01\\\/27\\\/testes-rapidos-de-antigenio-de-uso-profissional-continuam-gratuitos-em-fevereiro\\\/\"]}]},{\"@type\":\"ImageObject\",\"inLanguage\":\"pt-PT\",\"@id\":\"https:\\\/\\\/www.altominho.tv\\\/site\\\/2022\\\/01\\\/27\\\/testes-rapidos-de-antigenio-de-uso-profissional-continuam-gratuitos-em-fevereiro\\\/#primaryimage\",\"url\":\"https:\\\/\\\/www.altominho.tv\\\/site\\\/wp-content\\\/uploads\\\/2022\\\/01\\\/Testagem_atv.jpg\",\"contentUrl\":\"https:\\\/\\\/www.altominho.tv\\\/site\\\/wp-content\\\/uploads\\\/2022\\\/01\\\/Testagem_atv.jpg\",\"width\":1273,\"height\":666},{\"@type\":\"BreadcrumbList\",\"@id\":\"https:\\\/\\\/www.altominho.tv\\\/site\\\/2022\\\/01\\\/27\\\/testes-rapidos-de-antigenio-de-uso-profissional-continuam-gratuitos-em-fevereiro\\\/#breadcrumb\",\"itemListElement\":[{\"@type\":\"ListItem\",\"position\":1,\"name\":\"In\u00edcio\",\"item\":\"https:\\\/\\\/www.altominho.tv\\\/site\\\/\"},{\"@type\":\"ListItem\",\"position\":2,\"name\":\"Testes r\u00e1pidos de antig\u00e9nio de uso profissional continuam gratuitos em fevereiro\"}]},{\"@type\":\"WebSite\",\"@id\":\"https:\\\/\\\/www.altominho.tv\\\/site\\\/#website\",\"url\":\"https:\\\/\\\/www.altominho.tv\\\/site\\\/\",\"name\":\"Altominho.tv\",\"description\":\"A sua regi\u00e3o \u00e0 dist\u00e2ncia de um clique...\",\"potentialAction\":[{\"@type\":\"SearchAction\",\"target\":{\"@type\":\"EntryPoint\",\"urlTemplate\":\"https:\\\/\\\/www.altominho.tv\\\/site\\\/?s={search_term_string}\"},\"query-input\":{\"@type\":\"PropertyValueSpecification\",\"valueRequired\":true,\"valueName\":\"search_term_string\"}}],\"inLanguage\":\"pt-PT\"},{\"@type\":\"Person\",\"@id\":\"https:\\\/\\\/www.altominho.tv\\\/site\\\/#\\\/schema\\\/person\\\/63f693da3e1899361cbe955c46f3232e\",\"name\":\"Lusa\",\"image\":{\"@type\":\"ImageObject\",\"inLanguage\":\"pt-PT\",\"@id\":\"https:\\\/\\\/www.altominho.tv\\\/site\\\/wp-content\\\/uploads\\\/2019\\\/08\\\/LUSA_Logo.gif\",\"url\":\"https:\\\/\\\/www.altominho.tv\\\/site\\\/wp-content\\\/uploads\\\/2019\\\/08\\\/LUSA_Logo.gif\",\"contentUrl\":\"https:\\\/\\\/www.altominho.tv\\\/site\\\/wp-content\\\/uploads\\\/2019\\\/08\\\/LUSA_Logo.gif\",\"caption\":\"Lusa\"},\"sameAs\":[\"http:\\\/\\\/\\\/\\\/www.altominho.tv\\\/site\"],\"url\":\"https:\\\/\\\/www.altominho.tv\\\/site\\\/author\\\/lusa\\\/\"}]}<\/script>\n<!-- \/ Yoast SEO Premium plugin. -->","yoast_head_json":{"title":"Testes r\u00e1pidos de antig\u00e9nio de uso profissional continuam gratuitos em fevereiro","description":"Os testes r\u00e1pidos de antig\u00e9nio de uso profissional v\u00e3o continuar a ser comparticipados no m\u00eas de fevereiro, em atual situa\u00e7\u00e3o epidemiol\u00f3gica.","robots":{"index":"index","follow":"follow","max-snippet":"max-snippet:-1","max-image-preview":"max-image-preview:large","max-video-preview":"max-video-preview:-1"},"canonical":"https:\/\/www.altominho.tv\/site\/2022\/01\/27\/testes-rapidos-de-antigenio-de-uso-profissional-continuam-gratuitos-em-fevereiro\/","og_locale":"pt_PT","og_type":"article","og_title":"Testes r\u00e1pidos de antig\u00e9nio de uso profissional continuam gratuitos em fevereiro","og_description":"Os testes r\u00e1pidos de antig\u00e9nio de uso profissional v\u00e3o continuar a ser comparticipados no m\u00eas de fevereiro, em atual situa\u00e7\u00e3o epidemiol\u00f3gica.","og_url":"https:\/\/www.altominho.tv\/site\/2022\/01\/27\/testes-rapidos-de-antigenio-de-uso-profissional-continuam-gratuitos-em-fevereiro\/","og_site_name":"Altominho.tv","article_publisher":"https:\/\/www.facebook.com\/altominhotv","article_published_time":"2022-01-27T11:52:20+00:00","article_modified_time":"2022-02-16T16:56:28+00:00","og_image":[{"width":1273,"height":666,"url":"https:\/\/www.altominho.tv\/site\/wp-content\/uploads\/2022\/01\/Testagem_atv.jpg","type":"image\/jpeg"}],"author":"Lusa","twitter_card":"summary_large_image","twitter_creator":"@altominhoTV","twitter_site":"@altominhoTV","twitter_misc":{"Escrito por":"Lusa","Tempo estimado de leitura":"2 minutos"},"schema":{"@context":"https:\/\/schema.org","@graph":[{"@type":"Article","@id":"https:\/\/www.altominho.tv\/site\/2022\/01\/27\/testes-rapidos-de-antigenio-de-uso-profissional-continuam-gratuitos-em-fevereiro\/#article","isPartOf":{"@id":"https:\/\/www.altominho.tv\/site\/2022\/01\/27\/testes-rapidos-de-antigenio-de-uso-profissional-continuam-gratuitos-em-fevereiro\/"},"author":{"name":"Lusa","@id":"https:\/\/www.altominho.tv\/site\/#\/schema\/person\/63f693da3e1899361cbe955c46f3232e"},"headline":"Testes r\u00e1pidos de antig\u00e9nio de uso profissional continuam gratuitos em fevereiro","datePublished":"2022-01-27T11:52:20+00:00","dateModified":"2022-02-16T16:56:28+00:00","mainEntityOfPage":{"@id":"https:\/\/www.altominho.tv\/site\/2022\/01\/27\/testes-rapidos-de-antigenio-de-uso-profissional-continuam-gratuitos-em-fevereiro\/"},"wordCount":352,"image":{"@id":"https:\/\/www.altominho.tv\/site\/2022\/01\/27\/testes-rapidos-de-antigenio-de-uso-profissional-continuam-gratuitos-em-fevereiro\/#primaryimage"},"thumbnailUrl":"https:\/\/www.altominho.tv\/site\/wp-content\/uploads\/2022\/01\/Testagem_atv.jpg","keywords":["Sa\u00fade","Sociedade"],"articleSection":["Pa\u00eds"],"inLanguage":"pt-PT","copyrightYear":"2022","copyrightHolder":{"@id":"https:\/\/www.altominho.tv\/site\/#organization"}},{"@type":"WebPage","@id":"https:\/\/www.altominho.tv\/site\/2022\/01\/27\/testes-rapidos-de-antigenio-de-uso-profissional-continuam-gratuitos-em-fevereiro\/","url":"https:\/\/www.altominho.tv\/site\/2022\/01\/27\/testes-rapidos-de-antigenio-de-uso-profissional-continuam-gratuitos-em-fevereiro\/","name":"Testes r\u00e1pidos de antig\u00e9nio de uso profissional continuam gratuitos em fevereiro","isPartOf":{"@id":"https:\/\/www.altominho.tv\/site\/#website"},"primaryImageOfPage":{"@id":"https:\/\/www.altominho.tv\/site\/2022\/01\/27\/testes-rapidos-de-antigenio-de-uso-profissional-continuam-gratuitos-em-fevereiro\/#primaryimage"},"image":{"@id":"https:\/\/www.altominho.tv\/site\/2022\/01\/27\/testes-rapidos-de-antigenio-de-uso-profissional-continuam-gratuitos-em-fevereiro\/#primaryimage"},"thumbnailUrl":"https:\/\/www.altominho.tv\/site\/wp-content\/uploads\/2022\/01\/Testagem_atv.jpg","datePublished":"2022-01-27T11:52:20+00:00","dateModified":"2022-02-16T16:56:28+00:00","author":{"@id":"https:\/\/www.altominho.tv\/site\/#\/schema\/person\/63f693da3e1899361cbe955c46f3232e"},"description":"Os testes r\u00e1pidos de antig\u00e9nio de uso profissional v\u00e3o continuar a ser comparticipados no m\u00eas de fevereiro, em atual situa\u00e7\u00e3o epidemiol\u00f3gica.","breadcrumb":{"@id":"https:\/\/www.altominho.tv\/site\/2022\/01\/27\/testes-rapidos-de-antigenio-de-uso-profissional-continuam-gratuitos-em-fevereiro\/#breadcrumb"},"inLanguage":"pt-PT","potentialAction":[{"@type":"ReadAction","target":["https:\/\/www.altominho.tv\/site\/2022\/01\/27\/testes-rapidos-de-antigenio-de-uso-profissional-continuam-gratuitos-em-fevereiro\/"]}]},{"@type":"ImageObject","inLanguage":"pt-PT","@id":"https:\/\/www.altominho.tv\/site\/2022\/01\/27\/testes-rapidos-de-antigenio-de-uso-profissional-continuam-gratuitos-em-fevereiro\/#primaryimage","url":"https:\/\/www.altominho.tv\/site\/wp-content\/uploads\/2022\/01\/Testagem_atv.jpg","contentUrl":"https:\/\/www.altominho.tv\/site\/wp-content\/uploads\/2022\/01\/Testagem_atv.jpg","width":1273,"height":666},{"@type":"BreadcrumbList","@id":"https:\/\/www.altominho.tv\/site\/2022\/01\/27\/testes-rapidos-de-antigenio-de-uso-profissional-continuam-gratuitos-em-fevereiro\/#breadcrumb","itemListElement":[{"@type":"ListItem","position":1,"name":"In\u00edcio","item":"https:\/\/www.altominho.tv\/site\/"},{"@type":"ListItem","position":2,"name":"Testes r\u00e1pidos de antig\u00e9nio de uso profissional continuam gratuitos em fevereiro"}]},{"@type":"WebSite","@id":"https:\/\/www.altominho.tv\/site\/#website","url":"https:\/\/www.altominho.tv\/site\/","name":"Altominho.tv","description":"A sua regi\u00e3o \u00e0 dist\u00e2ncia de um clique...","potentialAction":[{"@type":"SearchAction","target":{"@type":"EntryPoint","urlTemplate":"https:\/\/www.altominho.tv\/site\/?s={search_term_string}"},"query-input":{"@type":"PropertyValueSpecification","valueRequired":true,"valueName":"search_term_string"}}],"inLanguage":"pt-PT"},{"@type":"Person","@id":"https:\/\/www.altominho.tv\/site\/#\/schema\/person\/63f693da3e1899361cbe955c46f3232e","name":"Lusa","image":{"@type":"ImageObject","inLanguage":"pt-PT","@id":"https:\/\/www.altominho.tv\/site\/wp-content\/uploads\/2019\/08\/LUSA_Logo.gif","url":"https:\/\/www.altominho.tv\/site\/wp-content\/uploads\/2019\/08\/LUSA_Logo.gif","contentUrl":"https:\/\/www.altominho.tv\/site\/wp-content\/uploads\/2019\/08\/LUSA_Logo.gif","caption":"Lusa"},"sameAs":["http:\/\/\/\/www.altominho.tv\/site"],"url":"https:\/\/www.altominho.tv\/site\/author\/lusa\/"}]}},"_links":{"self":[{"href":"https:\/\/www.altominho.tv\/site\/wp-json\/wp\/v2\/posts\/75468","targetHints":{"allow":["GET"]}}],"collection":[{"href":"https:\/\/www.altominho.tv\/site\/wp-json\/wp\/v2\/posts"}],"about":[{"href":"https:\/\/www.altominho.tv\/site\/wp-json\/wp\/v2\/types\/post"}],"author":[{"embeddable":true,"href":"https:\/\/www.altominho.tv\/site\/wp-json\/wp\/v2\/users\/13"}],"replies":[{"embeddable":true,"href":"https:\/\/www.altominho.tv\/site\/wp-json\/wp\/v2\/comments?post=75468"}],"version-history":[{"count":0,"href":"https:\/\/www.altominho.tv\/site\/wp-json\/wp\/v2\/posts\/75468\/revisions"}],"wp:featuredmedia":[{"embeddable":true,"href":"https:\/\/www.altominho.tv\/site\/wp-json\/wp\/v2\/media\/74799"}],"wp:attachment":[{"href":"https:\/\/www.altominho.tv\/site\/wp-json\/wp\/v2\/media?parent=75468"}],"wp:term":[{"taxonomy":"category","embeddable":true,"href":"https:\/\/www.altominho.tv\/site\/wp-json\/wp\/v2\/categories?post=75468"},{"taxonomy":"post_tag","embeddable":true,"href":"https:\/\/www.altominho.tv\/site\/wp-json\/wp\/v2\/tags?post=75468"}],"curies":[{"name":"wp","href":"https:\/\/api.w.org\/{rel}","templated":true}]}}