{"id":75461,"date":"2022-01-27T10:39:10","date_gmt":"2022-01-27T10:39:10","guid":{"rendered":"https:\/\/www.altominho.tv\/site\/?p=75461"},"modified":"2022-02-16T17:01:38","modified_gmt":"2022-02-16T17:01:38","slug":"aguas-do-alto-minho-lanca-concurso-de-1me-para-sistema-de-detecao-de-perdas","status":"publish","type":"post","link":"https:\/\/www.altominho.tv\/site\/2022\/01\/27\/aguas-do-alto-minho-lanca-concurso-de-1me-para-sistema-de-detecao-de-perdas\/","title":{"rendered":"\u00c1guas do Alto Minho lan\u00e7a concurso de 1ME para sistema de dete\u00e7\u00e3o de perdas"},"content":{"rendered":"\n<p>A empresa \u00c1guas do Alto Minho (AdAM) abriu hoje um concurso p\u00fablico, no valor de um milh\u00e3o de euros, para instalar um sistema de dete\u00e7\u00e3o de perdas na rede de abastecimento de \u00e1gua em baixa em sete munic\u00edpios.<\/p>\n\n\n\n<p>De acordo com o aviso hoje publicado em Di\u00e1rio da Rep\u00fablica (DR), o concurso p\u00fablico visa a aquisi\u00e7\u00e3o de bens e servi\u00e7os para o fornecimento e instala\u00e7\u00e3o do sistema de telegest\u00e3o (SCADA) e o fornecimento de arquitetura de suporte aos sistemas de gest\u00e3o e controlo de perdas de abastecimento de \u00e1gua.<\/p>\n\n\n\n<p>A AdAM \u00e9 detida em 51% pela \u00c1guas de Portugal (AdP) e em 49% pelos munic\u00edpios de Arcos de Valdevez (PSD), Caminha (PS), Paredes de Coura (PS), Ponte de Lima (CDS-PP), Valen\u00e7a (PS), Viana do Castelo (PS) e Vila Nova de Cerveira (PS), que comp\u00f5em a Comunidade Intermunicipal (CIM) do Alto Minho.<\/p>\n\n\n\n<p>Tr\u00eas concelhos do distrito &#8211; Ponte da Barca (PSD), Mon\u00e7\u00e3o (PSD) e Melga\u00e7o (PS) &#8211; reprovaram a constitui\u00e7\u00e3o daquela parceria.<\/p>\n\n\n\n<p>No aviso, a empresa especifica que o fornecimento e instala\u00e7\u00e3o do sistema de telegest\u00e3o (SCADA) tem um pre\u00e7o base de 800 mil euros, e o fornecimento de arquitetura de suporte aos sistemas de gest\u00e3o e controlo de perdas de abastecimento de 200 mil euros.<\/p>\n\n\n\n<p>O prazo de execu\u00e7\u00e3o do contrato (prazo inicial sem incluir renova\u00e7\u00f5es) \u00e9 de um ano.<\/p>\n\n\n\n<p>O prazo para apresenta\u00e7\u00e3o das propostas a este procedimento concursal \u201ctermina \u00e0s 18h00 do trig\u00e9simo dia a contar da data de envio do presente an\u00fancio\u201d, 24 de janeiro.<\/p>\n\n\n\n<p>Em maio de 2021, em comunicado, a empresa anunciou um investimento de 13 milh\u00f5es de euros, financiado&nbsp;pelo Programa Operacional Sustentabilidade e Efici\u00eancia no Uso de Recursos (POSEUR), para combater as perdas de \u00e1gua, com a instala\u00e7\u00e3o de um sistema de telegest\u00e3o, de dete\u00e7\u00e3o de fugas, bem como \u00e0 substitui\u00e7\u00e3o de condutas com problemas recorrentes de roturas.<\/p>\n\n\n\n<p>A candidatura ao POSEUR para Efici\u00eancia H\u00eddrica \u201cvisa tornar mais sustent\u00e1veis as redes de abastecimento de \u00e1gua e de drenagem de \u00e1guas residuais, reduzindo consideravelmente o volume de perda de \u00e1gua, bem como de aflu\u00eancias indevidas, contribuindo para a prote\u00e7\u00e3o dos recursos h\u00eddricos da regi\u00e3o\u201d.<\/p>\n\n\n\n<p>Naquela nota, a AdAM apontou \u201co final do ano de 2021 para a instala\u00e7\u00e3o de medidores de caudal, em todas as infraestruturas localizadas da rede de abastecimento de \u00e1gua, permitindo aferir com exatid\u00e3o o volume de \u00e1gua que entra no sistema e das perdas reais nos sete munic\u00edpios\u201d.<\/p>\n\n\n\n<p>J\u00e1 o \u201cprocesso de controlo da gest\u00e3o da rede de abastecimento de \u00e1gua, envolvendo a instala\u00e7\u00e3o de um sistema de telegest\u00e3o que possibilitar\u00e1 receber e centralizar todos os dados dos equipamentos, (englobando mais de 600 pontos), permitir\u00e1 tamb\u00e9m a atua\u00e7\u00e3o remota sobre as infraestruturas\u201d.<\/p>\n\n\n\n<p>\u201cPrev\u00ea-se que este processo esteja conclu\u00eddo at\u00e9 ao primeiro trimestre de 2022\u201d, referia a nota.<\/p>\n\n\n\n<p>A AdAM \u201cir\u00e1 tamb\u00e9m implementar o WONE (Water Optimization for Network Efficienty), um sistema tecnol\u00f3gico desenvolvido dentro do grupo AdP pela Empresa Portuguesa das \u00c1guas Livres (EPAL), que permite a redu\u00e7\u00e3o das perdas e a otimiza\u00e7\u00e3o do sistema de abastecimento\u201d.<\/p>\n\n\n\n<p>\u201cNo primeiro ano de atividade, a AdAM detetou 1.884 roturas na rede e na globalidade da sua \u00e1rea de interven\u00e7\u00e3o um volume 45,4% de perdas de \u00e1gua no sistema de distribui\u00e7\u00e3o e de 38,5% de saneamento\u201d, destacou a empresa.<\/p>\n\n\n\n<p>A AdAM, que gere as redes de abastecimento de \u00e1gua em baixa e de saneamento, come\u00e7ou a operar em janeiro de 2020, &#8220;dimensionada para fornecer mais de nove milh\u00f5es de metros c\u00fabicos de \u00e1gua pot\u00e1vel, por ano, e para recolher e tratar mais de seis milh\u00f5es de metros c\u00fabicos de \u00e1gua residual, por ano, a cerca de 70 mil clientes&#8221;.<\/p>\n","protected":false},"excerpt":{"rendered":"<p>A empresa \u00c1guas do Alto Minho (AdAM) abriu hoje um concurso p\u00fablico, no valor de um milh\u00e3o de euros, para instalar um sistema de dete\u00e7\u00e3o de perdas na rede de abastecimento de \u00e1gua em baixa em sete munic\u00edpios. De acordo com o aviso hoje publicado em Di\u00e1rio da Rep\u00fablica (DR), o concurso p\u00fablico visa a [&hellip;]<\/p>\n","protected":false},"author":16,"featured_media":75462,"comment_status":"closed","ping_status":"closed","sticky":false,"template":"","format":"standard","meta":{"_exactmetrics_skip_tracking":false,"_exactmetrics_sitenote_active":false,"_exactmetrics_sitenote_note":"","_exactmetrics_sitenote_category":0,"footnotes":""},"categories":[73],"tags":[27],"class_list":["post-75461","post","type-post","status-publish","format-standard","has-post-thumbnail","hentry","category-alto-minho","tag-sociedade"],"yoast_head":"<!-- This site is optimized with the Yoast SEO Premium plugin v27.4 (Yoast SEO v27.4) - https:\/\/yoast.com\/product\/yoast-seo-premium-wordpress\/ -->\n<title>\u00c1guas do Alto Minho lan\u00e7a concurso de 1ME para sistema de dete\u00e7\u00e3o de perdas<\/title>\n<meta name=\"description\" content=\"Tr\u00eas concelhos do distrito - Ponte da Barca (PSD), Mon\u00e7\u00e3o (PSD) e Melga\u00e7o (PS) - reprovaram a constitui\u00e7\u00e3o daquela parceria.\" \/>\n<meta name=\"robots\" content=\"index, follow, max-snippet:-1, max-image-preview:large, max-video-preview:-1\" \/>\n<link rel=\"canonical\" href=\"https:\/\/www.altominho.tv\/site\/2022\/01\/27\/aguas-do-alto-minho-lanca-concurso-de-1me-para-sistema-de-detecao-de-perdas\/\" \/>\n<meta property=\"og:locale\" content=\"pt_PT\" \/>\n<meta property=\"og:type\" content=\"article\" \/>\n<meta property=\"og:title\" content=\"\u00c1guas do Alto Minho lan\u00e7a concurso de 1ME para sistema de dete\u00e7\u00e3o de perdas\" \/>\n<meta property=\"og:description\" content=\"Tr\u00eas concelhos do distrito - Ponte da Barca (PSD), Mon\u00e7\u00e3o (PSD) e Melga\u00e7o (PS) - reprovaram a constitui\u00e7\u00e3o daquela parceria.\" \/>\n<meta property=\"og:url\" content=\"https:\/\/www.altominho.tv\/site\/2022\/01\/27\/aguas-do-alto-minho-lanca-concurso-de-1me-para-sistema-de-detecao-de-perdas\/\" \/>\n<meta property=\"og:site_name\" content=\"Altominho.tv\" \/>\n<meta property=\"article:publisher\" content=\"https:\/\/www.facebook.com\/altominhotv\" \/>\n<meta property=\"article:published_time\" content=\"2022-01-27T10:39:10+00:00\" \/>\n<meta property=\"article:modified_time\" content=\"2022-02-16T17:01:38+00:00\" \/>\n<meta property=\"og:image\" content=\"https:\/\/www.altominho.tv\/site\/wp-content\/uploads\/2022\/01\/AdAM.jpeg\" \/>\n\t<meta property=\"og:image:width\" content=\"1920\" \/>\n\t<meta property=\"og:image:height\" content=\"1080\" \/>\n\t<meta property=\"og:image:type\" content=\"image\/jpeg\" \/>\n<meta name=\"author\" content=\"Andreia Cunha | Lusa\" \/>\n<meta name=\"twitter:card\" content=\"summary_large_image\" \/>\n<meta name=\"twitter:creator\" content=\"@altominhoTV\" \/>\n<meta name=\"twitter:site\" content=\"@altominhoTV\" \/>\n<meta name=\"twitter:label1\" content=\"Escrito por\" \/>\n\t<meta name=\"twitter:data1\" content=\"Andreia Cunha | Lusa\" \/>\n\t<meta name=\"twitter:label2\" content=\"Tempo estimado de leitura\" \/>\n\t<meta name=\"twitter:data2\" content=\"4 minutos\" \/>\n<script type=\"application\/ld+json\" class=\"yoast-schema-graph\">{\"@context\":\"https:\\\/\\\/schema.org\",\"@graph\":[{\"@type\":\"Article\",\"@id\":\"https:\\\/\\\/www.altominho.tv\\\/site\\\/2022\\\/01\\\/27\\\/aguas-do-alto-minho-lanca-concurso-de-1me-para-sistema-de-detecao-de-perdas\\\/#article\",\"isPartOf\":{\"@id\":\"https:\\\/\\\/www.altominho.tv\\\/site\\\/2022\\\/01\\\/27\\\/aguas-do-alto-minho-lanca-concurso-de-1me-para-sistema-de-detecao-de-perdas\\\/\"},\"author\":{\"name\":\"Andreia Cunha | Lusa\",\"@id\":\"https:\\\/\\\/www.altominho.tv\\\/site\\\/#\\\/schema\\\/person\\\/dbaf181c01b51ff40c9f461a905d321e\"},\"headline\":\"\u00c1guas do Alto Minho lan\u00e7a concurso de 1ME para sistema de dete\u00e7\u00e3o de perdas\",\"datePublished\":\"2022-01-27T10:39:10+00:00\",\"dateModified\":\"2022-02-16T17:01:38+00:00\",\"mainEntityOfPage\":{\"@id\":\"https:\\\/\\\/www.altominho.tv\\\/site\\\/2022\\\/01\\\/27\\\/aguas-do-alto-minho-lanca-concurso-de-1me-para-sistema-de-detecao-de-perdas\\\/\"},\"wordCount\":658,\"image\":{\"@id\":\"https:\\\/\\\/www.altominho.tv\\\/site\\\/2022\\\/01\\\/27\\\/aguas-do-alto-minho-lanca-concurso-de-1me-para-sistema-de-detecao-de-perdas\\\/#primaryimage\"},\"thumbnailUrl\":\"https:\\\/\\\/www.altominho.tv\\\/site\\\/wp-content\\\/uploads\\\/2022\\\/01\\\/AdAM.jpeg\",\"keywords\":[\"Sociedade\"],\"articleSection\":[\"Alto Minho\"],\"inLanguage\":\"pt-PT\",\"copyrightYear\":\"2022\",\"copyrightHolder\":{\"@id\":\"https:\\\/\\\/www.altominho.tv\\\/site\\\/#organization\"}},{\"@type\":\"WebPage\",\"@id\":\"https:\\\/\\\/www.altominho.tv\\\/site\\\/2022\\\/01\\\/27\\\/aguas-do-alto-minho-lanca-concurso-de-1me-para-sistema-de-detecao-de-perdas\\\/\",\"url\":\"https:\\\/\\\/www.altominho.tv\\\/site\\\/2022\\\/01\\\/27\\\/aguas-do-alto-minho-lanca-concurso-de-1me-para-sistema-de-detecao-de-perdas\\\/\",\"name\":\"\u00c1guas do Alto Minho lan\u00e7a concurso de 1ME para sistema de dete\u00e7\u00e3o de perdas\",\"isPartOf\":{\"@id\":\"https:\\\/\\\/www.altominho.tv\\\/site\\\/#website\"},\"primaryImageOfPage\":{\"@id\":\"https:\\\/\\\/www.altominho.tv\\\/site\\\/2022\\\/01\\\/27\\\/aguas-do-alto-minho-lanca-concurso-de-1me-para-sistema-de-detecao-de-perdas\\\/#primaryimage\"},\"image\":{\"@id\":\"https:\\\/\\\/www.altominho.tv\\\/site\\\/2022\\\/01\\\/27\\\/aguas-do-alto-minho-lanca-concurso-de-1me-para-sistema-de-detecao-de-perdas\\\/#primaryimage\"},\"thumbnailUrl\":\"https:\\\/\\\/www.altominho.tv\\\/site\\\/wp-content\\\/uploads\\\/2022\\\/01\\\/AdAM.jpeg\",\"datePublished\":\"2022-01-27T10:39:10+00:00\",\"dateModified\":\"2022-02-16T17:01:38+00:00\",\"author\":{\"@id\":\"https:\\\/\\\/www.altominho.tv\\\/site\\\/#\\\/schema\\\/person\\\/dbaf181c01b51ff40c9f461a905d321e\"},\"description\":\"Tr\u00eas concelhos do distrito - Ponte da Barca (PSD), Mon\u00e7\u00e3o (PSD) e Melga\u00e7o (PS) - reprovaram a constitui\u00e7\u00e3o daquela parceria.\",\"breadcrumb\":{\"@id\":\"https:\\\/\\\/www.altominho.tv\\\/site\\\/2022\\\/01\\\/27\\\/aguas-do-alto-minho-lanca-concurso-de-1me-para-sistema-de-detecao-de-perdas\\\/#breadcrumb\"},\"inLanguage\":\"pt-PT\",\"potentialAction\":[{\"@type\":\"ReadAction\",\"target\":[\"https:\\\/\\\/www.altominho.tv\\\/site\\\/2022\\\/01\\\/27\\\/aguas-do-alto-minho-lanca-concurso-de-1me-para-sistema-de-detecao-de-perdas\\\/\"]}]},{\"@type\":\"ImageObject\",\"inLanguage\":\"pt-PT\",\"@id\":\"https:\\\/\\\/www.altominho.tv\\\/site\\\/2022\\\/01\\\/27\\\/aguas-do-alto-minho-lanca-concurso-de-1me-para-sistema-de-detecao-de-perdas\\\/#primaryimage\",\"url\":\"https:\\\/\\\/www.altominho.tv\\\/site\\\/wp-content\\\/uploads\\\/2022\\\/01\\\/AdAM.jpeg\",\"contentUrl\":\"https:\\\/\\\/www.altominho.tv\\\/site\\\/wp-content\\\/uploads\\\/2022\\\/01\\\/AdAM.jpeg\",\"width\":1920,\"height\":1080},{\"@type\":\"BreadcrumbList\",\"@id\":\"https:\\\/\\\/www.altominho.tv\\\/site\\\/2022\\\/01\\\/27\\\/aguas-do-alto-minho-lanca-concurso-de-1me-para-sistema-de-detecao-de-perdas\\\/#breadcrumb\",\"itemListElement\":[{\"@type\":\"ListItem\",\"position\":1,\"name\":\"In\u00edcio\",\"item\":\"https:\\\/\\\/www.altominho.tv\\\/site\\\/\"},{\"@type\":\"ListItem\",\"position\":2,\"name\":\"\u00c1guas do Alto Minho lan\u00e7a concurso de 1ME para sistema de dete\u00e7\u00e3o de perdas\"}]},{\"@type\":\"WebSite\",\"@id\":\"https:\\\/\\\/www.altominho.tv\\\/site\\\/#website\",\"url\":\"https:\\\/\\\/www.altominho.tv\\\/site\\\/\",\"name\":\"Altominho.tv\",\"description\":\"A sua regi\u00e3o \u00e0 dist\u00e2ncia de um clique...\",\"potentialAction\":[{\"@type\":\"SearchAction\",\"target\":{\"@type\":\"EntryPoint\",\"urlTemplate\":\"https:\\\/\\\/www.altominho.tv\\\/site\\\/?s={search_term_string}\"},\"query-input\":{\"@type\":\"PropertyValueSpecification\",\"valueRequired\":true,\"valueName\":\"search_term_string\"}}],\"inLanguage\":\"pt-PT\"},{\"@type\":\"Person\",\"@id\":\"https:\\\/\\\/www.altominho.tv\\\/site\\\/#\\\/schema\\\/person\\\/dbaf181c01b51ff40c9f461a905d321e\",\"name\":\"Andreia Cunha | Lusa\",\"image\":{\"@type\":\"ImageObject\",\"inLanguage\":\"pt-PT\",\"@id\":\"https:\\\/\\\/www.altominho.tv\\\/site\\\/wp-content\\\/uploads\\\/2017\\\/11\\\/Andreia_Cunha-1-150x150.jpg\",\"url\":\"https:\\\/\\\/www.altominho.tv\\\/site\\\/wp-content\\\/uploads\\\/2017\\\/11\\\/Andreia_Cunha-1-150x150.jpg\",\"contentUrl\":\"https:\\\/\\\/www.altominho.tv\\\/site\\\/wp-content\\\/uploads\\\/2017\\\/11\\\/Andreia_Cunha-1-150x150.jpg\",\"caption\":\"Andreia Cunha | Lusa\"},\"sameAs\":[\"https:\\\/\\\/www.altominho.tv\\\/site\"],\"url\":\"https:\\\/\\\/www.altominho.tv\\\/site\\\/author\\\/andreiacunhalusa\\\/\"}]}<\/script>\n<!-- \/ Yoast SEO Premium plugin. -->","yoast_head_json":{"title":"\u00c1guas do Alto Minho lan\u00e7a concurso de 1ME para sistema de dete\u00e7\u00e3o de perdas","description":"Tr\u00eas concelhos do distrito - Ponte da Barca (PSD), Mon\u00e7\u00e3o (PSD) e Melga\u00e7o (PS) - reprovaram a constitui\u00e7\u00e3o daquela parceria.","robots":{"index":"index","follow":"follow","max-snippet":"max-snippet:-1","max-image-preview":"max-image-preview:large","max-video-preview":"max-video-preview:-1"},"canonical":"https:\/\/www.altominho.tv\/site\/2022\/01\/27\/aguas-do-alto-minho-lanca-concurso-de-1me-para-sistema-de-detecao-de-perdas\/","og_locale":"pt_PT","og_type":"article","og_title":"\u00c1guas do Alto Minho lan\u00e7a concurso de 1ME para sistema de dete\u00e7\u00e3o de perdas","og_description":"Tr\u00eas concelhos do distrito - Ponte da Barca (PSD), Mon\u00e7\u00e3o (PSD) e Melga\u00e7o (PS) - reprovaram a constitui\u00e7\u00e3o daquela parceria.","og_url":"https:\/\/www.altominho.tv\/site\/2022\/01\/27\/aguas-do-alto-minho-lanca-concurso-de-1me-para-sistema-de-detecao-de-perdas\/","og_site_name":"Altominho.tv","article_publisher":"https:\/\/www.facebook.com\/altominhotv","article_published_time":"2022-01-27T10:39:10+00:00","article_modified_time":"2022-02-16T17:01:38+00:00","og_image":[{"width":1920,"height":1080,"url":"https:\/\/www.altominho.tv\/site\/wp-content\/uploads\/2022\/01\/AdAM.jpeg","type":"image\/jpeg"}],"author":"Andreia Cunha | Lusa","twitter_card":"summary_large_image","twitter_creator":"@altominhoTV","twitter_site":"@altominhoTV","twitter_misc":{"Escrito por":"Andreia Cunha | Lusa","Tempo estimado de leitura":"4 minutos"},"schema":{"@context":"https:\/\/schema.org","@graph":[{"@type":"Article","@id":"https:\/\/www.altominho.tv\/site\/2022\/01\/27\/aguas-do-alto-minho-lanca-concurso-de-1me-para-sistema-de-detecao-de-perdas\/#article","isPartOf":{"@id":"https:\/\/www.altominho.tv\/site\/2022\/01\/27\/aguas-do-alto-minho-lanca-concurso-de-1me-para-sistema-de-detecao-de-perdas\/"},"author":{"name":"Andreia Cunha | Lusa","@id":"https:\/\/www.altominho.tv\/site\/#\/schema\/person\/dbaf181c01b51ff40c9f461a905d321e"},"headline":"\u00c1guas do Alto Minho lan\u00e7a concurso de 1ME para sistema de dete\u00e7\u00e3o de perdas","datePublished":"2022-01-27T10:39:10+00:00","dateModified":"2022-02-16T17:01:38+00:00","mainEntityOfPage":{"@id":"https:\/\/www.altominho.tv\/site\/2022\/01\/27\/aguas-do-alto-minho-lanca-concurso-de-1me-para-sistema-de-detecao-de-perdas\/"},"wordCount":658,"image":{"@id":"https:\/\/www.altominho.tv\/site\/2022\/01\/27\/aguas-do-alto-minho-lanca-concurso-de-1me-para-sistema-de-detecao-de-perdas\/#primaryimage"},"thumbnailUrl":"https:\/\/www.altominho.tv\/site\/wp-content\/uploads\/2022\/01\/AdAM.jpeg","keywords":["Sociedade"],"articleSection":["Alto Minho"],"inLanguage":"pt-PT","copyrightYear":"2022","copyrightHolder":{"@id":"https:\/\/www.altominho.tv\/site\/#organization"}},{"@type":"WebPage","@id":"https:\/\/www.altominho.tv\/site\/2022\/01\/27\/aguas-do-alto-minho-lanca-concurso-de-1me-para-sistema-de-detecao-de-perdas\/","url":"https:\/\/www.altominho.tv\/site\/2022\/01\/27\/aguas-do-alto-minho-lanca-concurso-de-1me-para-sistema-de-detecao-de-perdas\/","name":"\u00c1guas do Alto Minho lan\u00e7a concurso de 1ME para sistema de dete\u00e7\u00e3o de perdas","isPartOf":{"@id":"https:\/\/www.altominho.tv\/site\/#website"},"primaryImageOfPage":{"@id":"https:\/\/www.altominho.tv\/site\/2022\/01\/27\/aguas-do-alto-minho-lanca-concurso-de-1me-para-sistema-de-detecao-de-perdas\/#primaryimage"},"image":{"@id":"https:\/\/www.altominho.tv\/site\/2022\/01\/27\/aguas-do-alto-minho-lanca-concurso-de-1me-para-sistema-de-detecao-de-perdas\/#primaryimage"},"thumbnailUrl":"https:\/\/www.altominho.tv\/site\/wp-content\/uploads\/2022\/01\/AdAM.jpeg","datePublished":"2022-01-27T10:39:10+00:00","dateModified":"2022-02-16T17:01:38+00:00","author":{"@id":"https:\/\/www.altominho.tv\/site\/#\/schema\/person\/dbaf181c01b51ff40c9f461a905d321e"},"description":"Tr\u00eas concelhos do distrito - Ponte da Barca (PSD), Mon\u00e7\u00e3o (PSD) e Melga\u00e7o (PS) - reprovaram a constitui\u00e7\u00e3o daquela parceria.","breadcrumb":{"@id":"https:\/\/www.altominho.tv\/site\/2022\/01\/27\/aguas-do-alto-minho-lanca-concurso-de-1me-para-sistema-de-detecao-de-perdas\/#breadcrumb"},"inLanguage":"pt-PT","potentialAction":[{"@type":"ReadAction","target":["https:\/\/www.altominho.tv\/site\/2022\/01\/27\/aguas-do-alto-minho-lanca-concurso-de-1me-para-sistema-de-detecao-de-perdas\/"]}]},{"@type":"ImageObject","inLanguage":"pt-PT","@id":"https:\/\/www.altominho.tv\/site\/2022\/01\/27\/aguas-do-alto-minho-lanca-concurso-de-1me-para-sistema-de-detecao-de-perdas\/#primaryimage","url":"https:\/\/www.altominho.tv\/site\/wp-content\/uploads\/2022\/01\/AdAM.jpeg","contentUrl":"https:\/\/www.altominho.tv\/site\/wp-content\/uploads\/2022\/01\/AdAM.jpeg","width":1920,"height":1080},{"@type":"BreadcrumbList","@id":"https:\/\/www.altominho.tv\/site\/2022\/01\/27\/aguas-do-alto-minho-lanca-concurso-de-1me-para-sistema-de-detecao-de-perdas\/#breadcrumb","itemListElement":[{"@type":"ListItem","position":1,"name":"In\u00edcio","item":"https:\/\/www.altominho.tv\/site\/"},{"@type":"ListItem","position":2,"name":"\u00c1guas do Alto Minho lan\u00e7a concurso de 1ME para sistema de dete\u00e7\u00e3o de perdas"}]},{"@type":"WebSite","@id":"https:\/\/www.altominho.tv\/site\/#website","url":"https:\/\/www.altominho.tv\/site\/","name":"Altominho.tv","description":"A sua regi\u00e3o \u00e0 dist\u00e2ncia de um clique...","potentialAction":[{"@type":"SearchAction","target":{"@type":"EntryPoint","urlTemplate":"https:\/\/www.altominho.tv\/site\/?s={search_term_string}"},"query-input":{"@type":"PropertyValueSpecification","valueRequired":true,"valueName":"search_term_string"}}],"inLanguage":"pt-PT"},{"@type":"Person","@id":"https:\/\/www.altominho.tv\/site\/#\/schema\/person\/dbaf181c01b51ff40c9f461a905d321e","name":"Andreia Cunha | Lusa","image":{"@type":"ImageObject","inLanguage":"pt-PT","@id":"https:\/\/www.altominho.tv\/site\/wp-content\/uploads\/2017\/11\/Andreia_Cunha-1-150x150.jpg","url":"https:\/\/www.altominho.tv\/site\/wp-content\/uploads\/2017\/11\/Andreia_Cunha-1-150x150.jpg","contentUrl":"https:\/\/www.altominho.tv\/site\/wp-content\/uploads\/2017\/11\/Andreia_Cunha-1-150x150.jpg","caption":"Andreia Cunha | Lusa"},"sameAs":["https:\/\/www.altominho.tv\/site"],"url":"https:\/\/www.altominho.tv\/site\/author\/andreiacunhalusa\/"}]}},"_links":{"self":[{"href":"https:\/\/www.altominho.tv\/site\/wp-json\/wp\/v2\/posts\/75461","targetHints":{"allow":["GET"]}}],"collection":[{"href":"https:\/\/www.altominho.tv\/site\/wp-json\/wp\/v2\/posts"}],"about":[{"href":"https:\/\/www.altominho.tv\/site\/wp-json\/wp\/v2\/types\/post"}],"author":[{"embeddable":true,"href":"https:\/\/www.altominho.tv\/site\/wp-json\/wp\/v2\/users\/16"}],"replies":[{"embeddable":true,"href":"https:\/\/www.altominho.tv\/site\/wp-json\/wp\/v2\/comments?post=75461"}],"version-history":[{"count":0,"href":"https:\/\/www.altominho.tv\/site\/wp-json\/wp\/v2\/posts\/75461\/revisions"}],"wp:featuredmedia":[{"embeddable":true,"href":"https:\/\/www.altominho.tv\/site\/wp-json\/wp\/v2\/media\/75462"}],"wp:attachment":[{"href":"https:\/\/www.altominho.tv\/site\/wp-json\/wp\/v2\/media?parent=75461"}],"wp:term":[{"taxonomy":"category","embeddable":true,"href":"https:\/\/www.altominho.tv\/site\/wp-json\/wp\/v2\/categories?post=75461"},{"taxonomy":"post_tag","embeddable":true,"href":"https:\/\/www.altominho.tv\/site\/wp-json\/wp\/v2\/tags?post=75461"}],"curies":[{"name":"wp","href":"https:\/\/api.w.org\/{rel}","templated":true}]}}