{"id":75437,"date":"2022-01-26T19:17:03","date_gmt":"2022-01-26T19:17:03","guid":{"rendered":"https:\/\/www.altominho.tv\/site\/?p=75437"},"modified":"2022-02-16T16:55:41","modified_gmt":"2022-02-16T16:55:41","slug":"portugueses-imunizados-apos-atual-vaga-e-doenca-sera-como-a-gripe","status":"publish","type":"post","link":"https:\/\/www.altominho.tv\/site\/2022\/01\/26\/portugueses-imunizados-apos-atual-vaga-e-doenca-sera-como-a-gripe\/","title":{"rendered":"Portugueses imunizados ap\u00f3s atual vaga e doen\u00e7a ser\u00e1 como a gripe"},"content":{"rendered":"<p data-uw-styling-context=\"true\">Todos os portugueses estar\u00e3o imunizados ap\u00f3s a atual vaga da pandemia, o que dever\u00e1 acontecer depois fevereiro, e a Covid-19 vai evoluir para uma \u201cdoen\u00e7a residente\u201d como a gripe ou a herpes, prev\u00ea o Instituto Superior T\u00e9cnico.<\/p>\n<p class=\"text-paragraph\" data-uw-styling-context=\"true\">\u201cEntre vacina\u00e7\u00e3o e infe\u00e7\u00e3o, depois do final de fevereiro toda a popula\u00e7\u00e3o ter\u00e1 alguma imunidade ao v\u00edrus\u201d que causa a Covid-19, adianta o relat\u00f3rio do grupo de trabalho de acompanhamento da pandemia do Instituto Superior T\u00e9cnico (IST) da Universidade de Lisboa que a Lusa teve acesso.<\/p>\n<p class=\"text-paragraph\" data-uw-styling-context=\"true\">O documento adianta que, uma vez que toda a popula\u00e7\u00e3o residente em Portugal ter\u00e1 algum tipo de imunidade ap\u00f3s esta vaga pand\u00e9mica, a partir de meados de fevereiro \u00e9 a altura de \u201cpreparar o p\u00f3s Covid-19 em Portugal\u201d.<\/p>\n<p class=\"text-paragraph\" data-uw-styling-context=\"true\">\u201cOs sistemas de sa\u00fade ter\u00e3o agora de preparar a resposta para as pessoas em n\u00famero a estimar que poder\u00e3o sofrer de `longo Covid\u00b4 e manter alguma reserva de resposta para eventuais variantes\u201d, alertam Pedro Amaral, Jos\u00e9 Rui Figueira, Henrique Oliveira e Ana Serro, que comp\u00f5em o grupo de trabalho coordenado pelo presidente do IST, Rog\u00e9rio Cola\u00e7o.<\/p>\n<p class=\"text-paragraph\" data-uw-styling-context=\"true\">O documento sublinha ainda que a \u201cimunidade de grupo n\u00e3o se poder\u00e1 alcan\u00e7ar e este v\u00edrus passar\u00e1 a fazer parte das preocupa\u00e7\u00f5es futuras, como a gripe sazonal e muitas outras doen\u00e7as\u201d.<\/p>\n<p class=\"text-paragraph\" data-uw-styling-context=\"true\">\u201cPodemos considerar que a Covid-19 passar\u00e1 a ser uma doen\u00e7a residente na Europa em geral e em Portugal em particular. O que n\u00e3o obsta a que se relaxem os mecanismos da avalia\u00e7\u00e3o, monitoriza\u00e7\u00e3o e resposta a esta doen\u00e7a em geral e a outras pandemias que, no futuro, s\u00e3o expect\u00e1veis\u201d, alerta o relat\u00f3rio.<\/p>\n<p class=\"text-paragraph\" data-uw-styling-context=\"true\">Segundo preveem os especialistas do T\u00e9cnico, a Covid-19 passar\u00e1 a ser uma doen\u00e7a a \u201clongo prazo como em tempos foram poliomielite, sarampo ou var\u00edola\u201d ou, atualmente no mundo, a \u201cdengue, febre-amarela, gripe, hepatite, herpes, HPV e SIDA, entre tantas outras\u201d.<\/p>\n<p class=\"text-paragraph\" data-uw-styling-context=\"true\">Em termos epidemiol\u00f3gicos, o relat\u00f3rio com dados de ter\u00e7a-feira alerta que o \u00edndice de transmissibilidade do v\u00edrus (Rt), depois de ter estado em \u201ctravagem forte at\u00e9 19 de dezembro\u201d, registou uma invers\u00e3o da tend\u00eancia de descida, o que tem como \u201cexplica\u00e7\u00e3o a explos\u00e3o de cont\u00e1gios nas escolas (classe entre zero e nove anos) e a campanha eleitoral\u201d para as elei\u00e7\u00f5es de domingo.<\/p>\n<p class=\"text-paragraph\" data-uw-styling-context=\"true\">No\u00a0pico da incid\u00eancia da atual vaga pand\u00e9mica, Portugal deve atingir\u00a0um valor real de 150 mil casos de infe\u00e7\u00e3o, dos quais ser\u00e3o vis\u00edveis apenas 60 mil a 65 mil casos que se obt\u00e9m ao n\u00edvel de satura\u00e7\u00e3o de testes.<\/p>\n<p class=\"text-paragraph\" data-uw-styling-context=\"true\">\u201cPrevemos que, em m\u00e9dia a sete dias, n\u00e3o se supere os 50 \u00f3bitos por dia at\u00e9 31 de janeiro\u201d, refere o documento, referindo que, relativamente aos isolados, a campanha eleitoral \u201cextremamente participada e os cont\u00e1gios descontrolados nas escolas\u201d levaram estes n\u00fameros a superar mais de um milh\u00e3o.<\/p>\n<p class=\"text-paragraph\" data-uw-styling-context=\"true\">\u201cPrevemos um n\u00famero de casos em isolamento acima de 1.050.000 para o dia 30 de janeiro\u201d, o que ter\u00e1 como consequ\u00eancia que o pico da incid\u00eancia ocorra mais tarde, entre o in\u00edcio de fevereiro e o dia 12 do mesmo m\u00eas.<\/p>\n<p class=\"text-paragraph\" data-uw-styling-context=\"true\">\u201cAs autoridades ter\u00e3o de contar com um n\u00famero efetivo de eleitores isolados a pretenderem votar, descontando os que votaram em voto antecipado, os abstencionistas prov\u00e1veis e os menores de 18 anos, de um n\u00famero previs\u00edvel situado entre 300 mil e 450 mil eleitores reais (em situa\u00e7\u00e3o de isolamento) a irem \u00e0s c\u00e2maras de voto\u201d, adianta o relat\u00f3rio do IST.<\/p>\n","protected":false},"excerpt":{"rendered":"<p>Todos os portugueses estar\u00e3o imunizados ap\u00f3s a atual vaga da pandemia, o que dever\u00e1 acontecer depois fevereiro, e a Covid-19 vai evoluir para uma \u201cdoen\u00e7a residente\u201d como a gripe ou a herpes, prev\u00ea o Instituto Superior T\u00e9cnico. \u201cEntre vacina\u00e7\u00e3o e infe\u00e7\u00e3o, depois do final de fevereiro toda a popula\u00e7\u00e3o ter\u00e1 alguma imunidade ao v\u00edrus\u201d que [&hellip;]<\/p>\n","protected":false},"author":13,"featured_media":74096,"comment_status":"closed","ping_status":"closed","sticky":false,"template":"","format":"standard","meta":{"_exactmetrics_skip_tracking":false,"_exactmetrics_sitenote_active":false,"_exactmetrics_sitenote_note":"","_exactmetrics_sitenote_category":0,"footnotes":""},"categories":[56325],"tags":[26,27],"class_list":["post-75437","post","type-post","status-publish","format-standard","has-post-thumbnail","hentry","category-pais","tag-saude","tag-sociedade"],"yoast_head":"<!-- This site is optimized with the Yoast SEO Premium plugin v27.4 (Yoast SEO v27.4) - https:\/\/yoast.com\/product\/yoast-seo-premium-wordpress\/ -->\n<title>Portugueses imunizados ap\u00f3s atual vaga e doen\u00e7a ser\u00e1 como a gripe<\/title>\n<meta name=\"description\" content=\"Todos os portugueses estar\u00e3o imunizados ap\u00f3s a atual vaga da pandemia, o que dever\u00e1 acontecer depois fevereiro, e a Covid-19 vai evoluir para uma \u201cdoen\u00e7a residente\u201d.\" \/>\n<meta name=\"robots\" content=\"index, follow, max-snippet:-1, max-image-preview:large, max-video-preview:-1\" \/>\n<link rel=\"canonical\" href=\"https:\/\/www.altominho.tv\/site\/2022\/01\/26\/portugueses-imunizados-apos-atual-vaga-e-doenca-sera-como-a-gripe\/\" \/>\n<meta property=\"og:locale\" content=\"pt_PT\" \/>\n<meta property=\"og:type\" content=\"article\" \/>\n<meta property=\"og:title\" content=\"Portugueses imunizados ap\u00f3s atual vaga e doen\u00e7a ser\u00e1 como a gripe\" \/>\n<meta property=\"og:description\" content=\"Todos os portugueses estar\u00e3o imunizados ap\u00f3s a atual vaga da pandemia, o que dever\u00e1 acontecer depois fevereiro, e a Covid-19 vai evoluir para uma \u201cdoen\u00e7a residente\u201d.\" \/>\n<meta property=\"og:url\" content=\"https:\/\/www.altominho.tv\/site\/2022\/01\/26\/portugueses-imunizados-apos-atual-vaga-e-doenca-sera-como-a-gripe\/\" \/>\n<meta property=\"og:site_name\" content=\"Altominho.tv\" \/>\n<meta property=\"article:publisher\" content=\"https:\/\/www.facebook.com\/altominhotv\" \/>\n<meta property=\"article:published_time\" content=\"2022-01-26T19:17:03+00:00\" \/>\n<meta property=\"article:modified_time\" content=\"2022-02-16T16:55:41+00:00\" \/>\n<meta property=\"og:image\" content=\"https:\/\/www.altominho.tv\/site\/wp-content\/uploads\/2021\/12\/image-1.jpeg\" \/>\n\t<meta property=\"og:image:width\" content=\"800\" \/>\n\t<meta property=\"og:image:height\" content=\"450\" \/>\n\t<meta property=\"og:image:type\" content=\"image\/jpeg\" \/>\n<meta name=\"author\" content=\"Lusa\" \/>\n<meta name=\"twitter:card\" content=\"summary_large_image\" \/>\n<meta name=\"twitter:creator\" content=\"@altominhoTV\" \/>\n<meta name=\"twitter:site\" content=\"@altominhoTV\" \/>\n<meta name=\"twitter:label1\" content=\"Escrito por\" \/>\n\t<meta name=\"twitter:data1\" content=\"Lusa\" \/>\n\t<meta name=\"twitter:label2\" content=\"Tempo estimado de leitura\" \/>\n\t<meta name=\"twitter:data2\" content=\"4 minutos\" \/>\n<script type=\"application\/ld+json\" class=\"yoast-schema-graph\">{\"@context\":\"https:\\\/\\\/schema.org\",\"@graph\":[{\"@type\":\"Article\",\"@id\":\"https:\\\/\\\/www.altominho.tv\\\/site\\\/2022\\\/01\\\/26\\\/portugueses-imunizados-apos-atual-vaga-e-doenca-sera-como-a-gripe\\\/#article\",\"isPartOf\":{\"@id\":\"https:\\\/\\\/www.altominho.tv\\\/site\\\/2022\\\/01\\\/26\\\/portugueses-imunizados-apos-atual-vaga-e-doenca-sera-como-a-gripe\\\/\"},\"author\":{\"name\":\"Lusa\",\"@id\":\"https:\\\/\\\/www.altominho.tv\\\/site\\\/#\\\/schema\\\/person\\\/63f693da3e1899361cbe955c46f3232e\"},\"headline\":\"Portugueses imunizados ap\u00f3s atual vaga e doen\u00e7a ser\u00e1 como a gripe\",\"datePublished\":\"2022-01-26T19:17:03+00:00\",\"dateModified\":\"2022-02-16T16:55:41+00:00\",\"mainEntityOfPage\":{\"@id\":\"https:\\\/\\\/www.altominho.tv\\\/site\\\/2022\\\/01\\\/26\\\/portugueses-imunizados-apos-atual-vaga-e-doenca-sera-como-a-gripe\\\/\"},\"wordCount\":622,\"image\":{\"@id\":\"https:\\\/\\\/www.altominho.tv\\\/site\\\/2022\\\/01\\\/26\\\/portugueses-imunizados-apos-atual-vaga-e-doenca-sera-como-a-gripe\\\/#primaryimage\"},\"thumbnailUrl\":\"https:\\\/\\\/www.altominho.tv\\\/site\\\/wp-content\\\/uploads\\\/2021\\\/12\\\/image-1.jpeg\",\"keywords\":[\"Sa\u00fade\",\"Sociedade\"],\"articleSection\":[\"Pa\u00eds\"],\"inLanguage\":\"pt-PT\",\"copyrightYear\":\"2022\",\"copyrightHolder\":{\"@id\":\"https:\\\/\\\/www.altominho.tv\\\/site\\\/#organization\"}},{\"@type\":\"WebPage\",\"@id\":\"https:\\\/\\\/www.altominho.tv\\\/site\\\/2022\\\/01\\\/26\\\/portugueses-imunizados-apos-atual-vaga-e-doenca-sera-como-a-gripe\\\/\",\"url\":\"https:\\\/\\\/www.altominho.tv\\\/site\\\/2022\\\/01\\\/26\\\/portugueses-imunizados-apos-atual-vaga-e-doenca-sera-como-a-gripe\\\/\",\"name\":\"Portugueses imunizados ap\u00f3s atual vaga e doen\u00e7a ser\u00e1 como a gripe\",\"isPartOf\":{\"@id\":\"https:\\\/\\\/www.altominho.tv\\\/site\\\/#website\"},\"primaryImageOfPage\":{\"@id\":\"https:\\\/\\\/www.altominho.tv\\\/site\\\/2022\\\/01\\\/26\\\/portugueses-imunizados-apos-atual-vaga-e-doenca-sera-como-a-gripe\\\/#primaryimage\"},\"image\":{\"@id\":\"https:\\\/\\\/www.altominho.tv\\\/site\\\/2022\\\/01\\\/26\\\/portugueses-imunizados-apos-atual-vaga-e-doenca-sera-como-a-gripe\\\/#primaryimage\"},\"thumbnailUrl\":\"https:\\\/\\\/www.altominho.tv\\\/site\\\/wp-content\\\/uploads\\\/2021\\\/12\\\/image-1.jpeg\",\"datePublished\":\"2022-01-26T19:17:03+00:00\",\"dateModified\":\"2022-02-16T16:55:41+00:00\",\"author\":{\"@id\":\"https:\\\/\\\/www.altominho.tv\\\/site\\\/#\\\/schema\\\/person\\\/63f693da3e1899361cbe955c46f3232e\"},\"description\":\"Todos os portugueses estar\u00e3o imunizados ap\u00f3s a atual vaga da pandemia, o que dever\u00e1 acontecer depois fevereiro, e a Covid-19 vai evoluir para uma \u201cdoen\u00e7a residente\u201d.\",\"breadcrumb\":{\"@id\":\"https:\\\/\\\/www.altominho.tv\\\/site\\\/2022\\\/01\\\/26\\\/portugueses-imunizados-apos-atual-vaga-e-doenca-sera-como-a-gripe\\\/#breadcrumb\"},\"inLanguage\":\"pt-PT\",\"potentialAction\":[{\"@type\":\"ReadAction\",\"target\":[\"https:\\\/\\\/www.altominho.tv\\\/site\\\/2022\\\/01\\\/26\\\/portugueses-imunizados-apos-atual-vaga-e-doenca-sera-como-a-gripe\\\/\"]}]},{\"@type\":\"ImageObject\",\"inLanguage\":\"pt-PT\",\"@id\":\"https:\\\/\\\/www.altominho.tv\\\/site\\\/2022\\\/01\\\/26\\\/portugueses-imunizados-apos-atual-vaga-e-doenca-sera-como-a-gripe\\\/#primaryimage\",\"url\":\"https:\\\/\\\/www.altominho.tv\\\/site\\\/wp-content\\\/uploads\\\/2021\\\/12\\\/image-1.jpeg\",\"contentUrl\":\"https:\\\/\\\/www.altominho.tv\\\/site\\\/wp-content\\\/uploads\\\/2021\\\/12\\\/image-1.jpeg\",\"width\":800,\"height\":450},{\"@type\":\"BreadcrumbList\",\"@id\":\"https:\\\/\\\/www.altominho.tv\\\/site\\\/2022\\\/01\\\/26\\\/portugueses-imunizados-apos-atual-vaga-e-doenca-sera-como-a-gripe\\\/#breadcrumb\",\"itemListElement\":[{\"@type\":\"ListItem\",\"position\":1,\"name\":\"In\u00edcio\",\"item\":\"https:\\\/\\\/www.altominho.tv\\\/site\\\/\"},{\"@type\":\"ListItem\",\"position\":2,\"name\":\"Portugueses imunizados ap\u00f3s atual vaga e doen\u00e7a ser\u00e1 como a gripe\"}]},{\"@type\":\"WebSite\",\"@id\":\"https:\\\/\\\/www.altominho.tv\\\/site\\\/#website\",\"url\":\"https:\\\/\\\/www.altominho.tv\\\/site\\\/\",\"name\":\"Altominho.tv\",\"description\":\"A sua regi\u00e3o \u00e0 dist\u00e2ncia de um clique...\",\"potentialAction\":[{\"@type\":\"SearchAction\",\"target\":{\"@type\":\"EntryPoint\",\"urlTemplate\":\"https:\\\/\\\/www.altominho.tv\\\/site\\\/?s={search_term_string}\"},\"query-input\":{\"@type\":\"PropertyValueSpecification\",\"valueRequired\":true,\"valueName\":\"search_term_string\"}}],\"inLanguage\":\"pt-PT\"},{\"@type\":\"Person\",\"@id\":\"https:\\\/\\\/www.altominho.tv\\\/site\\\/#\\\/schema\\\/person\\\/63f693da3e1899361cbe955c46f3232e\",\"name\":\"Lusa\",\"image\":{\"@type\":\"ImageObject\",\"inLanguage\":\"pt-PT\",\"@id\":\"https:\\\/\\\/www.altominho.tv\\\/site\\\/wp-content\\\/uploads\\\/2019\\\/08\\\/LUSA_Logo.gif\",\"url\":\"https:\\\/\\\/www.altominho.tv\\\/site\\\/wp-content\\\/uploads\\\/2019\\\/08\\\/LUSA_Logo.gif\",\"contentUrl\":\"https:\\\/\\\/www.altominho.tv\\\/site\\\/wp-content\\\/uploads\\\/2019\\\/08\\\/LUSA_Logo.gif\",\"caption\":\"Lusa\"},\"sameAs\":[\"http:\\\/\\\/\\\/\\\/www.altominho.tv\\\/site\"],\"url\":\"https:\\\/\\\/www.altominho.tv\\\/site\\\/author\\\/lusa\\\/\"}]}<\/script>\n<!-- \/ Yoast SEO Premium plugin. -->","yoast_head_json":{"title":"Portugueses imunizados ap\u00f3s atual vaga e doen\u00e7a ser\u00e1 como a gripe","description":"Todos os portugueses estar\u00e3o imunizados ap\u00f3s a atual vaga da pandemia, o que dever\u00e1 acontecer depois fevereiro, e a Covid-19 vai evoluir para uma \u201cdoen\u00e7a residente\u201d.","robots":{"index":"index","follow":"follow","max-snippet":"max-snippet:-1","max-image-preview":"max-image-preview:large","max-video-preview":"max-video-preview:-1"},"canonical":"https:\/\/www.altominho.tv\/site\/2022\/01\/26\/portugueses-imunizados-apos-atual-vaga-e-doenca-sera-como-a-gripe\/","og_locale":"pt_PT","og_type":"article","og_title":"Portugueses imunizados ap\u00f3s atual vaga e doen\u00e7a ser\u00e1 como a gripe","og_description":"Todos os portugueses estar\u00e3o imunizados ap\u00f3s a atual vaga da pandemia, o que dever\u00e1 acontecer depois fevereiro, e a Covid-19 vai evoluir para uma \u201cdoen\u00e7a residente\u201d.","og_url":"https:\/\/www.altominho.tv\/site\/2022\/01\/26\/portugueses-imunizados-apos-atual-vaga-e-doenca-sera-como-a-gripe\/","og_site_name":"Altominho.tv","article_publisher":"https:\/\/www.facebook.com\/altominhotv","article_published_time":"2022-01-26T19:17:03+00:00","article_modified_time":"2022-02-16T16:55:41+00:00","og_image":[{"width":800,"height":450,"url":"https:\/\/www.altominho.tv\/site\/wp-content\/uploads\/2021\/12\/image-1.jpeg","type":"image\/jpeg"}],"author":"Lusa","twitter_card":"summary_large_image","twitter_creator":"@altominhoTV","twitter_site":"@altominhoTV","twitter_misc":{"Escrito por":"Lusa","Tempo estimado de leitura":"4 minutos"},"schema":{"@context":"https:\/\/schema.org","@graph":[{"@type":"Article","@id":"https:\/\/www.altominho.tv\/site\/2022\/01\/26\/portugueses-imunizados-apos-atual-vaga-e-doenca-sera-como-a-gripe\/#article","isPartOf":{"@id":"https:\/\/www.altominho.tv\/site\/2022\/01\/26\/portugueses-imunizados-apos-atual-vaga-e-doenca-sera-como-a-gripe\/"},"author":{"name":"Lusa","@id":"https:\/\/www.altominho.tv\/site\/#\/schema\/person\/63f693da3e1899361cbe955c46f3232e"},"headline":"Portugueses imunizados ap\u00f3s atual vaga e doen\u00e7a ser\u00e1 como a gripe","datePublished":"2022-01-26T19:17:03+00:00","dateModified":"2022-02-16T16:55:41+00:00","mainEntityOfPage":{"@id":"https:\/\/www.altominho.tv\/site\/2022\/01\/26\/portugueses-imunizados-apos-atual-vaga-e-doenca-sera-como-a-gripe\/"},"wordCount":622,"image":{"@id":"https:\/\/www.altominho.tv\/site\/2022\/01\/26\/portugueses-imunizados-apos-atual-vaga-e-doenca-sera-como-a-gripe\/#primaryimage"},"thumbnailUrl":"https:\/\/www.altominho.tv\/site\/wp-content\/uploads\/2021\/12\/image-1.jpeg","keywords":["Sa\u00fade","Sociedade"],"articleSection":["Pa\u00eds"],"inLanguage":"pt-PT","copyrightYear":"2022","copyrightHolder":{"@id":"https:\/\/www.altominho.tv\/site\/#organization"}},{"@type":"WebPage","@id":"https:\/\/www.altominho.tv\/site\/2022\/01\/26\/portugueses-imunizados-apos-atual-vaga-e-doenca-sera-como-a-gripe\/","url":"https:\/\/www.altominho.tv\/site\/2022\/01\/26\/portugueses-imunizados-apos-atual-vaga-e-doenca-sera-como-a-gripe\/","name":"Portugueses imunizados ap\u00f3s atual vaga e doen\u00e7a ser\u00e1 como a gripe","isPartOf":{"@id":"https:\/\/www.altominho.tv\/site\/#website"},"primaryImageOfPage":{"@id":"https:\/\/www.altominho.tv\/site\/2022\/01\/26\/portugueses-imunizados-apos-atual-vaga-e-doenca-sera-como-a-gripe\/#primaryimage"},"image":{"@id":"https:\/\/www.altominho.tv\/site\/2022\/01\/26\/portugueses-imunizados-apos-atual-vaga-e-doenca-sera-como-a-gripe\/#primaryimage"},"thumbnailUrl":"https:\/\/www.altominho.tv\/site\/wp-content\/uploads\/2021\/12\/image-1.jpeg","datePublished":"2022-01-26T19:17:03+00:00","dateModified":"2022-02-16T16:55:41+00:00","author":{"@id":"https:\/\/www.altominho.tv\/site\/#\/schema\/person\/63f693da3e1899361cbe955c46f3232e"},"description":"Todos os portugueses estar\u00e3o imunizados ap\u00f3s a atual vaga da pandemia, o que dever\u00e1 acontecer depois fevereiro, e a Covid-19 vai evoluir para uma \u201cdoen\u00e7a residente\u201d.","breadcrumb":{"@id":"https:\/\/www.altominho.tv\/site\/2022\/01\/26\/portugueses-imunizados-apos-atual-vaga-e-doenca-sera-como-a-gripe\/#breadcrumb"},"inLanguage":"pt-PT","potentialAction":[{"@type":"ReadAction","target":["https:\/\/www.altominho.tv\/site\/2022\/01\/26\/portugueses-imunizados-apos-atual-vaga-e-doenca-sera-como-a-gripe\/"]}]},{"@type":"ImageObject","inLanguage":"pt-PT","@id":"https:\/\/www.altominho.tv\/site\/2022\/01\/26\/portugueses-imunizados-apos-atual-vaga-e-doenca-sera-como-a-gripe\/#primaryimage","url":"https:\/\/www.altominho.tv\/site\/wp-content\/uploads\/2021\/12\/image-1.jpeg","contentUrl":"https:\/\/www.altominho.tv\/site\/wp-content\/uploads\/2021\/12\/image-1.jpeg","width":800,"height":450},{"@type":"BreadcrumbList","@id":"https:\/\/www.altominho.tv\/site\/2022\/01\/26\/portugueses-imunizados-apos-atual-vaga-e-doenca-sera-como-a-gripe\/#breadcrumb","itemListElement":[{"@type":"ListItem","position":1,"name":"In\u00edcio","item":"https:\/\/www.altominho.tv\/site\/"},{"@type":"ListItem","position":2,"name":"Portugueses imunizados ap\u00f3s atual vaga e doen\u00e7a ser\u00e1 como a gripe"}]},{"@type":"WebSite","@id":"https:\/\/www.altominho.tv\/site\/#website","url":"https:\/\/www.altominho.tv\/site\/","name":"Altominho.tv","description":"A sua regi\u00e3o \u00e0 dist\u00e2ncia de um clique...","potentialAction":[{"@type":"SearchAction","target":{"@type":"EntryPoint","urlTemplate":"https:\/\/www.altominho.tv\/site\/?s={search_term_string}"},"query-input":{"@type":"PropertyValueSpecification","valueRequired":true,"valueName":"search_term_string"}}],"inLanguage":"pt-PT"},{"@type":"Person","@id":"https:\/\/www.altominho.tv\/site\/#\/schema\/person\/63f693da3e1899361cbe955c46f3232e","name":"Lusa","image":{"@type":"ImageObject","inLanguage":"pt-PT","@id":"https:\/\/www.altominho.tv\/site\/wp-content\/uploads\/2019\/08\/LUSA_Logo.gif","url":"https:\/\/www.altominho.tv\/site\/wp-content\/uploads\/2019\/08\/LUSA_Logo.gif","contentUrl":"https:\/\/www.altominho.tv\/site\/wp-content\/uploads\/2019\/08\/LUSA_Logo.gif","caption":"Lusa"},"sameAs":["http:\/\/\/\/www.altominho.tv\/site"],"url":"https:\/\/www.altominho.tv\/site\/author\/lusa\/"}]}},"_links":{"self":[{"href":"https:\/\/www.altominho.tv\/site\/wp-json\/wp\/v2\/posts\/75437","targetHints":{"allow":["GET"]}}],"collection":[{"href":"https:\/\/www.altominho.tv\/site\/wp-json\/wp\/v2\/posts"}],"about":[{"href":"https:\/\/www.altominho.tv\/site\/wp-json\/wp\/v2\/types\/post"}],"author":[{"embeddable":true,"href":"https:\/\/www.altominho.tv\/site\/wp-json\/wp\/v2\/users\/13"}],"replies":[{"embeddable":true,"href":"https:\/\/www.altominho.tv\/site\/wp-json\/wp\/v2\/comments?post=75437"}],"version-history":[{"count":0,"href":"https:\/\/www.altominho.tv\/site\/wp-json\/wp\/v2\/posts\/75437\/revisions"}],"wp:featuredmedia":[{"embeddable":true,"href":"https:\/\/www.altominho.tv\/site\/wp-json\/wp\/v2\/media\/74096"}],"wp:attachment":[{"href":"https:\/\/www.altominho.tv\/site\/wp-json\/wp\/v2\/media?parent=75437"}],"wp:term":[{"taxonomy":"category","embeddable":true,"href":"https:\/\/www.altominho.tv\/site\/wp-json\/wp\/v2\/categories?post=75437"},{"taxonomy":"post_tag","embeddable":true,"href":"https:\/\/www.altominho.tv\/site\/wp-json\/wp\/v2\/tags?post=75437"}],"curies":[{"name":"wp","href":"https:\/\/api.w.org\/{rel}","templated":true}]}}