{"id":75429,"date":"2022-01-26T18:22:40","date_gmt":"2022-01-26T18:22:40","guid":{"rendered":"https:\/\/www.altominho.tv\/site\/?p=75429"},"modified":"2022-02-16T16:58:01","modified_gmt":"2022-02-16T16:58:01","slug":"declaracao-de-entrada-sem-impacto-na-mobilidade-entre-galiza-e-portugal","status":"publish","type":"post","link":"https:\/\/www.altominho.tv\/site\/2022\/01\/26\/declaracao-de-entrada-sem-impacto-na-mobilidade-entre-galiza-e-portugal\/","title":{"rendered":"Declara\u00e7\u00e3o de entrada sem impacto na mobilidade entre Galiza e Portugal"},"content":{"rendered":"<p data-uw-styling-context=\"true\">O subdiretor do Agrupamento Europeu de Coopera\u00e7\u00e3o Territorial (AECT) Galiza \u2013 Norte de Portugal disse esta quarta-feira que a obriga\u00e7\u00e3o que os viajantes de Portugal t\u00eam de declarar a sua chegada \u00e0 Galiza n\u00e3o restringe a mobilidade entre as regi\u00f5es transfronteiri\u00e7as.<\/p>\n<p class=\"text-paragraph\" data-uw-styling-context=\"true\">\u201cN\u00e3o \u00e9 uma medida que restrinja a circula\u00e7\u00e3o entre a Galiza e o Norte de Portugal. Pelo contr\u00e1rio pode ser ben\u00e9fica para o controlo da evolu\u00e7\u00e3o da pandemia de Covid-19, para a dete\u00e7\u00e3o de surtos da doen\u00e7a e para o despiste de novos casos de infe\u00e7\u00e3o atrav\u00e9s da testagem\u201d, apontou Xos\u00e9 Lago.<\/p>\n<p class=\"text-paragraph\" data-uw-styling-context=\"true\">Contactado pela ag\u00eancia Lusa, a prop\u00f3sito da entrada em vigor da obriga\u00e7\u00e3o dos viajantes de Portugal que permane\u00e7am mais de 24 horas na Galiza de declararem a sua chegada \u00e0 comunidade aut\u00f3noma espanhola, Xos\u00e9 Lago lembrou que \u201cos trabalhadores transfronteiri\u00e7os n\u00e3o t\u00eam de fazer um registo di\u00e1rio\u201d.<\/p>\n<p class=\"text-paragraph\" data-uw-styling-context=\"true\">\u201cFazem o registo apenas uma vez, indicando serem trabalhadores transfronteiri\u00e7os. N\u00e3o \u00e9 uma medida que pretenda restringir a mobilidade. Trata-se apenas de ter um controlo sanit\u00e1rio\u201d, garantiu.<\/p>\n<p class=\"text-paragraph\" data-uw-styling-context=\"true\">Para o subdiretor do AECT Galiza- Norte de Portugal, a medida \u201cn\u00e3o afeta em nada\u201d as rela\u00e7\u00f5es entre as duas regi\u00f5es.<\/p>\n<p class=\"text-paragraph\" data-uw-styling-context=\"true\">\u201cUma pessoa que queira, por exemplo, ir fazer compras \u00e0 Galiza e regressar, no mesmo dia a Portugal, n\u00e3o sofrer\u00e1 grandes transtornos\u201d, assegurou.<\/p>\n<p class=\"text-paragraph\" data-uw-styling-context=\"true\">O respons\u00e1vel referiu que o formul\u00e1rio da declara\u00e7\u00e3o, dispon\u00edvel em formato \u2018online\u2019 \u00e9 \u201cmuito simples de preencher\u201d.<\/p>\n<p class=\"text-paragraph\" data-uw-styling-context=\"true\">\u201cN\u00e3o \u00e9 nada de novo. J\u00e1 est\u00e1 em vigor h\u00e1 mais de um ano, quase desde o in\u00edcio da pandemia de Covid-19. H\u00e1 uma lista de pa\u00edses que entram e saem dessa lista, que \u00e9 atualizada conforme a<\/p>\n<p class=\"text-paragraph\" data-uw-styling-context=\"true\">Quem chegar \u00e0 Galiza depois de ter estado num dos territ\u00f3rios dessa lista durante as duas semanas anteriores \u00e0 sua chegada deve comunicar num prazo m\u00e1ximo de 24 horas e registar os seus dados de contacto numa p\u00e1gina da Internet desenvolvida especificamente para este prop\u00f3sito.<\/p>\n<p class=\"text-paragraph\" data-uw-styling-context=\"true\">O registo de viajantes est\u00e1 pensado apenas para aquelas pessoas que pretendam estar na Galiza mais de 24 horas, pelo que os portugueses que pretendam ficar menos tempo naquele territ\u00f3rio, \u201cseja por trabalho, reuni\u00f5es, visita\u201d, n\u00e3o est\u00e3o inclu\u00eddos nessa medida e \u201cn\u00e3o t\u00eam obriga\u00e7\u00e3o de se registar\u201d, esclareceu hoje a Junta da Galiza.<\/p>\n<p class=\"text-paragraph\" data-uw-styling-context=\"true\">As 17 comunidades aut\u00f3nomas espanholas e as duas cidades aut\u00f3nomas do norte de \u00c1frica (Ceuta e Melilla) t\u00eam compet\u00eancias pr\u00f3prias em mat\u00e9ria de sa\u00fade, o que as leva a aprovar medidas muito diferentes no \u00e2mbito da luta contra a pandemia de covid-19.<\/p>\n<p class=\"text-paragraph\" data-uw-styling-context=\"true\">A lista atualizada dos servi\u00e7os sanit\u00e1rios galegos com os territ\u00f3rios considerado com uma alta incid\u00eancia de Covid-19 passa tamb\u00e9m a incluir todas as comunidades aut\u00f3nomas e cidades de Espanha, exceto seis: Andaluzia, Baleares, Can\u00e1rias, Castela-Mancha, Comunidade Valenciana e Madrid.<\/p>\n<p class=\"text-paragraph\" data-uw-styling-context=\"true\">Quanto aos pa\u00edses e territ\u00f3rios europeus, devem comunicar a sua chegada \u00e0 Galiza as pessoas procedentes de Portugal, Kosovo, Dinamarca, Andorra, Chipre, Ilhas Faro\u00e9, Fran\u00e7a, Gibraltar, Gr\u00e9cia, Guernsey, Isl\u00e2ndia, Irlanda, Ilha de Man, Jersey, Luxemburgo, M\u00f3naco, Montenegro, S\u00e3o Marino, Eslov\u00e9nia e Su\u00ed\u00e7a.<\/p>\n<p class=\"text-paragraph\" data-uw-styling-context=\"true\">A atualiza\u00e7\u00e3o anterior, publicada h\u00e1 duas semanas, apenas inclu\u00eda a Andaluzia, em Espanha, e a Dinamarca, na Europa.<\/p>\n<p class=\"text-paragraph\" data-uw-styling-context=\"true\">A listagem de pa\u00edses inclui ainda v\u00e1rios Estados das Am\u00e9ricas, da \u00c1sia, de \u00c1frica e a Austr\u00e1lia, na Oce\u00e2nia.<\/p>\n<p class=\"text-paragraph\" data-uw-styling-context=\"true\">O governo regional da Galiza referiu que a lista ser\u00e1 objeto de atualiza\u00e7\u00e3o num prazo m\u00e1ximo de 15 dias.<\/p>\n","protected":false},"excerpt":{"rendered":"<p>O subdiretor do Agrupamento Europeu de Coopera\u00e7\u00e3o Territorial (AECT) Galiza \u2013 Norte de Portugal disse esta quarta-feira que a obriga\u00e7\u00e3o que os viajantes de Portugal t\u00eam de declarar a sua chegada \u00e0 Galiza n\u00e3o restringe a mobilidade entre as regi\u00f5es transfronteiri\u00e7as. \u201cN\u00e3o \u00e9 uma medida que restrinja a circula\u00e7\u00e3o entre a Galiza e o Norte [&hellip;]<\/p>\n","protected":false},"author":13,"featured_media":49913,"comment_status":"closed","ping_status":"closed","sticky":false,"template":"","format":"standard","meta":{"_exactmetrics_skip_tracking":false,"_exactmetrics_sitenote_active":false,"_exactmetrics_sitenote_note":"","_exactmetrics_sitenote_category":0,"footnotes":""},"categories":[56325],"tags":[27],"class_list":["post-75429","post","type-post","status-publish","format-standard","has-post-thumbnail","hentry","category-pais","tag-sociedade"],"yoast_head":"<!-- This site is optimized with the Yoast SEO Premium plugin v27.4 (Yoast SEO v27.4) - https:\/\/yoast.com\/product\/yoast-seo-premium-wordpress\/ -->\n<title>Declara\u00e7\u00e3o de entrada sem impacto na mobilidade entre Galiza e Portugal<\/title>\n<meta name=\"description\" content=\"O subdiretor do Agrupamento Europeu de Coopera\u00e7\u00e3o Territorial disse esta quarta-feira que a obriga\u00e7\u00e3o que os viajantes de Portugal t\u00eam de declarar a sua chegada \u00e0 Galiza.\" \/>\n<meta name=\"robots\" content=\"index, follow, max-snippet:-1, max-image-preview:large, max-video-preview:-1\" \/>\n<link rel=\"canonical\" href=\"https:\/\/www.altominho.tv\/site\/2022\/01\/26\/declaracao-de-entrada-sem-impacto-na-mobilidade-entre-galiza-e-portugal\/\" \/>\n<meta property=\"og:locale\" content=\"pt_PT\" \/>\n<meta property=\"og:type\" content=\"article\" \/>\n<meta property=\"og:title\" content=\"Declara\u00e7\u00e3o de entrada sem impacto na mobilidade entre Galiza e Portugal\" \/>\n<meta property=\"og:description\" content=\"O subdiretor do Agrupamento Europeu de Coopera\u00e7\u00e3o Territorial disse esta quarta-feira que a obriga\u00e7\u00e3o que os viajantes de Portugal t\u00eam de declarar a sua chegada \u00e0 Galiza.\" \/>\n<meta property=\"og:url\" content=\"https:\/\/www.altominho.tv\/site\/2022\/01\/26\/declaracao-de-entrada-sem-impacto-na-mobilidade-entre-galiza-e-portugal\/\" \/>\n<meta property=\"og:site_name\" content=\"Altominho.tv\" \/>\n<meta property=\"article:publisher\" content=\"https:\/\/www.facebook.com\/altominhotv\" \/>\n<meta property=\"article:published_time\" content=\"2022-01-26T18:22:40+00:00\" \/>\n<meta property=\"article:modified_time\" content=\"2022-02-16T16:58:01+00:00\" \/>\n<meta property=\"og:image\" content=\"https:\/\/www.altominho.tv\/site\/wp-content\/uploads\/2020\/07\/Fronteira_Galiza.jpg\" \/>\n\t<meta property=\"og:image:width\" content=\"1400\" \/>\n\t<meta property=\"og:image:height\" content=\"789\" \/>\n\t<meta property=\"og:image:type\" content=\"image\/jpeg\" \/>\n<meta name=\"author\" content=\"Lusa\" \/>\n<meta name=\"twitter:card\" content=\"summary_large_image\" \/>\n<meta name=\"twitter:creator\" content=\"@altominhoTV\" \/>\n<meta name=\"twitter:site\" content=\"@altominhoTV\" \/>\n<meta name=\"twitter:label1\" content=\"Escrito por\" \/>\n\t<meta name=\"twitter:data1\" content=\"Lusa\" \/>\n\t<meta name=\"twitter:label2\" content=\"Tempo estimado de leitura\" \/>\n\t<meta name=\"twitter:data2\" content=\"3 minutos\" \/>\n<script type=\"application\/ld+json\" class=\"yoast-schema-graph\">{\"@context\":\"https:\\\/\\\/schema.org\",\"@graph\":[{\"@type\":\"Article\",\"@id\":\"https:\\\/\\\/www.altominho.tv\\\/site\\\/2022\\\/01\\\/26\\\/declaracao-de-entrada-sem-impacto-na-mobilidade-entre-galiza-e-portugal\\\/#article\",\"isPartOf\":{\"@id\":\"https:\\\/\\\/www.altominho.tv\\\/site\\\/2022\\\/01\\\/26\\\/declaracao-de-entrada-sem-impacto-na-mobilidade-entre-galiza-e-portugal\\\/\"},\"author\":{\"name\":\"Lusa\",\"@id\":\"https:\\\/\\\/www.altominho.tv\\\/site\\\/#\\\/schema\\\/person\\\/63f693da3e1899361cbe955c46f3232e\"},\"headline\":\"Declara\u00e7\u00e3o de entrada sem impacto na mobilidade entre Galiza e Portugal\",\"datePublished\":\"2022-01-26T18:22:40+00:00\",\"dateModified\":\"2022-02-16T16:58:01+00:00\",\"mainEntityOfPage\":{\"@id\":\"https:\\\/\\\/www.altominho.tv\\\/site\\\/2022\\\/01\\\/26\\\/declaracao-de-entrada-sem-impacto-na-mobilidade-entre-galiza-e-portugal\\\/\"},\"wordCount\":620,\"image\":{\"@id\":\"https:\\\/\\\/www.altominho.tv\\\/site\\\/2022\\\/01\\\/26\\\/declaracao-de-entrada-sem-impacto-na-mobilidade-entre-galiza-e-portugal\\\/#primaryimage\"},\"thumbnailUrl\":\"https:\\\/\\\/www.altominho.tv\\\/site\\\/wp-content\\\/uploads\\\/2020\\\/07\\\/Fronteira_Galiza.jpg\",\"keywords\":[\"Sociedade\"],\"articleSection\":[\"Pa\u00eds\"],\"inLanguage\":\"pt-PT\",\"copyrightYear\":\"2022\",\"copyrightHolder\":{\"@id\":\"https:\\\/\\\/www.altominho.tv\\\/site\\\/#organization\"}},{\"@type\":\"WebPage\",\"@id\":\"https:\\\/\\\/www.altominho.tv\\\/site\\\/2022\\\/01\\\/26\\\/declaracao-de-entrada-sem-impacto-na-mobilidade-entre-galiza-e-portugal\\\/\",\"url\":\"https:\\\/\\\/www.altominho.tv\\\/site\\\/2022\\\/01\\\/26\\\/declaracao-de-entrada-sem-impacto-na-mobilidade-entre-galiza-e-portugal\\\/\",\"name\":\"Declara\u00e7\u00e3o de entrada sem impacto na mobilidade entre Galiza e Portugal\",\"isPartOf\":{\"@id\":\"https:\\\/\\\/www.altominho.tv\\\/site\\\/#website\"},\"primaryImageOfPage\":{\"@id\":\"https:\\\/\\\/www.altominho.tv\\\/site\\\/2022\\\/01\\\/26\\\/declaracao-de-entrada-sem-impacto-na-mobilidade-entre-galiza-e-portugal\\\/#primaryimage\"},\"image\":{\"@id\":\"https:\\\/\\\/www.altominho.tv\\\/site\\\/2022\\\/01\\\/26\\\/declaracao-de-entrada-sem-impacto-na-mobilidade-entre-galiza-e-portugal\\\/#primaryimage\"},\"thumbnailUrl\":\"https:\\\/\\\/www.altominho.tv\\\/site\\\/wp-content\\\/uploads\\\/2020\\\/07\\\/Fronteira_Galiza.jpg\",\"datePublished\":\"2022-01-26T18:22:40+00:00\",\"dateModified\":\"2022-02-16T16:58:01+00:00\",\"author\":{\"@id\":\"https:\\\/\\\/www.altominho.tv\\\/site\\\/#\\\/schema\\\/person\\\/63f693da3e1899361cbe955c46f3232e\"},\"description\":\"O subdiretor do Agrupamento Europeu de Coopera\u00e7\u00e3o Territorial disse esta quarta-feira que a obriga\u00e7\u00e3o que os viajantes de Portugal t\u00eam de declarar a sua chegada \u00e0 Galiza.\",\"breadcrumb\":{\"@id\":\"https:\\\/\\\/www.altominho.tv\\\/site\\\/2022\\\/01\\\/26\\\/declaracao-de-entrada-sem-impacto-na-mobilidade-entre-galiza-e-portugal\\\/#breadcrumb\"},\"inLanguage\":\"pt-PT\",\"potentialAction\":[{\"@type\":\"ReadAction\",\"target\":[\"https:\\\/\\\/www.altominho.tv\\\/site\\\/2022\\\/01\\\/26\\\/declaracao-de-entrada-sem-impacto-na-mobilidade-entre-galiza-e-portugal\\\/\"]}]},{\"@type\":\"ImageObject\",\"inLanguage\":\"pt-PT\",\"@id\":\"https:\\\/\\\/www.altominho.tv\\\/site\\\/2022\\\/01\\\/26\\\/declaracao-de-entrada-sem-impacto-na-mobilidade-entre-galiza-e-portugal\\\/#primaryimage\",\"url\":\"https:\\\/\\\/www.altominho.tv\\\/site\\\/wp-content\\\/uploads\\\/2020\\\/07\\\/Fronteira_Galiza.jpg\",\"contentUrl\":\"https:\\\/\\\/www.altominho.tv\\\/site\\\/wp-content\\\/uploads\\\/2020\\\/07\\\/Fronteira_Galiza.jpg\",\"width\":1400,\"height\":789},{\"@type\":\"BreadcrumbList\",\"@id\":\"https:\\\/\\\/www.altominho.tv\\\/site\\\/2022\\\/01\\\/26\\\/declaracao-de-entrada-sem-impacto-na-mobilidade-entre-galiza-e-portugal\\\/#breadcrumb\",\"itemListElement\":[{\"@type\":\"ListItem\",\"position\":1,\"name\":\"In\u00edcio\",\"item\":\"https:\\\/\\\/www.altominho.tv\\\/site\\\/\"},{\"@type\":\"ListItem\",\"position\":2,\"name\":\"Declara\u00e7\u00e3o de entrada sem impacto na mobilidade entre Galiza e Portugal\"}]},{\"@type\":\"WebSite\",\"@id\":\"https:\\\/\\\/www.altominho.tv\\\/site\\\/#website\",\"url\":\"https:\\\/\\\/www.altominho.tv\\\/site\\\/\",\"name\":\"Altominho.tv\",\"description\":\"A sua regi\u00e3o \u00e0 dist\u00e2ncia de um clique...\",\"potentialAction\":[{\"@type\":\"SearchAction\",\"target\":{\"@type\":\"EntryPoint\",\"urlTemplate\":\"https:\\\/\\\/www.altominho.tv\\\/site\\\/?s={search_term_string}\"},\"query-input\":{\"@type\":\"PropertyValueSpecification\",\"valueRequired\":true,\"valueName\":\"search_term_string\"}}],\"inLanguage\":\"pt-PT\"},{\"@type\":\"Person\",\"@id\":\"https:\\\/\\\/www.altominho.tv\\\/site\\\/#\\\/schema\\\/person\\\/63f693da3e1899361cbe955c46f3232e\",\"name\":\"Lusa\",\"image\":{\"@type\":\"ImageObject\",\"inLanguage\":\"pt-PT\",\"@id\":\"https:\\\/\\\/www.altominho.tv\\\/site\\\/wp-content\\\/uploads\\\/2019\\\/08\\\/LUSA_Logo.gif\",\"url\":\"https:\\\/\\\/www.altominho.tv\\\/site\\\/wp-content\\\/uploads\\\/2019\\\/08\\\/LUSA_Logo.gif\",\"contentUrl\":\"https:\\\/\\\/www.altominho.tv\\\/site\\\/wp-content\\\/uploads\\\/2019\\\/08\\\/LUSA_Logo.gif\",\"caption\":\"Lusa\"},\"sameAs\":[\"http:\\\/\\\/\\\/\\\/www.altominho.tv\\\/site\"],\"url\":\"https:\\\/\\\/www.altominho.tv\\\/site\\\/author\\\/lusa\\\/\"}]}<\/script>\n<!-- \/ Yoast SEO Premium plugin. -->","yoast_head_json":{"title":"Declara\u00e7\u00e3o de entrada sem impacto na mobilidade entre Galiza e Portugal","description":"O subdiretor do Agrupamento Europeu de Coopera\u00e7\u00e3o Territorial disse esta quarta-feira que a obriga\u00e7\u00e3o que os viajantes de Portugal t\u00eam de declarar a sua chegada \u00e0 Galiza.","robots":{"index":"index","follow":"follow","max-snippet":"max-snippet:-1","max-image-preview":"max-image-preview:large","max-video-preview":"max-video-preview:-1"},"canonical":"https:\/\/www.altominho.tv\/site\/2022\/01\/26\/declaracao-de-entrada-sem-impacto-na-mobilidade-entre-galiza-e-portugal\/","og_locale":"pt_PT","og_type":"article","og_title":"Declara\u00e7\u00e3o de entrada sem impacto na mobilidade entre Galiza e Portugal","og_description":"O subdiretor do Agrupamento Europeu de Coopera\u00e7\u00e3o Territorial disse esta quarta-feira que a obriga\u00e7\u00e3o que os viajantes de Portugal t\u00eam de declarar a sua chegada \u00e0 Galiza.","og_url":"https:\/\/www.altominho.tv\/site\/2022\/01\/26\/declaracao-de-entrada-sem-impacto-na-mobilidade-entre-galiza-e-portugal\/","og_site_name":"Altominho.tv","article_publisher":"https:\/\/www.facebook.com\/altominhotv","article_published_time":"2022-01-26T18:22:40+00:00","article_modified_time":"2022-02-16T16:58:01+00:00","og_image":[{"width":1400,"height":789,"url":"https:\/\/www.altominho.tv\/site\/wp-content\/uploads\/2020\/07\/Fronteira_Galiza.jpg","type":"image\/jpeg"}],"author":"Lusa","twitter_card":"summary_large_image","twitter_creator":"@altominhoTV","twitter_site":"@altominhoTV","twitter_misc":{"Escrito por":"Lusa","Tempo estimado de leitura":"3 minutos"},"schema":{"@context":"https:\/\/schema.org","@graph":[{"@type":"Article","@id":"https:\/\/www.altominho.tv\/site\/2022\/01\/26\/declaracao-de-entrada-sem-impacto-na-mobilidade-entre-galiza-e-portugal\/#article","isPartOf":{"@id":"https:\/\/www.altominho.tv\/site\/2022\/01\/26\/declaracao-de-entrada-sem-impacto-na-mobilidade-entre-galiza-e-portugal\/"},"author":{"name":"Lusa","@id":"https:\/\/www.altominho.tv\/site\/#\/schema\/person\/63f693da3e1899361cbe955c46f3232e"},"headline":"Declara\u00e7\u00e3o de entrada sem impacto na mobilidade entre Galiza e Portugal","datePublished":"2022-01-26T18:22:40+00:00","dateModified":"2022-02-16T16:58:01+00:00","mainEntityOfPage":{"@id":"https:\/\/www.altominho.tv\/site\/2022\/01\/26\/declaracao-de-entrada-sem-impacto-na-mobilidade-entre-galiza-e-portugal\/"},"wordCount":620,"image":{"@id":"https:\/\/www.altominho.tv\/site\/2022\/01\/26\/declaracao-de-entrada-sem-impacto-na-mobilidade-entre-galiza-e-portugal\/#primaryimage"},"thumbnailUrl":"https:\/\/www.altominho.tv\/site\/wp-content\/uploads\/2020\/07\/Fronteira_Galiza.jpg","keywords":["Sociedade"],"articleSection":["Pa\u00eds"],"inLanguage":"pt-PT","copyrightYear":"2022","copyrightHolder":{"@id":"https:\/\/www.altominho.tv\/site\/#organization"}},{"@type":"WebPage","@id":"https:\/\/www.altominho.tv\/site\/2022\/01\/26\/declaracao-de-entrada-sem-impacto-na-mobilidade-entre-galiza-e-portugal\/","url":"https:\/\/www.altominho.tv\/site\/2022\/01\/26\/declaracao-de-entrada-sem-impacto-na-mobilidade-entre-galiza-e-portugal\/","name":"Declara\u00e7\u00e3o de entrada sem impacto na mobilidade entre Galiza e Portugal","isPartOf":{"@id":"https:\/\/www.altominho.tv\/site\/#website"},"primaryImageOfPage":{"@id":"https:\/\/www.altominho.tv\/site\/2022\/01\/26\/declaracao-de-entrada-sem-impacto-na-mobilidade-entre-galiza-e-portugal\/#primaryimage"},"image":{"@id":"https:\/\/www.altominho.tv\/site\/2022\/01\/26\/declaracao-de-entrada-sem-impacto-na-mobilidade-entre-galiza-e-portugal\/#primaryimage"},"thumbnailUrl":"https:\/\/www.altominho.tv\/site\/wp-content\/uploads\/2020\/07\/Fronteira_Galiza.jpg","datePublished":"2022-01-26T18:22:40+00:00","dateModified":"2022-02-16T16:58:01+00:00","author":{"@id":"https:\/\/www.altominho.tv\/site\/#\/schema\/person\/63f693da3e1899361cbe955c46f3232e"},"description":"O subdiretor do Agrupamento Europeu de Coopera\u00e7\u00e3o Territorial disse esta quarta-feira que a obriga\u00e7\u00e3o que os viajantes de Portugal t\u00eam de declarar a sua chegada \u00e0 Galiza.","breadcrumb":{"@id":"https:\/\/www.altominho.tv\/site\/2022\/01\/26\/declaracao-de-entrada-sem-impacto-na-mobilidade-entre-galiza-e-portugal\/#breadcrumb"},"inLanguage":"pt-PT","potentialAction":[{"@type":"ReadAction","target":["https:\/\/www.altominho.tv\/site\/2022\/01\/26\/declaracao-de-entrada-sem-impacto-na-mobilidade-entre-galiza-e-portugal\/"]}]},{"@type":"ImageObject","inLanguage":"pt-PT","@id":"https:\/\/www.altominho.tv\/site\/2022\/01\/26\/declaracao-de-entrada-sem-impacto-na-mobilidade-entre-galiza-e-portugal\/#primaryimage","url":"https:\/\/www.altominho.tv\/site\/wp-content\/uploads\/2020\/07\/Fronteira_Galiza.jpg","contentUrl":"https:\/\/www.altominho.tv\/site\/wp-content\/uploads\/2020\/07\/Fronteira_Galiza.jpg","width":1400,"height":789},{"@type":"BreadcrumbList","@id":"https:\/\/www.altominho.tv\/site\/2022\/01\/26\/declaracao-de-entrada-sem-impacto-na-mobilidade-entre-galiza-e-portugal\/#breadcrumb","itemListElement":[{"@type":"ListItem","position":1,"name":"In\u00edcio","item":"https:\/\/www.altominho.tv\/site\/"},{"@type":"ListItem","position":2,"name":"Declara\u00e7\u00e3o de entrada sem impacto na mobilidade entre Galiza e Portugal"}]},{"@type":"WebSite","@id":"https:\/\/www.altominho.tv\/site\/#website","url":"https:\/\/www.altominho.tv\/site\/","name":"Altominho.tv","description":"A sua regi\u00e3o \u00e0 dist\u00e2ncia de um clique...","potentialAction":[{"@type":"SearchAction","target":{"@type":"EntryPoint","urlTemplate":"https:\/\/www.altominho.tv\/site\/?s={search_term_string}"},"query-input":{"@type":"PropertyValueSpecification","valueRequired":true,"valueName":"search_term_string"}}],"inLanguage":"pt-PT"},{"@type":"Person","@id":"https:\/\/www.altominho.tv\/site\/#\/schema\/person\/63f693da3e1899361cbe955c46f3232e","name":"Lusa","image":{"@type":"ImageObject","inLanguage":"pt-PT","@id":"https:\/\/www.altominho.tv\/site\/wp-content\/uploads\/2019\/08\/LUSA_Logo.gif","url":"https:\/\/www.altominho.tv\/site\/wp-content\/uploads\/2019\/08\/LUSA_Logo.gif","contentUrl":"https:\/\/www.altominho.tv\/site\/wp-content\/uploads\/2019\/08\/LUSA_Logo.gif","caption":"Lusa"},"sameAs":["http:\/\/\/\/www.altominho.tv\/site"],"url":"https:\/\/www.altominho.tv\/site\/author\/lusa\/"}]}},"_links":{"self":[{"href":"https:\/\/www.altominho.tv\/site\/wp-json\/wp\/v2\/posts\/75429","targetHints":{"allow":["GET"]}}],"collection":[{"href":"https:\/\/www.altominho.tv\/site\/wp-json\/wp\/v2\/posts"}],"about":[{"href":"https:\/\/www.altominho.tv\/site\/wp-json\/wp\/v2\/types\/post"}],"author":[{"embeddable":true,"href":"https:\/\/www.altominho.tv\/site\/wp-json\/wp\/v2\/users\/13"}],"replies":[{"embeddable":true,"href":"https:\/\/www.altominho.tv\/site\/wp-json\/wp\/v2\/comments?post=75429"}],"version-history":[{"count":0,"href":"https:\/\/www.altominho.tv\/site\/wp-json\/wp\/v2\/posts\/75429\/revisions"}],"wp:featuredmedia":[{"embeddable":true,"href":"https:\/\/www.altominho.tv\/site\/wp-json\/wp\/v2\/media\/49913"}],"wp:attachment":[{"href":"https:\/\/www.altominho.tv\/site\/wp-json\/wp\/v2\/media?parent=75429"}],"wp:term":[{"taxonomy":"category","embeddable":true,"href":"https:\/\/www.altominho.tv\/site\/wp-json\/wp\/v2\/categories?post=75429"},{"taxonomy":"post_tag","embeddable":true,"href":"https:\/\/www.altominho.tv\/site\/wp-json\/wp\/v2\/tags?post=75429"}],"curies":[{"name":"wp","href":"https:\/\/api.w.org\/{rel}","templated":true}]}}