{"id":75424,"date":"2022-01-26T17:37:26","date_gmt":"2022-01-26T17:37:26","guid":{"rendered":"https:\/\/www.altominho.tv\/site\/?p=75424"},"modified":"2022-02-16T16:59:08","modified_gmt":"2022-02-16T16:59:08","slug":"portugueses-que-fiquem-menos-de-24-horas-na-galiza-sem-obrigacao-de-registo","status":"publish","type":"post","link":"https:\/\/www.altominho.tv\/site\/2022\/01\/26\/portugueses-que-fiquem-menos-de-24-horas-na-galiza-sem-obrigacao-de-registo\/","title":{"rendered":"Portugueses que fiquem menos de 24 horas na Galiza sem obriga\u00e7\u00e3o de registo"},"content":{"rendered":"<p data-uw-styling-context=\"true\">Os portugueses que permane\u00e7am na Galiza durante menos de 24 horas \u201cn\u00e3o t\u00eam obriga\u00e7\u00e3o\u201d de declarar a sua chegada \u00e0quela comunidade aut\u00f3noma espanhola, esclareceu o Servi\u00e7o Galego de Sa\u00fade da Junta da Galiza, esta quarta-feira.<\/p>\n<p class=\"text-paragraph\" data-uw-styling-context=\"true\">\u201cO registo de viajantes est\u00e1 pensado para aquelas pessoas que v\u00e3o estar na Galiza mais de 24 horas\u201d, indica a Junta em resposta escrita a um pedido de esclarecimento do Eixo Atl\u00e2ntico e a que a Lusa teve acesso.<\/p>\n<p class=\"text-paragraph\" data-uw-styling-context=\"true\">No documento, o secret\u00e1rio-geral T\u00e9cnico da Sa\u00fade da Junta da Galiza, Alberto Fuentes Losada, explica que os portugueses que pretendam permanecer menos de 24 horas em territ\u00f3rio galego, \u201cseja por trabalho, reuni\u00f5es, visita\u201d, n\u00e3o est\u00e3o inclu\u00eddos nessa medida e \u201cn\u00e3o t\u00eam obriga\u00e7\u00e3o de se registar\u201d.<\/p>\n<p class=\"text-paragraph\" data-uw-styling-context=\"true\">Para o secret\u00e1rio-geral do Eixo Atl\u00e2ntico do Noroeste Peninsular, entidade que se dedica a apoiar iniciativas que fomentem a coopera\u00e7\u00e3o entre o Norte de Portugal e a Galiza, esta \u00e9 uma \u201cmedida de discrimina\u00e7\u00e3o positiva para os portugueses\u201d, atendendo \u00e0s caracter\u00edsticas das regi\u00f5es.<\/p>\n<p class=\"text-paragraph\" data-uw-styling-context=\"true\">\u201cPortugal n\u00e3o podia ser tratado como um pa\u00eds estrangeiro\u201d, assinalou Xoan Mao.<\/p>\n<p class=\"text-paragraph\" data-uw-styling-context=\"true\">O esclarecimento surge um dia depois de a regi\u00e3o da Galiza ter inclu\u00eddo Portugal na lista pa\u00edses cujos viajantes t\u00eam a obriga\u00e7\u00e3o de declarar a sua chegada \u00e0 comunidade aut\u00f3noma espanhola por serem de territ\u00f3rios considerados de &#8220;alta incid\u00eancia&#8221; da pandemia de Covid-19.<\/p>\n<p class=\"text-paragraph\" data-uw-styling-context=\"true\">Quem chegar \u00e0 Galiza depois de ter estado num dos territ\u00f3rios dessa lista durante as duas semanas anteriores \u00e0 sua chegada deve comunicar num prazo m\u00e1ximo de 24 horas e registar os seus dados de contacto <a href=\"https:\/\/coronavirus.sergas.gal\/viaxeiros\" target=\"_blank\" rel=\"noopener\">numa p\u00e1gina da Internet desenvolvida especificamente para este prop\u00f3sito<\/a>, de acordo com a resolu\u00e7\u00e3o aprovada pelas autoridades regionais.<\/p>\n<p class=\"text-paragraph\" data-uw-styling-context=\"true\">As 17 comunidades aut\u00f3nomas espanholas e as duas cidades aut\u00f3nomas do norte de \u00c1frica (Ceuta e Melilla) t\u00eam compet\u00eancias pr\u00f3prias em mat\u00e9ria de sa\u00fade, o que as leva a aprovar medidas muito diferentes no \u00e2mbito da luta contra a pandemia de Covid-19.<\/p>\n<p class=\"text-paragraph\" data-uw-styling-context=\"true\">A lista atualizada dos servi\u00e7os sanit\u00e1rios galegos com os territ\u00f3rios considerado com uma alta incid\u00eancia de Covid-19 passa tamb\u00e9m a incluir todas as comunidades aut\u00f3nomas e cidades de Espanha, exceto seis: Andaluzia, Baleares, Can\u00e1rias, Castela-Mancha, Comunidade Valenciana e Madrid.<\/p>\n<p class=\"text-paragraph\" data-uw-styling-context=\"true\">Quanto aos pa\u00edses e territ\u00f3rios europeus, devem comunicar a sua chegada \u00e0 Galiza as pessoas procedentes de Portugal, Kosovo, Dinamarca, Andorra, Chipre, Ilhas Faro\u00e9, Fran\u00e7a, Gibraltar, Gr\u00e9cia, Guernsey, Isl\u00e2ndia, Irlanda, Ilha de Man, Jersey, Luxemburgo, M\u00f3naco, Montenegro, S\u00e3o Marino, Eslov\u00e9nia e Su\u00ed\u00e7a.<\/p>\n<p class=\"text-paragraph\" data-uw-styling-context=\"true\">A atualiza\u00e7\u00e3o anterior, publicada h\u00e1 duas semanas, apenas inclu\u00eda a Andaluzia, em Espanha, e a Dinamarca, na Europa.<\/p>\n<p class=\"text-paragraph\" data-uw-styling-context=\"true\">A listagem de pa\u00edses inclui ainda v\u00e1rios Estados das Am\u00e9ricas, da \u00c1sia, de \u00c1frica e a Austr\u00e1lia, na Oce\u00e2nia.<\/p>\n<p class=\"text-paragraph\" data-uw-styling-context=\"true\">O governo regional da Galiza referiu que a lista ser\u00e1 objeto de atualiza\u00e7\u00e3o num prazo m\u00e1ximo de 15 dias.<\/p>\n","protected":false},"excerpt":{"rendered":"<p>Os portugueses que permane\u00e7am na Galiza durante menos de 24 horas \u201cn\u00e3o t\u00eam obriga\u00e7\u00e3o\u201d de declarar a sua chegada \u00e0quela comunidade aut\u00f3noma espanhola, esclareceu o Servi\u00e7o Galego de Sa\u00fade da Junta da Galiza, esta quarta-feira. \u201cO registo de viajantes est\u00e1 pensado para aquelas pessoas que v\u00e3o estar na Galiza mais de 24 horas\u201d, indica a [&hellip;]<\/p>\n","protected":false},"author":13,"featured_media":66029,"comment_status":"closed","ping_status":"closed","sticky":false,"template":"","format":"standard","meta":{"_exactmetrics_skip_tracking":false,"_exactmetrics_sitenote_active":false,"_exactmetrics_sitenote_note":"","_exactmetrics_sitenote_category":0,"footnotes":""},"categories":[56325],"tags":[27],"class_list":["post-75424","post","type-post","status-publish","format-standard","has-post-thumbnail","hentry","category-pais","tag-sociedade"],"yoast_head":"<!-- This site is optimized with the Yoast SEO Premium plugin v27.4 (Yoast SEO v27.4) - https:\/\/yoast.com\/product\/yoast-seo-premium-wordpress\/ -->\n<title>Portugueses que fiquem menos de 24 horas na Galiza sem obriga\u00e7\u00e3o de registo<\/title>\n<meta name=\"description\" content=\"Os portugueses que permane\u00e7am na Galiza durante menos de 24 horas \u201cn\u00e3o t\u00eam obriga\u00e7\u00e3o\u201d de declarar a sua chegada.\" \/>\n<meta name=\"robots\" content=\"index, follow, max-snippet:-1, max-image-preview:large, max-video-preview:-1\" \/>\n<link rel=\"canonical\" href=\"https:\/\/www.altominho.tv\/site\/2022\/01\/26\/portugueses-que-fiquem-menos-de-24-horas-na-galiza-sem-obrigacao-de-registo\/\" \/>\n<meta property=\"og:locale\" content=\"pt_PT\" \/>\n<meta property=\"og:type\" content=\"article\" \/>\n<meta property=\"og:title\" content=\"Portugueses que fiquem menos de 24 horas na Galiza sem obriga\u00e7\u00e3o de registo\" \/>\n<meta property=\"og:description\" content=\"Os portugueses que permane\u00e7am na Galiza durante menos de 24 horas \u201cn\u00e3o t\u00eam obriga\u00e7\u00e3o\u201d de declarar a sua chegada.\" \/>\n<meta property=\"og:url\" content=\"https:\/\/www.altominho.tv\/site\/2022\/01\/26\/portugueses-que-fiquem-menos-de-24-horas-na-galiza-sem-obrigacao-de-registo\/\" \/>\n<meta property=\"og:site_name\" content=\"Altominho.tv\" \/>\n<meta property=\"article:publisher\" content=\"https:\/\/www.facebook.com\/altominhotv\" \/>\n<meta property=\"article:published_time\" content=\"2022-01-26T17:37:26+00:00\" \/>\n<meta property=\"article:modified_time\" content=\"2022-02-16T16:59:08+00:00\" \/>\n<meta property=\"og:image\" content=\"https:\/\/www.altominho.tv\/site\/wp-content\/uploads\/2021\/05\/galiza.jpg\" \/>\n\t<meta property=\"og:image:width\" content=\"711\" \/>\n\t<meta property=\"og:image:height\" content=\"400\" \/>\n\t<meta property=\"og:image:type\" content=\"image\/jpeg\" \/>\n<meta name=\"author\" content=\"Lusa\" \/>\n<meta name=\"twitter:card\" content=\"summary_large_image\" \/>\n<meta name=\"twitter:creator\" content=\"@altominhoTV\" \/>\n<meta name=\"twitter:site\" content=\"@altominhoTV\" \/>\n<meta name=\"twitter:label1\" content=\"Escrito por\" \/>\n\t<meta name=\"twitter:data1\" content=\"Lusa\" \/>\n\t<meta name=\"twitter:label2\" content=\"Tempo estimado de leitura\" \/>\n\t<meta name=\"twitter:data2\" content=\"3 minutos\" \/>\n<script type=\"application\/ld+json\" class=\"yoast-schema-graph\">{\"@context\":\"https:\\\/\\\/schema.org\",\"@graph\":[{\"@type\":\"Article\",\"@id\":\"https:\\\/\\\/www.altominho.tv\\\/site\\\/2022\\\/01\\\/26\\\/portugueses-que-fiquem-menos-de-24-horas-na-galiza-sem-obrigacao-de-registo\\\/#article\",\"isPartOf\":{\"@id\":\"https:\\\/\\\/www.altominho.tv\\\/site\\\/2022\\\/01\\\/26\\\/portugueses-que-fiquem-menos-de-24-horas-na-galiza-sem-obrigacao-de-registo\\\/\"},\"author\":{\"name\":\"Lusa\",\"@id\":\"https:\\\/\\\/www.altominho.tv\\\/site\\\/#\\\/schema\\\/person\\\/63f693da3e1899361cbe955c46f3232e\"},\"headline\":\"Portugueses que fiquem menos de 24 horas na Galiza sem obriga\u00e7\u00e3o de registo\",\"datePublished\":\"2022-01-26T17:37:26+00:00\",\"dateModified\":\"2022-02-16T16:59:08+00:00\",\"mainEntityOfPage\":{\"@id\":\"https:\\\/\\\/www.altominho.tv\\\/site\\\/2022\\\/01\\\/26\\\/portugueses-que-fiquem-menos-de-24-horas-na-galiza-sem-obrigacao-de-registo\\\/\"},\"wordCount\":525,\"image\":{\"@id\":\"https:\\\/\\\/www.altominho.tv\\\/site\\\/2022\\\/01\\\/26\\\/portugueses-que-fiquem-menos-de-24-horas-na-galiza-sem-obrigacao-de-registo\\\/#primaryimage\"},\"thumbnailUrl\":\"https:\\\/\\\/www.altominho.tv\\\/site\\\/wp-content\\\/uploads\\\/2021\\\/05\\\/galiza.jpg\",\"keywords\":[\"Sociedade\"],\"articleSection\":[\"Pa\u00eds\"],\"inLanguage\":\"pt-PT\",\"copyrightYear\":\"2022\",\"copyrightHolder\":{\"@id\":\"https:\\\/\\\/www.altominho.tv\\\/site\\\/#organization\"}},{\"@type\":\"WebPage\",\"@id\":\"https:\\\/\\\/www.altominho.tv\\\/site\\\/2022\\\/01\\\/26\\\/portugueses-que-fiquem-menos-de-24-horas-na-galiza-sem-obrigacao-de-registo\\\/\",\"url\":\"https:\\\/\\\/www.altominho.tv\\\/site\\\/2022\\\/01\\\/26\\\/portugueses-que-fiquem-menos-de-24-horas-na-galiza-sem-obrigacao-de-registo\\\/\",\"name\":\"Portugueses que fiquem menos de 24 horas na Galiza sem obriga\u00e7\u00e3o de registo\",\"isPartOf\":{\"@id\":\"https:\\\/\\\/www.altominho.tv\\\/site\\\/#website\"},\"primaryImageOfPage\":{\"@id\":\"https:\\\/\\\/www.altominho.tv\\\/site\\\/2022\\\/01\\\/26\\\/portugueses-que-fiquem-menos-de-24-horas-na-galiza-sem-obrigacao-de-registo\\\/#primaryimage\"},\"image\":{\"@id\":\"https:\\\/\\\/www.altominho.tv\\\/site\\\/2022\\\/01\\\/26\\\/portugueses-que-fiquem-menos-de-24-horas-na-galiza-sem-obrigacao-de-registo\\\/#primaryimage\"},\"thumbnailUrl\":\"https:\\\/\\\/www.altominho.tv\\\/site\\\/wp-content\\\/uploads\\\/2021\\\/05\\\/galiza.jpg\",\"datePublished\":\"2022-01-26T17:37:26+00:00\",\"dateModified\":\"2022-02-16T16:59:08+00:00\",\"author\":{\"@id\":\"https:\\\/\\\/www.altominho.tv\\\/site\\\/#\\\/schema\\\/person\\\/63f693da3e1899361cbe955c46f3232e\"},\"description\":\"Os portugueses que permane\u00e7am na Galiza durante menos de 24 horas \u201cn\u00e3o t\u00eam obriga\u00e7\u00e3o\u201d de declarar a sua chegada.\",\"breadcrumb\":{\"@id\":\"https:\\\/\\\/www.altominho.tv\\\/site\\\/2022\\\/01\\\/26\\\/portugueses-que-fiquem-menos-de-24-horas-na-galiza-sem-obrigacao-de-registo\\\/#breadcrumb\"},\"inLanguage\":\"pt-PT\",\"potentialAction\":[{\"@type\":\"ReadAction\",\"target\":[\"https:\\\/\\\/www.altominho.tv\\\/site\\\/2022\\\/01\\\/26\\\/portugueses-que-fiquem-menos-de-24-horas-na-galiza-sem-obrigacao-de-registo\\\/\"]}]},{\"@type\":\"ImageObject\",\"inLanguage\":\"pt-PT\",\"@id\":\"https:\\\/\\\/www.altominho.tv\\\/site\\\/2022\\\/01\\\/26\\\/portugueses-que-fiquem-menos-de-24-horas-na-galiza-sem-obrigacao-de-registo\\\/#primaryimage\",\"url\":\"https:\\\/\\\/www.altominho.tv\\\/site\\\/wp-content\\\/uploads\\\/2021\\\/05\\\/galiza.jpg\",\"contentUrl\":\"https:\\\/\\\/www.altominho.tv\\\/site\\\/wp-content\\\/uploads\\\/2021\\\/05\\\/galiza.jpg\",\"width\":711,\"height\":400},{\"@type\":\"BreadcrumbList\",\"@id\":\"https:\\\/\\\/www.altominho.tv\\\/site\\\/2022\\\/01\\\/26\\\/portugueses-que-fiquem-menos-de-24-horas-na-galiza-sem-obrigacao-de-registo\\\/#breadcrumb\",\"itemListElement\":[{\"@type\":\"ListItem\",\"position\":1,\"name\":\"In\u00edcio\",\"item\":\"https:\\\/\\\/www.altominho.tv\\\/site\\\/\"},{\"@type\":\"ListItem\",\"position\":2,\"name\":\"Portugueses que fiquem menos de 24 horas na Galiza sem obriga\u00e7\u00e3o de registo\"}]},{\"@type\":\"WebSite\",\"@id\":\"https:\\\/\\\/www.altominho.tv\\\/site\\\/#website\",\"url\":\"https:\\\/\\\/www.altominho.tv\\\/site\\\/\",\"name\":\"Altominho.tv\",\"description\":\"A sua regi\u00e3o \u00e0 dist\u00e2ncia de um clique...\",\"potentialAction\":[{\"@type\":\"SearchAction\",\"target\":{\"@type\":\"EntryPoint\",\"urlTemplate\":\"https:\\\/\\\/www.altominho.tv\\\/site\\\/?s={search_term_string}\"},\"query-input\":{\"@type\":\"PropertyValueSpecification\",\"valueRequired\":true,\"valueName\":\"search_term_string\"}}],\"inLanguage\":\"pt-PT\"},{\"@type\":\"Person\",\"@id\":\"https:\\\/\\\/www.altominho.tv\\\/site\\\/#\\\/schema\\\/person\\\/63f693da3e1899361cbe955c46f3232e\",\"name\":\"Lusa\",\"image\":{\"@type\":\"ImageObject\",\"inLanguage\":\"pt-PT\",\"@id\":\"https:\\\/\\\/www.altominho.tv\\\/site\\\/wp-content\\\/uploads\\\/2019\\\/08\\\/LUSA_Logo.gif\",\"url\":\"https:\\\/\\\/www.altominho.tv\\\/site\\\/wp-content\\\/uploads\\\/2019\\\/08\\\/LUSA_Logo.gif\",\"contentUrl\":\"https:\\\/\\\/www.altominho.tv\\\/site\\\/wp-content\\\/uploads\\\/2019\\\/08\\\/LUSA_Logo.gif\",\"caption\":\"Lusa\"},\"sameAs\":[\"http:\\\/\\\/\\\/\\\/www.altominho.tv\\\/site\"],\"url\":\"https:\\\/\\\/www.altominho.tv\\\/site\\\/author\\\/lusa\\\/\"}]}<\/script>\n<!-- \/ Yoast SEO Premium plugin. -->","yoast_head_json":{"title":"Portugueses que fiquem menos de 24 horas na Galiza sem obriga\u00e7\u00e3o de registo","description":"Os portugueses que permane\u00e7am na Galiza durante menos de 24 horas \u201cn\u00e3o t\u00eam obriga\u00e7\u00e3o\u201d de declarar a sua chegada.","robots":{"index":"index","follow":"follow","max-snippet":"max-snippet:-1","max-image-preview":"max-image-preview:large","max-video-preview":"max-video-preview:-1"},"canonical":"https:\/\/www.altominho.tv\/site\/2022\/01\/26\/portugueses-que-fiquem-menos-de-24-horas-na-galiza-sem-obrigacao-de-registo\/","og_locale":"pt_PT","og_type":"article","og_title":"Portugueses que fiquem menos de 24 horas na Galiza sem obriga\u00e7\u00e3o de registo","og_description":"Os portugueses que permane\u00e7am na Galiza durante menos de 24 horas \u201cn\u00e3o t\u00eam obriga\u00e7\u00e3o\u201d de declarar a sua chegada.","og_url":"https:\/\/www.altominho.tv\/site\/2022\/01\/26\/portugueses-que-fiquem-menos-de-24-horas-na-galiza-sem-obrigacao-de-registo\/","og_site_name":"Altominho.tv","article_publisher":"https:\/\/www.facebook.com\/altominhotv","article_published_time":"2022-01-26T17:37:26+00:00","article_modified_time":"2022-02-16T16:59:08+00:00","og_image":[{"width":711,"height":400,"url":"https:\/\/www.altominho.tv\/site\/wp-content\/uploads\/2021\/05\/galiza.jpg","type":"image\/jpeg"}],"author":"Lusa","twitter_card":"summary_large_image","twitter_creator":"@altominhoTV","twitter_site":"@altominhoTV","twitter_misc":{"Escrito por":"Lusa","Tempo estimado de leitura":"3 minutos"},"schema":{"@context":"https:\/\/schema.org","@graph":[{"@type":"Article","@id":"https:\/\/www.altominho.tv\/site\/2022\/01\/26\/portugueses-que-fiquem-menos-de-24-horas-na-galiza-sem-obrigacao-de-registo\/#article","isPartOf":{"@id":"https:\/\/www.altominho.tv\/site\/2022\/01\/26\/portugueses-que-fiquem-menos-de-24-horas-na-galiza-sem-obrigacao-de-registo\/"},"author":{"name":"Lusa","@id":"https:\/\/www.altominho.tv\/site\/#\/schema\/person\/63f693da3e1899361cbe955c46f3232e"},"headline":"Portugueses que fiquem menos de 24 horas na Galiza sem obriga\u00e7\u00e3o de registo","datePublished":"2022-01-26T17:37:26+00:00","dateModified":"2022-02-16T16:59:08+00:00","mainEntityOfPage":{"@id":"https:\/\/www.altominho.tv\/site\/2022\/01\/26\/portugueses-que-fiquem-menos-de-24-horas-na-galiza-sem-obrigacao-de-registo\/"},"wordCount":525,"image":{"@id":"https:\/\/www.altominho.tv\/site\/2022\/01\/26\/portugueses-que-fiquem-menos-de-24-horas-na-galiza-sem-obrigacao-de-registo\/#primaryimage"},"thumbnailUrl":"https:\/\/www.altominho.tv\/site\/wp-content\/uploads\/2021\/05\/galiza.jpg","keywords":["Sociedade"],"articleSection":["Pa\u00eds"],"inLanguage":"pt-PT","copyrightYear":"2022","copyrightHolder":{"@id":"https:\/\/www.altominho.tv\/site\/#organization"}},{"@type":"WebPage","@id":"https:\/\/www.altominho.tv\/site\/2022\/01\/26\/portugueses-que-fiquem-menos-de-24-horas-na-galiza-sem-obrigacao-de-registo\/","url":"https:\/\/www.altominho.tv\/site\/2022\/01\/26\/portugueses-que-fiquem-menos-de-24-horas-na-galiza-sem-obrigacao-de-registo\/","name":"Portugueses que fiquem menos de 24 horas na Galiza sem obriga\u00e7\u00e3o de registo","isPartOf":{"@id":"https:\/\/www.altominho.tv\/site\/#website"},"primaryImageOfPage":{"@id":"https:\/\/www.altominho.tv\/site\/2022\/01\/26\/portugueses-que-fiquem-menos-de-24-horas-na-galiza-sem-obrigacao-de-registo\/#primaryimage"},"image":{"@id":"https:\/\/www.altominho.tv\/site\/2022\/01\/26\/portugueses-que-fiquem-menos-de-24-horas-na-galiza-sem-obrigacao-de-registo\/#primaryimage"},"thumbnailUrl":"https:\/\/www.altominho.tv\/site\/wp-content\/uploads\/2021\/05\/galiza.jpg","datePublished":"2022-01-26T17:37:26+00:00","dateModified":"2022-02-16T16:59:08+00:00","author":{"@id":"https:\/\/www.altominho.tv\/site\/#\/schema\/person\/63f693da3e1899361cbe955c46f3232e"},"description":"Os portugueses que permane\u00e7am na Galiza durante menos de 24 horas \u201cn\u00e3o t\u00eam obriga\u00e7\u00e3o\u201d de declarar a sua chegada.","breadcrumb":{"@id":"https:\/\/www.altominho.tv\/site\/2022\/01\/26\/portugueses-que-fiquem-menos-de-24-horas-na-galiza-sem-obrigacao-de-registo\/#breadcrumb"},"inLanguage":"pt-PT","potentialAction":[{"@type":"ReadAction","target":["https:\/\/www.altominho.tv\/site\/2022\/01\/26\/portugueses-que-fiquem-menos-de-24-horas-na-galiza-sem-obrigacao-de-registo\/"]}]},{"@type":"ImageObject","inLanguage":"pt-PT","@id":"https:\/\/www.altominho.tv\/site\/2022\/01\/26\/portugueses-que-fiquem-menos-de-24-horas-na-galiza-sem-obrigacao-de-registo\/#primaryimage","url":"https:\/\/www.altominho.tv\/site\/wp-content\/uploads\/2021\/05\/galiza.jpg","contentUrl":"https:\/\/www.altominho.tv\/site\/wp-content\/uploads\/2021\/05\/galiza.jpg","width":711,"height":400},{"@type":"BreadcrumbList","@id":"https:\/\/www.altominho.tv\/site\/2022\/01\/26\/portugueses-que-fiquem-menos-de-24-horas-na-galiza-sem-obrigacao-de-registo\/#breadcrumb","itemListElement":[{"@type":"ListItem","position":1,"name":"In\u00edcio","item":"https:\/\/www.altominho.tv\/site\/"},{"@type":"ListItem","position":2,"name":"Portugueses que fiquem menos de 24 horas na Galiza sem obriga\u00e7\u00e3o de registo"}]},{"@type":"WebSite","@id":"https:\/\/www.altominho.tv\/site\/#website","url":"https:\/\/www.altominho.tv\/site\/","name":"Altominho.tv","description":"A sua regi\u00e3o \u00e0 dist\u00e2ncia de um clique...","potentialAction":[{"@type":"SearchAction","target":{"@type":"EntryPoint","urlTemplate":"https:\/\/www.altominho.tv\/site\/?s={search_term_string}"},"query-input":{"@type":"PropertyValueSpecification","valueRequired":true,"valueName":"search_term_string"}}],"inLanguage":"pt-PT"},{"@type":"Person","@id":"https:\/\/www.altominho.tv\/site\/#\/schema\/person\/63f693da3e1899361cbe955c46f3232e","name":"Lusa","image":{"@type":"ImageObject","inLanguage":"pt-PT","@id":"https:\/\/www.altominho.tv\/site\/wp-content\/uploads\/2019\/08\/LUSA_Logo.gif","url":"https:\/\/www.altominho.tv\/site\/wp-content\/uploads\/2019\/08\/LUSA_Logo.gif","contentUrl":"https:\/\/www.altominho.tv\/site\/wp-content\/uploads\/2019\/08\/LUSA_Logo.gif","caption":"Lusa"},"sameAs":["http:\/\/\/\/www.altominho.tv\/site"],"url":"https:\/\/www.altominho.tv\/site\/author\/lusa\/"}]}},"_links":{"self":[{"href":"https:\/\/www.altominho.tv\/site\/wp-json\/wp\/v2\/posts\/75424","targetHints":{"allow":["GET"]}}],"collection":[{"href":"https:\/\/www.altominho.tv\/site\/wp-json\/wp\/v2\/posts"}],"about":[{"href":"https:\/\/www.altominho.tv\/site\/wp-json\/wp\/v2\/types\/post"}],"author":[{"embeddable":true,"href":"https:\/\/www.altominho.tv\/site\/wp-json\/wp\/v2\/users\/13"}],"replies":[{"embeddable":true,"href":"https:\/\/www.altominho.tv\/site\/wp-json\/wp\/v2\/comments?post=75424"}],"version-history":[{"count":0,"href":"https:\/\/www.altominho.tv\/site\/wp-json\/wp\/v2\/posts\/75424\/revisions"}],"wp:featuredmedia":[{"embeddable":true,"href":"https:\/\/www.altominho.tv\/site\/wp-json\/wp\/v2\/media\/66029"}],"wp:attachment":[{"href":"https:\/\/www.altominho.tv\/site\/wp-json\/wp\/v2\/media?parent=75424"}],"wp:term":[{"taxonomy":"category","embeddable":true,"href":"https:\/\/www.altominho.tv\/site\/wp-json\/wp\/v2\/categories?post=75424"},{"taxonomy":"post_tag","embeddable":true,"href":"https:\/\/www.altominho.tv\/site\/wp-json\/wp\/v2\/tags?post=75424"}],"curies":[{"name":"wp","href":"https:\/\/api.w.org\/{rel}","templated":true}]}}