{"id":75404,"date":"2022-01-26T16:01:46","date_gmt":"2022-01-26T16:01:46","guid":{"rendered":"https:\/\/www.altominho.tv\/site\/?p=75404"},"modified":"2022-02-17T16:37:54","modified_gmt":"2022-02-17T16:37:54","slug":"portugal-com-mais-42-mortes-e-65-578-casos-de-covid-19","status":"publish","type":"post","link":"https:\/\/www.altominho.tv\/site\/2022\/01\/26\/portugal-com-mais-42-mortes-e-65-578-casos-de-covid-19\/","title":{"rendered":"Portugal com mais 42 mortes e 65.578 casos de Covid-19"},"content":{"rendered":"<p>Portugal registou 65.578 novas infe\u00e7\u00f5es com o coronav\u00edrus SARS-CoV-2, um novo m\u00e1ximo di\u00e1rio de casos desde o in\u00edcio da pandemia, e mais 42 mortes associadas \u00e0 Covid-19, segundo n\u00fameros divulgados esta quarta-feira pela Dire\u00e7\u00e3o-Geral da Sa\u00fade (DGS).<\/p>\n<p>Desde mar\u00e7o de 2020, o pa\u00eds contabiliza um total de 2.337.818 casos positivos e 19.703 \u00f3bitos.<\/p>\n<p class=\"text-paragraph\">O boletim epidemiol\u00f3gico di\u00e1rio da DGS indica que est\u00e3o internadas 2313 pessoas, menos sete do que na atualiza\u00e7\u00e3o anterior, 154 das quais em unidades de cuidados intensivos, onde est\u00e3o menos quatro pessoas.<\/p>\n<p class=\"text-paragraph\">O n\u00famero de casos ativos aumentou para 515.962, com mais 3.391. No \u00faltimo dia, foram ainda dadas como recuperadas 62.145 pessoas, o que eleva o total para 1.842.153.<\/p>\n","protected":false},"excerpt":{"rendered":"<p>Portugal registou 65.578 novas infe\u00e7\u00f5es com o coronav\u00edrus SARS-CoV-2, um novo m\u00e1ximo di\u00e1rio de casos desde o in\u00edcio da pandemia, e mais 42 mortes associadas \u00e0 Covid-19, segundo n\u00fameros divulgados esta quarta-feira pela Dire\u00e7\u00e3o-Geral da Sa\u00fade (DGS). Desde mar\u00e7o de 2020, o pa\u00eds contabiliza um total de 2.337.818 casos positivos e 19.703 \u00f3bitos. O boletim [&hellip;]<\/p>\n","protected":false},"author":12,"featured_media":69516,"comment_status":"closed","ping_status":"closed","sticky":false,"template":"","format":"standard","meta":{"_exactmetrics_skip_tracking":false,"_exactmetrics_sitenote_active":false,"_exactmetrics_sitenote_note":"","_exactmetrics_sitenote_category":0,"footnotes":""},"categories":[42722],"tags":[26,27],"class_list":["post-75404","post","type-post","status-publish","format-standard","has-post-thumbnail","hentry","category-covid-19","tag-saude","tag-sociedade"],"yoast_head":"<!-- This site is optimized with the Yoast SEO Premium plugin v27.5 (Yoast SEO v27.5) - https:\/\/yoast.com\/product\/yoast-seo-premium-wordpress\/ -->\n<title>Portugal com mais 42 mortes e 65.578 casos de Covid-19<\/title>\n<meta name=\"description\" content=\"Portugal registou 65.578 novas infe\u00e7\u00f5es, um novo m\u00e1ximo di\u00e1rio de casos desde o in\u00edcio da pandemia, e mais 42 mortes associadas \u00e0 Covid-19.\" \/>\n<meta name=\"robots\" content=\"index, follow, max-snippet:-1, max-image-preview:large, max-video-preview:-1\" \/>\n<link rel=\"canonical\" href=\"https:\/\/www.altominho.tv\/site\/2022\/01\/26\/portugal-com-mais-42-mortes-e-65-578-casos-de-covid-19\/\" \/>\n<meta property=\"og:locale\" content=\"pt_PT\" \/>\n<meta property=\"og:type\" content=\"article\" \/>\n<meta property=\"og:title\" content=\"Portugal com mais 42 mortes e 65.578 casos de Covid-19\" \/>\n<meta property=\"og:description\" content=\"Portugal registou 65.578 novas infe\u00e7\u00f5es, um novo m\u00e1ximo di\u00e1rio de casos desde o in\u00edcio da pandemia, e mais 42 mortes associadas \u00e0 Covid-19.\" \/>\n<meta property=\"og:url\" content=\"https:\/\/www.altominho.tv\/site\/2022\/01\/26\/portugal-com-mais-42-mortes-e-65-578-casos-de-covid-19\/\" \/>\n<meta property=\"og:site_name\" content=\"Altominho.tv\" \/>\n<meta property=\"article:publisher\" content=\"https:\/\/www.facebook.com\/altominhotv\" \/>\n<meta property=\"article:published_time\" content=\"2022-01-26T16:01:46+00:00\" \/>\n<meta property=\"article:modified_time\" content=\"2022-02-17T16:37:54+00:00\" \/>\n<meta property=\"og:image\" content=\"https:\/\/www.altominho.tv\/site\/wp-content\/uploads\/2021\/08\/Captura-de-ecra\u0303-2021-08-24-a\u0300s-11.53.50.png\" \/>\n\t<meta property=\"og:image:width\" content=\"1276\" \/>\n\t<meta property=\"og:image:height\" content=\"653\" \/>\n\t<meta property=\"og:image:type\" content=\"image\/png\" \/>\n<meta name=\"author\" content=\"Andreia Ferreira\" \/>\n<meta name=\"twitter:card\" content=\"summary_large_image\" \/>\n<meta name=\"twitter:creator\" content=\"@altominhoTV\" \/>\n<meta name=\"twitter:site\" content=\"@altominhoTV\" \/>\n<meta name=\"twitter:label1\" content=\"Escrito por\" \/>\n\t<meta name=\"twitter:data1\" content=\"Andreia Ferreira\" \/>\n\t<meta name=\"twitter:label2\" content=\"Tempo estimado de leitura\" \/>\n\t<meta name=\"twitter:data2\" content=\"1 minuto\" \/>\n<script type=\"application\/ld+json\" class=\"yoast-schema-graph\">{\"@context\":\"https:\\\/\\\/schema.org\",\"@graph\":[{\"@type\":\"Article\",\"@id\":\"https:\\\/\\\/www.altominho.tv\\\/site\\\/2022\\\/01\\\/26\\\/portugal-com-mais-42-mortes-e-65-578-casos-de-covid-19\\\/#article\",\"isPartOf\":{\"@id\":\"https:\\\/\\\/www.altominho.tv\\\/site\\\/2022\\\/01\\\/26\\\/portugal-com-mais-42-mortes-e-65-578-casos-de-covid-19\\\/\"},\"author\":{\"name\":\"Andreia Ferreira\",\"@id\":\"https:\\\/\\\/www.altominho.tv\\\/site\\\/#\\\/schema\\\/person\\\/d9be4265364723f14ea8e0d56a1d38cd\"},\"headline\":\"Portugal com mais 42 mortes e 65.578 casos de Covid-19\",\"datePublished\":\"2022-01-26T16:01:46+00:00\",\"dateModified\":\"2022-02-17T16:37:54+00:00\",\"mainEntityOfPage\":{\"@id\":\"https:\\\/\\\/www.altominho.tv\\\/site\\\/2022\\\/01\\\/26\\\/portugal-com-mais-42-mortes-e-65-578-casos-de-covid-19\\\/\"},\"wordCount\":125,\"image\":{\"@id\":\"https:\\\/\\\/www.altominho.tv\\\/site\\\/2022\\\/01\\\/26\\\/portugal-com-mais-42-mortes-e-65-578-casos-de-covid-19\\\/#primaryimage\"},\"thumbnailUrl\":\"https:\\\/\\\/www.altominho.tv\\\/site\\\/wp-content\\\/uploads\\\/2021\\\/08\\\/Captura-de-ecra\u0303-2021-08-24-a\u0300s-11.53.50.png\",\"keywords\":[\"Sa\u00fade\",\"Sociedade\"],\"articleSection\":[\"Coronav\u00edrus\"],\"inLanguage\":\"pt-PT\",\"copyrightYear\":\"2022\",\"copyrightHolder\":{\"@id\":\"https:\\\/\\\/www.altominho.tv\\\/site\\\/#organization\"}},{\"@type\":\"WebPage\",\"@id\":\"https:\\\/\\\/www.altominho.tv\\\/site\\\/2022\\\/01\\\/26\\\/portugal-com-mais-42-mortes-e-65-578-casos-de-covid-19\\\/\",\"url\":\"https:\\\/\\\/www.altominho.tv\\\/site\\\/2022\\\/01\\\/26\\\/portugal-com-mais-42-mortes-e-65-578-casos-de-covid-19\\\/\",\"name\":\"Portugal com mais 42 mortes e 65.578 casos de Covid-19\",\"isPartOf\":{\"@id\":\"https:\\\/\\\/www.altominho.tv\\\/site\\\/#website\"},\"primaryImageOfPage\":{\"@id\":\"https:\\\/\\\/www.altominho.tv\\\/site\\\/2022\\\/01\\\/26\\\/portugal-com-mais-42-mortes-e-65-578-casos-de-covid-19\\\/#primaryimage\"},\"image\":{\"@id\":\"https:\\\/\\\/www.altominho.tv\\\/site\\\/2022\\\/01\\\/26\\\/portugal-com-mais-42-mortes-e-65-578-casos-de-covid-19\\\/#primaryimage\"},\"thumbnailUrl\":\"https:\\\/\\\/www.altominho.tv\\\/site\\\/wp-content\\\/uploads\\\/2021\\\/08\\\/Captura-de-ecra\u0303-2021-08-24-a\u0300s-11.53.50.png\",\"datePublished\":\"2022-01-26T16:01:46+00:00\",\"dateModified\":\"2022-02-17T16:37:54+00:00\",\"author\":{\"@id\":\"https:\\\/\\\/www.altominho.tv\\\/site\\\/#\\\/schema\\\/person\\\/d9be4265364723f14ea8e0d56a1d38cd\"},\"description\":\"Portugal registou 65.578 novas infe\u00e7\u00f5es, um novo m\u00e1ximo di\u00e1rio de casos desde o in\u00edcio da pandemia, e mais 42 mortes associadas \u00e0 Covid-19.\",\"breadcrumb\":{\"@id\":\"https:\\\/\\\/www.altominho.tv\\\/site\\\/2022\\\/01\\\/26\\\/portugal-com-mais-42-mortes-e-65-578-casos-de-covid-19\\\/#breadcrumb\"},\"inLanguage\":\"pt-PT\",\"potentialAction\":[{\"@type\":\"ReadAction\",\"target\":[\"https:\\\/\\\/www.altominho.tv\\\/site\\\/2022\\\/01\\\/26\\\/portugal-com-mais-42-mortes-e-65-578-casos-de-covid-19\\\/\"]}]},{\"@type\":\"ImageObject\",\"inLanguage\":\"pt-PT\",\"@id\":\"https:\\\/\\\/www.altominho.tv\\\/site\\\/2022\\\/01\\\/26\\\/portugal-com-mais-42-mortes-e-65-578-casos-de-covid-19\\\/#primaryimage\",\"url\":\"https:\\\/\\\/www.altominho.tv\\\/site\\\/wp-content\\\/uploads\\\/2021\\\/08\\\/Captura-de-ecra\u0303-2021-08-24-a\u0300s-11.53.50.png\",\"contentUrl\":\"https:\\\/\\\/www.altominho.tv\\\/site\\\/wp-content\\\/uploads\\\/2021\\\/08\\\/Captura-de-ecra\u0303-2021-08-24-a\u0300s-11.53.50.png\",\"width\":1276,\"height\":653},{\"@type\":\"BreadcrumbList\",\"@id\":\"https:\\\/\\\/www.altominho.tv\\\/site\\\/2022\\\/01\\\/26\\\/portugal-com-mais-42-mortes-e-65-578-casos-de-covid-19\\\/#breadcrumb\",\"itemListElement\":[{\"@type\":\"ListItem\",\"position\":1,\"name\":\"In\u00edcio\",\"item\":\"https:\\\/\\\/www.altominho.tv\\\/site\\\/\"},{\"@type\":\"ListItem\",\"position\":2,\"name\":\"Portugal com mais 42 mortes e 65.578 casos de Covid-19\"}]},{\"@type\":\"WebSite\",\"@id\":\"https:\\\/\\\/www.altominho.tv\\\/site\\\/#website\",\"url\":\"https:\\\/\\\/www.altominho.tv\\\/site\\\/\",\"name\":\"Altominho.tv\",\"description\":\"A sua regi\u00e3o \u00e0 dist\u00e2ncia de um clique...\",\"potentialAction\":[{\"@type\":\"SearchAction\",\"target\":{\"@type\":\"EntryPoint\",\"urlTemplate\":\"https:\\\/\\\/www.altominho.tv\\\/site\\\/?s={search_term_string}\"},\"query-input\":{\"@type\":\"PropertyValueSpecification\",\"valueRequired\":true,\"valueName\":\"search_term_string\"}}],\"inLanguage\":\"pt-PT\"},{\"@type\":\"Person\",\"@id\":\"https:\\\/\\\/www.altominho.tv\\\/site\\\/#\\\/schema\\\/person\\\/d9be4265364723f14ea8e0d56a1d38cd\",\"name\":\"Andreia Ferreira\",\"image\":{\"@type\":\"ImageObject\",\"inLanguage\":\"pt-PT\",\"@id\":\"https:\\\/\\\/www.altominho.tv\\\/site\\\/wp-content\\\/uploads\\\/2021\\\/01\\\/AndreiaFerreira-150x150.jpg\",\"url\":\"https:\\\/\\\/www.altominho.tv\\\/site\\\/wp-content\\\/uploads\\\/2021\\\/01\\\/AndreiaFerreira-150x150.jpg\",\"contentUrl\":\"https:\\\/\\\/www.altominho.tv\\\/site\\\/wp-content\\\/uploads\\\/2021\\\/01\\\/AndreiaFerreira-150x150.jpg\",\"caption\":\"Andreia Ferreira\"},\"url\":\"https:\\\/\\\/www.altominho.tv\\\/site\\\/author\\\/andreiaferreira\\\/\"}]}<\/script>\n<!-- \/ Yoast SEO Premium plugin. -->","yoast_head_json":{"title":"Portugal com mais 42 mortes e 65.578 casos de Covid-19","description":"Portugal registou 65.578 novas infe\u00e7\u00f5es, um novo m\u00e1ximo di\u00e1rio de casos desde o in\u00edcio da pandemia, e mais 42 mortes associadas \u00e0 Covid-19.","robots":{"index":"index","follow":"follow","max-snippet":"max-snippet:-1","max-image-preview":"max-image-preview:large","max-video-preview":"max-video-preview:-1"},"canonical":"https:\/\/www.altominho.tv\/site\/2022\/01\/26\/portugal-com-mais-42-mortes-e-65-578-casos-de-covid-19\/","og_locale":"pt_PT","og_type":"article","og_title":"Portugal com mais 42 mortes e 65.578 casos de Covid-19","og_description":"Portugal registou 65.578 novas infe\u00e7\u00f5es, um novo m\u00e1ximo di\u00e1rio de casos desde o in\u00edcio da pandemia, e mais 42 mortes associadas \u00e0 Covid-19.","og_url":"https:\/\/www.altominho.tv\/site\/2022\/01\/26\/portugal-com-mais-42-mortes-e-65-578-casos-de-covid-19\/","og_site_name":"Altominho.tv","article_publisher":"https:\/\/www.facebook.com\/altominhotv","article_published_time":"2022-01-26T16:01:46+00:00","article_modified_time":"2022-02-17T16:37:54+00:00","og_image":[{"width":1276,"height":653,"url":"https:\/\/www.altominho.tv\/site\/wp-content\/uploads\/2021\/08\/Captura-de-ecra\u0303-2021-08-24-a\u0300s-11.53.50.png","type":"image\/png"}],"author":"Andreia Ferreira","twitter_card":"summary_large_image","twitter_creator":"@altominhoTV","twitter_site":"@altominhoTV","twitter_misc":{"Escrito por":"Andreia Ferreira","Tempo estimado de leitura":"1 minuto"},"schema":{"@context":"https:\/\/schema.org","@graph":[{"@type":"Article","@id":"https:\/\/www.altominho.tv\/site\/2022\/01\/26\/portugal-com-mais-42-mortes-e-65-578-casos-de-covid-19\/#article","isPartOf":{"@id":"https:\/\/www.altominho.tv\/site\/2022\/01\/26\/portugal-com-mais-42-mortes-e-65-578-casos-de-covid-19\/"},"author":{"name":"Andreia Ferreira","@id":"https:\/\/www.altominho.tv\/site\/#\/schema\/person\/d9be4265364723f14ea8e0d56a1d38cd"},"headline":"Portugal com mais 42 mortes e 65.578 casos de Covid-19","datePublished":"2022-01-26T16:01:46+00:00","dateModified":"2022-02-17T16:37:54+00:00","mainEntityOfPage":{"@id":"https:\/\/www.altominho.tv\/site\/2022\/01\/26\/portugal-com-mais-42-mortes-e-65-578-casos-de-covid-19\/"},"wordCount":125,"image":{"@id":"https:\/\/www.altominho.tv\/site\/2022\/01\/26\/portugal-com-mais-42-mortes-e-65-578-casos-de-covid-19\/#primaryimage"},"thumbnailUrl":"https:\/\/www.altominho.tv\/site\/wp-content\/uploads\/2021\/08\/Captura-de-ecra\u0303-2021-08-24-a\u0300s-11.53.50.png","keywords":["Sa\u00fade","Sociedade"],"articleSection":["Coronav\u00edrus"],"inLanguage":"pt-PT","copyrightYear":"2022","copyrightHolder":{"@id":"https:\/\/www.altominho.tv\/site\/#organization"}},{"@type":"WebPage","@id":"https:\/\/www.altominho.tv\/site\/2022\/01\/26\/portugal-com-mais-42-mortes-e-65-578-casos-de-covid-19\/","url":"https:\/\/www.altominho.tv\/site\/2022\/01\/26\/portugal-com-mais-42-mortes-e-65-578-casos-de-covid-19\/","name":"Portugal com mais 42 mortes e 65.578 casos de Covid-19","isPartOf":{"@id":"https:\/\/www.altominho.tv\/site\/#website"},"primaryImageOfPage":{"@id":"https:\/\/www.altominho.tv\/site\/2022\/01\/26\/portugal-com-mais-42-mortes-e-65-578-casos-de-covid-19\/#primaryimage"},"image":{"@id":"https:\/\/www.altominho.tv\/site\/2022\/01\/26\/portugal-com-mais-42-mortes-e-65-578-casos-de-covid-19\/#primaryimage"},"thumbnailUrl":"https:\/\/www.altominho.tv\/site\/wp-content\/uploads\/2021\/08\/Captura-de-ecra\u0303-2021-08-24-a\u0300s-11.53.50.png","datePublished":"2022-01-26T16:01:46+00:00","dateModified":"2022-02-17T16:37:54+00:00","author":{"@id":"https:\/\/www.altominho.tv\/site\/#\/schema\/person\/d9be4265364723f14ea8e0d56a1d38cd"},"description":"Portugal registou 65.578 novas infe\u00e7\u00f5es, um novo m\u00e1ximo di\u00e1rio de casos desde o in\u00edcio da pandemia, e mais 42 mortes associadas \u00e0 Covid-19.","breadcrumb":{"@id":"https:\/\/www.altominho.tv\/site\/2022\/01\/26\/portugal-com-mais-42-mortes-e-65-578-casos-de-covid-19\/#breadcrumb"},"inLanguage":"pt-PT","potentialAction":[{"@type":"ReadAction","target":["https:\/\/www.altominho.tv\/site\/2022\/01\/26\/portugal-com-mais-42-mortes-e-65-578-casos-de-covid-19\/"]}]},{"@type":"ImageObject","inLanguage":"pt-PT","@id":"https:\/\/www.altominho.tv\/site\/2022\/01\/26\/portugal-com-mais-42-mortes-e-65-578-casos-de-covid-19\/#primaryimage","url":"https:\/\/www.altominho.tv\/site\/wp-content\/uploads\/2021\/08\/Captura-de-ecra\u0303-2021-08-24-a\u0300s-11.53.50.png","contentUrl":"https:\/\/www.altominho.tv\/site\/wp-content\/uploads\/2021\/08\/Captura-de-ecra\u0303-2021-08-24-a\u0300s-11.53.50.png","width":1276,"height":653},{"@type":"BreadcrumbList","@id":"https:\/\/www.altominho.tv\/site\/2022\/01\/26\/portugal-com-mais-42-mortes-e-65-578-casos-de-covid-19\/#breadcrumb","itemListElement":[{"@type":"ListItem","position":1,"name":"In\u00edcio","item":"https:\/\/www.altominho.tv\/site\/"},{"@type":"ListItem","position":2,"name":"Portugal com mais 42 mortes e 65.578 casos de Covid-19"}]},{"@type":"WebSite","@id":"https:\/\/www.altominho.tv\/site\/#website","url":"https:\/\/www.altominho.tv\/site\/","name":"Altominho.tv","description":"A sua regi\u00e3o \u00e0 dist\u00e2ncia de um clique...","potentialAction":[{"@type":"SearchAction","target":{"@type":"EntryPoint","urlTemplate":"https:\/\/www.altominho.tv\/site\/?s={search_term_string}"},"query-input":{"@type":"PropertyValueSpecification","valueRequired":true,"valueName":"search_term_string"}}],"inLanguage":"pt-PT"},{"@type":"Person","@id":"https:\/\/www.altominho.tv\/site\/#\/schema\/person\/d9be4265364723f14ea8e0d56a1d38cd","name":"Andreia Ferreira","image":{"@type":"ImageObject","inLanguage":"pt-PT","@id":"https:\/\/www.altominho.tv\/site\/wp-content\/uploads\/2021\/01\/AndreiaFerreira-150x150.jpg","url":"https:\/\/www.altominho.tv\/site\/wp-content\/uploads\/2021\/01\/AndreiaFerreira-150x150.jpg","contentUrl":"https:\/\/www.altominho.tv\/site\/wp-content\/uploads\/2021\/01\/AndreiaFerreira-150x150.jpg","caption":"Andreia Ferreira"},"url":"https:\/\/www.altominho.tv\/site\/author\/andreiaferreira\/"}]}},"_links":{"self":[{"href":"https:\/\/www.altominho.tv\/site\/wp-json\/wp\/v2\/posts\/75404","targetHints":{"allow":["GET"]}}],"collection":[{"href":"https:\/\/www.altominho.tv\/site\/wp-json\/wp\/v2\/posts"}],"about":[{"href":"https:\/\/www.altominho.tv\/site\/wp-json\/wp\/v2\/types\/post"}],"author":[{"embeddable":true,"href":"https:\/\/www.altominho.tv\/site\/wp-json\/wp\/v2\/users\/12"}],"replies":[{"embeddable":true,"href":"https:\/\/www.altominho.tv\/site\/wp-json\/wp\/v2\/comments?post=75404"}],"version-history":[{"count":0,"href":"https:\/\/www.altominho.tv\/site\/wp-json\/wp\/v2\/posts\/75404\/revisions"}],"wp:featuredmedia":[{"embeddable":true,"href":"https:\/\/www.altominho.tv\/site\/wp-json\/wp\/v2\/media\/69516"}],"wp:attachment":[{"href":"https:\/\/www.altominho.tv\/site\/wp-json\/wp\/v2\/media?parent=75404"}],"wp:term":[{"taxonomy":"category","embeddable":true,"href":"https:\/\/www.altominho.tv\/site\/wp-json\/wp\/v2\/categories?post=75404"},{"taxonomy":"post_tag","embeddable":true,"href":"https:\/\/www.altominho.tv\/site\/wp-json\/wp\/v2\/tags?post=75404"}],"curies":[{"name":"wp","href":"https:\/\/api.w.org\/{rel}","templated":true}]}}