{"id":75396,"date":"2022-01-26T15:42:57","date_gmt":"2022-01-26T15:42:57","guid":{"rendered":"https:\/\/www.altominho.tv\/site\/?p=75396"},"modified":"2022-02-17T16:39:15","modified_gmt":"2022-02-17T16:39:15","slug":"despiste-e-queda-em-ravina-faz-um-ferido-em-arcos-de-valdevez","status":"publish","type":"post","link":"https:\/\/www.altominho.tv\/site\/2022\/01\/26\/despiste-e-queda-em-ravina-faz-um-ferido-em-arcos-de-valdevez\/","title":{"rendered":"Despiste e queda em ravina faz um ferido em Arcos de Valdevez"},"content":{"rendered":"<p dir=\"auto\">Um homem de 78 anos ficou ferido esta quarta-feira, em Arcos de Valdevez, na sequ\u00eancia do <span class=\"il\">despiste<\/span> do carro em que seguia que caiu de uma <span class=\"il\">ravina<\/span>, com cerca de quatro metros de altura.<\/p>\n<p dir=\"auto\">Em declara\u00e7\u00f5es \u00e0 Altominho TV, o comandante dos Bombeiros de Arcos de Valdevez, Filipe Guimar\u00e3es, revelou que a v\u00edtima sofreu ferimentos ligeiros e foi transportada para o hospital de Santa Luzia, em Viana do Castelo.<\/p>\n<p dir=\"auto\">O acidente ocorreu cerca das 14h17, no Lugar Cimo da Vila, na Uni\u00e3o de Freguesias Portela e Extremo, no concelho de Arcos de Valdevez.<\/p>\n<p dir=\"auto\">Filipe Guimar\u00e3es adiantou que o ve\u00edculo ligeiro &#8220;atravessou a estrada municipal e caiu no logradouro de uma casa, sem causar mais feridos&#8221;.<\/p>\n<p dir=\"auto\">&#8220;O condutor mora numa casa acima da estrada municipal e deve ter ficado sem trav\u00f5es na viatura quando seguia pelo caminho. Como \u00e9 um acesso bastante inclinado, n\u00e3o conseguiu segurar o carro, atravessou a estrada municipal e acabou por cair no logradouro de uma casa que fica numa cota inferior&#8221;, especificou.<\/p>\n<div id='gallery-1' class='gallery galleryid-75396 gallery-columns-1 gallery-size-gridlove-single'><figure class='gallery-item'>\n\t\t\t<div class='gallery-icon landscape'>\n\t\t\t\t<a class=\"gridlove-popup\" href='https:\/\/www.altominho.tv\/site\/wp-content\/uploads\/2022\/01\/Despiste-ravina-Arcos-de-Valdevez-2.jpg'><img loading=\"lazy\" decoding=\"async\" width=\"740\" height=\"555\" src=\"https:\/\/www.altominho.tv\/site\/wp-content\/uploads\/2022\/01\/Despiste-ravina-Arcos-de-Valdevez-2-740x555.jpg\" class=\"attachment-gridlove-single size-gridlove-single\" alt=\"\" aria-describedby=\"gallery-1-75398\" srcset=\"https:\/\/www.altominho.tv\/site\/wp-content\/uploads\/2022\/01\/Despiste-ravina-Arcos-de-Valdevez-2-740x555.jpg 740w, https:\/\/www.altominho.tv\/site\/wp-content\/uploads\/2022\/01\/Despiste-ravina-Arcos-de-Valdevez-2-577x433.jpg 577w, https:\/\/www.altominho.tv\/site\/wp-content\/uploads\/2022\/01\/Despiste-ravina-Arcos-de-Valdevez-2-1024x768.jpg 1024w, https:\/\/www.altominho.tv\/site\/wp-content\/uploads\/2022\/01\/Despiste-ravina-Arcos-de-Valdevez-2-768x576.jpg 768w, https:\/\/www.altominho.tv\/site\/wp-content\/uploads\/2022\/01\/Despiste-ravina-Arcos-de-Valdevez-2-1536x1152.jpg 1536w, https:\/\/www.altominho.tv\/site\/wp-content\/uploads\/2022\/01\/Despiste-ravina-Arcos-de-Valdevez-2-370x278.jpg 370w, https:\/\/www.altominho.tv\/site\/wp-content\/uploads\/2022\/01\/Despiste-ravina-Arcos-de-Valdevez-2-270x203.jpg 270w, https:\/\/www.altominho.tv\/site\/wp-content\/uploads\/2022\/01\/Despiste-ravina-Arcos-de-Valdevez-2-570x428.jpg 570w, https:\/\/www.altominho.tv\/site\/wp-content\/uploads\/2022\/01\/Despiste-ravina-Arcos-de-Valdevez-2-80x60.jpg 80w, https:\/\/www.altominho.tv\/site\/wp-content\/uploads\/2022\/01\/Despiste-ravina-Arcos-de-Valdevez-2.jpg 2048w\" sizes=\"auto, (max-width: 740px) 100vw, 740px\" \/><\/a>\n\t\t\t<\/div>\n\t\t\t\t<figcaption class='wp-caption-text gallery-caption' id='gallery-1-75398'>\n\t\t\t\tBOMBEIROS ARCOS DE VALDEVEZ\n\t\t\t\t<\/figcaption><\/figure><figure class='gallery-item'>\n\t\t\t<div class='gallery-icon landscape'>\n\t\t\t\t<a class=\"gridlove-popup\" href='https:\/\/www.altominho.tv\/site\/wp-content\/uploads\/2022\/01\/Despiste-ravina-Arcos-de-Valdevez-3.jpg'><img loading=\"lazy\" decoding=\"async\" width=\"740\" height=\"555\" src=\"https:\/\/www.altominho.tv\/site\/wp-content\/uploads\/2022\/01\/Despiste-ravina-Arcos-de-Valdevez-3-740x555.jpg\" class=\"attachment-gridlove-single size-gridlove-single\" alt=\"\" aria-describedby=\"gallery-1-75399\" srcset=\"https:\/\/www.altominho.tv\/site\/wp-content\/uploads\/2022\/01\/Despiste-ravina-Arcos-de-Valdevez-3-740x555.jpg 740w, https:\/\/www.altominho.tv\/site\/wp-content\/uploads\/2022\/01\/Despiste-ravina-Arcos-de-Valdevez-3-577x433.jpg 577w, https:\/\/www.altominho.tv\/site\/wp-content\/uploads\/2022\/01\/Despiste-ravina-Arcos-de-Valdevez-3-1024x768.jpg 1024w, https:\/\/www.altominho.tv\/site\/wp-content\/uploads\/2022\/01\/Despiste-ravina-Arcos-de-Valdevez-3-768x576.jpg 768w, https:\/\/www.altominho.tv\/site\/wp-content\/uploads\/2022\/01\/Despiste-ravina-Arcos-de-Valdevez-3-1536x1152.jpg 1536w, https:\/\/www.altominho.tv\/site\/wp-content\/uploads\/2022\/01\/Despiste-ravina-Arcos-de-Valdevez-3-370x278.jpg 370w, https:\/\/www.altominho.tv\/site\/wp-content\/uploads\/2022\/01\/Despiste-ravina-Arcos-de-Valdevez-3-270x203.jpg 270w, https:\/\/www.altominho.tv\/site\/wp-content\/uploads\/2022\/01\/Despiste-ravina-Arcos-de-Valdevez-3-570x428.jpg 570w, https:\/\/www.altominho.tv\/site\/wp-content\/uploads\/2022\/01\/Despiste-ravina-Arcos-de-Valdevez-3-80x60.jpg 80w, https:\/\/www.altominho.tv\/site\/wp-content\/uploads\/2022\/01\/Despiste-ravina-Arcos-de-Valdevez-3.jpg 2048w\" sizes=\"auto, (max-width: 740px) 100vw, 740px\" \/><\/a>\n\t\t\t<\/div>\n\t\t\t\t<figcaption class='wp-caption-text gallery-caption' id='gallery-1-75399'>\n\t\t\t\tBOMBEIROS ARCOS DE VALDEVEZ\n\t\t\t\t<\/figcaption><\/figure>\n\t\t<\/div>\n\n<p dir=\"auto\">Ao local compareceram 16 operacionais, auxiliados por tr\u00eas viaturas dos Bombeiros de Arcos de Valdevez, uma ambul\u00e2ncia dos Bombeiros de Mon\u00e7\u00e3o, a ambul\u00e2ncia de Suporte Imediato de Vida (SIV) de Melga\u00e7o e a GNR.<\/p>\n<div>\n<div class=\"stjgntxs ni8dbmo4 l82x9zwi uo3d90p7 h905i5nu monazrh9\" data-visualcompletion=\"ignore-dynamic\">\n<div class=\"cwj9ozl2 tvmbv18p\"><\/div>\n<\/div>\n<\/div>\n","protected":false},"excerpt":{"rendered":"<p>Um homem de 78 anos ficou ferido esta quarta-feira, em Arcos de Valdevez, na sequ\u00eancia do despiste do carro em que seguia que caiu de uma ravina, com cerca de quatro metros de altura. Em declara\u00e7\u00f5es \u00e0 Altominho TV, o comandante dos Bombeiros de Arcos de Valdevez, Filipe Guimar\u00e3es, revelou que a v\u00edtima sofreu ferimentos [&hellip;]<\/p>\n","protected":false},"author":12,"featured_media":75397,"comment_status":"closed","ping_status":"closed","sticky":false,"template":"","format":"standard","meta":{"_exactmetrics_skip_tracking":false,"footnotes":""},"categories":[2],"tags":[27],"class_list":["post-75396","post","type-post","status-publish","format-standard","has-post-thumbnail","hentry","category-arcos-de-valdevez","tag-sociedade"],"yoast_head":"<!-- This site is optimized with the Yoast SEO Premium plugin v28.3 (Yoast SEO v28.3) - https:\/\/yoast.com\/product\/yoast-seo-premium-wordpress\/ -->\n<title>Despiste e queda em ravina faz um ferido em Arcos de Valdevez<\/title>\n<meta name=\"description\" content=\"Um homem de 78 anos ficou ferido esta quarta-feira, em Arcos de Valdevez, na sequ\u00eancia do despiste do carro.\" \/>\n<meta name=\"robots\" content=\"index, follow, max-snippet:-1, max-image-preview:large, max-video-preview:-1\" \/>\n<link rel=\"canonical\" href=\"https:\/\/www.altominho.tv\/site\/2022\/01\/26\/despiste-e-queda-em-ravina-faz-um-ferido-em-arcos-de-valdevez\/\" \/>\n<meta property=\"og:locale\" content=\"pt_PT\" \/>\n<meta property=\"og:type\" content=\"article\" \/>\n<meta property=\"og:title\" content=\"Despiste e queda em ravina faz um ferido em Arcos de Valdevez\" \/>\n<meta property=\"og:description\" content=\"Um homem de 78 anos ficou ferido esta quarta-feira, em Arcos de Valdevez, na sequ\u00eancia do despiste do carro.\" \/>\n<meta property=\"og:url\" content=\"https:\/\/www.altominho.tv\/site\/2022\/01\/26\/despiste-e-queda-em-ravina-faz-um-ferido-em-arcos-de-valdevez\/\" \/>\n<meta property=\"og:site_name\" content=\"Altominho.tv\" \/>\n<meta property=\"article:publisher\" content=\"https:\/\/www.facebook.com\/altominhotv\" \/>\n<meta property=\"article:published_time\" content=\"2022-01-26T15:42:57+00:00\" \/>\n<meta property=\"article:modified_time\" content=\"2022-02-17T16:39:15+00:00\" \/>\n<meta property=\"og:image\" content=\"https:\/\/www.altominho.tv\/site\/wp-content\/uploads\/2022\/01\/Despiste-ravina-Arcos-de-Valdevez-1-e1643210868785.jpg\" \/>\n\t<meta property=\"og:image:width\" content=\"2048\" \/>\n\t<meta property=\"og:image:height\" content=\"1198\" \/>\n\t<meta property=\"og:image:type\" content=\"image\/jpeg\" \/>\n<meta name=\"author\" content=\"Andreia Ferreira\" \/>\n<meta name=\"twitter:card\" content=\"summary_large_image\" \/>\n<meta name=\"twitter:creator\" content=\"@altominhoTV\" \/>\n<meta name=\"twitter:site\" content=\"@altominhoTV\" \/>\n<meta name=\"twitter:label1\" content=\"Escrito por\" \/>\n\t<meta name=\"twitter:data1\" content=\"Andreia Ferreira\" \/>\n\t<meta name=\"twitter:label2\" content=\"Tempo estimado de leitura\" \/>\n\t<meta name=\"twitter:data2\" content=\"2 minutos\" \/>\n<script type=\"application\/ld+json\" class=\"yoast-schema-graph\">{\"@context\":\"https:\\\/\\\/schema.org\",\"@graph\":[{\"@type\":\"Article\",\"@id\":\"https:\\\/\\\/www.altominho.tv\\\/site\\\/2022\\\/01\\\/26\\\/despiste-e-queda-em-ravina-faz-um-ferido-em-arcos-de-valdevez\\\/#article\",\"isPartOf\":{\"@id\":\"https:\\\/\\\/www.altominho.tv\\\/site\\\/2022\\\/01\\\/26\\\/despiste-e-queda-em-ravina-faz-um-ferido-em-arcos-de-valdevez\\\/\"},\"author\":{\"name\":\"Andreia Ferreira\",\"@id\":\"https:\\\/\\\/www.altominho.tv\\\/site\\\/#\\\/schema\\\/person\\\/d9be4265364723f14ea8e0d56a1d38cd\"},\"headline\":\"Despiste e queda em ravina faz um ferido em Arcos de Valdevez\",\"datePublished\":\"2022-01-26T15:42:57+00:00\",\"dateModified\":\"2022-02-17T16:39:15+00:00\",\"mainEntityOfPage\":{\"@id\":\"https:\\\/\\\/www.altominho.tv\\\/site\\\/2022\\\/01\\\/26\\\/despiste-e-queda-em-ravina-faz-um-ferido-em-arcos-de-valdevez\\\/\"},\"wordCount\":227,\"image\":{\"@id\":\"https:\\\/\\\/www.altominho.tv\\\/site\\\/2022\\\/01\\\/26\\\/despiste-e-queda-em-ravina-faz-um-ferido-em-arcos-de-valdevez\\\/#primaryimage\"},\"thumbnailUrl\":\"https:\\\/\\\/www.altominho.tv\\\/site\\\/wp-content\\\/uploads\\\/2022\\\/01\\\/Despiste-ravina-Arcos-de-Valdevez-1-e1643210868785.jpg\",\"keywords\":[\"Sociedade\"],\"articleSection\":[\"Arcos de Valdevez\"],\"inLanguage\":\"pt-PT\",\"copyrightYear\":\"2022\",\"copyrightHolder\":{\"@id\":\"https:\\\/\\\/www.altominho.tv\\\/site\\\/#organization\"}},{\"@type\":\"WebPage\",\"@id\":\"https:\\\/\\\/www.altominho.tv\\\/site\\\/2022\\\/01\\\/26\\\/despiste-e-queda-em-ravina-faz-um-ferido-em-arcos-de-valdevez\\\/\",\"url\":\"https:\\\/\\\/www.altominho.tv\\\/site\\\/2022\\\/01\\\/26\\\/despiste-e-queda-em-ravina-faz-um-ferido-em-arcos-de-valdevez\\\/\",\"name\":\"Despiste e queda em ravina faz um ferido em Arcos de Valdevez\",\"isPartOf\":{\"@id\":\"https:\\\/\\\/www.altominho.tv\\\/site\\\/#website\"},\"primaryImageOfPage\":{\"@id\":\"https:\\\/\\\/www.altominho.tv\\\/site\\\/2022\\\/01\\\/26\\\/despiste-e-queda-em-ravina-faz-um-ferido-em-arcos-de-valdevez\\\/#primaryimage\"},\"image\":{\"@id\":\"https:\\\/\\\/www.altominho.tv\\\/site\\\/2022\\\/01\\\/26\\\/despiste-e-queda-em-ravina-faz-um-ferido-em-arcos-de-valdevez\\\/#primaryimage\"},\"thumbnailUrl\":\"https:\\\/\\\/www.altominho.tv\\\/site\\\/wp-content\\\/uploads\\\/2022\\\/01\\\/Despiste-ravina-Arcos-de-Valdevez-1-e1643210868785.jpg\",\"datePublished\":\"2022-01-26T15:42:57+00:00\",\"dateModified\":\"2022-02-17T16:39:15+00:00\",\"author\":{\"@id\":\"https:\\\/\\\/www.altominho.tv\\\/site\\\/#\\\/schema\\\/person\\\/d9be4265364723f14ea8e0d56a1d38cd\"},\"description\":\"Um homem de 78 anos ficou ferido esta quarta-feira, em Arcos de Valdevez, na sequ\u00eancia do despiste do carro.\",\"breadcrumb\":{\"@id\":\"https:\\\/\\\/www.altominho.tv\\\/site\\\/2022\\\/01\\\/26\\\/despiste-e-queda-em-ravina-faz-um-ferido-em-arcos-de-valdevez\\\/#breadcrumb\"},\"inLanguage\":\"pt-PT\",\"potentialAction\":[{\"@type\":\"ReadAction\",\"target\":[\"https:\\\/\\\/www.altominho.tv\\\/site\\\/2022\\\/01\\\/26\\\/despiste-e-queda-em-ravina-faz-um-ferido-em-arcos-de-valdevez\\\/\"]}]},{\"@type\":\"ImageObject\",\"inLanguage\":\"pt-PT\",\"@id\":\"https:\\\/\\\/www.altominho.tv\\\/site\\\/2022\\\/01\\\/26\\\/despiste-e-queda-em-ravina-faz-um-ferido-em-arcos-de-valdevez\\\/#primaryimage\",\"url\":\"https:\\\/\\\/www.altominho.tv\\\/site\\\/wp-content\\\/uploads\\\/2022\\\/01\\\/Despiste-ravina-Arcos-de-Valdevez-1-e1643210868785.jpg\",\"contentUrl\":\"https:\\\/\\\/www.altominho.tv\\\/site\\\/wp-content\\\/uploads\\\/2022\\\/01\\\/Despiste-ravina-Arcos-de-Valdevez-1-e1643210868785.jpg\",\"width\":2048,\"height\":1198,\"caption\":\"BOMBEIROS ARCOS DE VALDEVEZ\"},{\"@type\":\"BreadcrumbList\",\"@id\":\"https:\\\/\\\/www.altominho.tv\\\/site\\\/2022\\\/01\\\/26\\\/despiste-e-queda-em-ravina-faz-um-ferido-em-arcos-de-valdevez\\\/#breadcrumb\",\"itemListElement\":[{\"@type\":\"ListItem\",\"position\":1,\"name\":\"In\u00edcio\",\"item\":\"https:\\\/\\\/www.altominho.tv\\\/site\\\/\"},{\"@type\":\"ListItem\",\"position\":2,\"name\":\"Despiste e queda em ravina faz um ferido em Arcos de Valdevez\"}]},{\"@type\":\"WebSite\",\"@id\":\"https:\\\/\\\/www.altominho.tv\\\/site\\\/#website\",\"url\":\"https:\\\/\\\/www.altominho.tv\\\/site\\\/\",\"name\":\"Altominho.tv\",\"description\":\"A sua regi\u00e3o \u00e0 dist\u00e2ncia de um clique...\",\"potentialAction\":[{\"@type\":\"SearchAction\",\"target\":{\"@type\":\"EntryPoint\",\"urlTemplate\":\"https:\\\/\\\/www.altominho.tv\\\/site\\\/?s={search_term_string}\"},\"query-input\":{\"@type\":\"PropertyValueSpecification\",\"valueRequired\":true,\"valueName\":\"search_term_string\"}}],\"inLanguage\":\"pt-PT\"},{\"@type\":\"Person\",\"@id\":\"https:\\\/\\\/www.altominho.tv\\\/site\\\/#\\\/schema\\\/person\\\/d9be4265364723f14ea8e0d56a1d38cd\",\"name\":\"Andreia Ferreira\",\"image\":{\"@type\":\"ImageObject\",\"inLanguage\":\"pt-PT\",\"@id\":\"https:\\\/\\\/www.altominho.tv\\\/site\\\/wp-content\\\/uploads\\\/2021\\\/01\\\/AndreiaFerreira-150x150.jpg\",\"url\":\"https:\\\/\\\/www.altominho.tv\\\/site\\\/wp-content\\\/uploads\\\/2021\\\/01\\\/AndreiaFerreira-150x150.jpg\",\"contentUrl\":\"https:\\\/\\\/www.altominho.tv\\\/site\\\/wp-content\\\/uploads\\\/2021\\\/01\\\/AndreiaFerreira-150x150.jpg\",\"caption\":\"Andreia Ferreira\"},\"url\":\"https:\\\/\\\/www.altominho.tv\\\/site\\\/author\\\/andreiaferreira\\\/\"}]}<\/script>\n<!-- \/ Yoast SEO Premium plugin. -->","yoast_head_json":{"title":"Despiste e queda em ravina faz um ferido em Arcos de Valdevez","description":"Um homem de 78 anos ficou ferido esta quarta-feira, em Arcos de Valdevez, na sequ\u00eancia do despiste do carro.","robots":{"index":"index","follow":"follow","max-snippet":"max-snippet:-1","max-image-preview":"max-image-preview:large","max-video-preview":"max-video-preview:-1"},"canonical":"https:\/\/www.altominho.tv\/site\/2022\/01\/26\/despiste-e-queda-em-ravina-faz-um-ferido-em-arcos-de-valdevez\/","og_locale":"pt_PT","og_type":"article","og_title":"Despiste e queda em ravina faz um ferido em Arcos de Valdevez","og_description":"Um homem de 78 anos ficou ferido esta quarta-feira, em Arcos de Valdevez, na sequ\u00eancia do despiste do carro.","og_url":"https:\/\/www.altominho.tv\/site\/2022\/01\/26\/despiste-e-queda-em-ravina-faz-um-ferido-em-arcos-de-valdevez\/","og_site_name":"Altominho.tv","article_publisher":"https:\/\/www.facebook.com\/altominhotv","article_published_time":"2022-01-26T15:42:57+00:00","article_modified_time":"2022-02-17T16:39:15+00:00","og_image":[{"width":2048,"height":1198,"url":"https:\/\/www.altominho.tv\/site\/wp-content\/uploads\/2022\/01\/Despiste-ravina-Arcos-de-Valdevez-1-e1643210868785.jpg","type":"image\/jpeg"}],"author":"Andreia Ferreira","twitter_card":"summary_large_image","twitter_creator":"@altominhoTV","twitter_site":"@altominhoTV","twitter_misc":{"Escrito por":"Andreia Ferreira","Tempo estimado de leitura":"2 minutos"},"schema":{"@context":"https:\/\/schema.org","@graph":[{"@type":"Article","@id":"https:\/\/www.altominho.tv\/site\/2022\/01\/26\/despiste-e-queda-em-ravina-faz-um-ferido-em-arcos-de-valdevez\/#article","isPartOf":{"@id":"https:\/\/www.altominho.tv\/site\/2022\/01\/26\/despiste-e-queda-em-ravina-faz-um-ferido-em-arcos-de-valdevez\/"},"author":{"name":"Andreia Ferreira","@id":"https:\/\/www.altominho.tv\/site\/#\/schema\/person\/d9be4265364723f14ea8e0d56a1d38cd"},"headline":"Despiste e queda em ravina faz um ferido em Arcos de Valdevez","datePublished":"2022-01-26T15:42:57+00:00","dateModified":"2022-02-17T16:39:15+00:00","mainEntityOfPage":{"@id":"https:\/\/www.altominho.tv\/site\/2022\/01\/26\/despiste-e-queda-em-ravina-faz-um-ferido-em-arcos-de-valdevez\/"},"wordCount":227,"image":{"@id":"https:\/\/www.altominho.tv\/site\/2022\/01\/26\/despiste-e-queda-em-ravina-faz-um-ferido-em-arcos-de-valdevez\/#primaryimage"},"thumbnailUrl":"https:\/\/www.altominho.tv\/site\/wp-content\/uploads\/2022\/01\/Despiste-ravina-Arcos-de-Valdevez-1-e1643210868785.jpg","keywords":["Sociedade"],"articleSection":["Arcos de Valdevez"],"inLanguage":"pt-PT","copyrightYear":"2022","copyrightHolder":{"@id":"https:\/\/www.altominho.tv\/site\/#organization"}},{"@type":"WebPage","@id":"https:\/\/www.altominho.tv\/site\/2022\/01\/26\/despiste-e-queda-em-ravina-faz-um-ferido-em-arcos-de-valdevez\/","url":"https:\/\/www.altominho.tv\/site\/2022\/01\/26\/despiste-e-queda-em-ravina-faz-um-ferido-em-arcos-de-valdevez\/","name":"Despiste e queda em ravina faz um ferido em Arcos de Valdevez","isPartOf":{"@id":"https:\/\/www.altominho.tv\/site\/#website"},"primaryImageOfPage":{"@id":"https:\/\/www.altominho.tv\/site\/2022\/01\/26\/despiste-e-queda-em-ravina-faz-um-ferido-em-arcos-de-valdevez\/#primaryimage"},"image":{"@id":"https:\/\/www.altominho.tv\/site\/2022\/01\/26\/despiste-e-queda-em-ravina-faz-um-ferido-em-arcos-de-valdevez\/#primaryimage"},"thumbnailUrl":"https:\/\/www.altominho.tv\/site\/wp-content\/uploads\/2022\/01\/Despiste-ravina-Arcos-de-Valdevez-1-e1643210868785.jpg","datePublished":"2022-01-26T15:42:57+00:00","dateModified":"2022-02-17T16:39:15+00:00","author":{"@id":"https:\/\/www.altominho.tv\/site\/#\/schema\/person\/d9be4265364723f14ea8e0d56a1d38cd"},"description":"Um homem de 78 anos ficou ferido esta quarta-feira, em Arcos de Valdevez, na sequ\u00eancia do despiste do carro.","breadcrumb":{"@id":"https:\/\/www.altominho.tv\/site\/2022\/01\/26\/despiste-e-queda-em-ravina-faz-um-ferido-em-arcos-de-valdevez\/#breadcrumb"},"inLanguage":"pt-PT","potentialAction":[{"@type":"ReadAction","target":["https:\/\/www.altominho.tv\/site\/2022\/01\/26\/despiste-e-queda-em-ravina-faz-um-ferido-em-arcos-de-valdevez\/"]}]},{"@type":"ImageObject","inLanguage":"pt-PT","@id":"https:\/\/www.altominho.tv\/site\/2022\/01\/26\/despiste-e-queda-em-ravina-faz-um-ferido-em-arcos-de-valdevez\/#primaryimage","url":"https:\/\/www.altominho.tv\/site\/wp-content\/uploads\/2022\/01\/Despiste-ravina-Arcos-de-Valdevez-1-e1643210868785.jpg","contentUrl":"https:\/\/www.altominho.tv\/site\/wp-content\/uploads\/2022\/01\/Despiste-ravina-Arcos-de-Valdevez-1-e1643210868785.jpg","width":2048,"height":1198,"caption":"BOMBEIROS ARCOS DE VALDEVEZ"},{"@type":"BreadcrumbList","@id":"https:\/\/www.altominho.tv\/site\/2022\/01\/26\/despiste-e-queda-em-ravina-faz-um-ferido-em-arcos-de-valdevez\/#breadcrumb","itemListElement":[{"@type":"ListItem","position":1,"name":"In\u00edcio","item":"https:\/\/www.altominho.tv\/site\/"},{"@type":"ListItem","position":2,"name":"Despiste e queda em ravina faz um ferido em Arcos de Valdevez"}]},{"@type":"WebSite","@id":"https:\/\/www.altominho.tv\/site\/#website","url":"https:\/\/www.altominho.tv\/site\/","name":"Altominho.tv","description":"A sua regi\u00e3o \u00e0 dist\u00e2ncia de um clique...","potentialAction":[{"@type":"SearchAction","target":{"@type":"EntryPoint","urlTemplate":"https:\/\/www.altominho.tv\/site\/?s={search_term_string}"},"query-input":{"@type":"PropertyValueSpecification","valueRequired":true,"valueName":"search_term_string"}}],"inLanguage":"pt-PT"},{"@type":"Person","@id":"https:\/\/www.altominho.tv\/site\/#\/schema\/person\/d9be4265364723f14ea8e0d56a1d38cd","name":"Andreia Ferreira","image":{"@type":"ImageObject","inLanguage":"pt-PT","@id":"https:\/\/www.altominho.tv\/site\/wp-content\/uploads\/2021\/01\/AndreiaFerreira-150x150.jpg","url":"https:\/\/www.altominho.tv\/site\/wp-content\/uploads\/2021\/01\/AndreiaFerreira-150x150.jpg","contentUrl":"https:\/\/www.altominho.tv\/site\/wp-content\/uploads\/2021\/01\/AndreiaFerreira-150x150.jpg","caption":"Andreia Ferreira"},"url":"https:\/\/www.altominho.tv\/site\/author\/andreiaferreira\/"}]}},"_links":{"self":[{"href":"https:\/\/www.altominho.tv\/site\/wp-json\/wp\/v2\/posts\/75396","targetHints":{"allow":["GET"]}}],"collection":[{"href":"https:\/\/www.altominho.tv\/site\/wp-json\/wp\/v2\/posts"}],"about":[{"href":"https:\/\/www.altominho.tv\/site\/wp-json\/wp\/v2\/types\/post"}],"author":[{"embeddable":true,"href":"https:\/\/www.altominho.tv\/site\/wp-json\/wp\/v2\/users\/12"}],"replies":[{"embeddable":true,"href":"https:\/\/www.altominho.tv\/site\/wp-json\/wp\/v2\/comments?post=75396"}],"version-history":[{"count":0,"href":"https:\/\/www.altominho.tv\/site\/wp-json\/wp\/v2\/posts\/75396\/revisions"}],"wp:featuredmedia":[{"embeddable":true,"href":"https:\/\/www.altominho.tv\/site\/wp-json\/wp\/v2\/media\/75397"}],"wp:attachment":[{"href":"https:\/\/www.altominho.tv\/site\/wp-json\/wp\/v2\/media?parent=75396"}],"wp:term":[{"taxonomy":"category","embeddable":true,"href":"https:\/\/www.altominho.tv\/site\/wp-json\/wp\/v2\/categories?post=75396"},{"taxonomy":"post_tag","embeddable":true,"href":"https:\/\/www.altominho.tv\/site\/wp-json\/wp\/v2\/tags?post=75396"}],"curies":[{"name":"wp","href":"https:\/\/api.w.org\/{rel}","templated":true}]}}