{"id":75393,"date":"2022-01-26T14:12:41","date_gmt":"2022-01-26T14:12:41","guid":{"rendered":"https:\/\/www.altominho.tv\/site\/?p=75393"},"modified":"2022-02-17T16:41:12","modified_gmt":"2022-02-17T16:41:12","slug":"alto-minho-lanca-projeto-de-sensibilizacao-para-as-alteracoes-climaticas","status":"publish","type":"post","link":"https:\/\/www.altominho.tv\/site\/2022\/01\/26\/alto-minho-lanca-projeto-de-sensibilizacao-para-as-alteracoes-climaticas\/","title":{"rendered":"Alto Minho lan\u00e7a projeto de sensibiliza\u00e7\u00e3o para as altera\u00e7\u00f5es clim\u00e1ticas"},"content":{"rendered":"<p>A Comunidade Intermunicipal (CIM) do Alto Minho apresentou hoje publicamente o projeto INFO-RISK que pretende informar a popula\u00e7\u00e3o sobre os riscos potenciados pelas altera\u00e7\u00f5es clim\u00e1ticas.<\/p>\n<p>Em declara\u00e7\u00f5es \u00e0 ag\u00eancia Lusa, \u00e0 margem de um encontro com jornalistas no edif\u00edcio Villa Moraes, em Ponte de Lima, sede da CIM Alto Minho, para apresentar o projeto, o secret\u00e1rio executivo daquela entidade, Bruno Caldas, adiantou que o objetivo \u00e9 \u201calertar os tomadores do territ\u00f3rio para estas quest\u00f5es, sensibilizando em particular o p\u00fablico jovem\u201d.<\/p>\n<p>\u201cA iniciativa visa sobretudo as crian\u00e7as do ensino b\u00e1sico, que ajudar\u00e3o a consciencializar, em casa, os adultos. As altera\u00e7\u00f5es clim\u00e1ticas n\u00e3o s\u00e3o um chav\u00e3o, est\u00e3o realmente a acontecer e \u00e9 preciso sensibilizar para sabermos como atuar no nosso dia a dia, nos nossos comportamentos e nas diversas atividades setoriais\u201d, alertou Bruno Caldas.<\/p>\n<p>O projeto, que representa um investimento de 86.354 euros, desenvolveu uma exposi\u00e7\u00e3o itinerante que ir\u00e1 percorrer os 10 concelhos do distrito de Viana do Castelo, promovendo tamb\u00e9m sess\u00f5es de sensibiliza\u00e7\u00e3o relacionadas com a produ\u00e7\u00e3o agr\u00edcola, econ\u00f3mica, tur\u00edstica, coopera\u00e7\u00e3o transfronteiri\u00e7a e de seguran\u00e7a do territ\u00f3rio.<\/p>\n<p>\u201c\u00c9 importante termos trabalho feita na preven\u00e7\u00e3o e combate \u00e0s altera\u00e7\u00f5es clim\u00e1ticas para minimizar os riscos. N\u00e3o vamos conseguir deter, mas pelo menos reduzi-los, sensibilizando a comunidade para os comportamentos mais adequados a adotar para estar menos exposta aos riscos\u201d, observou.<\/p>\n<p>No \u00e2mbito do projeto, financiado pelo Programa Operacional Sustentabilidade e Efici\u00eancia no Uso de Recursos (PO SEUR) e que termina no final do primeiro semestre deste ano, foi ainda criado um livro digital interativo que pretende ser um recurso a ser explorado nas atividades educativas e escolares.<\/p>\n<p>No Alto Minho, os inc\u00eandios rurais e florestais \u201cpela frequ\u00eancia de ocorr\u00eancias e consequ\u00eancias dos seus impactes\u201d, est\u00e3o entre as principais preocupa\u00e7\u00f5es resultantes das altera\u00e7\u00f5es clim\u00e1ticas.<\/p>\n<p>Bruno Caldas destacou com igual import\u00e2ncia \u201ca diminui\u00e7\u00e3o do espa\u00e7o da orla costeira, o aumento da temperatura m\u00e9dia anual, as amplitudes t\u00e9rmicas, a diminui\u00e7\u00e3o da precipita\u00e7\u00e3o e o fen\u00f3meno de concentra\u00e7\u00e3o da precipita\u00e7\u00e3o em per\u00edodos curtos o que conduz a um d\u00e9fice h\u00eddrico\u201d.<\/p>\n<p>A diminui\u00e7\u00e3o da disponibilidade de \u00e1gua, adiantou, p\u00f5e em causa \u201ca produ\u00e7\u00e3o agr\u00edcola, com impacto nos ciclos vegetativos, num territ\u00f3rio de baixa densidade em que a paisagem agrorrural \u00e9 dominante\u201d.<\/p>\n<p>A qualidade da \u00e1gua, com aumento de custos decorrente do seu tratamento para consumo humano, o aumento da eros\u00e3o e perda de solo e de biodiversidade, constam tamb\u00e9m da lista de riscos associados \u00e0s altera\u00e7\u00f5es clim\u00e1ticas.<\/p>\n<p>\u201cAtendendo \u00e0 forte atividade tur\u00edstica, temos de trabalhar para sermos mais resilientes e conseguirmos manter um territ\u00f3rio verde, atrativo e seguro\u201d, destacou o secret\u00e1rio executivo da CIM do Alto Minho.<\/p>\n","protected":false},"excerpt":{"rendered":"<p>A Comunidade Intermunicipal (CIM) do Alto Minho apresentou hoje publicamente o projeto INFO-RISK que pretende informar a popula\u00e7\u00e3o sobre os riscos potenciados pelas altera\u00e7\u00f5es clim\u00e1ticas. Em declara\u00e7\u00f5es \u00e0 ag\u00eancia Lusa, \u00e0 margem de um encontro com jornalistas no edif\u00edcio Villa Moraes, em Ponte de Lima, sede da CIM Alto Minho, para apresentar o projeto, o [&hellip;]<\/p>\n","protected":false},"author":13,"featured_media":75394,"comment_status":"closed","ping_status":"closed","sticky":false,"template":"","format":"standard","meta":{"_exactmetrics_skip_tracking":false,"_exactmetrics_sitenote_active":false,"_exactmetrics_sitenote_note":"","_exactmetrics_sitenote_category":0,"footnotes":""},"categories":[73],"tags":[27],"class_list":["post-75393","post","type-post","status-publish","format-standard","has-post-thumbnail","hentry","category-alto-minho","tag-sociedade"],"yoast_head":"<!-- This site is optimized with the Yoast SEO Premium plugin v27.4 (Yoast SEO v27.4) - https:\/\/yoast.com\/product\/yoast-seo-premium-wordpress\/ -->\n<title>Alto Minho lan\u00e7a projeto de sensibiliza\u00e7\u00e3o para as altera\u00e7\u00f5es clim\u00e1ticas<\/title>\n<meta name=\"description\" content=\"A Comunidade Intermunicipal do Alto Minho apresentou hoje publicamente o projeto INFO-RISK que pretende informar a popula\u00e7\u00e3o sobre os riscos potenciados pelas altera\u00e7\u00f5es clim\u00e1ticas.\" \/>\n<meta name=\"robots\" content=\"index, follow, max-snippet:-1, max-image-preview:large, max-video-preview:-1\" \/>\n<link rel=\"canonical\" href=\"https:\/\/www.altominho.tv\/site\/2022\/01\/26\/alto-minho-lanca-projeto-de-sensibilizacao-para-as-alteracoes-climaticas\/\" \/>\n<meta property=\"og:locale\" content=\"pt_PT\" \/>\n<meta property=\"og:type\" content=\"article\" \/>\n<meta property=\"og:title\" content=\"Alto Minho lan\u00e7a projeto de sensibiliza\u00e7\u00e3o para as altera\u00e7\u00f5es clim\u00e1ticas\" \/>\n<meta property=\"og:description\" content=\"A Comunidade Intermunicipal do Alto Minho apresentou hoje publicamente o projeto INFO-RISK que pretende informar a popula\u00e7\u00e3o sobre os riscos potenciados pelas altera\u00e7\u00f5es clim\u00e1ticas.\" \/>\n<meta property=\"og:url\" content=\"https:\/\/www.altominho.tv\/site\/2022\/01\/26\/alto-minho-lanca-projeto-de-sensibilizacao-para-as-alteracoes-climaticas\/\" \/>\n<meta property=\"og:site_name\" content=\"Altominho.tv\" \/>\n<meta property=\"article:publisher\" content=\"https:\/\/www.facebook.com\/altominhotv\" \/>\n<meta property=\"article:published_time\" content=\"2022-01-26T14:12:41+00:00\" \/>\n<meta property=\"article:modified_time\" content=\"2022-02-17T16:41:12+00:00\" \/>\n<meta property=\"og:image\" content=\"https:\/\/www.altominho.tv\/site\/wp-content\/uploads\/2022\/01\/alteracoes-climaticas-.jpg\" \/>\n\t<meta property=\"og:image:width\" content=\"765\" \/>\n\t<meta property=\"og:image:height\" content=\"431\" \/>\n\t<meta property=\"og:image:type\" content=\"image\/jpeg\" \/>\n<meta name=\"author\" content=\"Lusa\" \/>\n<meta name=\"twitter:card\" content=\"summary_large_image\" \/>\n<meta name=\"twitter:creator\" content=\"@altominhoTV\" \/>\n<meta name=\"twitter:site\" content=\"@altominhoTV\" \/>\n<meta name=\"twitter:label1\" content=\"Escrito por\" \/>\n\t<meta name=\"twitter:data1\" content=\"Lusa\" \/>\n\t<meta name=\"twitter:label2\" content=\"Tempo estimado de leitura\" \/>\n\t<meta name=\"twitter:data2\" content=\"3 minutos\" \/>\n<script type=\"application\/ld+json\" class=\"yoast-schema-graph\">{\"@context\":\"https:\\\/\\\/schema.org\",\"@graph\":[{\"@type\":\"Article\",\"@id\":\"https:\\\/\\\/www.altominho.tv\\\/site\\\/2022\\\/01\\\/26\\\/alto-minho-lanca-projeto-de-sensibilizacao-para-as-alteracoes-climaticas\\\/#article\",\"isPartOf\":{\"@id\":\"https:\\\/\\\/www.altominho.tv\\\/site\\\/2022\\\/01\\\/26\\\/alto-minho-lanca-projeto-de-sensibilizacao-para-as-alteracoes-climaticas\\\/\"},\"author\":{\"name\":\"Lusa\",\"@id\":\"https:\\\/\\\/www.altominho.tv\\\/site\\\/#\\\/schema\\\/person\\\/63f693da3e1899361cbe955c46f3232e\"},\"headline\":\"Alto Minho lan\u00e7a projeto de sensibiliza\u00e7\u00e3o para as altera\u00e7\u00f5es clim\u00e1ticas\",\"datePublished\":\"2022-01-26T14:12:41+00:00\",\"dateModified\":\"2022-02-17T16:41:12+00:00\",\"mainEntityOfPage\":{\"@id\":\"https:\\\/\\\/www.altominho.tv\\\/site\\\/2022\\\/01\\\/26\\\/alto-minho-lanca-projeto-de-sensibilizacao-para-as-alteracoes-climaticas\\\/\"},\"wordCount\":503,\"image\":{\"@id\":\"https:\\\/\\\/www.altominho.tv\\\/site\\\/2022\\\/01\\\/26\\\/alto-minho-lanca-projeto-de-sensibilizacao-para-as-alteracoes-climaticas\\\/#primaryimage\"},\"thumbnailUrl\":\"https:\\\/\\\/www.altominho.tv\\\/site\\\/wp-content\\\/uploads\\\/2022\\\/01\\\/alteracoes-climaticas-.jpg\",\"keywords\":[\"Sociedade\"],\"articleSection\":[\"Alto Minho\"],\"inLanguage\":\"pt-PT\",\"copyrightYear\":\"2022\",\"copyrightHolder\":{\"@id\":\"https:\\\/\\\/www.altominho.tv\\\/site\\\/#organization\"}},{\"@type\":\"WebPage\",\"@id\":\"https:\\\/\\\/www.altominho.tv\\\/site\\\/2022\\\/01\\\/26\\\/alto-minho-lanca-projeto-de-sensibilizacao-para-as-alteracoes-climaticas\\\/\",\"url\":\"https:\\\/\\\/www.altominho.tv\\\/site\\\/2022\\\/01\\\/26\\\/alto-minho-lanca-projeto-de-sensibilizacao-para-as-alteracoes-climaticas\\\/\",\"name\":\"Alto Minho lan\u00e7a projeto de sensibiliza\u00e7\u00e3o para as altera\u00e7\u00f5es clim\u00e1ticas\",\"isPartOf\":{\"@id\":\"https:\\\/\\\/www.altominho.tv\\\/site\\\/#website\"},\"primaryImageOfPage\":{\"@id\":\"https:\\\/\\\/www.altominho.tv\\\/site\\\/2022\\\/01\\\/26\\\/alto-minho-lanca-projeto-de-sensibilizacao-para-as-alteracoes-climaticas\\\/#primaryimage\"},\"image\":{\"@id\":\"https:\\\/\\\/www.altominho.tv\\\/site\\\/2022\\\/01\\\/26\\\/alto-minho-lanca-projeto-de-sensibilizacao-para-as-alteracoes-climaticas\\\/#primaryimage\"},\"thumbnailUrl\":\"https:\\\/\\\/www.altominho.tv\\\/site\\\/wp-content\\\/uploads\\\/2022\\\/01\\\/alteracoes-climaticas-.jpg\",\"datePublished\":\"2022-01-26T14:12:41+00:00\",\"dateModified\":\"2022-02-17T16:41:12+00:00\",\"author\":{\"@id\":\"https:\\\/\\\/www.altominho.tv\\\/site\\\/#\\\/schema\\\/person\\\/63f693da3e1899361cbe955c46f3232e\"},\"description\":\"A Comunidade Intermunicipal do Alto Minho apresentou hoje publicamente o projeto INFO-RISK que pretende informar a popula\u00e7\u00e3o sobre os riscos potenciados pelas altera\u00e7\u00f5es clim\u00e1ticas.\",\"breadcrumb\":{\"@id\":\"https:\\\/\\\/www.altominho.tv\\\/site\\\/2022\\\/01\\\/26\\\/alto-minho-lanca-projeto-de-sensibilizacao-para-as-alteracoes-climaticas\\\/#breadcrumb\"},\"inLanguage\":\"pt-PT\",\"potentialAction\":[{\"@type\":\"ReadAction\",\"target\":[\"https:\\\/\\\/www.altominho.tv\\\/site\\\/2022\\\/01\\\/26\\\/alto-minho-lanca-projeto-de-sensibilizacao-para-as-alteracoes-climaticas\\\/\"]}]},{\"@type\":\"ImageObject\",\"inLanguage\":\"pt-PT\",\"@id\":\"https:\\\/\\\/www.altominho.tv\\\/site\\\/2022\\\/01\\\/26\\\/alto-minho-lanca-projeto-de-sensibilizacao-para-as-alteracoes-climaticas\\\/#primaryimage\",\"url\":\"https:\\\/\\\/www.altominho.tv\\\/site\\\/wp-content\\\/uploads\\\/2022\\\/01\\\/alteracoes-climaticas-.jpg\",\"contentUrl\":\"https:\\\/\\\/www.altominho.tv\\\/site\\\/wp-content\\\/uploads\\\/2022\\\/01\\\/alteracoes-climaticas-.jpg\",\"width\":765,\"height\":431},{\"@type\":\"BreadcrumbList\",\"@id\":\"https:\\\/\\\/www.altominho.tv\\\/site\\\/2022\\\/01\\\/26\\\/alto-minho-lanca-projeto-de-sensibilizacao-para-as-alteracoes-climaticas\\\/#breadcrumb\",\"itemListElement\":[{\"@type\":\"ListItem\",\"position\":1,\"name\":\"In\u00edcio\",\"item\":\"https:\\\/\\\/www.altominho.tv\\\/site\\\/\"},{\"@type\":\"ListItem\",\"position\":2,\"name\":\"Alto Minho lan\u00e7a projeto de sensibiliza\u00e7\u00e3o para as altera\u00e7\u00f5es clim\u00e1ticas\"}]},{\"@type\":\"WebSite\",\"@id\":\"https:\\\/\\\/www.altominho.tv\\\/site\\\/#website\",\"url\":\"https:\\\/\\\/www.altominho.tv\\\/site\\\/\",\"name\":\"Altominho.tv\",\"description\":\"A sua regi\u00e3o \u00e0 dist\u00e2ncia de um clique...\",\"potentialAction\":[{\"@type\":\"SearchAction\",\"target\":{\"@type\":\"EntryPoint\",\"urlTemplate\":\"https:\\\/\\\/www.altominho.tv\\\/site\\\/?s={search_term_string}\"},\"query-input\":{\"@type\":\"PropertyValueSpecification\",\"valueRequired\":true,\"valueName\":\"search_term_string\"}}],\"inLanguage\":\"pt-PT\"},{\"@type\":\"Person\",\"@id\":\"https:\\\/\\\/www.altominho.tv\\\/site\\\/#\\\/schema\\\/person\\\/63f693da3e1899361cbe955c46f3232e\",\"name\":\"Lusa\",\"image\":{\"@type\":\"ImageObject\",\"inLanguage\":\"pt-PT\",\"@id\":\"https:\\\/\\\/www.altominho.tv\\\/site\\\/wp-content\\\/uploads\\\/2019\\\/08\\\/LUSA_Logo.gif\",\"url\":\"https:\\\/\\\/www.altominho.tv\\\/site\\\/wp-content\\\/uploads\\\/2019\\\/08\\\/LUSA_Logo.gif\",\"contentUrl\":\"https:\\\/\\\/www.altominho.tv\\\/site\\\/wp-content\\\/uploads\\\/2019\\\/08\\\/LUSA_Logo.gif\",\"caption\":\"Lusa\"},\"sameAs\":[\"http:\\\/\\\/\\\/\\\/www.altominho.tv\\\/site\"],\"url\":\"https:\\\/\\\/www.altominho.tv\\\/site\\\/author\\\/lusa\\\/\"}]}<\/script>\n<!-- \/ Yoast SEO Premium plugin. -->","yoast_head_json":{"title":"Alto Minho lan\u00e7a projeto de sensibiliza\u00e7\u00e3o para as altera\u00e7\u00f5es clim\u00e1ticas","description":"A Comunidade Intermunicipal do Alto Minho apresentou hoje publicamente o projeto INFO-RISK que pretende informar a popula\u00e7\u00e3o sobre os riscos potenciados pelas altera\u00e7\u00f5es clim\u00e1ticas.","robots":{"index":"index","follow":"follow","max-snippet":"max-snippet:-1","max-image-preview":"max-image-preview:large","max-video-preview":"max-video-preview:-1"},"canonical":"https:\/\/www.altominho.tv\/site\/2022\/01\/26\/alto-minho-lanca-projeto-de-sensibilizacao-para-as-alteracoes-climaticas\/","og_locale":"pt_PT","og_type":"article","og_title":"Alto Minho lan\u00e7a projeto de sensibiliza\u00e7\u00e3o para as altera\u00e7\u00f5es clim\u00e1ticas","og_description":"A Comunidade Intermunicipal do Alto Minho apresentou hoje publicamente o projeto INFO-RISK que pretende informar a popula\u00e7\u00e3o sobre os riscos potenciados pelas altera\u00e7\u00f5es clim\u00e1ticas.","og_url":"https:\/\/www.altominho.tv\/site\/2022\/01\/26\/alto-minho-lanca-projeto-de-sensibilizacao-para-as-alteracoes-climaticas\/","og_site_name":"Altominho.tv","article_publisher":"https:\/\/www.facebook.com\/altominhotv","article_published_time":"2022-01-26T14:12:41+00:00","article_modified_time":"2022-02-17T16:41:12+00:00","og_image":[{"width":765,"height":431,"url":"https:\/\/www.altominho.tv\/site\/wp-content\/uploads\/2022\/01\/alteracoes-climaticas-.jpg","type":"image\/jpeg"}],"author":"Lusa","twitter_card":"summary_large_image","twitter_creator":"@altominhoTV","twitter_site":"@altominhoTV","twitter_misc":{"Escrito por":"Lusa","Tempo estimado de leitura":"3 minutos"},"schema":{"@context":"https:\/\/schema.org","@graph":[{"@type":"Article","@id":"https:\/\/www.altominho.tv\/site\/2022\/01\/26\/alto-minho-lanca-projeto-de-sensibilizacao-para-as-alteracoes-climaticas\/#article","isPartOf":{"@id":"https:\/\/www.altominho.tv\/site\/2022\/01\/26\/alto-minho-lanca-projeto-de-sensibilizacao-para-as-alteracoes-climaticas\/"},"author":{"name":"Lusa","@id":"https:\/\/www.altominho.tv\/site\/#\/schema\/person\/63f693da3e1899361cbe955c46f3232e"},"headline":"Alto Minho lan\u00e7a projeto de sensibiliza\u00e7\u00e3o para as altera\u00e7\u00f5es clim\u00e1ticas","datePublished":"2022-01-26T14:12:41+00:00","dateModified":"2022-02-17T16:41:12+00:00","mainEntityOfPage":{"@id":"https:\/\/www.altominho.tv\/site\/2022\/01\/26\/alto-minho-lanca-projeto-de-sensibilizacao-para-as-alteracoes-climaticas\/"},"wordCount":503,"image":{"@id":"https:\/\/www.altominho.tv\/site\/2022\/01\/26\/alto-minho-lanca-projeto-de-sensibilizacao-para-as-alteracoes-climaticas\/#primaryimage"},"thumbnailUrl":"https:\/\/www.altominho.tv\/site\/wp-content\/uploads\/2022\/01\/alteracoes-climaticas-.jpg","keywords":["Sociedade"],"articleSection":["Alto Minho"],"inLanguage":"pt-PT","copyrightYear":"2022","copyrightHolder":{"@id":"https:\/\/www.altominho.tv\/site\/#organization"}},{"@type":"WebPage","@id":"https:\/\/www.altominho.tv\/site\/2022\/01\/26\/alto-minho-lanca-projeto-de-sensibilizacao-para-as-alteracoes-climaticas\/","url":"https:\/\/www.altominho.tv\/site\/2022\/01\/26\/alto-minho-lanca-projeto-de-sensibilizacao-para-as-alteracoes-climaticas\/","name":"Alto Minho lan\u00e7a projeto de sensibiliza\u00e7\u00e3o para as altera\u00e7\u00f5es clim\u00e1ticas","isPartOf":{"@id":"https:\/\/www.altominho.tv\/site\/#website"},"primaryImageOfPage":{"@id":"https:\/\/www.altominho.tv\/site\/2022\/01\/26\/alto-minho-lanca-projeto-de-sensibilizacao-para-as-alteracoes-climaticas\/#primaryimage"},"image":{"@id":"https:\/\/www.altominho.tv\/site\/2022\/01\/26\/alto-minho-lanca-projeto-de-sensibilizacao-para-as-alteracoes-climaticas\/#primaryimage"},"thumbnailUrl":"https:\/\/www.altominho.tv\/site\/wp-content\/uploads\/2022\/01\/alteracoes-climaticas-.jpg","datePublished":"2022-01-26T14:12:41+00:00","dateModified":"2022-02-17T16:41:12+00:00","author":{"@id":"https:\/\/www.altominho.tv\/site\/#\/schema\/person\/63f693da3e1899361cbe955c46f3232e"},"description":"A Comunidade Intermunicipal do Alto Minho apresentou hoje publicamente o projeto INFO-RISK que pretende informar a popula\u00e7\u00e3o sobre os riscos potenciados pelas altera\u00e7\u00f5es clim\u00e1ticas.","breadcrumb":{"@id":"https:\/\/www.altominho.tv\/site\/2022\/01\/26\/alto-minho-lanca-projeto-de-sensibilizacao-para-as-alteracoes-climaticas\/#breadcrumb"},"inLanguage":"pt-PT","potentialAction":[{"@type":"ReadAction","target":["https:\/\/www.altominho.tv\/site\/2022\/01\/26\/alto-minho-lanca-projeto-de-sensibilizacao-para-as-alteracoes-climaticas\/"]}]},{"@type":"ImageObject","inLanguage":"pt-PT","@id":"https:\/\/www.altominho.tv\/site\/2022\/01\/26\/alto-minho-lanca-projeto-de-sensibilizacao-para-as-alteracoes-climaticas\/#primaryimage","url":"https:\/\/www.altominho.tv\/site\/wp-content\/uploads\/2022\/01\/alteracoes-climaticas-.jpg","contentUrl":"https:\/\/www.altominho.tv\/site\/wp-content\/uploads\/2022\/01\/alteracoes-climaticas-.jpg","width":765,"height":431},{"@type":"BreadcrumbList","@id":"https:\/\/www.altominho.tv\/site\/2022\/01\/26\/alto-minho-lanca-projeto-de-sensibilizacao-para-as-alteracoes-climaticas\/#breadcrumb","itemListElement":[{"@type":"ListItem","position":1,"name":"In\u00edcio","item":"https:\/\/www.altominho.tv\/site\/"},{"@type":"ListItem","position":2,"name":"Alto Minho lan\u00e7a projeto de sensibiliza\u00e7\u00e3o para as altera\u00e7\u00f5es clim\u00e1ticas"}]},{"@type":"WebSite","@id":"https:\/\/www.altominho.tv\/site\/#website","url":"https:\/\/www.altominho.tv\/site\/","name":"Altominho.tv","description":"A sua regi\u00e3o \u00e0 dist\u00e2ncia de um clique...","potentialAction":[{"@type":"SearchAction","target":{"@type":"EntryPoint","urlTemplate":"https:\/\/www.altominho.tv\/site\/?s={search_term_string}"},"query-input":{"@type":"PropertyValueSpecification","valueRequired":true,"valueName":"search_term_string"}}],"inLanguage":"pt-PT"},{"@type":"Person","@id":"https:\/\/www.altominho.tv\/site\/#\/schema\/person\/63f693da3e1899361cbe955c46f3232e","name":"Lusa","image":{"@type":"ImageObject","inLanguage":"pt-PT","@id":"https:\/\/www.altominho.tv\/site\/wp-content\/uploads\/2019\/08\/LUSA_Logo.gif","url":"https:\/\/www.altominho.tv\/site\/wp-content\/uploads\/2019\/08\/LUSA_Logo.gif","contentUrl":"https:\/\/www.altominho.tv\/site\/wp-content\/uploads\/2019\/08\/LUSA_Logo.gif","caption":"Lusa"},"sameAs":["http:\/\/\/\/www.altominho.tv\/site"],"url":"https:\/\/www.altominho.tv\/site\/author\/lusa\/"}]}},"_links":{"self":[{"href":"https:\/\/www.altominho.tv\/site\/wp-json\/wp\/v2\/posts\/75393","targetHints":{"allow":["GET"]}}],"collection":[{"href":"https:\/\/www.altominho.tv\/site\/wp-json\/wp\/v2\/posts"}],"about":[{"href":"https:\/\/www.altominho.tv\/site\/wp-json\/wp\/v2\/types\/post"}],"author":[{"embeddable":true,"href":"https:\/\/www.altominho.tv\/site\/wp-json\/wp\/v2\/users\/13"}],"replies":[{"embeddable":true,"href":"https:\/\/www.altominho.tv\/site\/wp-json\/wp\/v2\/comments?post=75393"}],"version-history":[{"count":0,"href":"https:\/\/www.altominho.tv\/site\/wp-json\/wp\/v2\/posts\/75393\/revisions"}],"wp:featuredmedia":[{"embeddable":true,"href":"https:\/\/www.altominho.tv\/site\/wp-json\/wp\/v2\/media\/75394"}],"wp:attachment":[{"href":"https:\/\/www.altominho.tv\/site\/wp-json\/wp\/v2\/media?parent=75393"}],"wp:term":[{"taxonomy":"category","embeddable":true,"href":"https:\/\/www.altominho.tv\/site\/wp-json\/wp\/v2\/categories?post=75393"},{"taxonomy":"post_tag","embeddable":true,"href":"https:\/\/www.altominho.tv\/site\/wp-json\/wp\/v2\/tags?post=75393"}],"curies":[{"name":"wp","href":"https:\/\/api.w.org\/{rel}","templated":true}]}}