{"id":75389,"date":"2022-01-27T18:09:54","date_gmt":"2022-01-27T18:09:54","guid":{"rendered":"https:\/\/www.altominho.tv\/site\/?p=75389"},"modified":"2022-02-16T10:05:58","modified_gmt":"2022-02-16T10:05:58","slug":"paredes-de-coura-acolhe-conferencia-e-exposicao-sobre-elzira-dantas-machado","status":"publish","type":"post","link":"https:\/\/www.altominho.tv\/site\/2022\/01\/27\/paredes-de-coura-acolhe-conferencia-e-exposicao-sobre-elzira-dantas-machado\/","title":{"rendered":"Paredes de Coura acolhe confer\u00eancia e exposi\u00e7\u00e3o sobre Elzira Dantas Machado"},"content":{"rendered":"<p>\u201cElzira Dantas Machado &#8211; P\u00e1tria e Rep\u00fablica\u201d \u00e9 o tema da confer\u00eancia que vai acontecer no pr\u00f3ximo s\u00e1bado, pelas 11h00, na Casa do Conhecimento, em Paredes de Coura. A iniciativa integra o ciclo de confer\u00eancias \u201cEst\u00f3rias do Minho \u2013 Narrativas no Feminino de uma Geografia Identit\u00e1ria\u201d.<\/p>\n<p>A confer\u00eancia, a cargo de Ant\u00f3nio Pires Ventura, professor catedr\u00e1tico do Departamento de Hist\u00f3ria da Faculdade de Letras de Lisboa e diretor da Revista da Faculdade de Letras de Lisboa e do Centro de Hist\u00f3ria da Universidade de Lisboa, vai\u00a0abordar o percurso biogr\u00e1fico de Elzira Dantas Machado, com destaque para o seu relacionamento com Bernardino Machado e sua inser\u00e7\u00e3o nos movimentos femininos e republicanos da I Rep\u00fablica.<\/p>\n<p>O programa inclui tamb\u00e9m uma mesa redonda, moderada pelo presidente da C\u00e2mara de Paredes de Coura, Vitor Paulo Pereira, que contar\u00e1 com a participa\u00e7\u00e3o de Ant\u00f3nio Pires Ventura, Aquilino Machado, professor assistente convidado do Instituto de Geografia e Ordenamento do Territ\u00f3rio da Universidade de Lisboa e investigador do Centro de Estudos Geogr\u00e1ficos, e Jos\u00e9 C\u00e2ndido Oliveira Martins, professor associado da Faculdade de Filosofia e Ci\u00eancias Sociais da Universidade Cat\u00f3lica Portuguesa.<\/p>\n<p>A sess\u00e3o encerra com uma visita \u00e0 exposi\u00e7\u00e3o \u201cMantel\u00e3es: uma Geografia Sentimental de Elzira Dantas Machado\u201d, patente no Arquivo Municipal de Paredes de Coura, com curadoria de Aquilino Machado.<\/p>\n<p>A confer\u00eancia ser\u00e1 transmitida atrav\u00e9s da <a href=\"https:\/\/www.facebook.com\/municipioparedesdecoura\" target=\"_blank\" rel=\"noopener\">p\u00e1gina de Facebook do munic\u00edpio<\/a>.<\/p>\n","protected":false},"excerpt":{"rendered":"<p>\u201cElzira Dantas Machado &#8211; P\u00e1tria e Rep\u00fablica\u201d \u00e9 o tema da confer\u00eancia que vai acontecer no pr\u00f3ximo s\u00e1bado, pelas 11h00, na Casa do Conhecimento, em Paredes de Coura. A iniciativa integra o ciclo de confer\u00eancias \u201cEst\u00f3rias do Minho \u2013 Narrativas no Feminino de uma Geografia Identit\u00e1ria\u201d. A confer\u00eancia, a cargo de Ant\u00f3nio Pires Ventura, professor [&hellip;]<\/p>\n","protected":false},"author":12,"featured_media":75392,"comment_status":"closed","ping_status":"closed","sticky":false,"template":"","format":"standard","meta":{"_exactmetrics_skip_tracking":false,"_exactmetrics_sitenote_active":false,"_exactmetrics_sitenote_note":"","_exactmetrics_sitenote_category":0,"footnotes":""},"categories":[10],"tags":[27],"class_list":["post-75389","post","type-post","status-publish","format-standard","has-post-thumbnail","hentry","category-paredes-de-coura","tag-sociedade"],"yoast_head":"<!-- This site is optimized with the Yoast SEO Premium plugin v27.4 (Yoast SEO v27.4) - https:\/\/yoast.com\/product\/yoast-seo-premium-wordpress\/ -->\n<title>Paredes de Coura acolhe confer\u00eancia e exposi\u00e7\u00e3o sobre Elzira Dantas Machado<\/title>\n<meta name=\"description\" content=\"\u201cElzira Dantas Machado - P\u00e1tria e Rep\u00fablica\u201d \u00e9 o tema da confer\u00eancia que vai acontecer no pr\u00f3ximo s\u00e1bado, na Casa do Conhecimento.\" \/>\n<meta name=\"robots\" content=\"index, follow, max-snippet:-1, max-image-preview:large, max-video-preview:-1\" \/>\n<link rel=\"canonical\" href=\"https:\/\/www.altominho.tv\/site\/2022\/01\/27\/paredes-de-coura-acolhe-conferencia-e-exposicao-sobre-elzira-dantas-machado\/\" \/>\n<meta property=\"og:locale\" content=\"pt_PT\" \/>\n<meta property=\"og:type\" content=\"article\" \/>\n<meta property=\"og:title\" content=\"Paredes de Coura acolhe confer\u00eancia e exposi\u00e7\u00e3o sobre Elzira Dantas Machado\" \/>\n<meta property=\"og:description\" content=\"\u201cElzira Dantas Machado - P\u00e1tria e Rep\u00fablica\u201d \u00e9 o tema da confer\u00eancia que vai acontecer no pr\u00f3ximo s\u00e1bado, na Casa do Conhecimento.\" \/>\n<meta property=\"og:url\" content=\"https:\/\/www.altominho.tv\/site\/2022\/01\/27\/paredes-de-coura-acolhe-conferencia-e-exposicao-sobre-elzira-dantas-machado\/\" \/>\n<meta property=\"og:site_name\" content=\"Altominho.tv\" \/>\n<meta property=\"article:publisher\" content=\"https:\/\/www.facebook.com\/altominhotv\" \/>\n<meta property=\"article:published_time\" content=\"2022-01-27T18:09:54+00:00\" \/>\n<meta property=\"article:modified_time\" content=\"2022-02-16T10:05:58+00:00\" \/>\n<meta property=\"og:image\" content=\"https:\/\/www.altominho.tv\/site\/wp-content\/uploads\/2022\/01\/Conferencia-Elzira-Dantas-Machado.jpg\" \/>\n\t<meta property=\"og:image:width\" content=\"668\" \/>\n\t<meta property=\"og:image:height\" content=\"376\" \/>\n\t<meta property=\"og:image:type\" content=\"image\/jpeg\" \/>\n<meta name=\"author\" content=\"Andreia Ferreira\" \/>\n<meta name=\"twitter:card\" content=\"summary_large_image\" \/>\n<meta name=\"twitter:creator\" content=\"@altominhoTV\" \/>\n<meta name=\"twitter:site\" content=\"@altominhoTV\" \/>\n<meta name=\"twitter:label1\" content=\"Escrito por\" \/>\n\t<meta name=\"twitter:data1\" content=\"Andreia Ferreira\" \/>\n\t<meta name=\"twitter:label2\" content=\"Tempo estimado de leitura\" \/>\n\t<meta name=\"twitter:data2\" content=\"2 minutos\" \/>\n<script type=\"application\/ld+json\" class=\"yoast-schema-graph\">{\"@context\":\"https:\\\/\\\/schema.org\",\"@graph\":[{\"@type\":\"Article\",\"@id\":\"https:\\\/\\\/www.altominho.tv\\\/site\\\/2022\\\/01\\\/27\\\/paredes-de-coura-acolhe-conferencia-e-exposicao-sobre-elzira-dantas-machado\\\/#article\",\"isPartOf\":{\"@id\":\"https:\\\/\\\/www.altominho.tv\\\/site\\\/2022\\\/01\\\/27\\\/paredes-de-coura-acolhe-conferencia-e-exposicao-sobre-elzira-dantas-machado\\\/\"},\"author\":{\"name\":\"Andreia Ferreira\",\"@id\":\"https:\\\/\\\/www.altominho.tv\\\/site\\\/#\\\/schema\\\/person\\\/d9be4265364723f14ea8e0d56a1d38cd\"},\"headline\":\"Paredes de Coura acolhe confer\u00eancia e exposi\u00e7\u00e3o sobre Elzira Dantas Machado\",\"datePublished\":\"2022-01-27T18:09:54+00:00\",\"dateModified\":\"2022-02-16T10:05:58+00:00\",\"mainEntityOfPage\":{\"@id\":\"https:\\\/\\\/www.altominho.tv\\\/site\\\/2022\\\/01\\\/27\\\/paredes-de-coura-acolhe-conferencia-e-exposicao-sobre-elzira-dantas-machado\\\/\"},\"wordCount\":266,\"image\":{\"@id\":\"https:\\\/\\\/www.altominho.tv\\\/site\\\/2022\\\/01\\\/27\\\/paredes-de-coura-acolhe-conferencia-e-exposicao-sobre-elzira-dantas-machado\\\/#primaryimage\"},\"thumbnailUrl\":\"https:\\\/\\\/www.altominho.tv\\\/site\\\/wp-content\\\/uploads\\\/2022\\\/01\\\/Conferencia-Elzira-Dantas-Machado.jpg\",\"keywords\":[\"Sociedade\"],\"articleSection\":[\"Paredes de Coura\"],\"inLanguage\":\"pt-PT\",\"copyrightYear\":\"2022\",\"copyrightHolder\":{\"@id\":\"https:\\\/\\\/www.altominho.tv\\\/site\\\/#organization\"}},{\"@type\":\"WebPage\",\"@id\":\"https:\\\/\\\/www.altominho.tv\\\/site\\\/2022\\\/01\\\/27\\\/paredes-de-coura-acolhe-conferencia-e-exposicao-sobre-elzira-dantas-machado\\\/\",\"url\":\"https:\\\/\\\/www.altominho.tv\\\/site\\\/2022\\\/01\\\/27\\\/paredes-de-coura-acolhe-conferencia-e-exposicao-sobre-elzira-dantas-machado\\\/\",\"name\":\"Paredes de Coura acolhe confer\u00eancia e exposi\u00e7\u00e3o sobre Elzira Dantas Machado\",\"isPartOf\":{\"@id\":\"https:\\\/\\\/www.altominho.tv\\\/site\\\/#website\"},\"primaryImageOfPage\":{\"@id\":\"https:\\\/\\\/www.altominho.tv\\\/site\\\/2022\\\/01\\\/27\\\/paredes-de-coura-acolhe-conferencia-e-exposicao-sobre-elzira-dantas-machado\\\/#primaryimage\"},\"image\":{\"@id\":\"https:\\\/\\\/www.altominho.tv\\\/site\\\/2022\\\/01\\\/27\\\/paredes-de-coura-acolhe-conferencia-e-exposicao-sobre-elzira-dantas-machado\\\/#primaryimage\"},\"thumbnailUrl\":\"https:\\\/\\\/www.altominho.tv\\\/site\\\/wp-content\\\/uploads\\\/2022\\\/01\\\/Conferencia-Elzira-Dantas-Machado.jpg\",\"datePublished\":\"2022-01-27T18:09:54+00:00\",\"dateModified\":\"2022-02-16T10:05:58+00:00\",\"author\":{\"@id\":\"https:\\\/\\\/www.altominho.tv\\\/site\\\/#\\\/schema\\\/person\\\/d9be4265364723f14ea8e0d56a1d38cd\"},\"description\":\"\u201cElzira Dantas Machado - P\u00e1tria e Rep\u00fablica\u201d \u00e9 o tema da confer\u00eancia que vai acontecer no pr\u00f3ximo s\u00e1bado, na Casa do Conhecimento.\",\"breadcrumb\":{\"@id\":\"https:\\\/\\\/www.altominho.tv\\\/site\\\/2022\\\/01\\\/27\\\/paredes-de-coura-acolhe-conferencia-e-exposicao-sobre-elzira-dantas-machado\\\/#breadcrumb\"},\"inLanguage\":\"pt-PT\",\"potentialAction\":[{\"@type\":\"ReadAction\",\"target\":[\"https:\\\/\\\/www.altominho.tv\\\/site\\\/2022\\\/01\\\/27\\\/paredes-de-coura-acolhe-conferencia-e-exposicao-sobre-elzira-dantas-machado\\\/\"]}]},{\"@type\":\"ImageObject\",\"inLanguage\":\"pt-PT\",\"@id\":\"https:\\\/\\\/www.altominho.tv\\\/site\\\/2022\\\/01\\\/27\\\/paredes-de-coura-acolhe-conferencia-e-exposicao-sobre-elzira-dantas-machado\\\/#primaryimage\",\"url\":\"https:\\\/\\\/www.altominho.tv\\\/site\\\/wp-content\\\/uploads\\\/2022\\\/01\\\/Conferencia-Elzira-Dantas-Machado.jpg\",\"contentUrl\":\"https:\\\/\\\/www.altominho.tv\\\/site\\\/wp-content\\\/uploads\\\/2022\\\/01\\\/Conferencia-Elzira-Dantas-Machado.jpg\",\"width\":668,\"height\":376},{\"@type\":\"BreadcrumbList\",\"@id\":\"https:\\\/\\\/www.altominho.tv\\\/site\\\/2022\\\/01\\\/27\\\/paredes-de-coura-acolhe-conferencia-e-exposicao-sobre-elzira-dantas-machado\\\/#breadcrumb\",\"itemListElement\":[{\"@type\":\"ListItem\",\"position\":1,\"name\":\"In\u00edcio\",\"item\":\"https:\\\/\\\/www.altominho.tv\\\/site\\\/\"},{\"@type\":\"ListItem\",\"position\":2,\"name\":\"Paredes de Coura acolhe confer\u00eancia e exposi\u00e7\u00e3o sobre Elzira Dantas Machado\"}]},{\"@type\":\"WebSite\",\"@id\":\"https:\\\/\\\/www.altominho.tv\\\/site\\\/#website\",\"url\":\"https:\\\/\\\/www.altominho.tv\\\/site\\\/\",\"name\":\"Altominho.tv\",\"description\":\"A sua regi\u00e3o \u00e0 dist\u00e2ncia de um clique...\",\"potentialAction\":[{\"@type\":\"SearchAction\",\"target\":{\"@type\":\"EntryPoint\",\"urlTemplate\":\"https:\\\/\\\/www.altominho.tv\\\/site\\\/?s={search_term_string}\"},\"query-input\":{\"@type\":\"PropertyValueSpecification\",\"valueRequired\":true,\"valueName\":\"search_term_string\"}}],\"inLanguage\":\"pt-PT\"},{\"@type\":\"Person\",\"@id\":\"https:\\\/\\\/www.altominho.tv\\\/site\\\/#\\\/schema\\\/person\\\/d9be4265364723f14ea8e0d56a1d38cd\",\"name\":\"Andreia Ferreira\",\"image\":{\"@type\":\"ImageObject\",\"inLanguage\":\"pt-PT\",\"@id\":\"https:\\\/\\\/www.altominho.tv\\\/site\\\/wp-content\\\/uploads\\\/2021\\\/01\\\/AndreiaFerreira-150x150.jpg\",\"url\":\"https:\\\/\\\/www.altominho.tv\\\/site\\\/wp-content\\\/uploads\\\/2021\\\/01\\\/AndreiaFerreira-150x150.jpg\",\"contentUrl\":\"https:\\\/\\\/www.altominho.tv\\\/site\\\/wp-content\\\/uploads\\\/2021\\\/01\\\/AndreiaFerreira-150x150.jpg\",\"caption\":\"Andreia Ferreira\"},\"url\":\"https:\\\/\\\/www.altominho.tv\\\/site\\\/author\\\/andreiaferreira\\\/\"}]}<\/script>\n<!-- \/ Yoast SEO Premium plugin. -->","yoast_head_json":{"title":"Paredes de Coura acolhe confer\u00eancia e exposi\u00e7\u00e3o sobre Elzira Dantas Machado","description":"\u201cElzira Dantas Machado - P\u00e1tria e Rep\u00fablica\u201d \u00e9 o tema da confer\u00eancia que vai acontecer no pr\u00f3ximo s\u00e1bado, na Casa do Conhecimento.","robots":{"index":"index","follow":"follow","max-snippet":"max-snippet:-1","max-image-preview":"max-image-preview:large","max-video-preview":"max-video-preview:-1"},"canonical":"https:\/\/www.altominho.tv\/site\/2022\/01\/27\/paredes-de-coura-acolhe-conferencia-e-exposicao-sobre-elzira-dantas-machado\/","og_locale":"pt_PT","og_type":"article","og_title":"Paredes de Coura acolhe confer\u00eancia e exposi\u00e7\u00e3o sobre Elzira Dantas Machado","og_description":"\u201cElzira Dantas Machado - P\u00e1tria e Rep\u00fablica\u201d \u00e9 o tema da confer\u00eancia que vai acontecer no pr\u00f3ximo s\u00e1bado, na Casa do Conhecimento.","og_url":"https:\/\/www.altominho.tv\/site\/2022\/01\/27\/paredes-de-coura-acolhe-conferencia-e-exposicao-sobre-elzira-dantas-machado\/","og_site_name":"Altominho.tv","article_publisher":"https:\/\/www.facebook.com\/altominhotv","article_published_time":"2022-01-27T18:09:54+00:00","article_modified_time":"2022-02-16T10:05:58+00:00","og_image":[{"width":668,"height":376,"url":"https:\/\/www.altominho.tv\/site\/wp-content\/uploads\/2022\/01\/Conferencia-Elzira-Dantas-Machado.jpg","type":"image\/jpeg"}],"author":"Andreia Ferreira","twitter_card":"summary_large_image","twitter_creator":"@altominhoTV","twitter_site":"@altominhoTV","twitter_misc":{"Escrito por":"Andreia Ferreira","Tempo estimado de leitura":"2 minutos"},"schema":{"@context":"https:\/\/schema.org","@graph":[{"@type":"Article","@id":"https:\/\/www.altominho.tv\/site\/2022\/01\/27\/paredes-de-coura-acolhe-conferencia-e-exposicao-sobre-elzira-dantas-machado\/#article","isPartOf":{"@id":"https:\/\/www.altominho.tv\/site\/2022\/01\/27\/paredes-de-coura-acolhe-conferencia-e-exposicao-sobre-elzira-dantas-machado\/"},"author":{"name":"Andreia Ferreira","@id":"https:\/\/www.altominho.tv\/site\/#\/schema\/person\/d9be4265364723f14ea8e0d56a1d38cd"},"headline":"Paredes de Coura acolhe confer\u00eancia e exposi\u00e7\u00e3o sobre Elzira Dantas Machado","datePublished":"2022-01-27T18:09:54+00:00","dateModified":"2022-02-16T10:05:58+00:00","mainEntityOfPage":{"@id":"https:\/\/www.altominho.tv\/site\/2022\/01\/27\/paredes-de-coura-acolhe-conferencia-e-exposicao-sobre-elzira-dantas-machado\/"},"wordCount":266,"image":{"@id":"https:\/\/www.altominho.tv\/site\/2022\/01\/27\/paredes-de-coura-acolhe-conferencia-e-exposicao-sobre-elzira-dantas-machado\/#primaryimage"},"thumbnailUrl":"https:\/\/www.altominho.tv\/site\/wp-content\/uploads\/2022\/01\/Conferencia-Elzira-Dantas-Machado.jpg","keywords":["Sociedade"],"articleSection":["Paredes de Coura"],"inLanguage":"pt-PT","copyrightYear":"2022","copyrightHolder":{"@id":"https:\/\/www.altominho.tv\/site\/#organization"}},{"@type":"WebPage","@id":"https:\/\/www.altominho.tv\/site\/2022\/01\/27\/paredes-de-coura-acolhe-conferencia-e-exposicao-sobre-elzira-dantas-machado\/","url":"https:\/\/www.altominho.tv\/site\/2022\/01\/27\/paredes-de-coura-acolhe-conferencia-e-exposicao-sobre-elzira-dantas-machado\/","name":"Paredes de Coura acolhe confer\u00eancia e exposi\u00e7\u00e3o sobre Elzira Dantas Machado","isPartOf":{"@id":"https:\/\/www.altominho.tv\/site\/#website"},"primaryImageOfPage":{"@id":"https:\/\/www.altominho.tv\/site\/2022\/01\/27\/paredes-de-coura-acolhe-conferencia-e-exposicao-sobre-elzira-dantas-machado\/#primaryimage"},"image":{"@id":"https:\/\/www.altominho.tv\/site\/2022\/01\/27\/paredes-de-coura-acolhe-conferencia-e-exposicao-sobre-elzira-dantas-machado\/#primaryimage"},"thumbnailUrl":"https:\/\/www.altominho.tv\/site\/wp-content\/uploads\/2022\/01\/Conferencia-Elzira-Dantas-Machado.jpg","datePublished":"2022-01-27T18:09:54+00:00","dateModified":"2022-02-16T10:05:58+00:00","author":{"@id":"https:\/\/www.altominho.tv\/site\/#\/schema\/person\/d9be4265364723f14ea8e0d56a1d38cd"},"description":"\u201cElzira Dantas Machado - P\u00e1tria e Rep\u00fablica\u201d \u00e9 o tema da confer\u00eancia que vai acontecer no pr\u00f3ximo s\u00e1bado, na Casa do Conhecimento.","breadcrumb":{"@id":"https:\/\/www.altominho.tv\/site\/2022\/01\/27\/paredes-de-coura-acolhe-conferencia-e-exposicao-sobre-elzira-dantas-machado\/#breadcrumb"},"inLanguage":"pt-PT","potentialAction":[{"@type":"ReadAction","target":["https:\/\/www.altominho.tv\/site\/2022\/01\/27\/paredes-de-coura-acolhe-conferencia-e-exposicao-sobre-elzira-dantas-machado\/"]}]},{"@type":"ImageObject","inLanguage":"pt-PT","@id":"https:\/\/www.altominho.tv\/site\/2022\/01\/27\/paredes-de-coura-acolhe-conferencia-e-exposicao-sobre-elzira-dantas-machado\/#primaryimage","url":"https:\/\/www.altominho.tv\/site\/wp-content\/uploads\/2022\/01\/Conferencia-Elzira-Dantas-Machado.jpg","contentUrl":"https:\/\/www.altominho.tv\/site\/wp-content\/uploads\/2022\/01\/Conferencia-Elzira-Dantas-Machado.jpg","width":668,"height":376},{"@type":"BreadcrumbList","@id":"https:\/\/www.altominho.tv\/site\/2022\/01\/27\/paredes-de-coura-acolhe-conferencia-e-exposicao-sobre-elzira-dantas-machado\/#breadcrumb","itemListElement":[{"@type":"ListItem","position":1,"name":"In\u00edcio","item":"https:\/\/www.altominho.tv\/site\/"},{"@type":"ListItem","position":2,"name":"Paredes de Coura acolhe confer\u00eancia e exposi\u00e7\u00e3o sobre Elzira Dantas Machado"}]},{"@type":"WebSite","@id":"https:\/\/www.altominho.tv\/site\/#website","url":"https:\/\/www.altominho.tv\/site\/","name":"Altominho.tv","description":"A sua regi\u00e3o \u00e0 dist\u00e2ncia de um clique...","potentialAction":[{"@type":"SearchAction","target":{"@type":"EntryPoint","urlTemplate":"https:\/\/www.altominho.tv\/site\/?s={search_term_string}"},"query-input":{"@type":"PropertyValueSpecification","valueRequired":true,"valueName":"search_term_string"}}],"inLanguage":"pt-PT"},{"@type":"Person","@id":"https:\/\/www.altominho.tv\/site\/#\/schema\/person\/d9be4265364723f14ea8e0d56a1d38cd","name":"Andreia Ferreira","image":{"@type":"ImageObject","inLanguage":"pt-PT","@id":"https:\/\/www.altominho.tv\/site\/wp-content\/uploads\/2021\/01\/AndreiaFerreira-150x150.jpg","url":"https:\/\/www.altominho.tv\/site\/wp-content\/uploads\/2021\/01\/AndreiaFerreira-150x150.jpg","contentUrl":"https:\/\/www.altominho.tv\/site\/wp-content\/uploads\/2021\/01\/AndreiaFerreira-150x150.jpg","caption":"Andreia Ferreira"},"url":"https:\/\/www.altominho.tv\/site\/author\/andreiaferreira\/"}]}},"_links":{"self":[{"href":"https:\/\/www.altominho.tv\/site\/wp-json\/wp\/v2\/posts\/75389","targetHints":{"allow":["GET"]}}],"collection":[{"href":"https:\/\/www.altominho.tv\/site\/wp-json\/wp\/v2\/posts"}],"about":[{"href":"https:\/\/www.altominho.tv\/site\/wp-json\/wp\/v2\/types\/post"}],"author":[{"embeddable":true,"href":"https:\/\/www.altominho.tv\/site\/wp-json\/wp\/v2\/users\/12"}],"replies":[{"embeddable":true,"href":"https:\/\/www.altominho.tv\/site\/wp-json\/wp\/v2\/comments?post=75389"}],"version-history":[{"count":0,"href":"https:\/\/www.altominho.tv\/site\/wp-json\/wp\/v2\/posts\/75389\/revisions"}],"wp:featuredmedia":[{"embeddable":true,"href":"https:\/\/www.altominho.tv\/site\/wp-json\/wp\/v2\/media\/75392"}],"wp:attachment":[{"href":"https:\/\/www.altominho.tv\/site\/wp-json\/wp\/v2\/media?parent=75389"}],"wp:term":[{"taxonomy":"category","embeddable":true,"href":"https:\/\/www.altominho.tv\/site\/wp-json\/wp\/v2\/categories?post=75389"},{"taxonomy":"post_tag","embeddable":true,"href":"https:\/\/www.altominho.tv\/site\/wp-json\/wp\/v2\/tags?post=75389"}],"curies":[{"name":"wp","href":"https:\/\/api.w.org\/{rel}","templated":true}]}}