{"id":75374,"date":"2022-01-26T11:04:12","date_gmt":"2022-01-26T11:04:12","guid":{"rendered":"https:\/\/www.altominho.tv\/site\/?p=75374"},"modified":"2022-02-17T16:46:48","modified_gmt":"2022-02-17T16:46:48","slug":"alto-minho-ultrapassa-os-oito-mil-infetados","status":"publish","type":"post","link":"https:\/\/www.altominho.tv\/site\/2022\/01\/26\/alto-minho-ultrapassa-os-oito-mil-infetados\/","title":{"rendered":"Alto Minho ultrapassa os oito mil infetados"},"content":{"rendered":"<p>A regi\u00e3o do Alto Minho registou, desde a passada sexta-feira, 3629 novos casos de infe\u00e7\u00e3o pelo coronav\u00edrus SARS-CoV-2 e 1947 recuperados. Segundo o relat\u00f3rio mais recente da Unidade Local de Sa\u00fade do Alto Minho (ULSAM), o n\u00famero de casos ativos aumentou para 8373.<\/p>\n<p>O boletim epidemiol\u00f3gico com dados atualizados at\u00e9 esta ter\u00e7a-feira indica que o distrito de Viana do Castelo contabiliza um total de 47.019 casos confirmados, 469 \u00f3bitos e 38.177 recuperados desde o in\u00edcio da pandemia.<\/p>\n<p>O concelho de Viana do Castelo tem um total de 3179 casos positivos. Nos \u00faltimos quatro dias, foram confirmadas 1451 novas infe\u00e7\u00f5es e 674 recupera\u00e7\u00f5es.<\/p>\n<p>Em Ponte de Lima foram registadas mais 703 infe\u00e7\u00f5es e 423 recuperados, num total de 1734.<\/p>\n<p>Ap\u00f3s confirma\u00e7\u00e3o de 225 novos casos e 133 recupera\u00e7\u00f5es, o concelho de Arcos de Valdevez tem agora 663 infe\u00e7\u00f5es ativas.<\/p>\n<p>Com 309 casos de Covid-19 e mais 186 pessoas dadas como recuperadas desde a \u00faltima atualiza\u00e7\u00e3o da ULSAM, o n\u00famero de casos ativos no concelho de Mon\u00e7\u00e3o subiu para 641.<\/p>\n<p>Em Valen\u00e7a registaram-se 218 casos de infe\u00e7\u00e3o e mais 89 recuperados, subindo para 531 infetados.<\/p>\n<p>O concelho de Caminha tem 491 casos ativos, ap\u00f3s confirma\u00e7\u00e3o de 227 novas infe\u00e7\u00f5es e 81 recuperados.<\/p>\n<p>Vila Nova de Cerveira somou 128 casos positivos e mais 64 pessoas recuperaram da doen\u00e7a. O n\u00famero de casos ativos subiu para 377.<\/p>\n<div id=\"altom-763329139\" class=\"altom-teste-dentro-do-artigo\">\n<p>H\u00e1 mais 132 casos e 52 recuperados em Ponte da Barca. Est\u00e3o ativas 327 infe\u00e7\u00f5es.<\/p>\n<p>O concelho de Paredes de Coura tem mais 158 infetados e 172 casos de recupera\u00e7\u00e3o, num total de 303 casos de Covid-19.<\/p>\n<p>Melga\u00e7o registou mais 78 casos de infe\u00e7\u00e3o e mais 73 pessoas foram dadas como recuperadas. O n\u00famero de casos ativos subiu para 127.<\/p>\n<\/div>\n\n\n<figure class=\"wp-block-image size-large\"><img loading=\"lazy\" decoding=\"async\" width=\"777\" height=\"1024\" src=\"https:\/\/www.altominho.tv\/site\/wp-content\/uploads\/2022\/01\/Situacao-epidemiologica-COVID-19-no-Alto-Minho_2022-3-777x1024.jpg\" alt=\"\" class=\"wp-image-75377\" srcset=\"https:\/\/www.altominho.tv\/site\/wp-content\/uploads\/2022\/01\/Situacao-epidemiologica-COVID-19-no-Alto-Minho_2022-3-777x1024.jpg 777w, https:\/\/www.altominho.tv\/site\/wp-content\/uploads\/2022\/01\/Situacao-epidemiologica-COVID-19-no-Alto-Minho_2022-3-328x433.jpg 328w, https:\/\/www.altominho.tv\/site\/wp-content\/uploads\/2022\/01\/Situacao-epidemiologica-COVID-19-no-Alto-Minho_2022-3-768x1013.jpg 768w, https:\/\/www.altominho.tv\/site\/wp-content\/uploads\/2022\/01\/Situacao-epidemiologica-COVID-19-no-Alto-Minho_2022-3-1165x1536.jpg 1165w, https:\/\/www.altominho.tv\/site\/wp-content\/uploads\/2022\/01\/Situacao-epidemiologica-COVID-19-no-Alto-Minho_2022-3-1553x2048.jpg 1553w, https:\/\/www.altominho.tv\/site\/wp-content\/uploads\/2022\/01\/Situacao-epidemiologica-COVID-19-no-Alto-Minho_2022-3-370x488.jpg 370w, https:\/\/www.altominho.tv\/site\/wp-content\/uploads\/2022\/01\/Situacao-epidemiologica-COVID-19-no-Alto-Minho_2022-3-270x356.jpg 270w, https:\/\/www.altominho.tv\/site\/wp-content\/uploads\/2022\/01\/Situacao-epidemiologica-COVID-19-no-Alto-Minho_2022-3-570x752.jpg 570w, https:\/\/www.altominho.tv\/site\/wp-content\/uploads\/2022\/01\/Situacao-epidemiologica-COVID-19-no-Alto-Minho_2022-3-740x976.jpg 740w, https:\/\/www.altominho.tv\/site\/wp-content\/uploads\/2022\/01\/Situacao-epidemiologica-COVID-19-no-Alto-Minho_2022-3-scaled.jpg 1941w\" sizes=\"auto, (max-width: 777px) 100vw, 777px\" \/><figcaption>ULSAM<\/figcaption><\/figure>\n","protected":false},"excerpt":{"rendered":"<p>A regi\u00e3o do Alto Minho registou, desde a passada sexta-feira, 3629 novos casos de infe\u00e7\u00e3o pelo coronav\u00edrus SARS-CoV-2 e 1947 recuperados. Segundo o relat\u00f3rio mais recente da Unidade Local de Sa\u00fade do Alto Minho (ULSAM), o n\u00famero de casos ativos aumentou para 8373. O boletim epidemiol\u00f3gico com dados atualizados at\u00e9 esta ter\u00e7a-feira indica que o [&hellip;]<\/p>\n","protected":false},"author":12,"featured_media":75002,"comment_status":"closed","ping_status":"closed","sticky":false,"template":"","format":"standard","meta":{"_exactmetrics_skip_tracking":false,"_exactmetrics_sitenote_active":false,"_exactmetrics_sitenote_note":"","_exactmetrics_sitenote_category":0,"footnotes":""},"categories":[73],"tags":[26,27],"class_list":["post-75374","post","type-post","status-publish","format-standard","has-post-thumbnail","hentry","category-alto-minho","tag-saude","tag-sociedade"],"yoast_head":"<!-- This site is optimized with the Yoast SEO Premium plugin v27.4 (Yoast SEO v27.4) - https:\/\/yoast.com\/product\/yoast-seo-premium-wordpress\/ -->\n<title>Alto Minho ultrapassa os oito mil infetados<\/title>\n<meta name=\"description\" content=\"A regi\u00e3o do Alto Minho registou, desde a passada sexta-feira, 3629 novos casos de infe\u00e7\u00e3o pelo coronav\u00edrus SARS-CoV-2 e 1947 recuperados.\" \/>\n<meta name=\"robots\" content=\"index, follow, max-snippet:-1, max-image-preview:large, max-video-preview:-1\" \/>\n<link rel=\"canonical\" href=\"https:\/\/www.altominho.tv\/site\/2022\/01\/26\/alto-minho-ultrapassa-os-oito-mil-infetados\/\" \/>\n<meta property=\"og:locale\" content=\"pt_PT\" \/>\n<meta property=\"og:type\" content=\"article\" \/>\n<meta property=\"og:title\" content=\"Alto Minho ultrapassa os oito mil infetados\" \/>\n<meta property=\"og:description\" content=\"A regi\u00e3o do Alto Minho registou, desde a passada sexta-feira, 3629 novos casos de infe\u00e7\u00e3o pelo coronav\u00edrus SARS-CoV-2 e 1947 recuperados.\" \/>\n<meta property=\"og:url\" content=\"https:\/\/www.altominho.tv\/site\/2022\/01\/26\/alto-minho-ultrapassa-os-oito-mil-infetados\/\" \/>\n<meta property=\"og:site_name\" content=\"Altominho.tv\" \/>\n<meta property=\"article:publisher\" content=\"https:\/\/www.facebook.com\/altominhotv\" \/>\n<meta property=\"article:published_time\" content=\"2022-01-26T11:04:12+00:00\" \/>\n<meta property=\"article:modified_time\" content=\"2022-02-17T16:46:48+00:00\" \/>\n<meta property=\"og:image\" content=\"https:\/\/www.altominho.tv\/site\/wp-content\/uploads\/2022\/01\/ulsam_ATV-1.jpg\" \/>\n\t<meta property=\"og:image:width\" content=\"940\" \/>\n\t<meta property=\"og:image:height\" content=\"490\" \/>\n\t<meta property=\"og:image:type\" content=\"image\/jpeg\" \/>\n<meta name=\"author\" content=\"Andreia Ferreira\" \/>\n<meta name=\"twitter:card\" content=\"summary_large_image\" \/>\n<meta name=\"twitter:creator\" content=\"@altominhoTV\" \/>\n<meta name=\"twitter:site\" content=\"@altominhoTV\" \/>\n<meta name=\"twitter:label1\" content=\"Escrito por\" \/>\n\t<meta name=\"twitter:data1\" content=\"Andreia Ferreira\" \/>\n\t<meta name=\"twitter:label2\" content=\"Tempo estimado de leitura\" \/>\n\t<meta name=\"twitter:data2\" content=\"2 minutos\" \/>\n<script type=\"application\/ld+json\" class=\"yoast-schema-graph\">{\"@context\":\"https:\\\/\\\/schema.org\",\"@graph\":[{\"@type\":\"Article\",\"@id\":\"https:\\\/\\\/www.altominho.tv\\\/site\\\/2022\\\/01\\\/26\\\/alto-minho-ultrapassa-os-oito-mil-infetados\\\/#article\",\"isPartOf\":{\"@id\":\"https:\\\/\\\/www.altominho.tv\\\/site\\\/2022\\\/01\\\/26\\\/alto-minho-ultrapassa-os-oito-mil-infetados\\\/\"},\"author\":{\"name\":\"Andreia Ferreira\",\"@id\":\"https:\\\/\\\/www.altominho.tv\\\/site\\\/#\\\/schema\\\/person\\\/d9be4265364723f14ea8e0d56a1d38cd\"},\"headline\":\"Alto Minho ultrapassa os oito mil infetados\",\"datePublished\":\"2022-01-26T11:04:12+00:00\",\"dateModified\":\"2022-02-17T16:46:48+00:00\",\"mainEntityOfPage\":{\"@id\":\"https:\\\/\\\/www.altominho.tv\\\/site\\\/2022\\\/01\\\/26\\\/alto-minho-ultrapassa-os-oito-mil-infetados\\\/\"},\"wordCount\":287,\"image\":{\"@id\":\"https:\\\/\\\/www.altominho.tv\\\/site\\\/2022\\\/01\\\/26\\\/alto-minho-ultrapassa-os-oito-mil-infetados\\\/#primaryimage\"},\"thumbnailUrl\":\"https:\\\/\\\/www.altominho.tv\\\/site\\\/wp-content\\\/uploads\\\/2022\\\/01\\\/ulsam_ATV-1.jpg\",\"keywords\":[\"Sa\u00fade\",\"Sociedade\"],\"articleSection\":[\"Alto Minho\"],\"inLanguage\":\"pt-PT\",\"copyrightYear\":\"2022\",\"copyrightHolder\":{\"@id\":\"https:\\\/\\\/www.altominho.tv\\\/site\\\/#organization\"}},{\"@type\":\"WebPage\",\"@id\":\"https:\\\/\\\/www.altominho.tv\\\/site\\\/2022\\\/01\\\/26\\\/alto-minho-ultrapassa-os-oito-mil-infetados\\\/\",\"url\":\"https:\\\/\\\/www.altominho.tv\\\/site\\\/2022\\\/01\\\/26\\\/alto-minho-ultrapassa-os-oito-mil-infetados\\\/\",\"name\":\"Alto Minho ultrapassa os oito mil infetados\",\"isPartOf\":{\"@id\":\"https:\\\/\\\/www.altominho.tv\\\/site\\\/#website\"},\"primaryImageOfPage\":{\"@id\":\"https:\\\/\\\/www.altominho.tv\\\/site\\\/2022\\\/01\\\/26\\\/alto-minho-ultrapassa-os-oito-mil-infetados\\\/#primaryimage\"},\"image\":{\"@id\":\"https:\\\/\\\/www.altominho.tv\\\/site\\\/2022\\\/01\\\/26\\\/alto-minho-ultrapassa-os-oito-mil-infetados\\\/#primaryimage\"},\"thumbnailUrl\":\"https:\\\/\\\/www.altominho.tv\\\/site\\\/wp-content\\\/uploads\\\/2022\\\/01\\\/ulsam_ATV-1.jpg\",\"datePublished\":\"2022-01-26T11:04:12+00:00\",\"dateModified\":\"2022-02-17T16:46:48+00:00\",\"author\":{\"@id\":\"https:\\\/\\\/www.altominho.tv\\\/site\\\/#\\\/schema\\\/person\\\/d9be4265364723f14ea8e0d56a1d38cd\"},\"description\":\"A regi\u00e3o do Alto Minho registou, desde a passada sexta-feira, 3629 novos casos de infe\u00e7\u00e3o pelo coronav\u00edrus SARS-CoV-2 e 1947 recuperados.\",\"breadcrumb\":{\"@id\":\"https:\\\/\\\/www.altominho.tv\\\/site\\\/2022\\\/01\\\/26\\\/alto-minho-ultrapassa-os-oito-mil-infetados\\\/#breadcrumb\"},\"inLanguage\":\"pt-PT\",\"potentialAction\":[{\"@type\":\"ReadAction\",\"target\":[\"https:\\\/\\\/www.altominho.tv\\\/site\\\/2022\\\/01\\\/26\\\/alto-minho-ultrapassa-os-oito-mil-infetados\\\/\"]}]},{\"@type\":\"ImageObject\",\"inLanguage\":\"pt-PT\",\"@id\":\"https:\\\/\\\/www.altominho.tv\\\/site\\\/2022\\\/01\\\/26\\\/alto-minho-ultrapassa-os-oito-mil-infetados\\\/#primaryimage\",\"url\":\"https:\\\/\\\/www.altominho.tv\\\/site\\\/wp-content\\\/uploads\\\/2022\\\/01\\\/ulsam_ATV-1.jpg\",\"contentUrl\":\"https:\\\/\\\/www.altominho.tv\\\/site\\\/wp-content\\\/uploads\\\/2022\\\/01\\\/ulsam_ATV-1.jpg\",\"width\":940,\"height\":490},{\"@type\":\"BreadcrumbList\",\"@id\":\"https:\\\/\\\/www.altominho.tv\\\/site\\\/2022\\\/01\\\/26\\\/alto-minho-ultrapassa-os-oito-mil-infetados\\\/#breadcrumb\",\"itemListElement\":[{\"@type\":\"ListItem\",\"position\":1,\"name\":\"In\u00edcio\",\"item\":\"https:\\\/\\\/www.altominho.tv\\\/site\\\/\"},{\"@type\":\"ListItem\",\"position\":2,\"name\":\"Alto Minho ultrapassa os oito mil infetados\"}]},{\"@type\":\"WebSite\",\"@id\":\"https:\\\/\\\/www.altominho.tv\\\/site\\\/#website\",\"url\":\"https:\\\/\\\/www.altominho.tv\\\/site\\\/\",\"name\":\"Altominho.tv\",\"description\":\"A sua regi\u00e3o \u00e0 dist\u00e2ncia de um clique...\",\"potentialAction\":[{\"@type\":\"SearchAction\",\"target\":{\"@type\":\"EntryPoint\",\"urlTemplate\":\"https:\\\/\\\/www.altominho.tv\\\/site\\\/?s={search_term_string}\"},\"query-input\":{\"@type\":\"PropertyValueSpecification\",\"valueRequired\":true,\"valueName\":\"search_term_string\"}}],\"inLanguage\":\"pt-PT\"},{\"@type\":\"Person\",\"@id\":\"https:\\\/\\\/www.altominho.tv\\\/site\\\/#\\\/schema\\\/person\\\/d9be4265364723f14ea8e0d56a1d38cd\",\"name\":\"Andreia Ferreira\",\"image\":{\"@type\":\"ImageObject\",\"inLanguage\":\"pt-PT\",\"@id\":\"https:\\\/\\\/www.altominho.tv\\\/site\\\/wp-content\\\/uploads\\\/2021\\\/01\\\/AndreiaFerreira-150x150.jpg\",\"url\":\"https:\\\/\\\/www.altominho.tv\\\/site\\\/wp-content\\\/uploads\\\/2021\\\/01\\\/AndreiaFerreira-150x150.jpg\",\"contentUrl\":\"https:\\\/\\\/www.altominho.tv\\\/site\\\/wp-content\\\/uploads\\\/2021\\\/01\\\/AndreiaFerreira-150x150.jpg\",\"caption\":\"Andreia Ferreira\"},\"url\":\"https:\\\/\\\/www.altominho.tv\\\/site\\\/author\\\/andreiaferreira\\\/\"}]}<\/script>\n<!-- \/ Yoast SEO Premium plugin. -->","yoast_head_json":{"title":"Alto Minho ultrapassa os oito mil infetados","description":"A regi\u00e3o do Alto Minho registou, desde a passada sexta-feira, 3629 novos casos de infe\u00e7\u00e3o pelo coronav\u00edrus SARS-CoV-2 e 1947 recuperados.","robots":{"index":"index","follow":"follow","max-snippet":"max-snippet:-1","max-image-preview":"max-image-preview:large","max-video-preview":"max-video-preview:-1"},"canonical":"https:\/\/www.altominho.tv\/site\/2022\/01\/26\/alto-minho-ultrapassa-os-oito-mil-infetados\/","og_locale":"pt_PT","og_type":"article","og_title":"Alto Minho ultrapassa os oito mil infetados","og_description":"A regi\u00e3o do Alto Minho registou, desde a passada sexta-feira, 3629 novos casos de infe\u00e7\u00e3o pelo coronav\u00edrus SARS-CoV-2 e 1947 recuperados.","og_url":"https:\/\/www.altominho.tv\/site\/2022\/01\/26\/alto-minho-ultrapassa-os-oito-mil-infetados\/","og_site_name":"Altominho.tv","article_publisher":"https:\/\/www.facebook.com\/altominhotv","article_published_time":"2022-01-26T11:04:12+00:00","article_modified_time":"2022-02-17T16:46:48+00:00","og_image":[{"width":940,"height":490,"url":"https:\/\/www.altominho.tv\/site\/wp-content\/uploads\/2022\/01\/ulsam_ATV-1.jpg","type":"image\/jpeg"}],"author":"Andreia Ferreira","twitter_card":"summary_large_image","twitter_creator":"@altominhoTV","twitter_site":"@altominhoTV","twitter_misc":{"Escrito por":"Andreia Ferreira","Tempo estimado de leitura":"2 minutos"},"schema":{"@context":"https:\/\/schema.org","@graph":[{"@type":"Article","@id":"https:\/\/www.altominho.tv\/site\/2022\/01\/26\/alto-minho-ultrapassa-os-oito-mil-infetados\/#article","isPartOf":{"@id":"https:\/\/www.altominho.tv\/site\/2022\/01\/26\/alto-minho-ultrapassa-os-oito-mil-infetados\/"},"author":{"name":"Andreia Ferreira","@id":"https:\/\/www.altominho.tv\/site\/#\/schema\/person\/d9be4265364723f14ea8e0d56a1d38cd"},"headline":"Alto Minho ultrapassa os oito mil infetados","datePublished":"2022-01-26T11:04:12+00:00","dateModified":"2022-02-17T16:46:48+00:00","mainEntityOfPage":{"@id":"https:\/\/www.altominho.tv\/site\/2022\/01\/26\/alto-minho-ultrapassa-os-oito-mil-infetados\/"},"wordCount":287,"image":{"@id":"https:\/\/www.altominho.tv\/site\/2022\/01\/26\/alto-minho-ultrapassa-os-oito-mil-infetados\/#primaryimage"},"thumbnailUrl":"https:\/\/www.altominho.tv\/site\/wp-content\/uploads\/2022\/01\/ulsam_ATV-1.jpg","keywords":["Sa\u00fade","Sociedade"],"articleSection":["Alto Minho"],"inLanguage":"pt-PT","copyrightYear":"2022","copyrightHolder":{"@id":"https:\/\/www.altominho.tv\/site\/#organization"}},{"@type":"WebPage","@id":"https:\/\/www.altominho.tv\/site\/2022\/01\/26\/alto-minho-ultrapassa-os-oito-mil-infetados\/","url":"https:\/\/www.altominho.tv\/site\/2022\/01\/26\/alto-minho-ultrapassa-os-oito-mil-infetados\/","name":"Alto Minho ultrapassa os oito mil infetados","isPartOf":{"@id":"https:\/\/www.altominho.tv\/site\/#website"},"primaryImageOfPage":{"@id":"https:\/\/www.altominho.tv\/site\/2022\/01\/26\/alto-minho-ultrapassa-os-oito-mil-infetados\/#primaryimage"},"image":{"@id":"https:\/\/www.altominho.tv\/site\/2022\/01\/26\/alto-minho-ultrapassa-os-oito-mil-infetados\/#primaryimage"},"thumbnailUrl":"https:\/\/www.altominho.tv\/site\/wp-content\/uploads\/2022\/01\/ulsam_ATV-1.jpg","datePublished":"2022-01-26T11:04:12+00:00","dateModified":"2022-02-17T16:46:48+00:00","author":{"@id":"https:\/\/www.altominho.tv\/site\/#\/schema\/person\/d9be4265364723f14ea8e0d56a1d38cd"},"description":"A regi\u00e3o do Alto Minho registou, desde a passada sexta-feira, 3629 novos casos de infe\u00e7\u00e3o pelo coronav\u00edrus SARS-CoV-2 e 1947 recuperados.","breadcrumb":{"@id":"https:\/\/www.altominho.tv\/site\/2022\/01\/26\/alto-minho-ultrapassa-os-oito-mil-infetados\/#breadcrumb"},"inLanguage":"pt-PT","potentialAction":[{"@type":"ReadAction","target":["https:\/\/www.altominho.tv\/site\/2022\/01\/26\/alto-minho-ultrapassa-os-oito-mil-infetados\/"]}]},{"@type":"ImageObject","inLanguage":"pt-PT","@id":"https:\/\/www.altominho.tv\/site\/2022\/01\/26\/alto-minho-ultrapassa-os-oito-mil-infetados\/#primaryimage","url":"https:\/\/www.altominho.tv\/site\/wp-content\/uploads\/2022\/01\/ulsam_ATV-1.jpg","contentUrl":"https:\/\/www.altominho.tv\/site\/wp-content\/uploads\/2022\/01\/ulsam_ATV-1.jpg","width":940,"height":490},{"@type":"BreadcrumbList","@id":"https:\/\/www.altominho.tv\/site\/2022\/01\/26\/alto-minho-ultrapassa-os-oito-mil-infetados\/#breadcrumb","itemListElement":[{"@type":"ListItem","position":1,"name":"In\u00edcio","item":"https:\/\/www.altominho.tv\/site\/"},{"@type":"ListItem","position":2,"name":"Alto Minho ultrapassa os oito mil infetados"}]},{"@type":"WebSite","@id":"https:\/\/www.altominho.tv\/site\/#website","url":"https:\/\/www.altominho.tv\/site\/","name":"Altominho.tv","description":"A sua regi\u00e3o \u00e0 dist\u00e2ncia de um clique...","potentialAction":[{"@type":"SearchAction","target":{"@type":"EntryPoint","urlTemplate":"https:\/\/www.altominho.tv\/site\/?s={search_term_string}"},"query-input":{"@type":"PropertyValueSpecification","valueRequired":true,"valueName":"search_term_string"}}],"inLanguage":"pt-PT"},{"@type":"Person","@id":"https:\/\/www.altominho.tv\/site\/#\/schema\/person\/d9be4265364723f14ea8e0d56a1d38cd","name":"Andreia Ferreira","image":{"@type":"ImageObject","inLanguage":"pt-PT","@id":"https:\/\/www.altominho.tv\/site\/wp-content\/uploads\/2021\/01\/AndreiaFerreira-150x150.jpg","url":"https:\/\/www.altominho.tv\/site\/wp-content\/uploads\/2021\/01\/AndreiaFerreira-150x150.jpg","contentUrl":"https:\/\/www.altominho.tv\/site\/wp-content\/uploads\/2021\/01\/AndreiaFerreira-150x150.jpg","caption":"Andreia Ferreira"},"url":"https:\/\/www.altominho.tv\/site\/author\/andreiaferreira\/"}]}},"_links":{"self":[{"href":"https:\/\/www.altominho.tv\/site\/wp-json\/wp\/v2\/posts\/75374","targetHints":{"allow":["GET"]}}],"collection":[{"href":"https:\/\/www.altominho.tv\/site\/wp-json\/wp\/v2\/posts"}],"about":[{"href":"https:\/\/www.altominho.tv\/site\/wp-json\/wp\/v2\/types\/post"}],"author":[{"embeddable":true,"href":"https:\/\/www.altominho.tv\/site\/wp-json\/wp\/v2\/users\/12"}],"replies":[{"embeddable":true,"href":"https:\/\/www.altominho.tv\/site\/wp-json\/wp\/v2\/comments?post=75374"}],"version-history":[{"count":0,"href":"https:\/\/www.altominho.tv\/site\/wp-json\/wp\/v2\/posts\/75374\/revisions"}],"wp:featuredmedia":[{"embeddable":true,"href":"https:\/\/www.altominho.tv\/site\/wp-json\/wp\/v2\/media\/75002"}],"wp:attachment":[{"href":"https:\/\/www.altominho.tv\/site\/wp-json\/wp\/v2\/media?parent=75374"}],"wp:term":[{"taxonomy":"category","embeddable":true,"href":"https:\/\/www.altominho.tv\/site\/wp-json\/wp\/v2\/categories?post=75374"},{"taxonomy":"post_tag","embeddable":true,"href":"https:\/\/www.altominho.tv\/site\/wp-json\/wp\/v2\/tags?post=75374"}],"curies":[{"name":"wp","href":"https:\/\/api.w.org\/{rel}","templated":true}]}}