{"id":75364,"date":"2022-01-26T10:32:02","date_gmt":"2022-01-26T10:32:02","guid":{"rendered":"https:\/\/www.altominho.tv\/site\/?p=75364"},"modified":"2022-02-17T16:47:54","modified_gmt":"2022-02-17T16:47:54","slug":"cds-pp-alerta-para-a-falta-de-apoios-comunitarios-no-setor-naval","status":"publish","type":"post","link":"https:\/\/www.altominho.tv\/site\/2022\/01\/26\/cds-pp-alerta-para-a-falta-de-apoios-comunitarios-no-setor-naval\/","title":{"rendered":"CDS-PP alerta para a falta de apoios comunit\u00e1rios no setor naval"},"content":{"rendered":"<p>Os candidatos do CDS-PP pelo distrito de Viana do Castelo \u00e0s elei\u00e7\u00f5es legislativas do pr\u00f3ximo domingo alertam para a falta de apoios comunit\u00e1rios no setor naval. A equipa encabe\u00e7ada por Joana Mendes reuniu com a West Sea, empresa de repara\u00e7\u00e3o e constru\u00e7\u00e3o naval que, em 2014, assumiu a subconcess\u00e3o dos estaleiros de Viana do Castelo.<\/p>\n<p>&#8220;Abord\u00e1mos, em especial, a falta de apoios comunit\u00e1rios no setor naval, \u00e0 qual se junta a distor\u00e7\u00e3o de concorr\u00eancia existente dentro da comunidade europeia, que importa corrigir com urg\u00eancia, denunciando tais pr\u00e1ticas junto da Uni\u00e3o Europeia&#8221;, adianta Joana Mendes, na nota enviada \u00e0 imprensa.<\/p>\n<p>&#8220;Fomos tamb\u00e9m alertados para o facto de o concurso relativo \u00e0 constru\u00e7\u00e3o de seis novos navios de patrulha oce\u00e2nica, j\u00e1 previstos na Lei de Programa\u00e7\u00e3o Militar, continuar na gaveta, sem qualquer perspetiva de lan\u00e7amento. Tal seria uma grande oportunidade para o trabalho desenvolvido pelos Estaleiros Navais de Viana, os quais geram centenas de empregos diretos e indiretos&#8221;, acrescenta a cabe\u00e7a de lista do CDS-PP no Alto Minho.<\/p>\n<p>Ainda durante a visita, a comitiva do CDS-PP abordou a falta de m\u00e3o-de-obra qualificada e a falta de competitividade dos sal\u00e1rios portugueses, problemas que t\u00eam trazido ao debate no Alto Minho.<\/p>\n<p>Na ter\u00e7a-feira, os candidatos do CDS-PP reuniram tamb\u00e9m com a\u00a0 ainda com a APPACDM \u2013 Associa\u00e7\u00e3o Portuguesa de Pais e Amigos do Cidad\u00e3o Deficiente Mental de Ponte de Lima.<\/p>\n<p>\u201cTestemunh\u00e1mos, mais uma vez, o papel fundamental que institui\u00e7\u00f5es como a APPACDM t\u00eam junto das comunidades locais e dos nossos jovens. Repetem-se, no entanto, as preocupa\u00e7\u00f5es relacionadas, entre outros, com a falta de um plano de carreira adequado ao terceiro setor e de solu\u00e7\u00f5es ajustadas a cada uma das realidades em causa, sejam defici\u00eancias f\u00edsicas ou intelectuais, em jovens ou idosos, situa\u00e7\u00f5es que deveriam envolver respostas diferenciadas&#8221;, lamenta Joana Mendes.<\/p>\n<h3><strong>Medidas para o Alto Minho<\/strong><\/h3>\n<p>O CDS-PP vai apresentar-se \u00e0s pr\u00f3ximas legislativas com propostas que visam o desenvolvimento econ\u00f3mico, social e sustent\u00e1vel do distrito de Viana do Castelo, nomeadamente, atratividade do territ\u00f3rio, sa\u00fade e a\u00e7\u00e3o social, mobilidade e acessibilidades, desenvolvimento rural e ambiente e descentraliza\u00e7\u00e3o e coes\u00e3o territorial.<\/p>\n<p>A lista liderada por Joana Mendes afirma que o compromisso eleitoral, que foi anunciado nas redes sociais, est\u00e1 \u201cfocado nas necessidades, mas tamb\u00e9m nas singularidades, dos 10 concelhos que fazem parte do distrito\u201d, apresentando medidas concretas para o Alto Minho.<\/p>\n<p>Na agenda econ\u00f3mica, o CDS-PP pretende, entre outros, &#8220;fomentar o apoio a empreendedores, \u00e0 qualifica\u00e7\u00e3o profissional, que dever\u00e1 ser adequada \u00e0s necessidades do tecido empresarial da regi\u00e3o, o refor\u00e7o do cluster da economia do mar, o refor\u00e7o do apoio \u00e0 habitua\u00e7\u00e3o, bem como a descida imediata da taxa de IRC para 19%, com regime de bonifica\u00e7\u00e3o para empresas localizadas em territ\u00f3rios de baixa densidade&#8221;.<\/p>\n<p>Na sa\u00fade e a\u00e7\u00e3o social, o partido defende &#8220;medidas de apoio \u00e0 natalidade, bem como \u00e0s popula\u00e7\u00f5es mais vulner\u00e1veis e o refor\u00e7o da rede de equipamentos de apoio \u00e0 inf\u00e2ncia e da rede de unidades de cuidados de sa\u00fade prim\u00e1rios, de cuidados continuados e paliativos&#8221;.<\/p>\n<p>No campo da mobilidade e acessibilidades, abordam &#8220;o refor\u00e7o das liga\u00e7\u00f5es rodovi\u00e1rias transfronteiri\u00e7as e a melhoria da rede de transportes p\u00fablicos, com uma verdadeira intermodalidade entre sistemas de transporte&#8221;.<\/p>\n<p>Na \u00e1rea do desenvolvimento rural e ambiente, o compromisso local do CDS-PP centra-se no apoio aos produtores agr\u00edcolas e florestais e na promo\u00e7\u00e3o da floresta. A valoriza\u00e7\u00e3o dos recursos h\u00eddricos, do Parque Nacional da Peneda Ger\u00eas, das \u00c1reas Protegidas e Classificadas e das frentes costeiras e a oposi\u00e7\u00e3o \u00e0 explora\u00e7\u00e3o de l\u00edtio na Serra d\u2019Arga s\u00e3o algumas das medidas apresentadas.<\/p>\n<p>A candidatura do CDS-PP pelo Alto Minho defende ainda uma maior descentraliza\u00e7\u00e3o da gest\u00e3o e execu\u00e7\u00e3o dos fundos estruturais europeus, nomeadamente PRR e Portugal 2030, e o correspondente refor\u00e7o dos fundos financeiros, bem como uma reforma eleitoral do sistema pol\u00edtico que aproxime eleitores e eleitos.<\/p>\n","protected":false},"excerpt":{"rendered":"<p>Os candidatos do CDS-PP pelo distrito de Viana do Castelo \u00e0s elei\u00e7\u00f5es legislativas do pr\u00f3ximo domingo alertam para a falta de apoios comunit\u00e1rios no setor naval. A equipa encabe\u00e7ada por Joana Mendes reuniu com a West Sea, empresa de repara\u00e7\u00e3o e constru\u00e7\u00e3o naval que, em 2014, assumiu a subconcess\u00e3o dos estaleiros de Viana do Castelo. [&hellip;]<\/p>\n","protected":false},"author":1,"featured_media":75368,"comment_status":"closed","ping_status":"closed","sticky":false,"template":"","format":"standard","meta":{"_exactmetrics_skip_tracking":false,"_exactmetrics_sitenote_active":false,"_exactmetrics_sitenote_note":"","_exactmetrics_sitenote_category":0,"footnotes":""},"categories":[73],"tags":[56326],"class_list":["post-75364","post","type-post","status-publish","format-standard","has-post-thumbnail","hentry","category-alto-minho","tag-politica"],"yoast_head":"<!-- This site is optimized with the Yoast SEO Premium plugin v27.4 (Yoast SEO v27.4) - https:\/\/yoast.com\/product\/yoast-seo-premium-wordpress\/ -->\n<title>CDS-PP alerta para a falta de apoios comunit\u00e1rios no setor naval<\/title>\n<meta name=\"description\" content=\"Os candidatos do CDS-PP pelo distrito de Viana do Castelo \u00e0s elei\u00e7\u00f5es legislativas do pr\u00f3ximo domingo alertam para a falta de apoios comunit\u00e1rios no setor naval.\" \/>\n<meta name=\"robots\" content=\"index, follow, max-snippet:-1, max-image-preview:large, max-video-preview:-1\" \/>\n<link rel=\"canonical\" href=\"https:\/\/www.altominho.tv\/site\/2022\/01\/26\/cds-pp-alerta-para-a-falta-de-apoios-comunitarios-no-setor-naval\/\" \/>\n<meta property=\"og:locale\" content=\"pt_PT\" \/>\n<meta property=\"og:type\" content=\"article\" \/>\n<meta property=\"og:title\" content=\"CDS-PP alerta para a falta de apoios comunit\u00e1rios no setor naval\" \/>\n<meta property=\"og:description\" content=\"Os candidatos do CDS-PP pelo distrito de Viana do Castelo \u00e0s elei\u00e7\u00f5es legislativas do pr\u00f3ximo domingo alertam para a falta de apoios comunit\u00e1rios no setor naval.\" \/>\n<meta property=\"og:url\" content=\"https:\/\/www.altominho.tv\/site\/2022\/01\/26\/cds-pp-alerta-para-a-falta-de-apoios-comunitarios-no-setor-naval\/\" \/>\n<meta property=\"og:site_name\" content=\"Altominho.tv\" \/>\n<meta property=\"article:publisher\" content=\"https:\/\/www.facebook.com\/altominhotv\" \/>\n<meta property=\"article:published_time\" content=\"2022-01-26T10:32:02+00:00\" \/>\n<meta property=\"article:modified_time\" content=\"2022-02-17T16:47:54+00:00\" \/>\n<meta property=\"og:image\" content=\"https:\/\/www.altominho.tv\/site\/wp-content\/uploads\/2022\/01\/CDS-Alto-Minho-e1643192594912.jpg\" \/>\n\t<meta property=\"og:image:width\" content=\"1827\" \/>\n\t<meta property=\"og:image:height\" content=\"1049\" \/>\n\t<meta property=\"og:image:type\" content=\"image\/jpeg\" \/>\n<meta name=\"author\" content=\"Altominho.tv\" \/>\n<meta name=\"twitter:card\" content=\"summary_large_image\" \/>\n<meta name=\"twitter:creator\" content=\"@altominhoTV\" \/>\n<meta name=\"twitter:site\" content=\"@altominhoTV\" \/>\n<meta name=\"twitter:label1\" content=\"Escrito por\" \/>\n\t<meta name=\"twitter:data1\" content=\"Altominho.tv\" \/>\n\t<meta name=\"twitter:label2\" content=\"Tempo estimado de leitura\" \/>\n\t<meta name=\"twitter:data2\" content=\"4 minutos\" \/>\n<script type=\"application\/ld+json\" class=\"yoast-schema-graph\">{\"@context\":\"https:\\\/\\\/schema.org\",\"@graph\":[{\"@type\":\"Article\",\"@id\":\"https:\\\/\\\/www.altominho.tv\\\/site\\\/2022\\\/01\\\/26\\\/cds-pp-alerta-para-a-falta-de-apoios-comunitarios-no-setor-naval\\\/#article\",\"isPartOf\":{\"@id\":\"https:\\\/\\\/www.altominho.tv\\\/site\\\/2022\\\/01\\\/26\\\/cds-pp-alerta-para-a-falta-de-apoios-comunitarios-no-setor-naval\\\/\"},\"author\":{\"name\":\"Altominho.tv\",\"@id\":\"https:\\\/\\\/www.altominho.tv\\\/site\\\/#\\\/schema\\\/person\\\/4e536851627d7914baf3dac752b6af22\"},\"headline\":\"CDS-PP alerta para a falta de apoios comunit\u00e1rios no setor naval\",\"datePublished\":\"2022-01-26T10:32:02+00:00\",\"dateModified\":\"2022-02-17T16:47:54+00:00\",\"mainEntityOfPage\":{\"@id\":\"https:\\\/\\\/www.altominho.tv\\\/site\\\/2022\\\/01\\\/26\\\/cds-pp-alerta-para-a-falta-de-apoios-comunitarios-no-setor-naval\\\/\"},\"wordCount\":706,\"image\":{\"@id\":\"https:\\\/\\\/www.altominho.tv\\\/site\\\/2022\\\/01\\\/26\\\/cds-pp-alerta-para-a-falta-de-apoios-comunitarios-no-setor-naval\\\/#primaryimage\"},\"thumbnailUrl\":\"https:\\\/\\\/www.altominho.tv\\\/site\\\/wp-content\\\/uploads\\\/2022\\\/01\\\/CDS-Alto-Minho-e1643192594912.jpg\",\"keywords\":[\"Pol\u00edtica\"],\"articleSection\":[\"Alto Minho\"],\"inLanguage\":\"pt-PT\",\"copyrightYear\":\"2022\",\"copyrightHolder\":{\"@id\":\"https:\\\/\\\/www.altominho.tv\\\/site\\\/#organization\"}},{\"@type\":\"WebPage\",\"@id\":\"https:\\\/\\\/www.altominho.tv\\\/site\\\/2022\\\/01\\\/26\\\/cds-pp-alerta-para-a-falta-de-apoios-comunitarios-no-setor-naval\\\/\",\"url\":\"https:\\\/\\\/www.altominho.tv\\\/site\\\/2022\\\/01\\\/26\\\/cds-pp-alerta-para-a-falta-de-apoios-comunitarios-no-setor-naval\\\/\",\"name\":\"CDS-PP alerta para a falta de apoios comunit\u00e1rios no setor naval\",\"isPartOf\":{\"@id\":\"https:\\\/\\\/www.altominho.tv\\\/site\\\/#website\"},\"primaryImageOfPage\":{\"@id\":\"https:\\\/\\\/www.altominho.tv\\\/site\\\/2022\\\/01\\\/26\\\/cds-pp-alerta-para-a-falta-de-apoios-comunitarios-no-setor-naval\\\/#primaryimage\"},\"image\":{\"@id\":\"https:\\\/\\\/www.altominho.tv\\\/site\\\/2022\\\/01\\\/26\\\/cds-pp-alerta-para-a-falta-de-apoios-comunitarios-no-setor-naval\\\/#primaryimage\"},\"thumbnailUrl\":\"https:\\\/\\\/www.altominho.tv\\\/site\\\/wp-content\\\/uploads\\\/2022\\\/01\\\/CDS-Alto-Minho-e1643192594912.jpg\",\"datePublished\":\"2022-01-26T10:32:02+00:00\",\"dateModified\":\"2022-02-17T16:47:54+00:00\",\"author\":{\"@id\":\"https:\\\/\\\/www.altominho.tv\\\/site\\\/#\\\/schema\\\/person\\\/4e536851627d7914baf3dac752b6af22\"},\"description\":\"Os candidatos do CDS-PP pelo distrito de Viana do Castelo \u00e0s elei\u00e7\u00f5es legislativas do pr\u00f3ximo domingo alertam para a falta de apoios comunit\u00e1rios no setor naval.\",\"breadcrumb\":{\"@id\":\"https:\\\/\\\/www.altominho.tv\\\/site\\\/2022\\\/01\\\/26\\\/cds-pp-alerta-para-a-falta-de-apoios-comunitarios-no-setor-naval\\\/#breadcrumb\"},\"inLanguage\":\"pt-PT\",\"potentialAction\":[{\"@type\":\"ReadAction\",\"target\":[\"https:\\\/\\\/www.altominho.tv\\\/site\\\/2022\\\/01\\\/26\\\/cds-pp-alerta-para-a-falta-de-apoios-comunitarios-no-setor-naval\\\/\"]}]},{\"@type\":\"ImageObject\",\"inLanguage\":\"pt-PT\",\"@id\":\"https:\\\/\\\/www.altominho.tv\\\/site\\\/2022\\\/01\\\/26\\\/cds-pp-alerta-para-a-falta-de-apoios-comunitarios-no-setor-naval\\\/#primaryimage\",\"url\":\"https:\\\/\\\/www.altominho.tv\\\/site\\\/wp-content\\\/uploads\\\/2022\\\/01\\\/CDS-Alto-Minho-e1643192594912.jpg\",\"contentUrl\":\"https:\\\/\\\/www.altominho.tv\\\/site\\\/wp-content\\\/uploads\\\/2022\\\/01\\\/CDS-Alto-Minho-e1643192594912.jpg\",\"width\":1827,\"height\":1049,\"caption\":\"CDS-PP ALTO MINHO\"},{\"@type\":\"BreadcrumbList\",\"@id\":\"https:\\\/\\\/www.altominho.tv\\\/site\\\/2022\\\/01\\\/26\\\/cds-pp-alerta-para-a-falta-de-apoios-comunitarios-no-setor-naval\\\/#breadcrumb\",\"itemListElement\":[{\"@type\":\"ListItem\",\"position\":1,\"name\":\"In\u00edcio\",\"item\":\"https:\\\/\\\/www.altominho.tv\\\/site\\\/\"},{\"@type\":\"ListItem\",\"position\":2,\"name\":\"CDS-PP alerta para a falta de apoios comunit\u00e1rios no setor naval\"}]},{\"@type\":\"WebSite\",\"@id\":\"https:\\\/\\\/www.altominho.tv\\\/site\\\/#website\",\"url\":\"https:\\\/\\\/www.altominho.tv\\\/site\\\/\",\"name\":\"Altominho.tv\",\"description\":\"A sua regi\u00e3o \u00e0 dist\u00e2ncia de um clique...\",\"potentialAction\":[{\"@type\":\"SearchAction\",\"target\":{\"@type\":\"EntryPoint\",\"urlTemplate\":\"https:\\\/\\\/www.altominho.tv\\\/site\\\/?s={search_term_string}\"},\"query-input\":{\"@type\":\"PropertyValueSpecification\",\"valueRequired\":true,\"valueName\":\"search_term_string\"}}],\"inLanguage\":\"pt-PT\"},{\"@type\":\"Person\",\"@id\":\"https:\\\/\\\/www.altominho.tv\\\/site\\\/#\\\/schema\\\/person\\\/4e536851627d7914baf3dac752b6af22\",\"name\":\"Altominho.tv\",\"image\":{\"@type\":\"ImageObject\",\"inLanguage\":\"pt-PT\",\"@id\":\"https:\\\/\\\/www.altominho.tv\\\/site\\\/wp-content\\\/uploads\\\/2019\\\/11\\\/Logo_Avatar_2-150x150.jpg\",\"url\":\"https:\\\/\\\/www.altominho.tv\\\/site\\\/wp-content\\\/uploads\\\/2019\\\/11\\\/Logo_Avatar_2-150x150.jpg\",\"contentUrl\":\"https:\\\/\\\/www.altominho.tv\\\/site\\\/wp-content\\\/uploads\\\/2019\\\/11\\\/Logo_Avatar_2-150x150.jpg\",\"caption\":\"Altominho.tv\"},\"url\":\"https:\\\/\\\/www.altominho.tv\\\/site\\\/author\\\/altominhotv-tecnico\\\/\"}]}<\/script>\n<!-- \/ Yoast SEO Premium plugin. -->","yoast_head_json":{"title":"CDS-PP alerta para a falta de apoios comunit\u00e1rios no setor naval","description":"Os candidatos do CDS-PP pelo distrito de Viana do Castelo \u00e0s elei\u00e7\u00f5es legislativas do pr\u00f3ximo domingo alertam para a falta de apoios comunit\u00e1rios no setor naval.","robots":{"index":"index","follow":"follow","max-snippet":"max-snippet:-1","max-image-preview":"max-image-preview:large","max-video-preview":"max-video-preview:-1"},"canonical":"https:\/\/www.altominho.tv\/site\/2022\/01\/26\/cds-pp-alerta-para-a-falta-de-apoios-comunitarios-no-setor-naval\/","og_locale":"pt_PT","og_type":"article","og_title":"CDS-PP alerta para a falta de apoios comunit\u00e1rios no setor naval","og_description":"Os candidatos do CDS-PP pelo distrito de Viana do Castelo \u00e0s elei\u00e7\u00f5es legislativas do pr\u00f3ximo domingo alertam para a falta de apoios comunit\u00e1rios no setor naval.","og_url":"https:\/\/www.altominho.tv\/site\/2022\/01\/26\/cds-pp-alerta-para-a-falta-de-apoios-comunitarios-no-setor-naval\/","og_site_name":"Altominho.tv","article_publisher":"https:\/\/www.facebook.com\/altominhotv","article_published_time":"2022-01-26T10:32:02+00:00","article_modified_time":"2022-02-17T16:47:54+00:00","og_image":[{"width":1827,"height":1049,"url":"https:\/\/www.altominho.tv\/site\/wp-content\/uploads\/2022\/01\/CDS-Alto-Minho-e1643192594912.jpg","type":"image\/jpeg"}],"author":"Altominho.tv","twitter_card":"summary_large_image","twitter_creator":"@altominhoTV","twitter_site":"@altominhoTV","twitter_misc":{"Escrito por":"Altominho.tv","Tempo estimado de leitura":"4 minutos"},"schema":{"@context":"https:\/\/schema.org","@graph":[{"@type":"Article","@id":"https:\/\/www.altominho.tv\/site\/2022\/01\/26\/cds-pp-alerta-para-a-falta-de-apoios-comunitarios-no-setor-naval\/#article","isPartOf":{"@id":"https:\/\/www.altominho.tv\/site\/2022\/01\/26\/cds-pp-alerta-para-a-falta-de-apoios-comunitarios-no-setor-naval\/"},"author":{"name":"Altominho.tv","@id":"https:\/\/www.altominho.tv\/site\/#\/schema\/person\/4e536851627d7914baf3dac752b6af22"},"headline":"CDS-PP alerta para a falta de apoios comunit\u00e1rios no setor naval","datePublished":"2022-01-26T10:32:02+00:00","dateModified":"2022-02-17T16:47:54+00:00","mainEntityOfPage":{"@id":"https:\/\/www.altominho.tv\/site\/2022\/01\/26\/cds-pp-alerta-para-a-falta-de-apoios-comunitarios-no-setor-naval\/"},"wordCount":706,"image":{"@id":"https:\/\/www.altominho.tv\/site\/2022\/01\/26\/cds-pp-alerta-para-a-falta-de-apoios-comunitarios-no-setor-naval\/#primaryimage"},"thumbnailUrl":"https:\/\/www.altominho.tv\/site\/wp-content\/uploads\/2022\/01\/CDS-Alto-Minho-e1643192594912.jpg","keywords":["Pol\u00edtica"],"articleSection":["Alto Minho"],"inLanguage":"pt-PT","copyrightYear":"2022","copyrightHolder":{"@id":"https:\/\/www.altominho.tv\/site\/#organization"}},{"@type":"WebPage","@id":"https:\/\/www.altominho.tv\/site\/2022\/01\/26\/cds-pp-alerta-para-a-falta-de-apoios-comunitarios-no-setor-naval\/","url":"https:\/\/www.altominho.tv\/site\/2022\/01\/26\/cds-pp-alerta-para-a-falta-de-apoios-comunitarios-no-setor-naval\/","name":"CDS-PP alerta para a falta de apoios comunit\u00e1rios no setor naval","isPartOf":{"@id":"https:\/\/www.altominho.tv\/site\/#website"},"primaryImageOfPage":{"@id":"https:\/\/www.altominho.tv\/site\/2022\/01\/26\/cds-pp-alerta-para-a-falta-de-apoios-comunitarios-no-setor-naval\/#primaryimage"},"image":{"@id":"https:\/\/www.altominho.tv\/site\/2022\/01\/26\/cds-pp-alerta-para-a-falta-de-apoios-comunitarios-no-setor-naval\/#primaryimage"},"thumbnailUrl":"https:\/\/www.altominho.tv\/site\/wp-content\/uploads\/2022\/01\/CDS-Alto-Minho-e1643192594912.jpg","datePublished":"2022-01-26T10:32:02+00:00","dateModified":"2022-02-17T16:47:54+00:00","author":{"@id":"https:\/\/www.altominho.tv\/site\/#\/schema\/person\/4e536851627d7914baf3dac752b6af22"},"description":"Os candidatos do CDS-PP pelo distrito de Viana do Castelo \u00e0s elei\u00e7\u00f5es legislativas do pr\u00f3ximo domingo alertam para a falta de apoios comunit\u00e1rios no setor naval.","breadcrumb":{"@id":"https:\/\/www.altominho.tv\/site\/2022\/01\/26\/cds-pp-alerta-para-a-falta-de-apoios-comunitarios-no-setor-naval\/#breadcrumb"},"inLanguage":"pt-PT","potentialAction":[{"@type":"ReadAction","target":["https:\/\/www.altominho.tv\/site\/2022\/01\/26\/cds-pp-alerta-para-a-falta-de-apoios-comunitarios-no-setor-naval\/"]}]},{"@type":"ImageObject","inLanguage":"pt-PT","@id":"https:\/\/www.altominho.tv\/site\/2022\/01\/26\/cds-pp-alerta-para-a-falta-de-apoios-comunitarios-no-setor-naval\/#primaryimage","url":"https:\/\/www.altominho.tv\/site\/wp-content\/uploads\/2022\/01\/CDS-Alto-Minho-e1643192594912.jpg","contentUrl":"https:\/\/www.altominho.tv\/site\/wp-content\/uploads\/2022\/01\/CDS-Alto-Minho-e1643192594912.jpg","width":1827,"height":1049,"caption":"CDS-PP ALTO MINHO"},{"@type":"BreadcrumbList","@id":"https:\/\/www.altominho.tv\/site\/2022\/01\/26\/cds-pp-alerta-para-a-falta-de-apoios-comunitarios-no-setor-naval\/#breadcrumb","itemListElement":[{"@type":"ListItem","position":1,"name":"In\u00edcio","item":"https:\/\/www.altominho.tv\/site\/"},{"@type":"ListItem","position":2,"name":"CDS-PP alerta para a falta de apoios comunit\u00e1rios no setor naval"}]},{"@type":"WebSite","@id":"https:\/\/www.altominho.tv\/site\/#website","url":"https:\/\/www.altominho.tv\/site\/","name":"Altominho.tv","description":"A sua regi\u00e3o \u00e0 dist\u00e2ncia de um clique...","potentialAction":[{"@type":"SearchAction","target":{"@type":"EntryPoint","urlTemplate":"https:\/\/www.altominho.tv\/site\/?s={search_term_string}"},"query-input":{"@type":"PropertyValueSpecification","valueRequired":true,"valueName":"search_term_string"}}],"inLanguage":"pt-PT"},{"@type":"Person","@id":"https:\/\/www.altominho.tv\/site\/#\/schema\/person\/4e536851627d7914baf3dac752b6af22","name":"Altominho.tv","image":{"@type":"ImageObject","inLanguage":"pt-PT","@id":"https:\/\/www.altominho.tv\/site\/wp-content\/uploads\/2019\/11\/Logo_Avatar_2-150x150.jpg","url":"https:\/\/www.altominho.tv\/site\/wp-content\/uploads\/2019\/11\/Logo_Avatar_2-150x150.jpg","contentUrl":"https:\/\/www.altominho.tv\/site\/wp-content\/uploads\/2019\/11\/Logo_Avatar_2-150x150.jpg","caption":"Altominho.tv"},"url":"https:\/\/www.altominho.tv\/site\/author\/altominhotv-tecnico\/"}]}},"_links":{"self":[{"href":"https:\/\/www.altominho.tv\/site\/wp-json\/wp\/v2\/posts\/75364","targetHints":{"allow":["GET"]}}],"collection":[{"href":"https:\/\/www.altominho.tv\/site\/wp-json\/wp\/v2\/posts"}],"about":[{"href":"https:\/\/www.altominho.tv\/site\/wp-json\/wp\/v2\/types\/post"}],"author":[{"embeddable":true,"href":"https:\/\/www.altominho.tv\/site\/wp-json\/wp\/v2\/users\/1"}],"replies":[{"embeddable":true,"href":"https:\/\/www.altominho.tv\/site\/wp-json\/wp\/v2\/comments?post=75364"}],"version-history":[{"count":0,"href":"https:\/\/www.altominho.tv\/site\/wp-json\/wp\/v2\/posts\/75364\/revisions"}],"wp:featuredmedia":[{"embeddable":true,"href":"https:\/\/www.altominho.tv\/site\/wp-json\/wp\/v2\/media\/75368"}],"wp:attachment":[{"href":"https:\/\/www.altominho.tv\/site\/wp-json\/wp\/v2\/media?parent=75364"}],"wp:term":[{"taxonomy":"category","embeddable":true,"href":"https:\/\/www.altominho.tv\/site\/wp-json\/wp\/v2\/categories?post=75364"},{"taxonomy":"post_tag","embeddable":true,"href":"https:\/\/www.altominho.tv\/site\/wp-json\/wp\/v2\/tags?post=75364"}],"curies":[{"name":"wp","href":"https:\/\/api.w.org\/{rel}","templated":true}]}}