{"id":75329,"date":"2022-01-25T16:55:44","date_gmt":"2022-01-25T16:55:44","guid":{"rendered":"https:\/\/www.altominho.tv\/site\/?p=75329"},"modified":"2022-02-17T16:57:02","modified_gmt":"2022-02-17T16:57:02","slug":"autoagendamento-da-dose-de-reforco-disponivel-para-maiores-de-25-anos","status":"publish","type":"post","link":"https:\/\/www.altominho.tv\/site\/2022\/01\/25\/autoagendamento-da-dose-de-reforco-disponivel-para-maiores-de-25-anos\/","title":{"rendered":"Autoagendamento da dose de refor\u00e7o dispon\u00edvel para maiores de 25 anos"},"content":{"rendered":"<p>O autoagendamento da toma da dose de refor\u00e7o da vacina contra a Covid-19 j\u00e1 est\u00e1 dispon\u00edvel para pessoas com 25 ou mais anos.<\/p>\n<p>A marca\u00e7\u00e3o da terceira dose para maiores de 25 anos pode ser feita no <a href=\"https:\/\/covid19.min-saude.pt\/pedido-de-agendamento\/\" target=\"_blank\" rel=\"noopener\">portal de autoagendamento<\/a> da Dire\u00e7\u00e3o-Geral da Sa\u00fade (DGS).<\/p>\n<p>Desde domingo, o refor\u00e7o da imuniza\u00e7\u00e3o contra o coronav\u00edrus SARS-CoV-2 para quem completou a vacina\u00e7\u00e3o prim\u00e1ria e n\u00e3o tenha sido infetado h\u00e1 menos de cinco meses j\u00e1 estava dispon\u00edvel para maiores de 30 anos.<\/p>\n<p class=\"text-paragraph\">O portal possibilita tamb\u00e9m o pedido de agendamento para a dose de refor\u00e7o contra a Covid-19 dos cidad\u00e3os com 18 ou mais anos que foram vacinados com uma dose da vacina Janssen h\u00e1 90 ou mais dias, bem como para os adultos com mais de 50 anos, que podem receber em simult\u00e2neo a vacina da gripe.<\/p>\n","protected":false},"excerpt":{"rendered":"<p>O autoagendamento da toma da dose de refor\u00e7o da vacina contra a Covid-19 j\u00e1 est\u00e1 dispon\u00edvel para pessoas com 25 ou mais anos. A marca\u00e7\u00e3o da terceira dose para maiores de 25 anos pode ser feita no portal de autoagendamento da Dire\u00e7\u00e3o-Geral da Sa\u00fade (DGS). Desde domingo, o refor\u00e7o da imuniza\u00e7\u00e3o contra o coronav\u00edrus SARS-CoV-2 [&hellip;]<\/p>\n","protected":false},"author":12,"featured_media":75332,"comment_status":"closed","ping_status":"closed","sticky":false,"template":"","format":"standard","meta":{"_exactmetrics_skip_tracking":false,"_exactmetrics_sitenote_active":false,"_exactmetrics_sitenote_note":"","_exactmetrics_sitenote_category":0,"footnotes":""},"categories":[42722],"tags":[26],"class_list":["post-75329","post","type-post","status-publish","format-standard","has-post-thumbnail","hentry","category-covid-19","tag-saude"],"yoast_head":"<!-- This site is optimized with the Yoast SEO Premium plugin v27.5 (Yoast SEO v27.5) - https:\/\/yoast.com\/product\/yoast-seo-premium-wordpress\/ -->\n<title>Autoagendamento da dose de refor\u00e7o dispon\u00edvel para maiores de 25 anos<\/title>\n<meta name=\"description\" content=\"O autoagendamento da toma da dose de refor\u00e7o da vacina contra a Covid-19 j\u00e1 est\u00e1 dispon\u00edvel para pessoas com 25 ou mais anos.\" \/>\n<meta name=\"robots\" content=\"index, follow, max-snippet:-1, max-image-preview:large, max-video-preview:-1\" \/>\n<link rel=\"canonical\" href=\"https:\/\/www.altominho.tv\/site\/2022\/01\/25\/autoagendamento-da-dose-de-reforco-disponivel-para-maiores-de-25-anos\/\" \/>\n<meta property=\"og:locale\" content=\"pt_PT\" \/>\n<meta property=\"og:type\" content=\"article\" \/>\n<meta property=\"og:title\" content=\"Autoagendamento da dose de refor\u00e7o dispon\u00edvel para maiores de 25 anos\" \/>\n<meta property=\"og:description\" content=\"O autoagendamento da toma da dose de refor\u00e7o da vacina contra a Covid-19 j\u00e1 est\u00e1 dispon\u00edvel para pessoas com 25 ou mais anos.\" \/>\n<meta property=\"og:url\" content=\"https:\/\/www.altominho.tv\/site\/2022\/01\/25\/autoagendamento-da-dose-de-reforco-disponivel-para-maiores-de-25-anos\/\" \/>\n<meta property=\"og:site_name\" content=\"Altominho.tv\" \/>\n<meta property=\"article:publisher\" content=\"https:\/\/www.facebook.com\/altominhotv\" \/>\n<meta property=\"article:published_time\" content=\"2022-01-25T16:55:44+00:00\" \/>\n<meta property=\"article:modified_time\" content=\"2022-02-17T16:57:02+00:00\" \/>\n<meta property=\"og:image\" content=\"https:\/\/www.altominho.tv\/site\/wp-content\/uploads\/2022\/01\/vacinacao-covid-19.jpg\" \/>\n\t<meta property=\"og:image:width\" content=\"1366\" \/>\n\t<meta property=\"og:image:height\" content=\"768\" \/>\n\t<meta property=\"og:image:type\" content=\"image\/jpeg\" \/>\n<meta name=\"author\" content=\"Andreia Ferreira\" \/>\n<meta name=\"twitter:card\" content=\"summary_large_image\" \/>\n<meta name=\"twitter:creator\" content=\"@altominhoTV\" \/>\n<meta name=\"twitter:site\" content=\"@altominhoTV\" \/>\n<meta name=\"twitter:label1\" content=\"Escrito por\" \/>\n\t<meta name=\"twitter:data1\" content=\"Andreia Ferreira\" \/>\n\t<meta name=\"twitter:label2\" content=\"Tempo estimado de leitura\" \/>\n\t<meta name=\"twitter:data2\" content=\"1 minuto\" \/>\n<script type=\"application\/ld+json\" class=\"yoast-schema-graph\">{\"@context\":\"https:\\\/\\\/schema.org\",\"@graph\":[{\"@type\":\"Article\",\"@id\":\"https:\\\/\\\/www.altominho.tv\\\/site\\\/2022\\\/01\\\/25\\\/autoagendamento-da-dose-de-reforco-disponivel-para-maiores-de-25-anos\\\/#article\",\"isPartOf\":{\"@id\":\"https:\\\/\\\/www.altominho.tv\\\/site\\\/2022\\\/01\\\/25\\\/autoagendamento-da-dose-de-reforco-disponivel-para-maiores-de-25-anos\\\/\"},\"author\":{\"name\":\"Andreia Ferreira\",\"@id\":\"https:\\\/\\\/www.altominho.tv\\\/site\\\/#\\\/schema\\\/person\\\/d9be4265364723f14ea8e0d56a1d38cd\"},\"headline\":\"Autoagendamento da dose de refor\u00e7o dispon\u00edvel para maiores de 25 anos\",\"datePublished\":\"2022-01-25T16:55:44+00:00\",\"dateModified\":\"2022-02-17T16:57:02+00:00\",\"mainEntityOfPage\":{\"@id\":\"https:\\\/\\\/www.altominho.tv\\\/site\\\/2022\\\/01\\\/25\\\/autoagendamento-da-dose-de-reforco-disponivel-para-maiores-de-25-anos\\\/\"},\"wordCount\":157,\"image\":{\"@id\":\"https:\\\/\\\/www.altominho.tv\\\/site\\\/2022\\\/01\\\/25\\\/autoagendamento-da-dose-de-reforco-disponivel-para-maiores-de-25-anos\\\/#primaryimage\"},\"thumbnailUrl\":\"https:\\\/\\\/www.altominho.tv\\\/site\\\/wp-content\\\/uploads\\\/2022\\\/01\\\/vacinacao-covid-19.jpg\",\"keywords\":[\"Sa\u00fade\"],\"articleSection\":[\"Coronav\u00edrus\"],\"inLanguage\":\"pt-PT\",\"copyrightYear\":\"2022\",\"copyrightHolder\":{\"@id\":\"https:\\\/\\\/www.altominho.tv\\\/site\\\/#organization\"}},{\"@type\":\"WebPage\",\"@id\":\"https:\\\/\\\/www.altominho.tv\\\/site\\\/2022\\\/01\\\/25\\\/autoagendamento-da-dose-de-reforco-disponivel-para-maiores-de-25-anos\\\/\",\"url\":\"https:\\\/\\\/www.altominho.tv\\\/site\\\/2022\\\/01\\\/25\\\/autoagendamento-da-dose-de-reforco-disponivel-para-maiores-de-25-anos\\\/\",\"name\":\"Autoagendamento da dose de refor\u00e7o dispon\u00edvel para maiores de 25 anos\",\"isPartOf\":{\"@id\":\"https:\\\/\\\/www.altominho.tv\\\/site\\\/#website\"},\"primaryImageOfPage\":{\"@id\":\"https:\\\/\\\/www.altominho.tv\\\/site\\\/2022\\\/01\\\/25\\\/autoagendamento-da-dose-de-reforco-disponivel-para-maiores-de-25-anos\\\/#primaryimage\"},\"image\":{\"@id\":\"https:\\\/\\\/www.altominho.tv\\\/site\\\/2022\\\/01\\\/25\\\/autoagendamento-da-dose-de-reforco-disponivel-para-maiores-de-25-anos\\\/#primaryimage\"},\"thumbnailUrl\":\"https:\\\/\\\/www.altominho.tv\\\/site\\\/wp-content\\\/uploads\\\/2022\\\/01\\\/vacinacao-covid-19.jpg\",\"datePublished\":\"2022-01-25T16:55:44+00:00\",\"dateModified\":\"2022-02-17T16:57:02+00:00\",\"author\":{\"@id\":\"https:\\\/\\\/www.altominho.tv\\\/site\\\/#\\\/schema\\\/person\\\/d9be4265364723f14ea8e0d56a1d38cd\"},\"description\":\"O autoagendamento da toma da dose de refor\u00e7o da vacina contra a Covid-19 j\u00e1 est\u00e1 dispon\u00edvel para pessoas com 25 ou mais anos.\",\"breadcrumb\":{\"@id\":\"https:\\\/\\\/www.altominho.tv\\\/site\\\/2022\\\/01\\\/25\\\/autoagendamento-da-dose-de-reforco-disponivel-para-maiores-de-25-anos\\\/#breadcrumb\"},\"inLanguage\":\"pt-PT\",\"potentialAction\":[{\"@type\":\"ReadAction\",\"target\":[\"https:\\\/\\\/www.altominho.tv\\\/site\\\/2022\\\/01\\\/25\\\/autoagendamento-da-dose-de-reforco-disponivel-para-maiores-de-25-anos\\\/\"]}]},{\"@type\":\"ImageObject\",\"inLanguage\":\"pt-PT\",\"@id\":\"https:\\\/\\\/www.altominho.tv\\\/site\\\/2022\\\/01\\\/25\\\/autoagendamento-da-dose-de-reforco-disponivel-para-maiores-de-25-anos\\\/#primaryimage\",\"url\":\"https:\\\/\\\/www.altominho.tv\\\/site\\\/wp-content\\\/uploads\\\/2022\\\/01\\\/vacinacao-covid-19.jpg\",\"contentUrl\":\"https:\\\/\\\/www.altominho.tv\\\/site\\\/wp-content\\\/uploads\\\/2022\\\/01\\\/vacinacao-covid-19.jpg\",\"width\":1366,\"height\":768},{\"@type\":\"BreadcrumbList\",\"@id\":\"https:\\\/\\\/www.altominho.tv\\\/site\\\/2022\\\/01\\\/25\\\/autoagendamento-da-dose-de-reforco-disponivel-para-maiores-de-25-anos\\\/#breadcrumb\",\"itemListElement\":[{\"@type\":\"ListItem\",\"position\":1,\"name\":\"In\u00edcio\",\"item\":\"https:\\\/\\\/www.altominho.tv\\\/site\\\/\"},{\"@type\":\"ListItem\",\"position\":2,\"name\":\"Autoagendamento da dose de refor\u00e7o dispon\u00edvel para maiores de 25 anos\"}]},{\"@type\":\"WebSite\",\"@id\":\"https:\\\/\\\/www.altominho.tv\\\/site\\\/#website\",\"url\":\"https:\\\/\\\/www.altominho.tv\\\/site\\\/\",\"name\":\"Altominho.tv\",\"description\":\"A sua regi\u00e3o \u00e0 dist\u00e2ncia de um clique...\",\"potentialAction\":[{\"@type\":\"SearchAction\",\"target\":{\"@type\":\"EntryPoint\",\"urlTemplate\":\"https:\\\/\\\/www.altominho.tv\\\/site\\\/?s={search_term_string}\"},\"query-input\":{\"@type\":\"PropertyValueSpecification\",\"valueRequired\":true,\"valueName\":\"search_term_string\"}}],\"inLanguage\":\"pt-PT\"},{\"@type\":\"Person\",\"@id\":\"https:\\\/\\\/www.altominho.tv\\\/site\\\/#\\\/schema\\\/person\\\/d9be4265364723f14ea8e0d56a1d38cd\",\"name\":\"Andreia Ferreira\",\"image\":{\"@type\":\"ImageObject\",\"inLanguage\":\"pt-PT\",\"@id\":\"https:\\\/\\\/www.altominho.tv\\\/site\\\/wp-content\\\/uploads\\\/2021\\\/01\\\/AndreiaFerreira-150x150.jpg\",\"url\":\"https:\\\/\\\/www.altominho.tv\\\/site\\\/wp-content\\\/uploads\\\/2021\\\/01\\\/AndreiaFerreira-150x150.jpg\",\"contentUrl\":\"https:\\\/\\\/www.altominho.tv\\\/site\\\/wp-content\\\/uploads\\\/2021\\\/01\\\/AndreiaFerreira-150x150.jpg\",\"caption\":\"Andreia Ferreira\"},\"url\":\"https:\\\/\\\/www.altominho.tv\\\/site\\\/author\\\/andreiaferreira\\\/\"}]}<\/script>\n<!-- \/ Yoast SEO Premium plugin. -->","yoast_head_json":{"title":"Autoagendamento da dose de refor\u00e7o dispon\u00edvel para maiores de 25 anos","description":"O autoagendamento da toma da dose de refor\u00e7o da vacina contra a Covid-19 j\u00e1 est\u00e1 dispon\u00edvel para pessoas com 25 ou mais anos.","robots":{"index":"index","follow":"follow","max-snippet":"max-snippet:-1","max-image-preview":"max-image-preview:large","max-video-preview":"max-video-preview:-1"},"canonical":"https:\/\/www.altominho.tv\/site\/2022\/01\/25\/autoagendamento-da-dose-de-reforco-disponivel-para-maiores-de-25-anos\/","og_locale":"pt_PT","og_type":"article","og_title":"Autoagendamento da dose de refor\u00e7o dispon\u00edvel para maiores de 25 anos","og_description":"O autoagendamento da toma da dose de refor\u00e7o da vacina contra a Covid-19 j\u00e1 est\u00e1 dispon\u00edvel para pessoas com 25 ou mais anos.","og_url":"https:\/\/www.altominho.tv\/site\/2022\/01\/25\/autoagendamento-da-dose-de-reforco-disponivel-para-maiores-de-25-anos\/","og_site_name":"Altominho.tv","article_publisher":"https:\/\/www.facebook.com\/altominhotv","article_published_time":"2022-01-25T16:55:44+00:00","article_modified_time":"2022-02-17T16:57:02+00:00","og_image":[{"width":1366,"height":768,"url":"https:\/\/www.altominho.tv\/site\/wp-content\/uploads\/2022\/01\/vacinacao-covid-19.jpg","type":"image\/jpeg"}],"author":"Andreia Ferreira","twitter_card":"summary_large_image","twitter_creator":"@altominhoTV","twitter_site":"@altominhoTV","twitter_misc":{"Escrito por":"Andreia Ferreira","Tempo estimado de leitura":"1 minuto"},"schema":{"@context":"https:\/\/schema.org","@graph":[{"@type":"Article","@id":"https:\/\/www.altominho.tv\/site\/2022\/01\/25\/autoagendamento-da-dose-de-reforco-disponivel-para-maiores-de-25-anos\/#article","isPartOf":{"@id":"https:\/\/www.altominho.tv\/site\/2022\/01\/25\/autoagendamento-da-dose-de-reforco-disponivel-para-maiores-de-25-anos\/"},"author":{"name":"Andreia Ferreira","@id":"https:\/\/www.altominho.tv\/site\/#\/schema\/person\/d9be4265364723f14ea8e0d56a1d38cd"},"headline":"Autoagendamento da dose de refor\u00e7o dispon\u00edvel para maiores de 25 anos","datePublished":"2022-01-25T16:55:44+00:00","dateModified":"2022-02-17T16:57:02+00:00","mainEntityOfPage":{"@id":"https:\/\/www.altominho.tv\/site\/2022\/01\/25\/autoagendamento-da-dose-de-reforco-disponivel-para-maiores-de-25-anos\/"},"wordCount":157,"image":{"@id":"https:\/\/www.altominho.tv\/site\/2022\/01\/25\/autoagendamento-da-dose-de-reforco-disponivel-para-maiores-de-25-anos\/#primaryimage"},"thumbnailUrl":"https:\/\/www.altominho.tv\/site\/wp-content\/uploads\/2022\/01\/vacinacao-covid-19.jpg","keywords":["Sa\u00fade"],"articleSection":["Coronav\u00edrus"],"inLanguage":"pt-PT","copyrightYear":"2022","copyrightHolder":{"@id":"https:\/\/www.altominho.tv\/site\/#organization"}},{"@type":"WebPage","@id":"https:\/\/www.altominho.tv\/site\/2022\/01\/25\/autoagendamento-da-dose-de-reforco-disponivel-para-maiores-de-25-anos\/","url":"https:\/\/www.altominho.tv\/site\/2022\/01\/25\/autoagendamento-da-dose-de-reforco-disponivel-para-maiores-de-25-anos\/","name":"Autoagendamento da dose de refor\u00e7o dispon\u00edvel para maiores de 25 anos","isPartOf":{"@id":"https:\/\/www.altominho.tv\/site\/#website"},"primaryImageOfPage":{"@id":"https:\/\/www.altominho.tv\/site\/2022\/01\/25\/autoagendamento-da-dose-de-reforco-disponivel-para-maiores-de-25-anos\/#primaryimage"},"image":{"@id":"https:\/\/www.altominho.tv\/site\/2022\/01\/25\/autoagendamento-da-dose-de-reforco-disponivel-para-maiores-de-25-anos\/#primaryimage"},"thumbnailUrl":"https:\/\/www.altominho.tv\/site\/wp-content\/uploads\/2022\/01\/vacinacao-covid-19.jpg","datePublished":"2022-01-25T16:55:44+00:00","dateModified":"2022-02-17T16:57:02+00:00","author":{"@id":"https:\/\/www.altominho.tv\/site\/#\/schema\/person\/d9be4265364723f14ea8e0d56a1d38cd"},"description":"O autoagendamento da toma da dose de refor\u00e7o da vacina contra a Covid-19 j\u00e1 est\u00e1 dispon\u00edvel para pessoas com 25 ou mais anos.","breadcrumb":{"@id":"https:\/\/www.altominho.tv\/site\/2022\/01\/25\/autoagendamento-da-dose-de-reforco-disponivel-para-maiores-de-25-anos\/#breadcrumb"},"inLanguage":"pt-PT","potentialAction":[{"@type":"ReadAction","target":["https:\/\/www.altominho.tv\/site\/2022\/01\/25\/autoagendamento-da-dose-de-reforco-disponivel-para-maiores-de-25-anos\/"]}]},{"@type":"ImageObject","inLanguage":"pt-PT","@id":"https:\/\/www.altominho.tv\/site\/2022\/01\/25\/autoagendamento-da-dose-de-reforco-disponivel-para-maiores-de-25-anos\/#primaryimage","url":"https:\/\/www.altominho.tv\/site\/wp-content\/uploads\/2022\/01\/vacinacao-covid-19.jpg","contentUrl":"https:\/\/www.altominho.tv\/site\/wp-content\/uploads\/2022\/01\/vacinacao-covid-19.jpg","width":1366,"height":768},{"@type":"BreadcrumbList","@id":"https:\/\/www.altominho.tv\/site\/2022\/01\/25\/autoagendamento-da-dose-de-reforco-disponivel-para-maiores-de-25-anos\/#breadcrumb","itemListElement":[{"@type":"ListItem","position":1,"name":"In\u00edcio","item":"https:\/\/www.altominho.tv\/site\/"},{"@type":"ListItem","position":2,"name":"Autoagendamento da dose de refor\u00e7o dispon\u00edvel para maiores de 25 anos"}]},{"@type":"WebSite","@id":"https:\/\/www.altominho.tv\/site\/#website","url":"https:\/\/www.altominho.tv\/site\/","name":"Altominho.tv","description":"A sua regi\u00e3o \u00e0 dist\u00e2ncia de um clique...","potentialAction":[{"@type":"SearchAction","target":{"@type":"EntryPoint","urlTemplate":"https:\/\/www.altominho.tv\/site\/?s={search_term_string}"},"query-input":{"@type":"PropertyValueSpecification","valueRequired":true,"valueName":"search_term_string"}}],"inLanguage":"pt-PT"},{"@type":"Person","@id":"https:\/\/www.altominho.tv\/site\/#\/schema\/person\/d9be4265364723f14ea8e0d56a1d38cd","name":"Andreia Ferreira","image":{"@type":"ImageObject","inLanguage":"pt-PT","@id":"https:\/\/www.altominho.tv\/site\/wp-content\/uploads\/2021\/01\/AndreiaFerreira-150x150.jpg","url":"https:\/\/www.altominho.tv\/site\/wp-content\/uploads\/2021\/01\/AndreiaFerreira-150x150.jpg","contentUrl":"https:\/\/www.altominho.tv\/site\/wp-content\/uploads\/2021\/01\/AndreiaFerreira-150x150.jpg","caption":"Andreia Ferreira"},"url":"https:\/\/www.altominho.tv\/site\/author\/andreiaferreira\/"}]}},"_links":{"self":[{"href":"https:\/\/www.altominho.tv\/site\/wp-json\/wp\/v2\/posts\/75329","targetHints":{"allow":["GET"]}}],"collection":[{"href":"https:\/\/www.altominho.tv\/site\/wp-json\/wp\/v2\/posts"}],"about":[{"href":"https:\/\/www.altominho.tv\/site\/wp-json\/wp\/v2\/types\/post"}],"author":[{"embeddable":true,"href":"https:\/\/www.altominho.tv\/site\/wp-json\/wp\/v2\/users\/12"}],"replies":[{"embeddable":true,"href":"https:\/\/www.altominho.tv\/site\/wp-json\/wp\/v2\/comments?post=75329"}],"version-history":[{"count":0,"href":"https:\/\/www.altominho.tv\/site\/wp-json\/wp\/v2\/posts\/75329\/revisions"}],"wp:featuredmedia":[{"embeddable":true,"href":"https:\/\/www.altominho.tv\/site\/wp-json\/wp\/v2\/media\/75332"}],"wp:attachment":[{"href":"https:\/\/www.altominho.tv\/site\/wp-json\/wp\/v2\/media?parent=75329"}],"wp:term":[{"taxonomy":"category","embeddable":true,"href":"https:\/\/www.altominho.tv\/site\/wp-json\/wp\/v2\/categories?post=75329"},{"taxonomy":"post_tag","embeddable":true,"href":"https:\/\/www.altominho.tv\/site\/wp-json\/wp\/v2\/tags?post=75329"}],"curies":[{"name":"wp","href":"https:\/\/api.w.org\/{rel}","templated":true}]}}