{"id":75261,"date":"2022-01-24T18:06:37","date_gmt":"2022-01-24T18:06:37","guid":{"rendered":"https:\/\/www.altominho.tv\/site\/?p=75261"},"modified":"2022-02-22T09:41:38","modified_gmt":"2022-02-22T09:41:38","slug":"oms-admite-que-pandemia-pode-terminar-em-breve-na-europa","status":"publish","type":"post","link":"https:\/\/www.altominho.tv\/site\/2022\/01\/24\/oms-admite-que-pandemia-pode-terminar-em-breve-na-europa\/","title":{"rendered":"OMS admite que pandemia pode terminar em breve na Europa"},"content":{"rendered":"\n<p>O diretor da OMS Europa, Hans Kluge afirmou hoje que a variante \u00d3micron, que pode infetar 60% dos europeus at\u00e9 mar\u00e7o, iniciou uma nova fase da pandemia de covid-19 na Europa que a pode aproximar do seu fim.<\/p>\n\n\n\n<p>\u201c\u00c9 plaus\u00edvel que a regi\u00e3o esteja a chegar ao fim da pandemia\u201d, disse o principal respons\u00e1vel da (OMS) na Europa, ainda assim pedindo cautela, devido \u00e0 imprevisibilidade do v\u00edrus.<\/p>\n\n\n\n<p>\u201cQuando a vaga da \u00d3micron diminuir, haver\u00e1, por algumas semanas ou meses, imunidade geral. Seja por causa da vacina ou porque as pessoas ficar\u00e3o imunes devido \u00e0s infe\u00e7\u00f5es, para al\u00e9m de uma quebra por causa da sazonalidade\u201d, acrescentou Kluge, embora reconhecendo que ainda n\u00e3o foi atingido o est\u00e1gio da endemia.<\/p>\n\n\n\n<p>\u201cEnd\u00e9mico significa (\u2026) que podemos prever o que vai acontecer. Este v\u00edrus surpreendeu-nos mais de uma vez. Devemos, portanto, ter muito cuidado\u201d, insistiu o respons\u00e1vel da OMS na Europa.<\/p>\n\n\n\n<p>Na regi\u00e3o da OMS Europa \u2013 que inclui 53 pa\u00edses, alguns deles localizados na \u00c1sia Central \u2013 a \u00d3micron foi respons\u00e1vel por 15% dos novos casos de Covid-19, em 18 de janeiro, mais de metade do que na semana anterior, segundo dados da OMS.<\/p>\n\n\n\n<p>Na Uni\u00e3o Europeia e no Espa\u00e7o Econ\u00f3mico Europeu (EEE), esta variante surgiu no final de novembro, revelando-se mais contagiosa que a Delta, sendo agora dominante, de acordo com dados da ag\u00eancia europeia de sa\u00fade.<\/p>\n\n\n\n<p>Kluge considera que, perante o recente aumento de casos de contamina\u00e7\u00e3o, as pol\u00edticas de sa\u00fade devem agora centrar-se em \u201cminimizar a disrup\u00e7\u00e3o e em proteger as pessoas vulner\u00e1veis\u201d, em vez de procurar diminuir a intensidade da transmiss\u00e3o do v\u00edrus.<\/p>\n","protected":false},"excerpt":{"rendered":"<p>O diretor da OMS Europa, Hans Kluge afirmou hoje que a variante \u00d3micron, que pode infetar 60% dos europeus at\u00e9 mar\u00e7o, iniciou uma nova fase da pandemia de covid-19 na Europa que a pode aproximar do seu fim. \u201c\u00c9 plaus\u00edvel que a regi\u00e3o esteja a chegar ao fim da pandemia\u201d, disse o principal respons\u00e1vel da [&hellip;]<\/p>\n","protected":false},"author":13,"featured_media":75263,"comment_status":"closed","ping_status":"closed","sticky":false,"template":"","format":"standard","meta":{"_exactmetrics_skip_tracking":false,"_exactmetrics_sitenote_active":false,"_exactmetrics_sitenote_note":"","_exactmetrics_sitenote_category":0,"footnotes":""},"categories":[42722],"tags":[26,27],"class_list":["post-75261","post","type-post","status-publish","format-standard","has-post-thumbnail","hentry","category-covid-19","tag-saude","tag-sociedade"],"yoast_head":"<!-- This site is optimized with the Yoast SEO Premium plugin v27.5 (Yoast SEO v27.5) - https:\/\/yoast.com\/product\/yoast-seo-premium-wordpress\/ -->\n<title>OMS admite que pandemia pode terminar em breve na Europa<\/title>\n<meta name=\"description\" content=\"O diretor da OMS Europa, Hans Kluge afirmou hoje que a variante \u00d3micron, que pode infetar 60% dos europeus at\u00e9 mar\u00e7o.\" \/>\n<meta name=\"robots\" content=\"index, follow, max-snippet:-1, max-image-preview:large, max-video-preview:-1\" \/>\n<link rel=\"canonical\" href=\"https:\/\/www.altominho.tv\/site\/2022\/01\/24\/oms-admite-que-pandemia-pode-terminar-em-breve-na-europa\/\" \/>\n<meta property=\"og:locale\" content=\"pt_PT\" \/>\n<meta property=\"og:type\" content=\"article\" \/>\n<meta property=\"og:title\" content=\"OMS admite que pandemia pode terminar em breve na Europa\" \/>\n<meta property=\"og:description\" content=\"O diretor da OMS Europa, Hans Kluge afirmou hoje que a variante \u00d3micron, que pode infetar 60% dos europeus at\u00e9 mar\u00e7o.\" \/>\n<meta property=\"og:url\" content=\"https:\/\/www.altominho.tv\/site\/2022\/01\/24\/oms-admite-que-pandemia-pode-terminar-em-breve-na-europa\/\" \/>\n<meta property=\"og:site_name\" content=\"Altominho.tv\" \/>\n<meta property=\"article:publisher\" content=\"https:\/\/www.facebook.com\/altominhotv\" \/>\n<meta property=\"article:published_time\" content=\"2022-01-24T18:06:37+00:00\" \/>\n<meta property=\"article:modified_time\" content=\"2022-02-22T09:41:38+00:00\" \/>\n<meta property=\"og:image\" content=\"https:\/\/www.altominho.tv\/site\/wp-content\/uploads\/2022\/01\/covid-1.jpeg\" \/>\n\t<meta property=\"og:image:width\" content=\"2048\" \/>\n\t<meta property=\"og:image:height\" content=\"1152\" \/>\n\t<meta property=\"og:image:type\" content=\"image\/jpeg\" \/>\n<meta name=\"author\" content=\"Lusa\" \/>\n<meta name=\"twitter:card\" content=\"summary_large_image\" \/>\n<meta name=\"twitter:creator\" content=\"@altominhoTV\" \/>\n<meta name=\"twitter:site\" content=\"@altominhoTV\" \/>\n<meta name=\"twitter:label1\" content=\"Escrito por\" \/>\n\t<meta name=\"twitter:data1\" content=\"Lusa\" \/>\n\t<meta name=\"twitter:label2\" content=\"Tempo estimado de leitura\" \/>\n\t<meta name=\"twitter:data2\" content=\"2 minutos\" \/>\n<script type=\"application\/ld+json\" class=\"yoast-schema-graph\">{\"@context\":\"https:\\\/\\\/schema.org\",\"@graph\":[{\"@type\":\"Article\",\"@id\":\"https:\\\/\\\/www.altominho.tv\\\/site\\\/2022\\\/01\\\/24\\\/oms-admite-que-pandemia-pode-terminar-em-breve-na-europa\\\/#article\",\"isPartOf\":{\"@id\":\"https:\\\/\\\/www.altominho.tv\\\/site\\\/2022\\\/01\\\/24\\\/oms-admite-que-pandemia-pode-terminar-em-breve-na-europa\\\/\"},\"author\":{\"name\":\"Lusa\",\"@id\":\"https:\\\/\\\/www.altominho.tv\\\/site\\\/#\\\/schema\\\/person\\\/63f693da3e1899361cbe955c46f3232e\"},\"headline\":\"OMS admite que pandemia pode terminar em breve na Europa\",\"datePublished\":\"2022-01-24T18:06:37+00:00\",\"dateModified\":\"2022-02-22T09:41:38+00:00\",\"mainEntityOfPage\":{\"@id\":\"https:\\\/\\\/www.altominho.tv\\\/site\\\/2022\\\/01\\\/24\\\/oms-admite-que-pandemia-pode-terminar-em-breve-na-europa\\\/\"},\"wordCount\":292,\"image\":{\"@id\":\"https:\\\/\\\/www.altominho.tv\\\/site\\\/2022\\\/01\\\/24\\\/oms-admite-que-pandemia-pode-terminar-em-breve-na-europa\\\/#primaryimage\"},\"thumbnailUrl\":\"https:\\\/\\\/www.altominho.tv\\\/site\\\/wp-content\\\/uploads\\\/2022\\\/01\\\/covid-1.jpeg\",\"keywords\":[\"Sa\u00fade\",\"Sociedade\"],\"articleSection\":[\"Coronav\u00edrus\"],\"inLanguage\":\"pt-PT\",\"copyrightYear\":\"2022\",\"copyrightHolder\":{\"@id\":\"https:\\\/\\\/www.altominho.tv\\\/site\\\/#organization\"}},{\"@type\":\"WebPage\",\"@id\":\"https:\\\/\\\/www.altominho.tv\\\/site\\\/2022\\\/01\\\/24\\\/oms-admite-que-pandemia-pode-terminar-em-breve-na-europa\\\/\",\"url\":\"https:\\\/\\\/www.altominho.tv\\\/site\\\/2022\\\/01\\\/24\\\/oms-admite-que-pandemia-pode-terminar-em-breve-na-europa\\\/\",\"name\":\"OMS admite que pandemia pode terminar em breve na Europa\",\"isPartOf\":{\"@id\":\"https:\\\/\\\/www.altominho.tv\\\/site\\\/#website\"},\"primaryImageOfPage\":{\"@id\":\"https:\\\/\\\/www.altominho.tv\\\/site\\\/2022\\\/01\\\/24\\\/oms-admite-que-pandemia-pode-terminar-em-breve-na-europa\\\/#primaryimage\"},\"image\":{\"@id\":\"https:\\\/\\\/www.altominho.tv\\\/site\\\/2022\\\/01\\\/24\\\/oms-admite-que-pandemia-pode-terminar-em-breve-na-europa\\\/#primaryimage\"},\"thumbnailUrl\":\"https:\\\/\\\/www.altominho.tv\\\/site\\\/wp-content\\\/uploads\\\/2022\\\/01\\\/covid-1.jpeg\",\"datePublished\":\"2022-01-24T18:06:37+00:00\",\"dateModified\":\"2022-02-22T09:41:38+00:00\",\"author\":{\"@id\":\"https:\\\/\\\/www.altominho.tv\\\/site\\\/#\\\/schema\\\/person\\\/63f693da3e1899361cbe955c46f3232e\"},\"description\":\"O diretor da OMS Europa, Hans Kluge afirmou hoje que a variante \u00d3micron, que pode infetar 60% dos europeus at\u00e9 mar\u00e7o.\",\"breadcrumb\":{\"@id\":\"https:\\\/\\\/www.altominho.tv\\\/site\\\/2022\\\/01\\\/24\\\/oms-admite-que-pandemia-pode-terminar-em-breve-na-europa\\\/#breadcrumb\"},\"inLanguage\":\"pt-PT\",\"potentialAction\":[{\"@type\":\"ReadAction\",\"target\":[\"https:\\\/\\\/www.altominho.tv\\\/site\\\/2022\\\/01\\\/24\\\/oms-admite-que-pandemia-pode-terminar-em-breve-na-europa\\\/\"]}]},{\"@type\":\"ImageObject\",\"inLanguage\":\"pt-PT\",\"@id\":\"https:\\\/\\\/www.altominho.tv\\\/site\\\/2022\\\/01\\\/24\\\/oms-admite-que-pandemia-pode-terminar-em-breve-na-europa\\\/#primaryimage\",\"url\":\"https:\\\/\\\/www.altominho.tv\\\/site\\\/wp-content\\\/uploads\\\/2022\\\/01\\\/covid-1.jpeg\",\"contentUrl\":\"https:\\\/\\\/www.altominho.tv\\\/site\\\/wp-content\\\/uploads\\\/2022\\\/01\\\/covid-1.jpeg\",\"width\":2048,\"height\":1152},{\"@type\":\"BreadcrumbList\",\"@id\":\"https:\\\/\\\/www.altominho.tv\\\/site\\\/2022\\\/01\\\/24\\\/oms-admite-que-pandemia-pode-terminar-em-breve-na-europa\\\/#breadcrumb\",\"itemListElement\":[{\"@type\":\"ListItem\",\"position\":1,\"name\":\"In\u00edcio\",\"item\":\"https:\\\/\\\/www.altominho.tv\\\/site\\\/\"},{\"@type\":\"ListItem\",\"position\":2,\"name\":\"OMS admite que pandemia pode terminar em breve na Europa\"}]},{\"@type\":\"WebSite\",\"@id\":\"https:\\\/\\\/www.altominho.tv\\\/site\\\/#website\",\"url\":\"https:\\\/\\\/www.altominho.tv\\\/site\\\/\",\"name\":\"Altominho.tv\",\"description\":\"A sua regi\u00e3o \u00e0 dist\u00e2ncia de um clique...\",\"potentialAction\":[{\"@type\":\"SearchAction\",\"target\":{\"@type\":\"EntryPoint\",\"urlTemplate\":\"https:\\\/\\\/www.altominho.tv\\\/site\\\/?s={search_term_string}\"},\"query-input\":{\"@type\":\"PropertyValueSpecification\",\"valueRequired\":true,\"valueName\":\"search_term_string\"}}],\"inLanguage\":\"pt-PT\"},{\"@type\":\"Person\",\"@id\":\"https:\\\/\\\/www.altominho.tv\\\/site\\\/#\\\/schema\\\/person\\\/63f693da3e1899361cbe955c46f3232e\",\"name\":\"Lusa\",\"image\":{\"@type\":\"ImageObject\",\"inLanguage\":\"pt-PT\",\"@id\":\"https:\\\/\\\/www.altominho.tv\\\/site\\\/wp-content\\\/uploads\\\/2019\\\/08\\\/LUSA_Logo.gif\",\"url\":\"https:\\\/\\\/www.altominho.tv\\\/site\\\/wp-content\\\/uploads\\\/2019\\\/08\\\/LUSA_Logo.gif\",\"contentUrl\":\"https:\\\/\\\/www.altominho.tv\\\/site\\\/wp-content\\\/uploads\\\/2019\\\/08\\\/LUSA_Logo.gif\",\"caption\":\"Lusa\"},\"sameAs\":[\"http:\\\/\\\/\\\/\\\/www.altominho.tv\\\/site\"],\"url\":\"https:\\\/\\\/www.altominho.tv\\\/site\\\/author\\\/lusa\\\/\"}]}<\/script>\n<!-- \/ Yoast SEO Premium plugin. -->","yoast_head_json":{"title":"OMS admite que pandemia pode terminar em breve na Europa","description":"O diretor da OMS Europa, Hans Kluge afirmou hoje que a variante \u00d3micron, que pode infetar 60% dos europeus at\u00e9 mar\u00e7o.","robots":{"index":"index","follow":"follow","max-snippet":"max-snippet:-1","max-image-preview":"max-image-preview:large","max-video-preview":"max-video-preview:-1"},"canonical":"https:\/\/www.altominho.tv\/site\/2022\/01\/24\/oms-admite-que-pandemia-pode-terminar-em-breve-na-europa\/","og_locale":"pt_PT","og_type":"article","og_title":"OMS admite que pandemia pode terminar em breve na Europa","og_description":"O diretor da OMS Europa, Hans Kluge afirmou hoje que a variante \u00d3micron, que pode infetar 60% dos europeus at\u00e9 mar\u00e7o.","og_url":"https:\/\/www.altominho.tv\/site\/2022\/01\/24\/oms-admite-que-pandemia-pode-terminar-em-breve-na-europa\/","og_site_name":"Altominho.tv","article_publisher":"https:\/\/www.facebook.com\/altominhotv","article_published_time":"2022-01-24T18:06:37+00:00","article_modified_time":"2022-02-22T09:41:38+00:00","og_image":[{"width":2048,"height":1152,"url":"https:\/\/www.altominho.tv\/site\/wp-content\/uploads\/2022\/01\/covid-1.jpeg","type":"image\/jpeg"}],"author":"Lusa","twitter_card":"summary_large_image","twitter_creator":"@altominhoTV","twitter_site":"@altominhoTV","twitter_misc":{"Escrito por":"Lusa","Tempo estimado de leitura":"2 minutos"},"schema":{"@context":"https:\/\/schema.org","@graph":[{"@type":"Article","@id":"https:\/\/www.altominho.tv\/site\/2022\/01\/24\/oms-admite-que-pandemia-pode-terminar-em-breve-na-europa\/#article","isPartOf":{"@id":"https:\/\/www.altominho.tv\/site\/2022\/01\/24\/oms-admite-que-pandemia-pode-terminar-em-breve-na-europa\/"},"author":{"name":"Lusa","@id":"https:\/\/www.altominho.tv\/site\/#\/schema\/person\/63f693da3e1899361cbe955c46f3232e"},"headline":"OMS admite que pandemia pode terminar em breve na Europa","datePublished":"2022-01-24T18:06:37+00:00","dateModified":"2022-02-22T09:41:38+00:00","mainEntityOfPage":{"@id":"https:\/\/www.altominho.tv\/site\/2022\/01\/24\/oms-admite-que-pandemia-pode-terminar-em-breve-na-europa\/"},"wordCount":292,"image":{"@id":"https:\/\/www.altominho.tv\/site\/2022\/01\/24\/oms-admite-que-pandemia-pode-terminar-em-breve-na-europa\/#primaryimage"},"thumbnailUrl":"https:\/\/www.altominho.tv\/site\/wp-content\/uploads\/2022\/01\/covid-1.jpeg","keywords":["Sa\u00fade","Sociedade"],"articleSection":["Coronav\u00edrus"],"inLanguage":"pt-PT","copyrightYear":"2022","copyrightHolder":{"@id":"https:\/\/www.altominho.tv\/site\/#organization"}},{"@type":"WebPage","@id":"https:\/\/www.altominho.tv\/site\/2022\/01\/24\/oms-admite-que-pandemia-pode-terminar-em-breve-na-europa\/","url":"https:\/\/www.altominho.tv\/site\/2022\/01\/24\/oms-admite-que-pandemia-pode-terminar-em-breve-na-europa\/","name":"OMS admite que pandemia pode terminar em breve na Europa","isPartOf":{"@id":"https:\/\/www.altominho.tv\/site\/#website"},"primaryImageOfPage":{"@id":"https:\/\/www.altominho.tv\/site\/2022\/01\/24\/oms-admite-que-pandemia-pode-terminar-em-breve-na-europa\/#primaryimage"},"image":{"@id":"https:\/\/www.altominho.tv\/site\/2022\/01\/24\/oms-admite-que-pandemia-pode-terminar-em-breve-na-europa\/#primaryimage"},"thumbnailUrl":"https:\/\/www.altominho.tv\/site\/wp-content\/uploads\/2022\/01\/covid-1.jpeg","datePublished":"2022-01-24T18:06:37+00:00","dateModified":"2022-02-22T09:41:38+00:00","author":{"@id":"https:\/\/www.altominho.tv\/site\/#\/schema\/person\/63f693da3e1899361cbe955c46f3232e"},"description":"O diretor da OMS Europa, Hans Kluge afirmou hoje que a variante \u00d3micron, que pode infetar 60% dos europeus at\u00e9 mar\u00e7o.","breadcrumb":{"@id":"https:\/\/www.altominho.tv\/site\/2022\/01\/24\/oms-admite-que-pandemia-pode-terminar-em-breve-na-europa\/#breadcrumb"},"inLanguage":"pt-PT","potentialAction":[{"@type":"ReadAction","target":["https:\/\/www.altominho.tv\/site\/2022\/01\/24\/oms-admite-que-pandemia-pode-terminar-em-breve-na-europa\/"]}]},{"@type":"ImageObject","inLanguage":"pt-PT","@id":"https:\/\/www.altominho.tv\/site\/2022\/01\/24\/oms-admite-que-pandemia-pode-terminar-em-breve-na-europa\/#primaryimage","url":"https:\/\/www.altominho.tv\/site\/wp-content\/uploads\/2022\/01\/covid-1.jpeg","contentUrl":"https:\/\/www.altominho.tv\/site\/wp-content\/uploads\/2022\/01\/covid-1.jpeg","width":2048,"height":1152},{"@type":"BreadcrumbList","@id":"https:\/\/www.altominho.tv\/site\/2022\/01\/24\/oms-admite-que-pandemia-pode-terminar-em-breve-na-europa\/#breadcrumb","itemListElement":[{"@type":"ListItem","position":1,"name":"In\u00edcio","item":"https:\/\/www.altominho.tv\/site\/"},{"@type":"ListItem","position":2,"name":"OMS admite que pandemia pode terminar em breve na Europa"}]},{"@type":"WebSite","@id":"https:\/\/www.altominho.tv\/site\/#website","url":"https:\/\/www.altominho.tv\/site\/","name":"Altominho.tv","description":"A sua regi\u00e3o \u00e0 dist\u00e2ncia de um clique...","potentialAction":[{"@type":"SearchAction","target":{"@type":"EntryPoint","urlTemplate":"https:\/\/www.altominho.tv\/site\/?s={search_term_string}"},"query-input":{"@type":"PropertyValueSpecification","valueRequired":true,"valueName":"search_term_string"}}],"inLanguage":"pt-PT"},{"@type":"Person","@id":"https:\/\/www.altominho.tv\/site\/#\/schema\/person\/63f693da3e1899361cbe955c46f3232e","name":"Lusa","image":{"@type":"ImageObject","inLanguage":"pt-PT","@id":"https:\/\/www.altominho.tv\/site\/wp-content\/uploads\/2019\/08\/LUSA_Logo.gif","url":"https:\/\/www.altominho.tv\/site\/wp-content\/uploads\/2019\/08\/LUSA_Logo.gif","contentUrl":"https:\/\/www.altominho.tv\/site\/wp-content\/uploads\/2019\/08\/LUSA_Logo.gif","caption":"Lusa"},"sameAs":["http:\/\/\/\/www.altominho.tv\/site"],"url":"https:\/\/www.altominho.tv\/site\/author\/lusa\/"}]}},"_links":{"self":[{"href":"https:\/\/www.altominho.tv\/site\/wp-json\/wp\/v2\/posts\/75261","targetHints":{"allow":["GET"]}}],"collection":[{"href":"https:\/\/www.altominho.tv\/site\/wp-json\/wp\/v2\/posts"}],"about":[{"href":"https:\/\/www.altominho.tv\/site\/wp-json\/wp\/v2\/types\/post"}],"author":[{"embeddable":true,"href":"https:\/\/www.altominho.tv\/site\/wp-json\/wp\/v2\/users\/13"}],"replies":[{"embeddable":true,"href":"https:\/\/www.altominho.tv\/site\/wp-json\/wp\/v2\/comments?post=75261"}],"version-history":[{"count":0,"href":"https:\/\/www.altominho.tv\/site\/wp-json\/wp\/v2\/posts\/75261\/revisions"}],"wp:featuredmedia":[{"embeddable":true,"href":"https:\/\/www.altominho.tv\/site\/wp-json\/wp\/v2\/media\/75263"}],"wp:attachment":[{"href":"https:\/\/www.altominho.tv\/site\/wp-json\/wp\/v2\/media?parent=75261"}],"wp:term":[{"taxonomy":"category","embeddable":true,"href":"https:\/\/www.altominho.tv\/site\/wp-json\/wp\/v2\/categories?post=75261"},{"taxonomy":"post_tag","embeddable":true,"href":"https:\/\/www.altominho.tv\/site\/wp-json\/wp\/v2\/tags?post=75261"}],"curies":[{"name":"wp","href":"https:\/\/api.w.org\/{rel}","templated":true}]}}