{"id":75221,"date":"2022-01-24T10:29:04","date_gmt":"2022-01-24T10:29:04","guid":{"rendered":"https:\/\/www.altominho.tv\/site\/?p=75221"},"modified":"2022-02-22T09:45:44","modified_gmt":"2022-02-22T09:45:44","slug":"aberto-autoagendamento-de-vacinas-para-pessoas-com-30-ou-mais-anos","status":"publish","type":"post","link":"https:\/\/www.altominho.tv\/site\/2022\/01\/24\/aberto-autoagendamento-de-vacinas-para-pessoas-com-30-ou-mais-anos\/","title":{"rendered":"Aberto autoagendamento de vacinas para pessoas com 30 ou mais anos"},"content":{"rendered":"<p>O autoagendamento da toma da dose de refor\u00e7o da vacina contra a Covid-19 j\u00e1 est\u00e1 dispon\u00edvel para utentes com 30 ou mais anos no portal das marca\u00e7\u00f5es `online\u00b4 da Dire\u00e7\u00e3o-Geral da Sa\u00fade.<\/p>\n<p class=\"text-paragraph\">Segundo os Servi\u00e7o Partilhados do Minist\u00e9rio da Sa\u00fade (SPMS), j\u00e1 \u00e9 poss\u00edvel fazer, desde domingo \u00e0 tarde, o pedido de agendamento \u2018online\u2019 para utentes com idade igual ou superior a 30 anos, atrav\u00e9s do <a href=\"https:\/\/covid19.min-saude.pt\/pedido-de-agendamento\" target=\"_blank\" rel=\"noopener\">Portal COVID-19<\/a>.<\/p>\n<p class=\"text-paragraph\">O Portal possibilita tamb\u00e9m o pedido de agendamento para a dose de refor\u00e7o contra a Covid-19 dos cidad\u00e3os com 18 ou mais anos que foram vacinados com uma dose da vacina Janssen h\u00e1 90 ou mais dias.<\/p>\n<p class=\"text-paragraph\">De acordo com o \u00faltimo boletim de vacina\u00e7\u00e3o di\u00e1rio da Dire\u00e7\u00e3o-Geral da Sa\u00fade (DGS), 95.701 pessoas receberam no s\u00e1bado a dose de refor\u00e7o da vacina contra a Covid-19, elevando o total para 4.332.561 pessoas vacinadas com a dose de refor\u00e7o.<\/p>\n<p class=\"text-paragraph\">H\u00e1 tamb\u00e9m mais 1.901 pessoas com o esquema vacinal prim\u00e1rio completo, num total de 8.775.669 pessoas nessa situa\u00e7\u00e3o.<\/p>\n<p class=\"text-paragraph\">Quanto \u00e0s crian\u00e7as entre os 5 e os 11 anos h\u00e1 mais 46 crian\u00e7as nestas idades com a vacina\u00e7\u00e3o contra a Covid-19 iniciada, num total de 300.999.<\/p>\n<p class=\"text-paragraph\">As faixas et\u00e1rias entre os 70 e 79 anos e com 80 ou mais anos continuam a ser as que apresentam uma maior percentagem de pessoas com dose de refor\u00e7o administrada, com taxas de 94% e 92%, respetivamente.<\/p>\n<p class=\"text-paragraph\">Entre os 60 e os 69 anos h\u00e1 86% de vacinados com a dose de refor\u00e7o, o que equivale a um total de mais de um milh\u00e3o de pessoas nesta faixa et\u00e1ria.<\/p>\n","protected":false},"excerpt":{"rendered":"<p>O autoagendamento da toma da dose de refor\u00e7o da vacina contra a Covid-19 j\u00e1 est\u00e1 dispon\u00edvel para utentes com 30 ou mais anos no portal das marca\u00e7\u00f5es `online\u00b4 da Dire\u00e7\u00e3o-Geral da Sa\u00fade. Segundo os Servi\u00e7o Partilhados do Minist\u00e9rio da Sa\u00fade (SPMS), j\u00e1 \u00e9 poss\u00edvel fazer, desde domingo \u00e0 tarde, o pedido de agendamento \u2018online\u2019 para [&hellip;]<\/p>\n","protected":false},"author":13,"featured_media":75224,"comment_status":"closed","ping_status":"closed","sticky":false,"template":"","format":"standard","meta":{"_exactmetrics_skip_tracking":false,"_exactmetrics_sitenote_active":false,"_exactmetrics_sitenote_note":"","_exactmetrics_sitenote_category":0,"footnotes":""},"categories":[56325],"tags":[26,27],"class_list":["post-75221","post","type-post","status-publish","format-standard","has-post-thumbnail","hentry","category-pais","tag-saude","tag-sociedade"],"yoast_head":"<!-- This site is optimized with the Yoast SEO Premium plugin v27.4 (Yoast SEO v27.4) - https:\/\/yoast.com\/product\/yoast-seo-premium-wordpress\/ -->\n<title>Aberto autoagendamento de vacinas para pessoas com 30 ou mais anos<\/title>\n<meta name=\"description\" content=\"O autoagendamento da toma da dose de refor\u00e7o da vacina contra a Covid-19 j\u00e1 est\u00e1 dispon\u00edvel para utentes com 30 ou mais anos.\" \/>\n<meta name=\"robots\" content=\"index, follow, max-snippet:-1, max-image-preview:large, max-video-preview:-1\" \/>\n<link rel=\"canonical\" href=\"https:\/\/www.altominho.tv\/site\/2022\/01\/24\/aberto-autoagendamento-de-vacinas-para-pessoas-com-30-ou-mais-anos\/\" \/>\n<meta property=\"og:locale\" content=\"pt_PT\" \/>\n<meta property=\"og:type\" content=\"article\" \/>\n<meta property=\"og:title\" content=\"Aberto autoagendamento de vacinas para pessoas com 30 ou mais anos\" \/>\n<meta property=\"og:description\" content=\"O autoagendamento da toma da dose de refor\u00e7o da vacina contra a Covid-19 j\u00e1 est\u00e1 dispon\u00edvel para utentes com 30 ou mais anos.\" \/>\n<meta property=\"og:url\" content=\"https:\/\/www.altominho.tv\/site\/2022\/01\/24\/aberto-autoagendamento-de-vacinas-para-pessoas-com-30-ou-mais-anos\/\" \/>\n<meta property=\"og:site_name\" content=\"Altominho.tv\" \/>\n<meta property=\"article:publisher\" content=\"https:\/\/www.facebook.com\/altominhotv\" \/>\n<meta property=\"article:published_time\" content=\"2022-01-24T10:29:04+00:00\" \/>\n<meta property=\"article:modified_time\" content=\"2022-02-22T09:45:44+00:00\" \/>\n<meta property=\"og:image\" content=\"https:\/\/www.altominho.tv\/site\/wp-content\/uploads\/2022\/01\/Centro-de-Vacinac\u0327a\u0303o-Ponte-de-Lima-scaled.jpg\" \/>\n\t<meta property=\"og:image:width\" content=\"2560\" \/>\n\t<meta property=\"og:image:height\" content=\"1440\" \/>\n\t<meta property=\"og:image:type\" content=\"image\/jpeg\" \/>\n<meta name=\"author\" content=\"Lusa\" \/>\n<meta name=\"twitter:card\" content=\"summary_large_image\" \/>\n<meta name=\"twitter:creator\" content=\"@altominhoTV\" \/>\n<meta name=\"twitter:site\" content=\"@altominhoTV\" \/>\n<meta name=\"twitter:label1\" content=\"Escrito por\" \/>\n\t<meta name=\"twitter:data1\" content=\"Lusa\" \/>\n\t<meta name=\"twitter:label2\" content=\"Tempo estimado de leitura\" \/>\n\t<meta name=\"twitter:data2\" content=\"2 minutos\" \/>\n<script type=\"application\/ld+json\" class=\"yoast-schema-graph\">{\"@context\":\"https:\\\/\\\/schema.org\",\"@graph\":[{\"@type\":\"Article\",\"@id\":\"https:\\\/\\\/www.altominho.tv\\\/site\\\/2022\\\/01\\\/24\\\/aberto-autoagendamento-de-vacinas-para-pessoas-com-30-ou-mais-anos\\\/#article\",\"isPartOf\":{\"@id\":\"https:\\\/\\\/www.altominho.tv\\\/site\\\/2022\\\/01\\\/24\\\/aberto-autoagendamento-de-vacinas-para-pessoas-com-30-ou-mais-anos\\\/\"},\"author\":{\"name\":\"Lusa\",\"@id\":\"https:\\\/\\\/www.altominho.tv\\\/site\\\/#\\\/schema\\\/person\\\/63f693da3e1899361cbe955c46f3232e\"},\"headline\":\"Aberto autoagendamento de vacinas para pessoas com 30 ou mais anos\",\"datePublished\":\"2022-01-24T10:29:04+00:00\",\"dateModified\":\"2022-02-22T09:45:44+00:00\",\"mainEntityOfPage\":{\"@id\":\"https:\\\/\\\/www.altominho.tv\\\/site\\\/2022\\\/01\\\/24\\\/aberto-autoagendamento-de-vacinas-para-pessoas-com-30-ou-mais-anos\\\/\"},\"wordCount\":279,\"image\":{\"@id\":\"https:\\\/\\\/www.altominho.tv\\\/site\\\/2022\\\/01\\\/24\\\/aberto-autoagendamento-de-vacinas-para-pessoas-com-30-ou-mais-anos\\\/#primaryimage\"},\"thumbnailUrl\":\"https:\\\/\\\/www.altominho.tv\\\/site\\\/wp-content\\\/uploads\\\/2022\\\/01\\\/Centro-de-Vacinac\u0327a\u0303o-Ponte-de-Lima-scaled.jpg\",\"keywords\":[\"Sa\u00fade\",\"Sociedade\"],\"articleSection\":[\"Pa\u00eds\"],\"inLanguage\":\"pt-PT\",\"copyrightYear\":\"2022\",\"copyrightHolder\":{\"@id\":\"https:\\\/\\\/www.altominho.tv\\\/site\\\/#organization\"}},{\"@type\":\"WebPage\",\"@id\":\"https:\\\/\\\/www.altominho.tv\\\/site\\\/2022\\\/01\\\/24\\\/aberto-autoagendamento-de-vacinas-para-pessoas-com-30-ou-mais-anos\\\/\",\"url\":\"https:\\\/\\\/www.altominho.tv\\\/site\\\/2022\\\/01\\\/24\\\/aberto-autoagendamento-de-vacinas-para-pessoas-com-30-ou-mais-anos\\\/\",\"name\":\"Aberto autoagendamento de vacinas para pessoas com 30 ou mais anos\",\"isPartOf\":{\"@id\":\"https:\\\/\\\/www.altominho.tv\\\/site\\\/#website\"},\"primaryImageOfPage\":{\"@id\":\"https:\\\/\\\/www.altominho.tv\\\/site\\\/2022\\\/01\\\/24\\\/aberto-autoagendamento-de-vacinas-para-pessoas-com-30-ou-mais-anos\\\/#primaryimage\"},\"image\":{\"@id\":\"https:\\\/\\\/www.altominho.tv\\\/site\\\/2022\\\/01\\\/24\\\/aberto-autoagendamento-de-vacinas-para-pessoas-com-30-ou-mais-anos\\\/#primaryimage\"},\"thumbnailUrl\":\"https:\\\/\\\/www.altominho.tv\\\/site\\\/wp-content\\\/uploads\\\/2022\\\/01\\\/Centro-de-Vacinac\u0327a\u0303o-Ponte-de-Lima-scaled.jpg\",\"datePublished\":\"2022-01-24T10:29:04+00:00\",\"dateModified\":\"2022-02-22T09:45:44+00:00\",\"author\":{\"@id\":\"https:\\\/\\\/www.altominho.tv\\\/site\\\/#\\\/schema\\\/person\\\/63f693da3e1899361cbe955c46f3232e\"},\"description\":\"O autoagendamento da toma da dose de refor\u00e7o da vacina contra a Covid-19 j\u00e1 est\u00e1 dispon\u00edvel para utentes com 30 ou mais anos.\",\"breadcrumb\":{\"@id\":\"https:\\\/\\\/www.altominho.tv\\\/site\\\/2022\\\/01\\\/24\\\/aberto-autoagendamento-de-vacinas-para-pessoas-com-30-ou-mais-anos\\\/#breadcrumb\"},\"inLanguage\":\"pt-PT\",\"potentialAction\":[{\"@type\":\"ReadAction\",\"target\":[\"https:\\\/\\\/www.altominho.tv\\\/site\\\/2022\\\/01\\\/24\\\/aberto-autoagendamento-de-vacinas-para-pessoas-com-30-ou-mais-anos\\\/\"]}]},{\"@type\":\"ImageObject\",\"inLanguage\":\"pt-PT\",\"@id\":\"https:\\\/\\\/www.altominho.tv\\\/site\\\/2022\\\/01\\\/24\\\/aberto-autoagendamento-de-vacinas-para-pessoas-com-30-ou-mais-anos\\\/#primaryimage\",\"url\":\"https:\\\/\\\/www.altominho.tv\\\/site\\\/wp-content\\\/uploads\\\/2022\\\/01\\\/Centro-de-Vacinac\u0327a\u0303o-Ponte-de-Lima-scaled.jpg\",\"contentUrl\":\"https:\\\/\\\/www.altominho.tv\\\/site\\\/wp-content\\\/uploads\\\/2022\\\/01\\\/Centro-de-Vacinac\u0327a\u0303o-Ponte-de-Lima-scaled.jpg\",\"width\":2560,\"height\":1440},{\"@type\":\"BreadcrumbList\",\"@id\":\"https:\\\/\\\/www.altominho.tv\\\/site\\\/2022\\\/01\\\/24\\\/aberto-autoagendamento-de-vacinas-para-pessoas-com-30-ou-mais-anos\\\/#breadcrumb\",\"itemListElement\":[{\"@type\":\"ListItem\",\"position\":1,\"name\":\"In\u00edcio\",\"item\":\"https:\\\/\\\/www.altominho.tv\\\/site\\\/\"},{\"@type\":\"ListItem\",\"position\":2,\"name\":\"Aberto autoagendamento de vacinas para pessoas com 30 ou mais anos\"}]},{\"@type\":\"WebSite\",\"@id\":\"https:\\\/\\\/www.altominho.tv\\\/site\\\/#website\",\"url\":\"https:\\\/\\\/www.altominho.tv\\\/site\\\/\",\"name\":\"Altominho.tv\",\"description\":\"A sua regi\u00e3o \u00e0 dist\u00e2ncia de um clique...\",\"potentialAction\":[{\"@type\":\"SearchAction\",\"target\":{\"@type\":\"EntryPoint\",\"urlTemplate\":\"https:\\\/\\\/www.altominho.tv\\\/site\\\/?s={search_term_string}\"},\"query-input\":{\"@type\":\"PropertyValueSpecification\",\"valueRequired\":true,\"valueName\":\"search_term_string\"}}],\"inLanguage\":\"pt-PT\"},{\"@type\":\"Person\",\"@id\":\"https:\\\/\\\/www.altominho.tv\\\/site\\\/#\\\/schema\\\/person\\\/63f693da3e1899361cbe955c46f3232e\",\"name\":\"Lusa\",\"image\":{\"@type\":\"ImageObject\",\"inLanguage\":\"pt-PT\",\"@id\":\"https:\\\/\\\/www.altominho.tv\\\/site\\\/wp-content\\\/uploads\\\/2019\\\/08\\\/LUSA_Logo.gif\",\"url\":\"https:\\\/\\\/www.altominho.tv\\\/site\\\/wp-content\\\/uploads\\\/2019\\\/08\\\/LUSA_Logo.gif\",\"contentUrl\":\"https:\\\/\\\/www.altominho.tv\\\/site\\\/wp-content\\\/uploads\\\/2019\\\/08\\\/LUSA_Logo.gif\",\"caption\":\"Lusa\"},\"sameAs\":[\"http:\\\/\\\/\\\/\\\/www.altominho.tv\\\/site\"],\"url\":\"https:\\\/\\\/www.altominho.tv\\\/site\\\/author\\\/lusa\\\/\"}]}<\/script>\n<!-- \/ Yoast SEO Premium plugin. -->","yoast_head_json":{"title":"Aberto autoagendamento de vacinas para pessoas com 30 ou mais anos","description":"O autoagendamento da toma da dose de refor\u00e7o da vacina contra a Covid-19 j\u00e1 est\u00e1 dispon\u00edvel para utentes com 30 ou mais anos.","robots":{"index":"index","follow":"follow","max-snippet":"max-snippet:-1","max-image-preview":"max-image-preview:large","max-video-preview":"max-video-preview:-1"},"canonical":"https:\/\/www.altominho.tv\/site\/2022\/01\/24\/aberto-autoagendamento-de-vacinas-para-pessoas-com-30-ou-mais-anos\/","og_locale":"pt_PT","og_type":"article","og_title":"Aberto autoagendamento de vacinas para pessoas com 30 ou mais anos","og_description":"O autoagendamento da toma da dose de refor\u00e7o da vacina contra a Covid-19 j\u00e1 est\u00e1 dispon\u00edvel para utentes com 30 ou mais anos.","og_url":"https:\/\/www.altominho.tv\/site\/2022\/01\/24\/aberto-autoagendamento-de-vacinas-para-pessoas-com-30-ou-mais-anos\/","og_site_name":"Altominho.tv","article_publisher":"https:\/\/www.facebook.com\/altominhotv","article_published_time":"2022-01-24T10:29:04+00:00","article_modified_time":"2022-02-22T09:45:44+00:00","og_image":[{"width":2560,"height":1440,"url":"https:\/\/www.altominho.tv\/site\/wp-content\/uploads\/2022\/01\/Centro-de-Vacinac\u0327a\u0303o-Ponte-de-Lima-scaled.jpg","type":"image\/jpeg"}],"author":"Lusa","twitter_card":"summary_large_image","twitter_creator":"@altominhoTV","twitter_site":"@altominhoTV","twitter_misc":{"Escrito por":"Lusa","Tempo estimado de leitura":"2 minutos"},"schema":{"@context":"https:\/\/schema.org","@graph":[{"@type":"Article","@id":"https:\/\/www.altominho.tv\/site\/2022\/01\/24\/aberto-autoagendamento-de-vacinas-para-pessoas-com-30-ou-mais-anos\/#article","isPartOf":{"@id":"https:\/\/www.altominho.tv\/site\/2022\/01\/24\/aberto-autoagendamento-de-vacinas-para-pessoas-com-30-ou-mais-anos\/"},"author":{"name":"Lusa","@id":"https:\/\/www.altominho.tv\/site\/#\/schema\/person\/63f693da3e1899361cbe955c46f3232e"},"headline":"Aberto autoagendamento de vacinas para pessoas com 30 ou mais anos","datePublished":"2022-01-24T10:29:04+00:00","dateModified":"2022-02-22T09:45:44+00:00","mainEntityOfPage":{"@id":"https:\/\/www.altominho.tv\/site\/2022\/01\/24\/aberto-autoagendamento-de-vacinas-para-pessoas-com-30-ou-mais-anos\/"},"wordCount":279,"image":{"@id":"https:\/\/www.altominho.tv\/site\/2022\/01\/24\/aberto-autoagendamento-de-vacinas-para-pessoas-com-30-ou-mais-anos\/#primaryimage"},"thumbnailUrl":"https:\/\/www.altominho.tv\/site\/wp-content\/uploads\/2022\/01\/Centro-de-Vacinac\u0327a\u0303o-Ponte-de-Lima-scaled.jpg","keywords":["Sa\u00fade","Sociedade"],"articleSection":["Pa\u00eds"],"inLanguage":"pt-PT","copyrightYear":"2022","copyrightHolder":{"@id":"https:\/\/www.altominho.tv\/site\/#organization"}},{"@type":"WebPage","@id":"https:\/\/www.altominho.tv\/site\/2022\/01\/24\/aberto-autoagendamento-de-vacinas-para-pessoas-com-30-ou-mais-anos\/","url":"https:\/\/www.altominho.tv\/site\/2022\/01\/24\/aberto-autoagendamento-de-vacinas-para-pessoas-com-30-ou-mais-anos\/","name":"Aberto autoagendamento de vacinas para pessoas com 30 ou mais anos","isPartOf":{"@id":"https:\/\/www.altominho.tv\/site\/#website"},"primaryImageOfPage":{"@id":"https:\/\/www.altominho.tv\/site\/2022\/01\/24\/aberto-autoagendamento-de-vacinas-para-pessoas-com-30-ou-mais-anos\/#primaryimage"},"image":{"@id":"https:\/\/www.altominho.tv\/site\/2022\/01\/24\/aberto-autoagendamento-de-vacinas-para-pessoas-com-30-ou-mais-anos\/#primaryimage"},"thumbnailUrl":"https:\/\/www.altominho.tv\/site\/wp-content\/uploads\/2022\/01\/Centro-de-Vacinac\u0327a\u0303o-Ponte-de-Lima-scaled.jpg","datePublished":"2022-01-24T10:29:04+00:00","dateModified":"2022-02-22T09:45:44+00:00","author":{"@id":"https:\/\/www.altominho.tv\/site\/#\/schema\/person\/63f693da3e1899361cbe955c46f3232e"},"description":"O autoagendamento da toma da dose de refor\u00e7o da vacina contra a Covid-19 j\u00e1 est\u00e1 dispon\u00edvel para utentes com 30 ou mais anos.","breadcrumb":{"@id":"https:\/\/www.altominho.tv\/site\/2022\/01\/24\/aberto-autoagendamento-de-vacinas-para-pessoas-com-30-ou-mais-anos\/#breadcrumb"},"inLanguage":"pt-PT","potentialAction":[{"@type":"ReadAction","target":["https:\/\/www.altominho.tv\/site\/2022\/01\/24\/aberto-autoagendamento-de-vacinas-para-pessoas-com-30-ou-mais-anos\/"]}]},{"@type":"ImageObject","inLanguage":"pt-PT","@id":"https:\/\/www.altominho.tv\/site\/2022\/01\/24\/aberto-autoagendamento-de-vacinas-para-pessoas-com-30-ou-mais-anos\/#primaryimage","url":"https:\/\/www.altominho.tv\/site\/wp-content\/uploads\/2022\/01\/Centro-de-Vacinac\u0327a\u0303o-Ponte-de-Lima-scaled.jpg","contentUrl":"https:\/\/www.altominho.tv\/site\/wp-content\/uploads\/2022\/01\/Centro-de-Vacinac\u0327a\u0303o-Ponte-de-Lima-scaled.jpg","width":2560,"height":1440},{"@type":"BreadcrumbList","@id":"https:\/\/www.altominho.tv\/site\/2022\/01\/24\/aberto-autoagendamento-de-vacinas-para-pessoas-com-30-ou-mais-anos\/#breadcrumb","itemListElement":[{"@type":"ListItem","position":1,"name":"In\u00edcio","item":"https:\/\/www.altominho.tv\/site\/"},{"@type":"ListItem","position":2,"name":"Aberto autoagendamento de vacinas para pessoas com 30 ou mais anos"}]},{"@type":"WebSite","@id":"https:\/\/www.altominho.tv\/site\/#website","url":"https:\/\/www.altominho.tv\/site\/","name":"Altominho.tv","description":"A sua regi\u00e3o \u00e0 dist\u00e2ncia de um clique...","potentialAction":[{"@type":"SearchAction","target":{"@type":"EntryPoint","urlTemplate":"https:\/\/www.altominho.tv\/site\/?s={search_term_string}"},"query-input":{"@type":"PropertyValueSpecification","valueRequired":true,"valueName":"search_term_string"}}],"inLanguage":"pt-PT"},{"@type":"Person","@id":"https:\/\/www.altominho.tv\/site\/#\/schema\/person\/63f693da3e1899361cbe955c46f3232e","name":"Lusa","image":{"@type":"ImageObject","inLanguage":"pt-PT","@id":"https:\/\/www.altominho.tv\/site\/wp-content\/uploads\/2019\/08\/LUSA_Logo.gif","url":"https:\/\/www.altominho.tv\/site\/wp-content\/uploads\/2019\/08\/LUSA_Logo.gif","contentUrl":"https:\/\/www.altominho.tv\/site\/wp-content\/uploads\/2019\/08\/LUSA_Logo.gif","caption":"Lusa"},"sameAs":["http:\/\/\/\/www.altominho.tv\/site"],"url":"https:\/\/www.altominho.tv\/site\/author\/lusa\/"}]}},"_links":{"self":[{"href":"https:\/\/www.altominho.tv\/site\/wp-json\/wp\/v2\/posts\/75221","targetHints":{"allow":["GET"]}}],"collection":[{"href":"https:\/\/www.altominho.tv\/site\/wp-json\/wp\/v2\/posts"}],"about":[{"href":"https:\/\/www.altominho.tv\/site\/wp-json\/wp\/v2\/types\/post"}],"author":[{"embeddable":true,"href":"https:\/\/www.altominho.tv\/site\/wp-json\/wp\/v2\/users\/13"}],"replies":[{"embeddable":true,"href":"https:\/\/www.altominho.tv\/site\/wp-json\/wp\/v2\/comments?post=75221"}],"version-history":[{"count":0,"href":"https:\/\/www.altominho.tv\/site\/wp-json\/wp\/v2\/posts\/75221\/revisions"}],"wp:featuredmedia":[{"embeddable":true,"href":"https:\/\/www.altominho.tv\/site\/wp-json\/wp\/v2\/media\/75224"}],"wp:attachment":[{"href":"https:\/\/www.altominho.tv\/site\/wp-json\/wp\/v2\/media?parent=75221"}],"wp:term":[{"taxonomy":"category","embeddable":true,"href":"https:\/\/www.altominho.tv\/site\/wp-json\/wp\/v2\/categories?post=75221"},{"taxonomy":"post_tag","embeddable":true,"href":"https:\/\/www.altominho.tv\/site\/wp-json\/wp\/v2\/tags?post=75221"}],"curies":[{"name":"wp","href":"https:\/\/api.w.org\/{rel}","templated":true}]}}