{"id":75175,"date":"2022-01-21T14:52:28","date_gmt":"2022-01-21T14:52:28","guid":{"rendered":"https:\/\/www.altominho.tv\/site\/?p=75175"},"modified":"2022-02-25T14:39:52","modified_gmt":"2022-02-25T14:39:52","slug":"portugal-com-58-530-novas-infecoes-e-49-mortes","status":"publish","type":"post","link":"https:\/\/www.altominho.tv\/site\/2022\/01\/21\/portugal-com-58-530-novas-infecoes-e-49-mortes\/","title":{"rendered":"Portugal com 58.530 novas infe\u00e7\u00f5es e 49 mortes"},"content":{"rendered":"<p>Portugal reportou 58.530 casos de Covid-19, um novo m\u00e1ximo di\u00e1rio de infe\u00e7\u00f5es, e 49 mortes associadas ao SARS-CoV-2, de acordo com o boletim epidemiol\u00f3gico divulgado esta sexta-feira pela Dire\u00e7\u00e3o-Geral da Sa\u00fade (DGS).<\/p>\n<p class=\"text-paragraph\">Pelo quarto dia consecutivo, foi registado um novo m\u00e1ximo de novos cont\u00e1gios di\u00e1rios. No total, o pa\u00eds contabiliza 2.118.125 casos positivos desde o in\u00edcio da pandemia, per\u00edodo no qual morreram 19.496 doentes.<\/p>\n<p>No \u00faltimo dia, recuperaram ainda 20.156 pessoas, elevando para 1.675.736 o n\u00famero de recuperados. Atualmente, h\u00e1 422.893 casos ativos.<\/p>\n<p class=\"selectionShareable\">O n\u00famero de internamentos nos hospitais, segundo a DGS, voltou a aumentar com mais 40 doentes internados, num total de 2044. H\u00e1 162 pacientes em unidades de cuidados intensivos, mais 10 do que no dia anterior.<\/p>\n","protected":false},"excerpt":{"rendered":"<p>Portugal reportou 58.530 casos de Covid-19, um novo m\u00e1ximo di\u00e1rio de infe\u00e7\u00f5es, e 49 mortes associadas ao SARS-CoV-2, de acordo com o boletim epidemiol\u00f3gico divulgado esta sexta-feira pela Dire\u00e7\u00e3o-Geral da Sa\u00fade (DGS). Pelo quarto dia consecutivo, foi registado um novo m\u00e1ximo de novos cont\u00e1gios di\u00e1rios. No total, o pa\u00eds contabiliza 2.118.125 casos positivos desde o [&hellip;]<\/p>\n","protected":false},"author":12,"featured_media":69118,"comment_status":"closed","ping_status":"closed","sticky":false,"template":"","format":"standard","meta":{"_exactmetrics_skip_tracking":false,"_exactmetrics_sitenote_active":false,"_exactmetrics_sitenote_note":"","_exactmetrics_sitenote_category":0,"footnotes":""},"categories":[42722],"tags":[26,27],"class_list":["post-75175","post","type-post","status-publish","format-standard","has-post-thumbnail","hentry","category-covid-19","tag-saude","tag-sociedade"],"yoast_head":"<!-- This site is optimized with the Yoast SEO Premium plugin v27.5 (Yoast SEO v27.5) - https:\/\/yoast.com\/product\/yoast-seo-premium-wordpress\/ -->\n<title>Portugal com 58.530 novas infe\u00e7\u00f5es e 49 mortes<\/title>\n<meta name=\"description\" content=\"Portugal reportou 58.530 casos de Covid-19, um novo m\u00e1ximo di\u00e1rio de infe\u00e7\u00f5es, e 49 mortes associadas ao SARS-CoV-2.\" \/>\n<meta name=\"robots\" content=\"index, follow, max-snippet:-1, max-image-preview:large, max-video-preview:-1\" \/>\n<link rel=\"canonical\" href=\"https:\/\/www.altominho.tv\/site\/2022\/01\/21\/portugal-com-58-530-novas-infecoes-e-49-mortes\/\" \/>\n<meta property=\"og:locale\" content=\"pt_PT\" \/>\n<meta property=\"og:type\" content=\"article\" \/>\n<meta property=\"og:title\" content=\"Portugal com 58.530 novas infe\u00e7\u00f5es e 49 mortes\" \/>\n<meta property=\"og:description\" content=\"Portugal reportou 58.530 casos de Covid-19, um novo m\u00e1ximo di\u00e1rio de infe\u00e7\u00f5es, e 49 mortes associadas ao SARS-CoV-2.\" \/>\n<meta property=\"og:url\" content=\"https:\/\/www.altominho.tv\/site\/2022\/01\/21\/portugal-com-58-530-novas-infecoes-e-49-mortes\/\" \/>\n<meta property=\"og:site_name\" content=\"Altominho.tv\" \/>\n<meta property=\"article:publisher\" content=\"https:\/\/www.facebook.com\/altominhotv\" \/>\n<meta property=\"article:published_time\" content=\"2022-01-21T14:52:28+00:00\" \/>\n<meta property=\"article:modified_time\" content=\"2022-02-25T14:39:52+00:00\" \/>\n<meta property=\"og:image\" content=\"https:\/\/www.altominho.tv\/site\/wp-content\/uploads\/2021\/08\/Internamento_Covid.jpg\" \/>\n\t<meta property=\"og:image:width\" content=\"711\" \/>\n\t<meta property=\"og:image:height\" content=\"400\" \/>\n\t<meta property=\"og:image:type\" content=\"image\/jpeg\" \/>\n<meta name=\"author\" content=\"Andreia Ferreira\" \/>\n<meta name=\"twitter:card\" content=\"summary_large_image\" \/>\n<meta name=\"twitter:creator\" content=\"@altominhoTV\" \/>\n<meta name=\"twitter:site\" content=\"@altominhoTV\" \/>\n<meta name=\"twitter:label1\" content=\"Escrito por\" \/>\n\t<meta name=\"twitter:data1\" content=\"Andreia Ferreira\" \/>\n\t<meta name=\"twitter:label2\" content=\"Tempo estimado de leitura\" \/>\n\t<meta name=\"twitter:data2\" content=\"1 minuto\" \/>\n<script type=\"application\/ld+json\" class=\"yoast-schema-graph\">{\"@context\":\"https:\\\/\\\/schema.org\",\"@graph\":[{\"@type\":\"Article\",\"@id\":\"https:\\\/\\\/www.altominho.tv\\\/site\\\/2022\\\/01\\\/21\\\/portugal-com-58-530-novas-infecoes-e-49-mortes\\\/#article\",\"isPartOf\":{\"@id\":\"https:\\\/\\\/www.altominho.tv\\\/site\\\/2022\\\/01\\\/21\\\/portugal-com-58-530-novas-infecoes-e-49-mortes\\\/\"},\"author\":{\"name\":\"Andreia Ferreira\",\"@id\":\"https:\\\/\\\/www.altominho.tv\\\/site\\\/#\\\/schema\\\/person\\\/d9be4265364723f14ea8e0d56a1d38cd\"},\"headline\":\"Portugal com 58.530 novas infe\u00e7\u00f5es e 49 mortes\",\"datePublished\":\"2022-01-21T14:52:28+00:00\",\"dateModified\":\"2022-02-25T14:39:52+00:00\",\"mainEntityOfPage\":{\"@id\":\"https:\\\/\\\/www.altominho.tv\\\/site\\\/2022\\\/01\\\/21\\\/portugal-com-58-530-novas-infecoes-e-49-mortes\\\/\"},\"wordCount\":129,\"image\":{\"@id\":\"https:\\\/\\\/www.altominho.tv\\\/site\\\/2022\\\/01\\\/21\\\/portugal-com-58-530-novas-infecoes-e-49-mortes\\\/#primaryimage\"},\"thumbnailUrl\":\"https:\\\/\\\/www.altominho.tv\\\/site\\\/wp-content\\\/uploads\\\/2021\\\/08\\\/Internamento_Covid.jpg\",\"keywords\":[\"Sa\u00fade\",\"Sociedade\"],\"articleSection\":[\"Coronav\u00edrus\"],\"inLanguage\":\"pt-PT\",\"copyrightYear\":\"2022\",\"copyrightHolder\":{\"@id\":\"https:\\\/\\\/www.altominho.tv\\\/site\\\/#organization\"}},{\"@type\":\"WebPage\",\"@id\":\"https:\\\/\\\/www.altominho.tv\\\/site\\\/2022\\\/01\\\/21\\\/portugal-com-58-530-novas-infecoes-e-49-mortes\\\/\",\"url\":\"https:\\\/\\\/www.altominho.tv\\\/site\\\/2022\\\/01\\\/21\\\/portugal-com-58-530-novas-infecoes-e-49-mortes\\\/\",\"name\":\"Portugal com 58.530 novas infe\u00e7\u00f5es e 49 mortes\",\"isPartOf\":{\"@id\":\"https:\\\/\\\/www.altominho.tv\\\/site\\\/#website\"},\"primaryImageOfPage\":{\"@id\":\"https:\\\/\\\/www.altominho.tv\\\/site\\\/2022\\\/01\\\/21\\\/portugal-com-58-530-novas-infecoes-e-49-mortes\\\/#primaryimage\"},\"image\":{\"@id\":\"https:\\\/\\\/www.altominho.tv\\\/site\\\/2022\\\/01\\\/21\\\/portugal-com-58-530-novas-infecoes-e-49-mortes\\\/#primaryimage\"},\"thumbnailUrl\":\"https:\\\/\\\/www.altominho.tv\\\/site\\\/wp-content\\\/uploads\\\/2021\\\/08\\\/Internamento_Covid.jpg\",\"datePublished\":\"2022-01-21T14:52:28+00:00\",\"dateModified\":\"2022-02-25T14:39:52+00:00\",\"author\":{\"@id\":\"https:\\\/\\\/www.altominho.tv\\\/site\\\/#\\\/schema\\\/person\\\/d9be4265364723f14ea8e0d56a1d38cd\"},\"description\":\"Portugal reportou 58.530 casos de Covid-19, um novo m\u00e1ximo di\u00e1rio de infe\u00e7\u00f5es, e 49 mortes associadas ao SARS-CoV-2.\",\"breadcrumb\":{\"@id\":\"https:\\\/\\\/www.altominho.tv\\\/site\\\/2022\\\/01\\\/21\\\/portugal-com-58-530-novas-infecoes-e-49-mortes\\\/#breadcrumb\"},\"inLanguage\":\"pt-PT\",\"potentialAction\":[{\"@type\":\"ReadAction\",\"target\":[\"https:\\\/\\\/www.altominho.tv\\\/site\\\/2022\\\/01\\\/21\\\/portugal-com-58-530-novas-infecoes-e-49-mortes\\\/\"]}]},{\"@type\":\"ImageObject\",\"inLanguage\":\"pt-PT\",\"@id\":\"https:\\\/\\\/www.altominho.tv\\\/site\\\/2022\\\/01\\\/21\\\/portugal-com-58-530-novas-infecoes-e-49-mortes\\\/#primaryimage\",\"url\":\"https:\\\/\\\/www.altominho.tv\\\/site\\\/wp-content\\\/uploads\\\/2021\\\/08\\\/Internamento_Covid.jpg\",\"contentUrl\":\"https:\\\/\\\/www.altominho.tv\\\/site\\\/wp-content\\\/uploads\\\/2021\\\/08\\\/Internamento_Covid.jpg\",\"width\":711,\"height\":400},{\"@type\":\"BreadcrumbList\",\"@id\":\"https:\\\/\\\/www.altominho.tv\\\/site\\\/2022\\\/01\\\/21\\\/portugal-com-58-530-novas-infecoes-e-49-mortes\\\/#breadcrumb\",\"itemListElement\":[{\"@type\":\"ListItem\",\"position\":1,\"name\":\"In\u00edcio\",\"item\":\"https:\\\/\\\/www.altominho.tv\\\/site\\\/\"},{\"@type\":\"ListItem\",\"position\":2,\"name\":\"Portugal com 58.530 novas infe\u00e7\u00f5es e 49 mortes\"}]},{\"@type\":\"WebSite\",\"@id\":\"https:\\\/\\\/www.altominho.tv\\\/site\\\/#website\",\"url\":\"https:\\\/\\\/www.altominho.tv\\\/site\\\/\",\"name\":\"Altominho.tv\",\"description\":\"A sua regi\u00e3o \u00e0 dist\u00e2ncia de um clique...\",\"potentialAction\":[{\"@type\":\"SearchAction\",\"target\":{\"@type\":\"EntryPoint\",\"urlTemplate\":\"https:\\\/\\\/www.altominho.tv\\\/site\\\/?s={search_term_string}\"},\"query-input\":{\"@type\":\"PropertyValueSpecification\",\"valueRequired\":true,\"valueName\":\"search_term_string\"}}],\"inLanguage\":\"pt-PT\"},{\"@type\":\"Person\",\"@id\":\"https:\\\/\\\/www.altominho.tv\\\/site\\\/#\\\/schema\\\/person\\\/d9be4265364723f14ea8e0d56a1d38cd\",\"name\":\"Andreia Ferreira\",\"image\":{\"@type\":\"ImageObject\",\"inLanguage\":\"pt-PT\",\"@id\":\"https:\\\/\\\/www.altominho.tv\\\/site\\\/wp-content\\\/uploads\\\/2021\\\/01\\\/AndreiaFerreira-150x150.jpg\",\"url\":\"https:\\\/\\\/www.altominho.tv\\\/site\\\/wp-content\\\/uploads\\\/2021\\\/01\\\/AndreiaFerreira-150x150.jpg\",\"contentUrl\":\"https:\\\/\\\/www.altominho.tv\\\/site\\\/wp-content\\\/uploads\\\/2021\\\/01\\\/AndreiaFerreira-150x150.jpg\",\"caption\":\"Andreia Ferreira\"},\"url\":\"https:\\\/\\\/www.altominho.tv\\\/site\\\/author\\\/andreiaferreira\\\/\"}]}<\/script>\n<!-- \/ Yoast SEO Premium plugin. -->","yoast_head_json":{"title":"Portugal com 58.530 novas infe\u00e7\u00f5es e 49 mortes","description":"Portugal reportou 58.530 casos de Covid-19, um novo m\u00e1ximo di\u00e1rio de infe\u00e7\u00f5es, e 49 mortes associadas ao SARS-CoV-2.","robots":{"index":"index","follow":"follow","max-snippet":"max-snippet:-1","max-image-preview":"max-image-preview:large","max-video-preview":"max-video-preview:-1"},"canonical":"https:\/\/www.altominho.tv\/site\/2022\/01\/21\/portugal-com-58-530-novas-infecoes-e-49-mortes\/","og_locale":"pt_PT","og_type":"article","og_title":"Portugal com 58.530 novas infe\u00e7\u00f5es e 49 mortes","og_description":"Portugal reportou 58.530 casos de Covid-19, um novo m\u00e1ximo di\u00e1rio de infe\u00e7\u00f5es, e 49 mortes associadas ao SARS-CoV-2.","og_url":"https:\/\/www.altominho.tv\/site\/2022\/01\/21\/portugal-com-58-530-novas-infecoes-e-49-mortes\/","og_site_name":"Altominho.tv","article_publisher":"https:\/\/www.facebook.com\/altominhotv","article_published_time":"2022-01-21T14:52:28+00:00","article_modified_time":"2022-02-25T14:39:52+00:00","og_image":[{"width":711,"height":400,"url":"https:\/\/www.altominho.tv\/site\/wp-content\/uploads\/2021\/08\/Internamento_Covid.jpg","type":"image\/jpeg"}],"author":"Andreia Ferreira","twitter_card":"summary_large_image","twitter_creator":"@altominhoTV","twitter_site":"@altominhoTV","twitter_misc":{"Escrito por":"Andreia Ferreira","Tempo estimado de leitura":"1 minuto"},"schema":{"@context":"https:\/\/schema.org","@graph":[{"@type":"Article","@id":"https:\/\/www.altominho.tv\/site\/2022\/01\/21\/portugal-com-58-530-novas-infecoes-e-49-mortes\/#article","isPartOf":{"@id":"https:\/\/www.altominho.tv\/site\/2022\/01\/21\/portugal-com-58-530-novas-infecoes-e-49-mortes\/"},"author":{"name":"Andreia Ferreira","@id":"https:\/\/www.altominho.tv\/site\/#\/schema\/person\/d9be4265364723f14ea8e0d56a1d38cd"},"headline":"Portugal com 58.530 novas infe\u00e7\u00f5es e 49 mortes","datePublished":"2022-01-21T14:52:28+00:00","dateModified":"2022-02-25T14:39:52+00:00","mainEntityOfPage":{"@id":"https:\/\/www.altominho.tv\/site\/2022\/01\/21\/portugal-com-58-530-novas-infecoes-e-49-mortes\/"},"wordCount":129,"image":{"@id":"https:\/\/www.altominho.tv\/site\/2022\/01\/21\/portugal-com-58-530-novas-infecoes-e-49-mortes\/#primaryimage"},"thumbnailUrl":"https:\/\/www.altominho.tv\/site\/wp-content\/uploads\/2021\/08\/Internamento_Covid.jpg","keywords":["Sa\u00fade","Sociedade"],"articleSection":["Coronav\u00edrus"],"inLanguage":"pt-PT","copyrightYear":"2022","copyrightHolder":{"@id":"https:\/\/www.altominho.tv\/site\/#organization"}},{"@type":"WebPage","@id":"https:\/\/www.altominho.tv\/site\/2022\/01\/21\/portugal-com-58-530-novas-infecoes-e-49-mortes\/","url":"https:\/\/www.altominho.tv\/site\/2022\/01\/21\/portugal-com-58-530-novas-infecoes-e-49-mortes\/","name":"Portugal com 58.530 novas infe\u00e7\u00f5es e 49 mortes","isPartOf":{"@id":"https:\/\/www.altominho.tv\/site\/#website"},"primaryImageOfPage":{"@id":"https:\/\/www.altominho.tv\/site\/2022\/01\/21\/portugal-com-58-530-novas-infecoes-e-49-mortes\/#primaryimage"},"image":{"@id":"https:\/\/www.altominho.tv\/site\/2022\/01\/21\/portugal-com-58-530-novas-infecoes-e-49-mortes\/#primaryimage"},"thumbnailUrl":"https:\/\/www.altominho.tv\/site\/wp-content\/uploads\/2021\/08\/Internamento_Covid.jpg","datePublished":"2022-01-21T14:52:28+00:00","dateModified":"2022-02-25T14:39:52+00:00","author":{"@id":"https:\/\/www.altominho.tv\/site\/#\/schema\/person\/d9be4265364723f14ea8e0d56a1d38cd"},"description":"Portugal reportou 58.530 casos de Covid-19, um novo m\u00e1ximo di\u00e1rio de infe\u00e7\u00f5es, e 49 mortes associadas ao SARS-CoV-2.","breadcrumb":{"@id":"https:\/\/www.altominho.tv\/site\/2022\/01\/21\/portugal-com-58-530-novas-infecoes-e-49-mortes\/#breadcrumb"},"inLanguage":"pt-PT","potentialAction":[{"@type":"ReadAction","target":["https:\/\/www.altominho.tv\/site\/2022\/01\/21\/portugal-com-58-530-novas-infecoes-e-49-mortes\/"]}]},{"@type":"ImageObject","inLanguage":"pt-PT","@id":"https:\/\/www.altominho.tv\/site\/2022\/01\/21\/portugal-com-58-530-novas-infecoes-e-49-mortes\/#primaryimage","url":"https:\/\/www.altominho.tv\/site\/wp-content\/uploads\/2021\/08\/Internamento_Covid.jpg","contentUrl":"https:\/\/www.altominho.tv\/site\/wp-content\/uploads\/2021\/08\/Internamento_Covid.jpg","width":711,"height":400},{"@type":"BreadcrumbList","@id":"https:\/\/www.altominho.tv\/site\/2022\/01\/21\/portugal-com-58-530-novas-infecoes-e-49-mortes\/#breadcrumb","itemListElement":[{"@type":"ListItem","position":1,"name":"In\u00edcio","item":"https:\/\/www.altominho.tv\/site\/"},{"@type":"ListItem","position":2,"name":"Portugal com 58.530 novas infe\u00e7\u00f5es e 49 mortes"}]},{"@type":"WebSite","@id":"https:\/\/www.altominho.tv\/site\/#website","url":"https:\/\/www.altominho.tv\/site\/","name":"Altominho.tv","description":"A sua regi\u00e3o \u00e0 dist\u00e2ncia de um clique...","potentialAction":[{"@type":"SearchAction","target":{"@type":"EntryPoint","urlTemplate":"https:\/\/www.altominho.tv\/site\/?s={search_term_string}"},"query-input":{"@type":"PropertyValueSpecification","valueRequired":true,"valueName":"search_term_string"}}],"inLanguage":"pt-PT"},{"@type":"Person","@id":"https:\/\/www.altominho.tv\/site\/#\/schema\/person\/d9be4265364723f14ea8e0d56a1d38cd","name":"Andreia Ferreira","image":{"@type":"ImageObject","inLanguage":"pt-PT","@id":"https:\/\/www.altominho.tv\/site\/wp-content\/uploads\/2021\/01\/AndreiaFerreira-150x150.jpg","url":"https:\/\/www.altominho.tv\/site\/wp-content\/uploads\/2021\/01\/AndreiaFerreira-150x150.jpg","contentUrl":"https:\/\/www.altominho.tv\/site\/wp-content\/uploads\/2021\/01\/AndreiaFerreira-150x150.jpg","caption":"Andreia Ferreira"},"url":"https:\/\/www.altominho.tv\/site\/author\/andreiaferreira\/"}]}},"_links":{"self":[{"href":"https:\/\/www.altominho.tv\/site\/wp-json\/wp\/v2\/posts\/75175","targetHints":{"allow":["GET"]}}],"collection":[{"href":"https:\/\/www.altominho.tv\/site\/wp-json\/wp\/v2\/posts"}],"about":[{"href":"https:\/\/www.altominho.tv\/site\/wp-json\/wp\/v2\/types\/post"}],"author":[{"embeddable":true,"href":"https:\/\/www.altominho.tv\/site\/wp-json\/wp\/v2\/users\/12"}],"replies":[{"embeddable":true,"href":"https:\/\/www.altominho.tv\/site\/wp-json\/wp\/v2\/comments?post=75175"}],"version-history":[{"count":0,"href":"https:\/\/www.altominho.tv\/site\/wp-json\/wp\/v2\/posts\/75175\/revisions"}],"wp:featuredmedia":[{"embeddable":true,"href":"https:\/\/www.altominho.tv\/site\/wp-json\/wp\/v2\/media\/69118"}],"wp:attachment":[{"href":"https:\/\/www.altominho.tv\/site\/wp-json\/wp\/v2\/media?parent=75175"}],"wp:term":[{"taxonomy":"category","embeddable":true,"href":"https:\/\/www.altominho.tv\/site\/wp-json\/wp\/v2\/categories?post=75175"},{"taxonomy":"post_tag","embeddable":true,"href":"https:\/\/www.altominho.tv\/site\/wp-json\/wp\/v2\/tags?post=75175"}],"curies":[{"name":"wp","href":"https:\/\/api.w.org\/{rel}","templated":true}]}}