{"id":75127,"date":"2022-01-21T09:11:11","date_gmt":"2022-01-21T09:11:11","guid":{"rendered":"https:\/\/www.altominho.tv\/site\/?p=75127"},"modified":"2022-02-25T15:38:02","modified_gmt":"2022-02-25T15:38:02","slug":"fim-de-semana-de-frio-coloca-viana-do-castelo-sob-aviso-amarelo","status":"publish","type":"post","link":"https:\/\/www.altominho.tv\/site\/2022\/01\/21\/fim-de-semana-de-frio-coloca-viana-do-castelo-sob-aviso-amarelo\/","title":{"rendered":"Fim de semana de frio coloca Viana do Castelo sob aviso amarelo"},"content":{"rendered":"<p>O distrito de Viana do Castelo vai estar, no fim de semana, sob aviso amarelo devido ao frio, segundo o Instituto Portugu\u00eas do Mar e da Atmosfera (IPMA).<\/p>\n<p>De acordo com o IPMA, o aviso amarelo devido \u00e0 persist\u00eancia de valores baixos da temperatura m\u00ednima entra em vigor no s\u00e1bado e estende-se at\u00e9 \u00e0s 11h00 de domingo.<\/p>\n<p>O aviso amarelo \u00e9 emitido sempre que a situa\u00e7\u00e3o meteorol\u00f3gica representa risco para determinadas atividades.<\/p>\n<p>Durante os pr\u00f3ximos dias, o <a href=\"\/\/www.altominho.tv\/site\/2022\/01\/20\/proximos-dias-trazem-sol-e-temperaturas-baixas\/\">sol vai brilhar em toda a regi\u00e3o do Alto Minho<\/a>, mas o frio e a geada matinal tamb\u00e9m se v\u00e3o fazer sentir.<\/p>\n<p>As previs\u00f5es do IPMA apontam para uma pequena descida da temperatura m\u00ednima, podendo chegar aos -2 graus Celsius em alguns concelhos.<\/p>\n<p>No distrito de Viana do Castelo, as temperaturas m\u00ednimas v\u00e3o oscilar entre os -2\u00baC e os 4 e as m\u00e1ximas entre os 12 e os 16.<\/p>\n","protected":false},"excerpt":{"rendered":"<p>O distrito de Viana do Castelo vai estar, no fim de semana, sob aviso amarelo devido ao frio, segundo o Instituto Portugu\u00eas do Mar e da Atmosfera (IPMA). De acordo com o IPMA, o aviso amarelo devido \u00e0 persist\u00eancia de valores baixos da temperatura m\u00ednima entra em vigor no s\u00e1bado e estende-se at\u00e9 \u00e0s 11h00 [&hellip;]<\/p>\n","protected":false},"author":12,"featured_media":58448,"comment_status":"closed","ping_status":"closed","sticky":false,"template":"","format":"standard","meta":{"_exactmetrics_skip_tracking":false,"footnotes":""},"categories":[73],"tags":[27],"class_list":["post-75127","post","type-post","status-publish","format-standard","has-post-thumbnail","hentry","category-alto-minho","tag-sociedade"],"yoast_head":"<!-- This site is optimized with the Yoast SEO Premium plugin v28.3 (Yoast SEO v28.3) - https:\/\/yoast.com\/product\/yoast-seo-premium-wordpress\/ -->\n<title>Fim de semana de frio coloca Viana do Castelo sob aviso amarelo<\/title>\n<meta name=\"description\" content=\"distrito de Viana do Castelo vai estar, no fim de semana, sob aviso amarelo devido ao frio, segundo o Instituto Portugu\u00eas do Mar e da Atmosfera (IPMA).\" \/>\n<meta name=\"robots\" content=\"index, follow, max-snippet:-1, max-image-preview:large, max-video-preview:-1\" \/>\n<link rel=\"canonical\" href=\"https:\/\/www.altominho.tv\/site\/2022\/01\/21\/fim-de-semana-de-frio-coloca-viana-do-castelo-sob-aviso-amarelo\/\" \/>\n<meta property=\"og:locale\" content=\"pt_PT\" \/>\n<meta property=\"og:type\" content=\"article\" \/>\n<meta property=\"og:title\" content=\"Fim de semana de frio coloca Viana do Castelo sob aviso amarelo\" \/>\n<meta property=\"og:description\" content=\"distrito de Viana do Castelo vai estar, no fim de semana, sob aviso amarelo devido ao frio, segundo o Instituto Portugu\u00eas do Mar e da Atmosfera (IPMA).\" \/>\n<meta property=\"og:url\" content=\"https:\/\/www.altominho.tv\/site\/2022\/01\/21\/fim-de-semana-de-frio-coloca-viana-do-castelo-sob-aviso-amarelo\/\" \/>\n<meta property=\"og:site_name\" content=\"Altominho.tv\" \/>\n<meta property=\"article:publisher\" content=\"https:\/\/www.facebook.com\/altominhotv\" \/>\n<meta property=\"article:published_time\" content=\"2022-01-21T09:11:11+00:00\" \/>\n<meta property=\"article:modified_time\" content=\"2022-02-25T15:38:02+00:00\" \/>\n<meta property=\"og:image\" content=\"https:\/\/www.altominho.tv\/site\/wp-content\/uploads\/2021\/01\/frio-740x486-1.jpg\" \/>\n\t<meta property=\"og:image:width\" content=\"740\" \/>\n\t<meta property=\"og:image:height\" content=\"486\" \/>\n\t<meta property=\"og:image:type\" content=\"image\/jpeg\" \/>\n<meta name=\"author\" content=\"Andreia Ferreira\" \/>\n<meta name=\"twitter:card\" content=\"summary_large_image\" \/>\n<meta name=\"twitter:creator\" content=\"@altominhoTV\" \/>\n<meta name=\"twitter:site\" content=\"@altominhoTV\" \/>\n<meta name=\"twitter:label1\" content=\"Escrito por\" \/>\n\t<meta name=\"twitter:data1\" content=\"Andreia Ferreira\" \/>\n\t<meta name=\"twitter:label2\" content=\"Tempo estimado de leitura\" \/>\n\t<meta name=\"twitter:data2\" content=\"1 minuto\" \/>\n<script type=\"application\/ld+json\" class=\"yoast-schema-graph\">{\"@context\":\"https:\\\/\\\/schema.org\",\"@graph\":[{\"@type\":\"Article\",\"@id\":\"https:\\\/\\\/www.altominho.tv\\\/site\\\/2022\\\/01\\\/21\\\/fim-de-semana-de-frio-coloca-viana-do-castelo-sob-aviso-amarelo\\\/#article\",\"isPartOf\":{\"@id\":\"https:\\\/\\\/www.altominho.tv\\\/site\\\/2022\\\/01\\\/21\\\/fim-de-semana-de-frio-coloca-viana-do-castelo-sob-aviso-amarelo\\\/\"},\"author\":{\"name\":\"Andreia Ferreira\",\"@id\":\"https:\\\/\\\/www.altominho.tv\\\/site\\\/#\\\/schema\\\/person\\\/d9be4265364723f14ea8e0d56a1d38cd\"},\"headline\":\"Fim de semana de frio coloca Viana do Castelo sob aviso amarelo\",\"datePublished\":\"2022-01-21T09:11:11+00:00\",\"dateModified\":\"2022-02-25T15:38:02+00:00\",\"mainEntityOfPage\":{\"@id\":\"https:\\\/\\\/www.altominho.tv\\\/site\\\/2022\\\/01\\\/21\\\/fim-de-semana-de-frio-coloca-viana-do-castelo-sob-aviso-amarelo\\\/\"},\"wordCount\":169,\"image\":{\"@id\":\"https:\\\/\\\/www.altominho.tv\\\/site\\\/2022\\\/01\\\/21\\\/fim-de-semana-de-frio-coloca-viana-do-castelo-sob-aviso-amarelo\\\/#primaryimage\"},\"thumbnailUrl\":\"https:\\\/\\\/www.altominho.tv\\\/site\\\/wp-content\\\/uploads\\\/2021\\\/01\\\/frio-740x486-1.jpg\",\"keywords\":[\"Sociedade\"],\"articleSection\":[\"Alto Minho\"],\"inLanguage\":\"pt-PT\",\"copyrightYear\":\"2022\",\"copyrightHolder\":{\"@id\":\"https:\\\/\\\/www.altominho.tv\\\/site\\\/#organization\"}},{\"@type\":\"WebPage\",\"@id\":\"https:\\\/\\\/www.altominho.tv\\\/site\\\/2022\\\/01\\\/21\\\/fim-de-semana-de-frio-coloca-viana-do-castelo-sob-aviso-amarelo\\\/\",\"url\":\"https:\\\/\\\/www.altominho.tv\\\/site\\\/2022\\\/01\\\/21\\\/fim-de-semana-de-frio-coloca-viana-do-castelo-sob-aviso-amarelo\\\/\",\"name\":\"Fim de semana de frio coloca Viana do Castelo sob aviso amarelo\",\"isPartOf\":{\"@id\":\"https:\\\/\\\/www.altominho.tv\\\/site\\\/#website\"},\"primaryImageOfPage\":{\"@id\":\"https:\\\/\\\/www.altominho.tv\\\/site\\\/2022\\\/01\\\/21\\\/fim-de-semana-de-frio-coloca-viana-do-castelo-sob-aviso-amarelo\\\/#primaryimage\"},\"image\":{\"@id\":\"https:\\\/\\\/www.altominho.tv\\\/site\\\/2022\\\/01\\\/21\\\/fim-de-semana-de-frio-coloca-viana-do-castelo-sob-aviso-amarelo\\\/#primaryimage\"},\"thumbnailUrl\":\"https:\\\/\\\/www.altominho.tv\\\/site\\\/wp-content\\\/uploads\\\/2021\\\/01\\\/frio-740x486-1.jpg\",\"datePublished\":\"2022-01-21T09:11:11+00:00\",\"dateModified\":\"2022-02-25T15:38:02+00:00\",\"author\":{\"@id\":\"https:\\\/\\\/www.altominho.tv\\\/site\\\/#\\\/schema\\\/person\\\/d9be4265364723f14ea8e0d56a1d38cd\"},\"description\":\"distrito de Viana do Castelo vai estar, no fim de semana, sob aviso amarelo devido ao frio, segundo o Instituto Portugu\u00eas do Mar e da Atmosfera (IPMA).\",\"breadcrumb\":{\"@id\":\"https:\\\/\\\/www.altominho.tv\\\/site\\\/2022\\\/01\\\/21\\\/fim-de-semana-de-frio-coloca-viana-do-castelo-sob-aviso-amarelo\\\/#breadcrumb\"},\"inLanguage\":\"pt-PT\",\"potentialAction\":[{\"@type\":\"ReadAction\",\"target\":[\"https:\\\/\\\/www.altominho.tv\\\/site\\\/2022\\\/01\\\/21\\\/fim-de-semana-de-frio-coloca-viana-do-castelo-sob-aviso-amarelo\\\/\"]}]},{\"@type\":\"ImageObject\",\"inLanguage\":\"pt-PT\",\"@id\":\"https:\\\/\\\/www.altominho.tv\\\/site\\\/2022\\\/01\\\/21\\\/fim-de-semana-de-frio-coloca-viana-do-castelo-sob-aviso-amarelo\\\/#primaryimage\",\"url\":\"https:\\\/\\\/www.altominho.tv\\\/site\\\/wp-content\\\/uploads\\\/2021\\\/01\\\/frio-740x486-1.jpg\",\"contentUrl\":\"https:\\\/\\\/www.altominho.tv\\\/site\\\/wp-content\\\/uploads\\\/2021\\\/01\\\/frio-740x486-1.jpg\",\"width\":740,\"height\":486,\"caption\":\"UNSPLASH\"},{\"@type\":\"BreadcrumbList\",\"@id\":\"https:\\\/\\\/www.altominho.tv\\\/site\\\/2022\\\/01\\\/21\\\/fim-de-semana-de-frio-coloca-viana-do-castelo-sob-aviso-amarelo\\\/#breadcrumb\",\"itemListElement\":[{\"@type\":\"ListItem\",\"position\":1,\"name\":\"In\u00edcio\",\"item\":\"https:\\\/\\\/www.altominho.tv\\\/site\\\/\"},{\"@type\":\"ListItem\",\"position\":2,\"name\":\"Fim de semana de frio coloca Viana do Castelo sob aviso amarelo\"}]},{\"@type\":\"WebSite\",\"@id\":\"https:\\\/\\\/www.altominho.tv\\\/site\\\/#website\",\"url\":\"https:\\\/\\\/www.altominho.tv\\\/site\\\/\",\"name\":\"Altominho.tv\",\"description\":\"A sua regi\u00e3o \u00e0 dist\u00e2ncia de um clique...\",\"potentialAction\":[{\"@type\":\"SearchAction\",\"target\":{\"@type\":\"EntryPoint\",\"urlTemplate\":\"https:\\\/\\\/www.altominho.tv\\\/site\\\/?s={search_term_string}\"},\"query-input\":{\"@type\":\"PropertyValueSpecification\",\"valueRequired\":true,\"valueName\":\"search_term_string\"}}],\"inLanguage\":\"pt-PT\"},{\"@type\":\"Person\",\"@id\":\"https:\\\/\\\/www.altominho.tv\\\/site\\\/#\\\/schema\\\/person\\\/d9be4265364723f14ea8e0d56a1d38cd\",\"name\":\"Andreia Ferreira\",\"image\":{\"@type\":\"ImageObject\",\"inLanguage\":\"pt-PT\",\"@id\":\"https:\\\/\\\/www.altominho.tv\\\/site\\\/wp-content\\\/uploads\\\/2021\\\/01\\\/AndreiaFerreira-150x150.jpg\",\"url\":\"https:\\\/\\\/www.altominho.tv\\\/site\\\/wp-content\\\/uploads\\\/2021\\\/01\\\/AndreiaFerreira-150x150.jpg\",\"contentUrl\":\"https:\\\/\\\/www.altominho.tv\\\/site\\\/wp-content\\\/uploads\\\/2021\\\/01\\\/AndreiaFerreira-150x150.jpg\",\"caption\":\"Andreia Ferreira\"},\"url\":\"https:\\\/\\\/www.altominho.tv\\\/site\\\/author\\\/andreiaferreira\\\/\"}]}<\/script>\n<!-- \/ Yoast SEO Premium plugin. -->","yoast_head_json":{"title":"Fim de semana de frio coloca Viana do Castelo sob aviso amarelo","description":"distrito de Viana do Castelo vai estar, no fim de semana, sob aviso amarelo devido ao frio, segundo o Instituto Portugu\u00eas do Mar e da Atmosfera (IPMA).","robots":{"index":"index","follow":"follow","max-snippet":"max-snippet:-1","max-image-preview":"max-image-preview:large","max-video-preview":"max-video-preview:-1"},"canonical":"https:\/\/www.altominho.tv\/site\/2022\/01\/21\/fim-de-semana-de-frio-coloca-viana-do-castelo-sob-aviso-amarelo\/","og_locale":"pt_PT","og_type":"article","og_title":"Fim de semana de frio coloca Viana do Castelo sob aviso amarelo","og_description":"distrito de Viana do Castelo vai estar, no fim de semana, sob aviso amarelo devido ao frio, segundo o Instituto Portugu\u00eas do Mar e da Atmosfera (IPMA).","og_url":"https:\/\/www.altominho.tv\/site\/2022\/01\/21\/fim-de-semana-de-frio-coloca-viana-do-castelo-sob-aviso-amarelo\/","og_site_name":"Altominho.tv","article_publisher":"https:\/\/www.facebook.com\/altominhotv","article_published_time":"2022-01-21T09:11:11+00:00","article_modified_time":"2022-02-25T15:38:02+00:00","og_image":[{"width":740,"height":486,"url":"https:\/\/www.altominho.tv\/site\/wp-content\/uploads\/2021\/01\/frio-740x486-1.jpg","type":"image\/jpeg"}],"author":"Andreia Ferreira","twitter_card":"summary_large_image","twitter_creator":"@altominhoTV","twitter_site":"@altominhoTV","twitter_misc":{"Escrito por":"Andreia Ferreira","Tempo estimado de leitura":"1 minuto"},"schema":{"@context":"https:\/\/schema.org","@graph":[{"@type":"Article","@id":"https:\/\/www.altominho.tv\/site\/2022\/01\/21\/fim-de-semana-de-frio-coloca-viana-do-castelo-sob-aviso-amarelo\/#article","isPartOf":{"@id":"https:\/\/www.altominho.tv\/site\/2022\/01\/21\/fim-de-semana-de-frio-coloca-viana-do-castelo-sob-aviso-amarelo\/"},"author":{"name":"Andreia Ferreira","@id":"https:\/\/www.altominho.tv\/site\/#\/schema\/person\/d9be4265364723f14ea8e0d56a1d38cd"},"headline":"Fim de semana de frio coloca Viana do Castelo sob aviso amarelo","datePublished":"2022-01-21T09:11:11+00:00","dateModified":"2022-02-25T15:38:02+00:00","mainEntityOfPage":{"@id":"https:\/\/www.altominho.tv\/site\/2022\/01\/21\/fim-de-semana-de-frio-coloca-viana-do-castelo-sob-aviso-amarelo\/"},"wordCount":169,"image":{"@id":"https:\/\/www.altominho.tv\/site\/2022\/01\/21\/fim-de-semana-de-frio-coloca-viana-do-castelo-sob-aviso-amarelo\/#primaryimage"},"thumbnailUrl":"https:\/\/www.altominho.tv\/site\/wp-content\/uploads\/2021\/01\/frio-740x486-1.jpg","keywords":["Sociedade"],"articleSection":["Alto Minho"],"inLanguage":"pt-PT","copyrightYear":"2022","copyrightHolder":{"@id":"https:\/\/www.altominho.tv\/site\/#organization"}},{"@type":"WebPage","@id":"https:\/\/www.altominho.tv\/site\/2022\/01\/21\/fim-de-semana-de-frio-coloca-viana-do-castelo-sob-aviso-amarelo\/","url":"https:\/\/www.altominho.tv\/site\/2022\/01\/21\/fim-de-semana-de-frio-coloca-viana-do-castelo-sob-aviso-amarelo\/","name":"Fim de semana de frio coloca Viana do Castelo sob aviso amarelo","isPartOf":{"@id":"https:\/\/www.altominho.tv\/site\/#website"},"primaryImageOfPage":{"@id":"https:\/\/www.altominho.tv\/site\/2022\/01\/21\/fim-de-semana-de-frio-coloca-viana-do-castelo-sob-aviso-amarelo\/#primaryimage"},"image":{"@id":"https:\/\/www.altominho.tv\/site\/2022\/01\/21\/fim-de-semana-de-frio-coloca-viana-do-castelo-sob-aviso-amarelo\/#primaryimage"},"thumbnailUrl":"https:\/\/www.altominho.tv\/site\/wp-content\/uploads\/2021\/01\/frio-740x486-1.jpg","datePublished":"2022-01-21T09:11:11+00:00","dateModified":"2022-02-25T15:38:02+00:00","author":{"@id":"https:\/\/www.altominho.tv\/site\/#\/schema\/person\/d9be4265364723f14ea8e0d56a1d38cd"},"description":"distrito de Viana do Castelo vai estar, no fim de semana, sob aviso amarelo devido ao frio, segundo o Instituto Portugu\u00eas do Mar e da Atmosfera (IPMA).","breadcrumb":{"@id":"https:\/\/www.altominho.tv\/site\/2022\/01\/21\/fim-de-semana-de-frio-coloca-viana-do-castelo-sob-aviso-amarelo\/#breadcrumb"},"inLanguage":"pt-PT","potentialAction":[{"@type":"ReadAction","target":["https:\/\/www.altominho.tv\/site\/2022\/01\/21\/fim-de-semana-de-frio-coloca-viana-do-castelo-sob-aviso-amarelo\/"]}]},{"@type":"ImageObject","inLanguage":"pt-PT","@id":"https:\/\/www.altominho.tv\/site\/2022\/01\/21\/fim-de-semana-de-frio-coloca-viana-do-castelo-sob-aviso-amarelo\/#primaryimage","url":"https:\/\/www.altominho.tv\/site\/wp-content\/uploads\/2021\/01\/frio-740x486-1.jpg","contentUrl":"https:\/\/www.altominho.tv\/site\/wp-content\/uploads\/2021\/01\/frio-740x486-1.jpg","width":740,"height":486,"caption":"UNSPLASH"},{"@type":"BreadcrumbList","@id":"https:\/\/www.altominho.tv\/site\/2022\/01\/21\/fim-de-semana-de-frio-coloca-viana-do-castelo-sob-aviso-amarelo\/#breadcrumb","itemListElement":[{"@type":"ListItem","position":1,"name":"In\u00edcio","item":"https:\/\/www.altominho.tv\/site\/"},{"@type":"ListItem","position":2,"name":"Fim de semana de frio coloca Viana do Castelo sob aviso amarelo"}]},{"@type":"WebSite","@id":"https:\/\/www.altominho.tv\/site\/#website","url":"https:\/\/www.altominho.tv\/site\/","name":"Altominho.tv","description":"A sua regi\u00e3o \u00e0 dist\u00e2ncia de um clique...","potentialAction":[{"@type":"SearchAction","target":{"@type":"EntryPoint","urlTemplate":"https:\/\/www.altominho.tv\/site\/?s={search_term_string}"},"query-input":{"@type":"PropertyValueSpecification","valueRequired":true,"valueName":"search_term_string"}}],"inLanguage":"pt-PT"},{"@type":"Person","@id":"https:\/\/www.altominho.tv\/site\/#\/schema\/person\/d9be4265364723f14ea8e0d56a1d38cd","name":"Andreia Ferreira","image":{"@type":"ImageObject","inLanguage":"pt-PT","@id":"https:\/\/www.altominho.tv\/site\/wp-content\/uploads\/2021\/01\/AndreiaFerreira-150x150.jpg","url":"https:\/\/www.altominho.tv\/site\/wp-content\/uploads\/2021\/01\/AndreiaFerreira-150x150.jpg","contentUrl":"https:\/\/www.altominho.tv\/site\/wp-content\/uploads\/2021\/01\/AndreiaFerreira-150x150.jpg","caption":"Andreia Ferreira"},"url":"https:\/\/www.altominho.tv\/site\/author\/andreiaferreira\/"}]}},"_links":{"self":[{"href":"https:\/\/www.altominho.tv\/site\/wp-json\/wp\/v2\/posts\/75127","targetHints":{"allow":["GET"]}}],"collection":[{"href":"https:\/\/www.altominho.tv\/site\/wp-json\/wp\/v2\/posts"}],"about":[{"href":"https:\/\/www.altominho.tv\/site\/wp-json\/wp\/v2\/types\/post"}],"author":[{"embeddable":true,"href":"https:\/\/www.altominho.tv\/site\/wp-json\/wp\/v2\/users\/12"}],"replies":[{"embeddable":true,"href":"https:\/\/www.altominho.tv\/site\/wp-json\/wp\/v2\/comments?post=75127"}],"version-history":[{"count":0,"href":"https:\/\/www.altominho.tv\/site\/wp-json\/wp\/v2\/posts\/75127\/revisions"}],"wp:featuredmedia":[{"embeddable":true,"href":"https:\/\/www.altominho.tv\/site\/wp-json\/wp\/v2\/media\/58448"}],"wp:attachment":[{"href":"https:\/\/www.altominho.tv\/site\/wp-json\/wp\/v2\/media?parent=75127"}],"wp:term":[{"taxonomy":"category","embeddable":true,"href":"https:\/\/www.altominho.tv\/site\/wp-json\/wp\/v2\/categories?post=75127"},{"taxonomy":"post_tag","embeddable":true,"href":"https:\/\/www.altominho.tv\/site\/wp-json\/wp\/v2\/tags?post=75127"}],"curies":[{"name":"wp","href":"https:\/\/api.w.org\/{rel}","templated":true}]}}