{"id":75096,"date":"2022-01-20T11:09:38","date_gmt":"2022-01-20T11:09:38","guid":{"rendered":"https:\/\/www.altominho.tv\/site\/?p=75096"},"modified":"2022-02-28T10:49:37","modified_gmt":"2022-02-28T10:49:37","slug":"paredes-de-coura-investe-um-milhao-de-euros-na-reabilitacao-da-escola-basica","status":"publish","type":"post","link":"https:\/\/www.altominho.tv\/site\/2022\/01\/20\/paredes-de-coura-investe-um-milhao-de-euros-na-reabilitacao-da-escola-basica\/","title":{"rendered":"Paredes de Coura investe um milh\u00e3o de euros na reabilita\u00e7\u00e3o da Escola B\u00e1sica"},"content":{"rendered":"\n<p>Paredes de Coura vai investir um milh\u00e3o de euros na reabilita\u00e7\u00e3o da Escola B\u00e1sica.<\/p>\n\n\n\n<p>Segundo a autarquia, &#8220;s\u00e3o quase 1 milh\u00e3o de euros, mais precisamente 992 924,03\u20ac, o valor total para a reabilita\u00e7\u00e3o da Escola B\u00e1sica do 1\u00ba Ciclo de Paredes de Coura&#8221;.<\/p>\n\n\n\n<p>A C\u00e2mara considera que este \u00e9 &#8220;um esfor\u00e7o financeiro significativo para transformar o atual equipamento numa escola de cara nova, mais bonita, mais funcional, mais bem apetrechada e com melhores condi\u00e7\u00f5es de seguran\u00e7a, mobilidade e de lazer para que as crian\u00e7as courenses, professores e auxiliares da educa\u00e7\u00e3o continuem a ter muito orgulho numa escola que tem formado sucessivas gera\u00e7\u00f5es de jovens deste concelho do Alto Minho&#8221;.<\/p>\n\n\n\n<p>\u201cInvestir em educa\u00e7\u00e3o \u00e9 investir no futuro de Paredes de Coura. Uma terra boa para viver s\u00f3 \u00e9 poss\u00edvel com boa educa\u00e7\u00e3o, com bons recursos humanos e com bons equipamentos educativos\u201d, recorda Vitor Paulo Pereira, presidente da C\u00e2mara de Paredes de Coura, real\u00e7ando que \u201co projeto teve o cuidado de contemplar espa\u00e7os l\u00fadicos adequados aos alunos&nbsp;e melhores condi\u00e7\u00f5es de seguran\u00e7a e mobilidade. Em Paredes de Coura h\u00e1 um compromisso com a educa\u00e7\u00e3o dos nossos jovens. A educa\u00e7\u00e3o \u00e9 estrat\u00e9gica: forma cidad\u00e3os, aumenta a competitividade do nosso territ\u00f3rio e transforma vidas\u201d, sublinhou.&nbsp;<\/p>\n\n\n\n<p>A reabilita\u00e7\u00e3o da Escola B\u00e1sica do 1\u00ba Ciclo, cuja participa\u00e7\u00e3o do FEDER envolve 688 810,21 \u20ac, faz-se ao abrigo da iniciativa \u201cPrioridade de Investimento: 10.5 &#8211; Investimento no ensino, na forma\u00e7\u00e3o, na forma\u00e7\u00e3o profissional e nas compet\u00eancias e na aprendizagem ao longo da vida&nbsp;atrav\u00e9s do desenvolvimento das infraestruturas de forma\u00e7\u00e3o e ensino\u201d e tem por objetivo, no caso de Paredes de Coura, garantir a equidade no acesso \u00e0 educa\u00e7\u00e3o e contribuir para a melhoria geral das condi\u00e7\u00f5es para a educa\u00e7\u00e3o, incrementando igualmente pela melhoria dos espa\u00e7os exteriores e a capacidade de acolhimento de crian\u00e7as com defici\u00eancia ou incapacidade.<\/p>\n","protected":false},"excerpt":{"rendered":"<p>Paredes de Coura vai investir um milh\u00e3o de euros na reabilita\u00e7\u00e3o da Escola B\u00e1sica. Segundo a autarquia, &#8220;s\u00e3o quase 1 milh\u00e3o de euros, mais precisamente 992 924,03\u20ac, o valor total para a reabilita\u00e7\u00e3o da Escola B\u00e1sica do 1\u00ba Ciclo de Paredes de Coura&#8221;. A C\u00e2mara considera que este \u00e9 &#8220;um esfor\u00e7o financeiro significativo para transformar [&hellip;]<\/p>\n","protected":false},"author":7,"featured_media":75100,"comment_status":"closed","ping_status":"closed","sticky":false,"template":"","format":"standard","meta":{"_exactmetrics_skip_tracking":false,"_exactmetrics_sitenote_active":false,"_exactmetrics_sitenote_note":"","_exactmetrics_sitenote_category":0,"footnotes":""},"categories":[10],"tags":[22],"class_list":["post-75096","post","type-post","status-publish","format-standard","has-post-thumbnail","hentry","category-paredes-de-coura","tag-educacao"],"yoast_head":"<!-- This site is optimized with the Yoast SEO Premium plugin v27.4 (Yoast SEO v27.4) - https:\/\/yoast.com\/product\/yoast-seo-premium-wordpress\/ -->\n<title>Paredes de Coura investe um milh\u00e3o de euros na reabilita\u00e7\u00e3o da Escola B\u00e1sica<\/title>\n<meta name=\"description\" content=\"um esfor\u00e7o financeiro significativo para transformar o atual equipamento numa escola de cara nova, mais bonita e mais funcional.\" \/>\n<meta name=\"robots\" content=\"index, follow, max-snippet:-1, max-image-preview:large, max-video-preview:-1\" \/>\n<link rel=\"canonical\" href=\"https:\/\/www.altominho.tv\/site\/2022\/01\/20\/paredes-de-coura-investe-um-milhao-de-euros-na-reabilitacao-da-escola-basica\/\" \/>\n<meta property=\"og:locale\" content=\"pt_PT\" \/>\n<meta property=\"og:type\" content=\"article\" \/>\n<meta property=\"og:title\" content=\"Paredes de Coura investe um milh\u00e3o de euros na reabilita\u00e7\u00e3o da Escola B\u00e1sica\" \/>\n<meta property=\"og:description\" content=\"um esfor\u00e7o financeiro significativo para transformar o atual equipamento numa escola de cara nova, mais bonita e mais funcional.\" \/>\n<meta property=\"og:url\" content=\"https:\/\/www.altominho.tv\/site\/2022\/01\/20\/paredes-de-coura-investe-um-milhao-de-euros-na-reabilitacao-da-escola-basica\/\" \/>\n<meta property=\"og:site_name\" content=\"Altominho.tv\" \/>\n<meta property=\"article:publisher\" content=\"https:\/\/www.facebook.com\/altominhotv\" \/>\n<meta property=\"article:published_time\" content=\"2022-01-20T11:09:38+00:00\" \/>\n<meta property=\"article:modified_time\" content=\"2022-02-28T10:49:37+00:00\" \/>\n<meta property=\"og:image\" content=\"https:\/\/www.altominho.tv\/site\/wp-content\/uploads\/2022\/01\/Escola-Basica-PDCoura-scaled.jpg\" \/>\n\t<meta property=\"og:image:width\" content=\"2560\" \/>\n\t<meta property=\"og:image:height\" content=\"1704\" \/>\n\t<meta property=\"og:image:type\" content=\"image\/jpeg\" \/>\n<meta name=\"author\" content=\"Andreia Cunha\" \/>\n<meta name=\"twitter:card\" content=\"summary_large_image\" \/>\n<meta name=\"twitter:creator\" content=\"@altominhoTV\" \/>\n<meta name=\"twitter:site\" content=\"@altominhoTV\" \/>\n<meta name=\"twitter:label1\" content=\"Escrito por\" \/>\n\t<meta name=\"twitter:data1\" content=\"Andreia Cunha\" \/>\n\t<meta name=\"twitter:label2\" content=\"Tempo estimado de leitura\" \/>\n\t<meta name=\"twitter:data2\" content=\"2 minutos\" \/>\n<script type=\"application\/ld+json\" class=\"yoast-schema-graph\">{\"@context\":\"https:\\\/\\\/schema.org\",\"@graph\":[{\"@type\":\"Article\",\"@id\":\"https:\\\/\\\/www.altominho.tv\\\/site\\\/2022\\\/01\\\/20\\\/paredes-de-coura-investe-um-milhao-de-euros-na-reabilitacao-da-escola-basica\\\/#article\",\"isPartOf\":{\"@id\":\"https:\\\/\\\/www.altominho.tv\\\/site\\\/2022\\\/01\\\/20\\\/paredes-de-coura-investe-um-milhao-de-euros-na-reabilitacao-da-escola-basica\\\/\"},\"author\":{\"name\":\"Andreia Cunha\",\"@id\":\"https:\\\/\\\/www.altominho.tv\\\/site\\\/#\\\/schema\\\/person\\\/a0e4ef6d041f98ca284393d8f1d97153\"},\"headline\":\"Paredes de Coura investe um milh\u00e3o de euros na reabilita\u00e7\u00e3o da Escola B\u00e1sica\",\"datePublished\":\"2022-01-20T11:09:38+00:00\",\"dateModified\":\"2022-02-28T10:49:37+00:00\",\"mainEntityOfPage\":{\"@id\":\"https:\\\/\\\/www.altominho.tv\\\/site\\\/2022\\\/01\\\/20\\\/paredes-de-coura-investe-um-milhao-de-euros-na-reabilitacao-da-escola-basica\\\/\"},\"wordCount\":347,\"image\":{\"@id\":\"https:\\\/\\\/www.altominho.tv\\\/site\\\/2022\\\/01\\\/20\\\/paredes-de-coura-investe-um-milhao-de-euros-na-reabilitacao-da-escola-basica\\\/#primaryimage\"},\"thumbnailUrl\":\"https:\\\/\\\/www.altominho.tv\\\/site\\\/wp-content\\\/uploads\\\/2022\\\/01\\\/Escola-Basica-PDCoura-scaled.jpg\",\"keywords\":[\"Educa\u00e7\u00e3o\"],\"articleSection\":[\"Paredes de Coura\"],\"inLanguage\":\"pt-PT\",\"copyrightYear\":\"2022\",\"copyrightHolder\":{\"@id\":\"https:\\\/\\\/www.altominho.tv\\\/site\\\/#organization\"}},{\"@type\":\"WebPage\",\"@id\":\"https:\\\/\\\/www.altominho.tv\\\/site\\\/2022\\\/01\\\/20\\\/paredes-de-coura-investe-um-milhao-de-euros-na-reabilitacao-da-escola-basica\\\/\",\"url\":\"https:\\\/\\\/www.altominho.tv\\\/site\\\/2022\\\/01\\\/20\\\/paredes-de-coura-investe-um-milhao-de-euros-na-reabilitacao-da-escola-basica\\\/\",\"name\":\"Paredes de Coura investe um milh\u00e3o de euros na reabilita\u00e7\u00e3o da Escola B\u00e1sica\",\"isPartOf\":{\"@id\":\"https:\\\/\\\/www.altominho.tv\\\/site\\\/#website\"},\"primaryImageOfPage\":{\"@id\":\"https:\\\/\\\/www.altominho.tv\\\/site\\\/2022\\\/01\\\/20\\\/paredes-de-coura-investe-um-milhao-de-euros-na-reabilitacao-da-escola-basica\\\/#primaryimage\"},\"image\":{\"@id\":\"https:\\\/\\\/www.altominho.tv\\\/site\\\/2022\\\/01\\\/20\\\/paredes-de-coura-investe-um-milhao-de-euros-na-reabilitacao-da-escola-basica\\\/#primaryimage\"},\"thumbnailUrl\":\"https:\\\/\\\/www.altominho.tv\\\/site\\\/wp-content\\\/uploads\\\/2022\\\/01\\\/Escola-Basica-PDCoura-scaled.jpg\",\"datePublished\":\"2022-01-20T11:09:38+00:00\",\"dateModified\":\"2022-02-28T10:49:37+00:00\",\"author\":{\"@id\":\"https:\\\/\\\/www.altominho.tv\\\/site\\\/#\\\/schema\\\/person\\\/a0e4ef6d041f98ca284393d8f1d97153\"},\"description\":\"um esfor\u00e7o financeiro significativo para transformar o atual equipamento numa escola de cara nova, mais bonita e mais funcional.\",\"breadcrumb\":{\"@id\":\"https:\\\/\\\/www.altominho.tv\\\/site\\\/2022\\\/01\\\/20\\\/paredes-de-coura-investe-um-milhao-de-euros-na-reabilitacao-da-escola-basica\\\/#breadcrumb\"},\"inLanguage\":\"pt-PT\",\"potentialAction\":[{\"@type\":\"ReadAction\",\"target\":[\"https:\\\/\\\/www.altominho.tv\\\/site\\\/2022\\\/01\\\/20\\\/paredes-de-coura-investe-um-milhao-de-euros-na-reabilitacao-da-escola-basica\\\/\"]}]},{\"@type\":\"ImageObject\",\"inLanguage\":\"pt-PT\",\"@id\":\"https:\\\/\\\/www.altominho.tv\\\/site\\\/2022\\\/01\\\/20\\\/paredes-de-coura-investe-um-milhao-de-euros-na-reabilitacao-da-escola-basica\\\/#primaryimage\",\"url\":\"https:\\\/\\\/www.altominho.tv\\\/site\\\/wp-content\\\/uploads\\\/2022\\\/01\\\/Escola-Basica-PDCoura-scaled.jpg\",\"contentUrl\":\"https:\\\/\\\/www.altominho.tv\\\/site\\\/wp-content\\\/uploads\\\/2022\\\/01\\\/Escola-Basica-PDCoura-scaled.jpg\",\"width\":2560,\"height\":1704},{\"@type\":\"BreadcrumbList\",\"@id\":\"https:\\\/\\\/www.altominho.tv\\\/site\\\/2022\\\/01\\\/20\\\/paredes-de-coura-investe-um-milhao-de-euros-na-reabilitacao-da-escola-basica\\\/#breadcrumb\",\"itemListElement\":[{\"@type\":\"ListItem\",\"position\":1,\"name\":\"In\u00edcio\",\"item\":\"https:\\\/\\\/www.altominho.tv\\\/site\\\/\"},{\"@type\":\"ListItem\",\"position\":2,\"name\":\"Paredes de Coura investe um milh\u00e3o de euros na reabilita\u00e7\u00e3o da Escola B\u00e1sica\"}]},{\"@type\":\"WebSite\",\"@id\":\"https:\\\/\\\/www.altominho.tv\\\/site\\\/#website\",\"url\":\"https:\\\/\\\/www.altominho.tv\\\/site\\\/\",\"name\":\"Altominho.tv\",\"description\":\"A sua regi\u00e3o \u00e0 dist\u00e2ncia de um clique...\",\"potentialAction\":[{\"@type\":\"SearchAction\",\"target\":{\"@type\":\"EntryPoint\",\"urlTemplate\":\"https:\\\/\\\/www.altominho.tv\\\/site\\\/?s={search_term_string}\"},\"query-input\":{\"@type\":\"PropertyValueSpecification\",\"valueRequired\":true,\"valueName\":\"search_term_string\"}}],\"inLanguage\":\"pt-PT\"},{\"@type\":\"Person\",\"@id\":\"https:\\\/\\\/www.altominho.tv\\\/site\\\/#\\\/schema\\\/person\\\/a0e4ef6d041f98ca284393d8f1d97153\",\"name\":\"Andreia Cunha\",\"image\":{\"@type\":\"ImageObject\",\"inLanguage\":\"pt-PT\",\"@id\":\"https:\\\/\\\/www.altominho.tv\\\/site\\\/wp-content\\\/uploads\\\/2017\\\/11\\\/Andreia_Cunha-1-150x150.jpg\",\"url\":\"https:\\\/\\\/www.altominho.tv\\\/site\\\/wp-content\\\/uploads\\\/2017\\\/11\\\/Andreia_Cunha-1-150x150.jpg\",\"contentUrl\":\"https:\\\/\\\/www.altominho.tv\\\/site\\\/wp-content\\\/uploads\\\/2017\\\/11\\\/Andreia_Cunha-1-150x150.jpg\",\"caption\":\"Andreia Cunha\"},\"url\":\"https:\\\/\\\/www.altominho.tv\\\/site\\\/author\\\/andreiacunha\\\/\"}]}<\/script>\n<!-- \/ Yoast SEO Premium plugin. -->","yoast_head_json":{"title":"Paredes de Coura investe um milh\u00e3o de euros na reabilita\u00e7\u00e3o da Escola B\u00e1sica","description":"um esfor\u00e7o financeiro significativo para transformar o atual equipamento numa escola de cara nova, mais bonita e mais funcional.","robots":{"index":"index","follow":"follow","max-snippet":"max-snippet:-1","max-image-preview":"max-image-preview:large","max-video-preview":"max-video-preview:-1"},"canonical":"https:\/\/www.altominho.tv\/site\/2022\/01\/20\/paredes-de-coura-investe-um-milhao-de-euros-na-reabilitacao-da-escola-basica\/","og_locale":"pt_PT","og_type":"article","og_title":"Paredes de Coura investe um milh\u00e3o de euros na reabilita\u00e7\u00e3o da Escola B\u00e1sica","og_description":"um esfor\u00e7o financeiro significativo para transformar o atual equipamento numa escola de cara nova, mais bonita e mais funcional.","og_url":"https:\/\/www.altominho.tv\/site\/2022\/01\/20\/paredes-de-coura-investe-um-milhao-de-euros-na-reabilitacao-da-escola-basica\/","og_site_name":"Altominho.tv","article_publisher":"https:\/\/www.facebook.com\/altominhotv","article_published_time":"2022-01-20T11:09:38+00:00","article_modified_time":"2022-02-28T10:49:37+00:00","og_image":[{"width":2560,"height":1704,"url":"https:\/\/www.altominho.tv\/site\/wp-content\/uploads\/2022\/01\/Escola-Basica-PDCoura-scaled.jpg","type":"image\/jpeg"}],"author":"Andreia Cunha","twitter_card":"summary_large_image","twitter_creator":"@altominhoTV","twitter_site":"@altominhoTV","twitter_misc":{"Escrito por":"Andreia Cunha","Tempo estimado de leitura":"2 minutos"},"schema":{"@context":"https:\/\/schema.org","@graph":[{"@type":"Article","@id":"https:\/\/www.altominho.tv\/site\/2022\/01\/20\/paredes-de-coura-investe-um-milhao-de-euros-na-reabilitacao-da-escola-basica\/#article","isPartOf":{"@id":"https:\/\/www.altominho.tv\/site\/2022\/01\/20\/paredes-de-coura-investe-um-milhao-de-euros-na-reabilitacao-da-escola-basica\/"},"author":{"name":"Andreia Cunha","@id":"https:\/\/www.altominho.tv\/site\/#\/schema\/person\/a0e4ef6d041f98ca284393d8f1d97153"},"headline":"Paredes de Coura investe um milh\u00e3o de euros na reabilita\u00e7\u00e3o da Escola B\u00e1sica","datePublished":"2022-01-20T11:09:38+00:00","dateModified":"2022-02-28T10:49:37+00:00","mainEntityOfPage":{"@id":"https:\/\/www.altominho.tv\/site\/2022\/01\/20\/paredes-de-coura-investe-um-milhao-de-euros-na-reabilitacao-da-escola-basica\/"},"wordCount":347,"image":{"@id":"https:\/\/www.altominho.tv\/site\/2022\/01\/20\/paredes-de-coura-investe-um-milhao-de-euros-na-reabilitacao-da-escola-basica\/#primaryimage"},"thumbnailUrl":"https:\/\/www.altominho.tv\/site\/wp-content\/uploads\/2022\/01\/Escola-Basica-PDCoura-scaled.jpg","keywords":["Educa\u00e7\u00e3o"],"articleSection":["Paredes de Coura"],"inLanguage":"pt-PT","copyrightYear":"2022","copyrightHolder":{"@id":"https:\/\/www.altominho.tv\/site\/#organization"}},{"@type":"WebPage","@id":"https:\/\/www.altominho.tv\/site\/2022\/01\/20\/paredes-de-coura-investe-um-milhao-de-euros-na-reabilitacao-da-escola-basica\/","url":"https:\/\/www.altominho.tv\/site\/2022\/01\/20\/paredes-de-coura-investe-um-milhao-de-euros-na-reabilitacao-da-escola-basica\/","name":"Paredes de Coura investe um milh\u00e3o de euros na reabilita\u00e7\u00e3o da Escola B\u00e1sica","isPartOf":{"@id":"https:\/\/www.altominho.tv\/site\/#website"},"primaryImageOfPage":{"@id":"https:\/\/www.altominho.tv\/site\/2022\/01\/20\/paredes-de-coura-investe-um-milhao-de-euros-na-reabilitacao-da-escola-basica\/#primaryimage"},"image":{"@id":"https:\/\/www.altominho.tv\/site\/2022\/01\/20\/paredes-de-coura-investe-um-milhao-de-euros-na-reabilitacao-da-escola-basica\/#primaryimage"},"thumbnailUrl":"https:\/\/www.altominho.tv\/site\/wp-content\/uploads\/2022\/01\/Escola-Basica-PDCoura-scaled.jpg","datePublished":"2022-01-20T11:09:38+00:00","dateModified":"2022-02-28T10:49:37+00:00","author":{"@id":"https:\/\/www.altominho.tv\/site\/#\/schema\/person\/a0e4ef6d041f98ca284393d8f1d97153"},"description":"um esfor\u00e7o financeiro significativo para transformar o atual equipamento numa escola de cara nova, mais bonita e mais funcional.","breadcrumb":{"@id":"https:\/\/www.altominho.tv\/site\/2022\/01\/20\/paredes-de-coura-investe-um-milhao-de-euros-na-reabilitacao-da-escola-basica\/#breadcrumb"},"inLanguage":"pt-PT","potentialAction":[{"@type":"ReadAction","target":["https:\/\/www.altominho.tv\/site\/2022\/01\/20\/paredes-de-coura-investe-um-milhao-de-euros-na-reabilitacao-da-escola-basica\/"]}]},{"@type":"ImageObject","inLanguage":"pt-PT","@id":"https:\/\/www.altominho.tv\/site\/2022\/01\/20\/paredes-de-coura-investe-um-milhao-de-euros-na-reabilitacao-da-escola-basica\/#primaryimage","url":"https:\/\/www.altominho.tv\/site\/wp-content\/uploads\/2022\/01\/Escola-Basica-PDCoura-scaled.jpg","contentUrl":"https:\/\/www.altominho.tv\/site\/wp-content\/uploads\/2022\/01\/Escola-Basica-PDCoura-scaled.jpg","width":2560,"height":1704},{"@type":"BreadcrumbList","@id":"https:\/\/www.altominho.tv\/site\/2022\/01\/20\/paredes-de-coura-investe-um-milhao-de-euros-na-reabilitacao-da-escola-basica\/#breadcrumb","itemListElement":[{"@type":"ListItem","position":1,"name":"In\u00edcio","item":"https:\/\/www.altominho.tv\/site\/"},{"@type":"ListItem","position":2,"name":"Paredes de Coura investe um milh\u00e3o de euros na reabilita\u00e7\u00e3o da Escola B\u00e1sica"}]},{"@type":"WebSite","@id":"https:\/\/www.altominho.tv\/site\/#website","url":"https:\/\/www.altominho.tv\/site\/","name":"Altominho.tv","description":"A sua regi\u00e3o \u00e0 dist\u00e2ncia de um clique...","potentialAction":[{"@type":"SearchAction","target":{"@type":"EntryPoint","urlTemplate":"https:\/\/www.altominho.tv\/site\/?s={search_term_string}"},"query-input":{"@type":"PropertyValueSpecification","valueRequired":true,"valueName":"search_term_string"}}],"inLanguage":"pt-PT"},{"@type":"Person","@id":"https:\/\/www.altominho.tv\/site\/#\/schema\/person\/a0e4ef6d041f98ca284393d8f1d97153","name":"Andreia Cunha","image":{"@type":"ImageObject","inLanguage":"pt-PT","@id":"https:\/\/www.altominho.tv\/site\/wp-content\/uploads\/2017\/11\/Andreia_Cunha-1-150x150.jpg","url":"https:\/\/www.altominho.tv\/site\/wp-content\/uploads\/2017\/11\/Andreia_Cunha-1-150x150.jpg","contentUrl":"https:\/\/www.altominho.tv\/site\/wp-content\/uploads\/2017\/11\/Andreia_Cunha-1-150x150.jpg","caption":"Andreia Cunha"},"url":"https:\/\/www.altominho.tv\/site\/author\/andreiacunha\/"}]}},"_links":{"self":[{"href":"https:\/\/www.altominho.tv\/site\/wp-json\/wp\/v2\/posts\/75096","targetHints":{"allow":["GET"]}}],"collection":[{"href":"https:\/\/www.altominho.tv\/site\/wp-json\/wp\/v2\/posts"}],"about":[{"href":"https:\/\/www.altominho.tv\/site\/wp-json\/wp\/v2\/types\/post"}],"author":[{"embeddable":true,"href":"https:\/\/www.altominho.tv\/site\/wp-json\/wp\/v2\/users\/7"}],"replies":[{"embeddable":true,"href":"https:\/\/www.altominho.tv\/site\/wp-json\/wp\/v2\/comments?post=75096"}],"version-history":[{"count":0,"href":"https:\/\/www.altominho.tv\/site\/wp-json\/wp\/v2\/posts\/75096\/revisions"}],"wp:featuredmedia":[{"embeddable":true,"href":"https:\/\/www.altominho.tv\/site\/wp-json\/wp\/v2\/media\/75100"}],"wp:attachment":[{"href":"https:\/\/www.altominho.tv\/site\/wp-json\/wp\/v2\/media?parent=75096"}],"wp:term":[{"taxonomy":"category","embeddable":true,"href":"https:\/\/www.altominho.tv\/site\/wp-json\/wp\/v2\/categories?post=75096"},{"taxonomy":"post_tag","embeddable":true,"href":"https:\/\/www.altominho.tv\/site\/wp-json\/wp\/v2\/tags?post=75096"}],"curies":[{"name":"wp","href":"https:\/\/api.w.org\/{rel}","templated":true}]}}