{"id":75040,"date":"2022-01-19T10:24:07","date_gmt":"2022-01-19T10:24:07","guid":{"rendered":"https:\/\/www.altominho.tv\/site\/?p=75040"},"modified":"2022-02-28T11:37:37","modified_gmt":"2022-02-28T11:37:37","slug":"sinaletica-centenaria-de-pastores-as-mariolas-guiam-caminheiros-pela-peneda-geres","status":"publish","type":"post","link":"https:\/\/www.altominho.tv\/site\/2022\/01\/19\/sinaletica-centenaria-de-pastores-as-mariolas-guiam-caminheiros-pela-peneda-geres\/","title":{"rendered":"Sinal\u00e9tica centen\u00e1ria de pastores, as mariolas guiam caminheiros pela Peneda-Ger\u00eas"},"content":{"rendered":"<p>As mariolas, constru\u00e7\u00f5es centen\u00e1rias em pedra, em forma de pir\u00e2mide, s\u00e3o sinais deixados na paisagem por pastores, como na Peneda-Ger\u00eas, para sinalizar os carreiros para o gado e que passaram a orientar caminheiros, em trilhos pela montanha.<\/p>\n<p>Estes marcos de sinaliza\u00e7\u00e3o n\u00e3o s\u00e3o exclusivos do Parque Nacional da Peneda Ger\u00eas (PNPG), mas encontram-se aos \u201cmilhares\u201d nos seus 70 mil hectares, \u201cexistindo desde que h\u00e1 ocupa\u00e7\u00e3o do territ\u00f3rio\u201d.<\/p>\n<p>Montadas pelos pastores, as pir\u00e2mides de pedras indicavam o caminho, na \u201cserra alta\u201d quando as condi\u00e7\u00f5es climat\u00e9ricas de apresentavam adversas. Tamb\u00e9m sinalizam o caminho at\u00e9 \u00e0s vezeiras que, por norma, decorrem entre maio e setembro. Uma pr\u00e1tica comunit\u00e1ria de pastoreio, em que cada pastor guarda \u00e0 vez o rebanho de toda a aldeia.<\/p>\n<p>Com o abandono da atividade e o aumento, nos \u00faltimos anos, do turismo de natureza no Parque Nacional da Peneda Geres (PNPG), a \u201csinal\u00e9tica natural\u201d dos pastores, apesar de meios mais modernos de sinaliza\u00e7\u00e3o, continua a ser usada por visitantes, amantes de caminhadas ou em provas desportivas.<\/p>\n<p>Pedra sobre pedra, as mariolas t\u00eam vindo a resistir a ventos e tempestades, mas o desconhecimento de alguns amea\u00e7a a sua verdadeira finalidade.<\/p>\n<p>Dario Lima, pastor de Arcos de Valdevez, nunca precisou de se socorrer dos \u201ccastelinhos\u201d, como chama \u00e0s mariolas. \u201cNunca me desorientei. Conhe\u00e7o bem os montes e dei sempre com o caminho\u201d, atirou.<\/p>\n<p>Com uma &#8220;uma vida inteira&#8221; dedicada \u00e0 cria\u00e7\u00e3o e ao pastoreio de gado pelos montes de Gondoriz, s\u00f3 no ver\u00e3o \u00e9 que Dario leva as cabras e as vacas de ra\u00e7a cachena \u00e0 \u201cserra alta\u201d, no Mezio.<\/p>\n<p>Encontra v\u00e1rias mariolas pelo caminho e muitos visitantes fascinados pelas constru\u00e7\u00f5es rudimentares. \u201cAt\u00e9 tenho visto gente a tirar fotografias \u00e0s mariolas\u201d, adiantou.<br \/>\nJ\u00e1 Manuel Gomes, da Ermida, em Ponte da Barca, perdeu o rumo \u201cuma vez\u201d, por causa do nevoeiro. \u201cTopei uma mariola, e fiquei logo a saber onde estava\u201d, afirmou.<\/p>\n<p>O autarca da aldeia, Francisco Lopes, defensor da cultura local, n\u00e3o poucas vezes oferece-se como volunt\u00e1rio para manter os trilhos transit\u00e1veis e conservar as mariolas.<br \/>\nNa Serra Amarela, \u201ch\u00e1 bastantes, algumas que o tempo destruiu e que as pessoas que t\u00eam o gosto em caminhar reconstru\u00edram\u201d.<\/p>\n<p>Francisco lamentou o aparecimento, junto de ribeiros e lagoas, de novas estruturas de pedras \u201cempilhadas por pessoas que acham piada\u201d.<\/p>\n<p>Na \u00e1rea do PNPG, em zonas onde a cobertura da rede m\u00f3vel \u00e9 fraca, as mariolas desempenham uma \u201cimportante fun\u00e7\u00e3o\u201d na orienta\u00e7\u00e3o de caminheiros e turistas.<\/p>\n<p>\u201c\u00c9 frequente vermos pessoas que acedem a trilhos atrav\u00e9s de aplica\u00e7\u00f5es m\u00f3veis, aventurando-se na serra, sem conhecer o terreno. Muitas vezes, ficam sem rede ou bateria nos telem\u00f3veis, desorientam-se e l\u00e1 vai a equipa de socorro para as resgatar\u201d, disse.<\/p>\n<p>Os marcos centen\u00e1rios s\u00e3o uma ferramenta importante na vida profissional de Cl\u00e1udia Fernandes. A jovem de Arcos de Valdevez tem uma empresa de anima\u00e7\u00e3o tur\u00edstica que orienta muita da sua atividade de lazer pelas mariolas.<\/p>\n<p>Em dias de nevoeiro, ou quando h\u00e1 d\u00favidas no caminho certo, \u201ca mariola \u00e9 um suporte f\u00edsico de grande ajuda e garantia de seguran\u00e7a\u201d.<\/p>\n<p>\u201cH\u00e1 muitos trilhos que est\u00e3o marcados por sinal\u00e9tica pr\u00f3pria, mas muitas vezes vemos mais rapidamente uma mariola do que a marca no terreno que, por vezes, est\u00e1 tapada por vegeta\u00e7\u00e3o\u201d, explicou a empres\u00e1ria.<\/p>\n<p>Cl\u00e1udia Fernandes opera na \u00e1rea do concelho de Arcos de Valdevez integrada no PNPG e aproveita os passeios com visitantes para \u201cinformar e sensibilizar\u201d para a importante finalidade das mariolas.<\/p>\n<p>A guia critica quem, \u201cpor moda\u201d, cria \u201camontoados de pedras\u201d para fotografar e publicar nas redes sociais.<\/p>\n<p>\u201cAl\u00e9m de prejudicarem a orienta\u00e7\u00e3o, os amontoados feitos, desnecessariamente, t\u00eam impacto na biodiversidade. As pedras usadas, quando na sua posi\u00e7\u00e3o natural, serviam de abrigo a pequenas esp\u00e9cies\u201d, alertaram.<\/p>\n<p>O aviso \u00e9 repetido por S\u00f3nia Almeida. A administradora-delegada da Adere\/Peneda-Ger\u00eas (Associa\u00e7\u00e3o de Desenvolvimento de Desenvolvimento Regional) referiu que os \u201camontoados de pedras\u201d t\u00eam vindo a surgir, sobretudo, em zonas mais tur\u00edsticas do parque, como cascatas e lagoas, afetando a fauna e flora desses territ\u00f3rios.<\/p>\n<p>\u201cInfelizmente \u00e9 uma pr\u00e1tica que tem vindo a aumentar, n\u00e3o s\u00f3 em \u00e1reas protegidas, como nas praias. H\u00e1 casos de amontoados de pedras para identifica\u00e7\u00e3o, por exemplo, de espa\u00e7os de medita\u00e7\u00e3o\u201d, criticou.<\/p>\n<p>Criado h\u00e1 51 anos, o PNPG atravessa 22 freguesias, situa-se no extremo noroeste de Portugal, na zona raiana entre Minho, Tr\u00e1s-os-Montes e a Galiza, atravessando os distritos de Braga (Terras de Bouro), Viana do Castelo (Melga\u00e7o, Arcos de Valdevez e Ponte da Barca) e Vila Real (Montalegre), tendo uma \u00e1rea total de 70.290 hectares.<\/p>\n<p>Constitui, juntamente com o Parque Natural da Baixa Limia\/Serra do Xur\u00e9s, na Galiza, o Parque Transfronteiri\u00e7o Ger\u00eas-Xur\u00e9s e, em conjunto com esse parque natural espanhol, integra, desde 2009, a Reserva Mundial da Biosfera.<\/p>\n<p>A modelo de cogest\u00e3o do PNPG, foi iniciada em 2010, entre ICNF, o Fundo Ambiental e a ADERE-Peneda Ger\u00eas, organiza\u00e7\u00e3o que desenvolve a sua atividade nos munic\u00edpios integrantes deste territ\u00f3rio &#8211; Arcos de Valdevez, Melga\u00e7o, Montalegre, Ponte da Barca e Terras de Bouro.<\/p>\n<p>Integra tamb\u00e9m uma institui\u00e7\u00e3o de ensino superior, uma associa\u00e7\u00e3o de defesa do ambiente e outros atores de relev\u00e2ncia local.<\/p>\n","protected":false},"excerpt":{"rendered":"<p>As mariolas, constru\u00e7\u00f5es centen\u00e1rias em pedra, em forma de pir\u00e2mide, s\u00e3o sinais deixados na paisagem por pastores, como na Peneda-Ger\u00eas, para sinalizar os carreiros para o gado e que passaram a orientar caminheiros, em trilhos pela montanha. Estes marcos de sinaliza\u00e7\u00e3o n\u00e3o s\u00e3o exclusivos do Parque Nacional da Peneda Ger\u00eas (PNPG), mas encontram-se aos \u201cmilhares\u201d [&hellip;]<\/p>\n","protected":false},"author":13,"featured_media":75041,"comment_status":"closed","ping_status":"closed","sticky":false,"template":"","format":"standard","meta":{"_exactmetrics_skip_tracking":false,"footnotes":""},"categories":[73],"tags":[19,27],"class_list":["post-75040","post","type-post","status-publish","format-standard","has-post-thumbnail","hentry","category-alto-minho","tag-cultura","tag-sociedade"],"yoast_head":"<!-- This site is optimized with the Yoast SEO Premium plugin v28.3 (Yoast SEO v28.3) - https:\/\/yoast.com\/product\/yoast-seo-premium-wordpress\/ -->\n<title>Sinal\u00e9tica centen\u00e1ria de pastores, as mariolas guiam caminheiros pela Peneda-Ger\u00eas<\/title>\n<meta name=\"description\" content=\"As mariolas, constru\u00e7\u00f5es centen\u00e1rias em pedra, em forma de pir\u00e2mide, s\u00e3o sinais deixados na paisagem por pastores, como na Peneda-Ger\u00eas.\" \/>\n<meta name=\"robots\" content=\"index, follow, max-snippet:-1, max-image-preview:large, max-video-preview:-1\" \/>\n<link rel=\"canonical\" href=\"https:\/\/www.altominho.tv\/site\/2022\/01\/19\/sinaletica-centenaria-de-pastores-as-mariolas-guiam-caminheiros-pela-peneda-geres\/\" \/>\n<meta property=\"og:locale\" content=\"pt_PT\" \/>\n<meta property=\"og:type\" content=\"article\" \/>\n<meta property=\"og:title\" content=\"Sinal\u00e9tica centen\u00e1ria de pastores, as mariolas guiam caminheiros pela Peneda-Ger\u00eas\" \/>\n<meta property=\"og:description\" content=\"As mariolas, constru\u00e7\u00f5es centen\u00e1rias em pedra, em forma de pir\u00e2mide, s\u00e3o sinais deixados na paisagem por pastores, como na Peneda-Ger\u00eas.\" \/>\n<meta property=\"og:url\" content=\"https:\/\/www.altominho.tv\/site\/2022\/01\/19\/sinaletica-centenaria-de-pastores-as-mariolas-guiam-caminheiros-pela-peneda-geres\/\" \/>\n<meta property=\"og:site_name\" content=\"Altominho.tv\" \/>\n<meta property=\"article:publisher\" content=\"https:\/\/www.facebook.com\/altominhotv\" \/>\n<meta property=\"article:published_time\" content=\"2022-01-19T10:24:07+00:00\" \/>\n<meta property=\"article:modified_time\" content=\"2022-02-28T11:37:37+00:00\" \/>\n<meta property=\"og:image\" content=\"https:\/\/www.altominho.tv\/site\/wp-content\/uploads\/2022\/01\/Mariola-soajo.jpg\" \/>\n\t<meta property=\"og:image:width\" content=\"2556\" \/>\n\t<meta property=\"og:image:height\" content=\"1432\" \/>\n\t<meta property=\"og:image:type\" content=\"image\/jpeg\" \/>\n<meta name=\"author\" content=\"Lusa\" \/>\n<meta name=\"twitter:card\" content=\"summary_large_image\" \/>\n<meta name=\"twitter:creator\" content=\"@altominhoTV\" \/>\n<meta name=\"twitter:site\" content=\"@altominhoTV\" \/>\n<meta name=\"twitter:label1\" content=\"Escrito por\" \/>\n\t<meta name=\"twitter:data1\" content=\"Lusa\" \/>\n\t<meta name=\"twitter:label2\" content=\"Tempo estimado de leitura\" \/>\n\t<meta name=\"twitter:data2\" content=\"5 minutos\" \/>\n<script type=\"application\/ld+json\" class=\"yoast-schema-graph\">{\"@context\":\"https:\\\/\\\/schema.org\",\"@graph\":[{\"@type\":\"Article\",\"@id\":\"https:\\\/\\\/www.altominho.tv\\\/site\\\/2022\\\/01\\\/19\\\/sinaletica-centenaria-de-pastores-as-mariolas-guiam-caminheiros-pela-peneda-geres\\\/#article\",\"isPartOf\":{\"@id\":\"https:\\\/\\\/www.altominho.tv\\\/site\\\/2022\\\/01\\\/19\\\/sinaletica-centenaria-de-pastores-as-mariolas-guiam-caminheiros-pela-peneda-geres\\\/\"},\"author\":{\"name\":\"Lusa\",\"@id\":\"https:\\\/\\\/www.altominho.tv\\\/site\\\/#\\\/schema\\\/person\\\/63f693da3e1899361cbe955c46f3232e\"},\"headline\":\"Sinal\u00e9tica centen\u00e1ria de pastores, as mariolas guiam caminheiros pela Peneda-Ger\u00eas\",\"datePublished\":\"2022-01-19T10:24:07+00:00\",\"dateModified\":\"2022-02-28T11:37:37+00:00\",\"mainEntityOfPage\":{\"@id\":\"https:\\\/\\\/www.altominho.tv\\\/site\\\/2022\\\/01\\\/19\\\/sinaletica-centenaria-de-pastores-as-mariolas-guiam-caminheiros-pela-peneda-geres\\\/\"},\"wordCount\":920,\"image\":{\"@id\":\"https:\\\/\\\/www.altominho.tv\\\/site\\\/2022\\\/01\\\/19\\\/sinaletica-centenaria-de-pastores-as-mariolas-guiam-caminheiros-pela-peneda-geres\\\/#primaryimage\"},\"thumbnailUrl\":\"https:\\\/\\\/www.altominho.tv\\\/site\\\/wp-content\\\/uploads\\\/2022\\\/01\\\/Mariola-soajo.jpg\",\"keywords\":[\"Cultura\",\"Sociedade\"],\"articleSection\":[\"Alto Minho\"],\"inLanguage\":\"pt-PT\",\"copyrightYear\":\"2022\",\"copyrightHolder\":{\"@id\":\"https:\\\/\\\/www.altominho.tv\\\/site\\\/#organization\"}},{\"@type\":\"WebPage\",\"@id\":\"https:\\\/\\\/www.altominho.tv\\\/site\\\/2022\\\/01\\\/19\\\/sinaletica-centenaria-de-pastores-as-mariolas-guiam-caminheiros-pela-peneda-geres\\\/\",\"url\":\"https:\\\/\\\/www.altominho.tv\\\/site\\\/2022\\\/01\\\/19\\\/sinaletica-centenaria-de-pastores-as-mariolas-guiam-caminheiros-pela-peneda-geres\\\/\",\"name\":\"Sinal\u00e9tica centen\u00e1ria de pastores, as mariolas guiam caminheiros pela Peneda-Ger\u00eas\",\"isPartOf\":{\"@id\":\"https:\\\/\\\/www.altominho.tv\\\/site\\\/#website\"},\"primaryImageOfPage\":{\"@id\":\"https:\\\/\\\/www.altominho.tv\\\/site\\\/2022\\\/01\\\/19\\\/sinaletica-centenaria-de-pastores-as-mariolas-guiam-caminheiros-pela-peneda-geres\\\/#primaryimage\"},\"image\":{\"@id\":\"https:\\\/\\\/www.altominho.tv\\\/site\\\/2022\\\/01\\\/19\\\/sinaletica-centenaria-de-pastores-as-mariolas-guiam-caminheiros-pela-peneda-geres\\\/#primaryimage\"},\"thumbnailUrl\":\"https:\\\/\\\/www.altominho.tv\\\/site\\\/wp-content\\\/uploads\\\/2022\\\/01\\\/Mariola-soajo.jpg\",\"datePublished\":\"2022-01-19T10:24:07+00:00\",\"dateModified\":\"2022-02-28T11:37:37+00:00\",\"author\":{\"@id\":\"https:\\\/\\\/www.altominho.tv\\\/site\\\/#\\\/schema\\\/person\\\/63f693da3e1899361cbe955c46f3232e\"},\"description\":\"As mariolas, constru\u00e7\u00f5es centen\u00e1rias em pedra, em forma de pir\u00e2mide, s\u00e3o sinais deixados na paisagem por pastores, como na Peneda-Ger\u00eas.\",\"breadcrumb\":{\"@id\":\"https:\\\/\\\/www.altominho.tv\\\/site\\\/2022\\\/01\\\/19\\\/sinaletica-centenaria-de-pastores-as-mariolas-guiam-caminheiros-pela-peneda-geres\\\/#breadcrumb\"},\"inLanguage\":\"pt-PT\",\"potentialAction\":[{\"@type\":\"ReadAction\",\"target\":[\"https:\\\/\\\/www.altominho.tv\\\/site\\\/2022\\\/01\\\/19\\\/sinaletica-centenaria-de-pastores-as-mariolas-guiam-caminheiros-pela-peneda-geres\\\/\"]}]},{\"@type\":\"ImageObject\",\"inLanguage\":\"pt-PT\",\"@id\":\"https:\\\/\\\/www.altominho.tv\\\/site\\\/2022\\\/01\\\/19\\\/sinaletica-centenaria-de-pastores-as-mariolas-guiam-caminheiros-pela-peneda-geres\\\/#primaryimage\",\"url\":\"https:\\\/\\\/www.altominho.tv\\\/site\\\/wp-content\\\/uploads\\\/2022\\\/01\\\/Mariola-soajo.jpg\",\"contentUrl\":\"https:\\\/\\\/www.altominho.tv\\\/site\\\/wp-content\\\/uploads\\\/2022\\\/01\\\/Mariola-soajo.jpg\",\"width\":2556,\"height\":1432},{\"@type\":\"BreadcrumbList\",\"@id\":\"https:\\\/\\\/www.altominho.tv\\\/site\\\/2022\\\/01\\\/19\\\/sinaletica-centenaria-de-pastores-as-mariolas-guiam-caminheiros-pela-peneda-geres\\\/#breadcrumb\",\"itemListElement\":[{\"@type\":\"ListItem\",\"position\":1,\"name\":\"In\u00edcio\",\"item\":\"https:\\\/\\\/www.altominho.tv\\\/site\\\/\"},{\"@type\":\"ListItem\",\"position\":2,\"name\":\"Sinal\u00e9tica centen\u00e1ria de pastores, as mariolas guiam caminheiros pela Peneda-Ger\u00eas\"}]},{\"@type\":\"WebSite\",\"@id\":\"https:\\\/\\\/www.altominho.tv\\\/site\\\/#website\",\"url\":\"https:\\\/\\\/www.altominho.tv\\\/site\\\/\",\"name\":\"Altominho.tv\",\"description\":\"A sua regi\u00e3o \u00e0 dist\u00e2ncia de um clique...\",\"potentialAction\":[{\"@type\":\"SearchAction\",\"target\":{\"@type\":\"EntryPoint\",\"urlTemplate\":\"https:\\\/\\\/www.altominho.tv\\\/site\\\/?s={search_term_string}\"},\"query-input\":{\"@type\":\"PropertyValueSpecification\",\"valueRequired\":true,\"valueName\":\"search_term_string\"}}],\"inLanguage\":\"pt-PT\"},{\"@type\":\"Person\",\"@id\":\"https:\\\/\\\/www.altominho.tv\\\/site\\\/#\\\/schema\\\/person\\\/63f693da3e1899361cbe955c46f3232e\",\"name\":\"Lusa\",\"image\":{\"@type\":\"ImageObject\",\"inLanguage\":\"pt-PT\",\"@id\":\"https:\\\/\\\/www.altominho.tv\\\/site\\\/wp-content\\\/uploads\\\/2019\\\/08\\\/LUSA_Logo.gif\",\"url\":\"https:\\\/\\\/www.altominho.tv\\\/site\\\/wp-content\\\/uploads\\\/2019\\\/08\\\/LUSA_Logo.gif\",\"contentUrl\":\"https:\\\/\\\/www.altominho.tv\\\/site\\\/wp-content\\\/uploads\\\/2019\\\/08\\\/LUSA_Logo.gif\",\"caption\":\"Lusa\"},\"sameAs\":[\"http:\\\/\\\/\\\/\\\/www.altominho.tv\\\/site\"],\"url\":\"https:\\\/\\\/www.altominho.tv\\\/site\\\/author\\\/lusa\\\/\"}]}<\/script>\n<!-- \/ Yoast SEO Premium plugin. -->","yoast_head_json":{"title":"Sinal\u00e9tica centen\u00e1ria de pastores, as mariolas guiam caminheiros pela Peneda-Ger\u00eas","description":"As mariolas, constru\u00e7\u00f5es centen\u00e1rias em pedra, em forma de pir\u00e2mide, s\u00e3o sinais deixados na paisagem por pastores, como na Peneda-Ger\u00eas.","robots":{"index":"index","follow":"follow","max-snippet":"max-snippet:-1","max-image-preview":"max-image-preview:large","max-video-preview":"max-video-preview:-1"},"canonical":"https:\/\/www.altominho.tv\/site\/2022\/01\/19\/sinaletica-centenaria-de-pastores-as-mariolas-guiam-caminheiros-pela-peneda-geres\/","og_locale":"pt_PT","og_type":"article","og_title":"Sinal\u00e9tica centen\u00e1ria de pastores, as mariolas guiam caminheiros pela Peneda-Ger\u00eas","og_description":"As mariolas, constru\u00e7\u00f5es centen\u00e1rias em pedra, em forma de pir\u00e2mide, s\u00e3o sinais deixados na paisagem por pastores, como na Peneda-Ger\u00eas.","og_url":"https:\/\/www.altominho.tv\/site\/2022\/01\/19\/sinaletica-centenaria-de-pastores-as-mariolas-guiam-caminheiros-pela-peneda-geres\/","og_site_name":"Altominho.tv","article_publisher":"https:\/\/www.facebook.com\/altominhotv","article_published_time":"2022-01-19T10:24:07+00:00","article_modified_time":"2022-02-28T11:37:37+00:00","og_image":[{"width":2556,"height":1432,"url":"https:\/\/www.altominho.tv\/site\/wp-content\/uploads\/2022\/01\/Mariola-soajo.jpg","type":"image\/jpeg"}],"author":"Lusa","twitter_card":"summary_large_image","twitter_creator":"@altominhoTV","twitter_site":"@altominhoTV","twitter_misc":{"Escrito por":"Lusa","Tempo estimado de leitura":"5 minutos"},"schema":{"@context":"https:\/\/schema.org","@graph":[{"@type":"Article","@id":"https:\/\/www.altominho.tv\/site\/2022\/01\/19\/sinaletica-centenaria-de-pastores-as-mariolas-guiam-caminheiros-pela-peneda-geres\/#article","isPartOf":{"@id":"https:\/\/www.altominho.tv\/site\/2022\/01\/19\/sinaletica-centenaria-de-pastores-as-mariolas-guiam-caminheiros-pela-peneda-geres\/"},"author":{"name":"Lusa","@id":"https:\/\/www.altominho.tv\/site\/#\/schema\/person\/63f693da3e1899361cbe955c46f3232e"},"headline":"Sinal\u00e9tica centen\u00e1ria de pastores, as mariolas guiam caminheiros pela Peneda-Ger\u00eas","datePublished":"2022-01-19T10:24:07+00:00","dateModified":"2022-02-28T11:37:37+00:00","mainEntityOfPage":{"@id":"https:\/\/www.altominho.tv\/site\/2022\/01\/19\/sinaletica-centenaria-de-pastores-as-mariolas-guiam-caminheiros-pela-peneda-geres\/"},"wordCount":920,"image":{"@id":"https:\/\/www.altominho.tv\/site\/2022\/01\/19\/sinaletica-centenaria-de-pastores-as-mariolas-guiam-caminheiros-pela-peneda-geres\/#primaryimage"},"thumbnailUrl":"https:\/\/www.altominho.tv\/site\/wp-content\/uploads\/2022\/01\/Mariola-soajo.jpg","keywords":["Cultura","Sociedade"],"articleSection":["Alto Minho"],"inLanguage":"pt-PT","copyrightYear":"2022","copyrightHolder":{"@id":"https:\/\/www.altominho.tv\/site\/#organization"}},{"@type":"WebPage","@id":"https:\/\/www.altominho.tv\/site\/2022\/01\/19\/sinaletica-centenaria-de-pastores-as-mariolas-guiam-caminheiros-pela-peneda-geres\/","url":"https:\/\/www.altominho.tv\/site\/2022\/01\/19\/sinaletica-centenaria-de-pastores-as-mariolas-guiam-caminheiros-pela-peneda-geres\/","name":"Sinal\u00e9tica centen\u00e1ria de pastores, as mariolas guiam caminheiros pela Peneda-Ger\u00eas","isPartOf":{"@id":"https:\/\/www.altominho.tv\/site\/#website"},"primaryImageOfPage":{"@id":"https:\/\/www.altominho.tv\/site\/2022\/01\/19\/sinaletica-centenaria-de-pastores-as-mariolas-guiam-caminheiros-pela-peneda-geres\/#primaryimage"},"image":{"@id":"https:\/\/www.altominho.tv\/site\/2022\/01\/19\/sinaletica-centenaria-de-pastores-as-mariolas-guiam-caminheiros-pela-peneda-geres\/#primaryimage"},"thumbnailUrl":"https:\/\/www.altominho.tv\/site\/wp-content\/uploads\/2022\/01\/Mariola-soajo.jpg","datePublished":"2022-01-19T10:24:07+00:00","dateModified":"2022-02-28T11:37:37+00:00","author":{"@id":"https:\/\/www.altominho.tv\/site\/#\/schema\/person\/63f693da3e1899361cbe955c46f3232e"},"description":"As mariolas, constru\u00e7\u00f5es centen\u00e1rias em pedra, em forma de pir\u00e2mide, s\u00e3o sinais deixados na paisagem por pastores, como na Peneda-Ger\u00eas.","breadcrumb":{"@id":"https:\/\/www.altominho.tv\/site\/2022\/01\/19\/sinaletica-centenaria-de-pastores-as-mariolas-guiam-caminheiros-pela-peneda-geres\/#breadcrumb"},"inLanguage":"pt-PT","potentialAction":[{"@type":"ReadAction","target":["https:\/\/www.altominho.tv\/site\/2022\/01\/19\/sinaletica-centenaria-de-pastores-as-mariolas-guiam-caminheiros-pela-peneda-geres\/"]}]},{"@type":"ImageObject","inLanguage":"pt-PT","@id":"https:\/\/www.altominho.tv\/site\/2022\/01\/19\/sinaletica-centenaria-de-pastores-as-mariolas-guiam-caminheiros-pela-peneda-geres\/#primaryimage","url":"https:\/\/www.altominho.tv\/site\/wp-content\/uploads\/2022\/01\/Mariola-soajo.jpg","contentUrl":"https:\/\/www.altominho.tv\/site\/wp-content\/uploads\/2022\/01\/Mariola-soajo.jpg","width":2556,"height":1432},{"@type":"BreadcrumbList","@id":"https:\/\/www.altominho.tv\/site\/2022\/01\/19\/sinaletica-centenaria-de-pastores-as-mariolas-guiam-caminheiros-pela-peneda-geres\/#breadcrumb","itemListElement":[{"@type":"ListItem","position":1,"name":"In\u00edcio","item":"https:\/\/www.altominho.tv\/site\/"},{"@type":"ListItem","position":2,"name":"Sinal\u00e9tica centen\u00e1ria de pastores, as mariolas guiam caminheiros pela Peneda-Ger\u00eas"}]},{"@type":"WebSite","@id":"https:\/\/www.altominho.tv\/site\/#website","url":"https:\/\/www.altominho.tv\/site\/","name":"Altominho.tv","description":"A sua regi\u00e3o \u00e0 dist\u00e2ncia de um clique...","potentialAction":[{"@type":"SearchAction","target":{"@type":"EntryPoint","urlTemplate":"https:\/\/www.altominho.tv\/site\/?s={search_term_string}"},"query-input":{"@type":"PropertyValueSpecification","valueRequired":true,"valueName":"search_term_string"}}],"inLanguage":"pt-PT"},{"@type":"Person","@id":"https:\/\/www.altominho.tv\/site\/#\/schema\/person\/63f693da3e1899361cbe955c46f3232e","name":"Lusa","image":{"@type":"ImageObject","inLanguage":"pt-PT","@id":"https:\/\/www.altominho.tv\/site\/wp-content\/uploads\/2019\/08\/LUSA_Logo.gif","url":"https:\/\/www.altominho.tv\/site\/wp-content\/uploads\/2019\/08\/LUSA_Logo.gif","contentUrl":"https:\/\/www.altominho.tv\/site\/wp-content\/uploads\/2019\/08\/LUSA_Logo.gif","caption":"Lusa"},"sameAs":["http:\/\/\/\/www.altominho.tv\/site"],"url":"https:\/\/www.altominho.tv\/site\/author\/lusa\/"}]}},"_links":{"self":[{"href":"https:\/\/www.altominho.tv\/site\/wp-json\/wp\/v2\/posts\/75040","targetHints":{"allow":["GET"]}}],"collection":[{"href":"https:\/\/www.altominho.tv\/site\/wp-json\/wp\/v2\/posts"}],"about":[{"href":"https:\/\/www.altominho.tv\/site\/wp-json\/wp\/v2\/types\/post"}],"author":[{"embeddable":true,"href":"https:\/\/www.altominho.tv\/site\/wp-json\/wp\/v2\/users\/13"}],"replies":[{"embeddable":true,"href":"https:\/\/www.altominho.tv\/site\/wp-json\/wp\/v2\/comments?post=75040"}],"version-history":[{"count":0,"href":"https:\/\/www.altominho.tv\/site\/wp-json\/wp\/v2\/posts\/75040\/revisions"}],"wp:featuredmedia":[{"embeddable":true,"href":"https:\/\/www.altominho.tv\/site\/wp-json\/wp\/v2\/media\/75041"}],"wp:attachment":[{"href":"https:\/\/www.altominho.tv\/site\/wp-json\/wp\/v2\/media?parent=75040"}],"wp:term":[{"taxonomy":"category","embeddable":true,"href":"https:\/\/www.altominho.tv\/site\/wp-json\/wp\/v2\/categories?post=75040"},{"taxonomy":"post_tag","embeddable":true,"href":"https:\/\/www.altominho.tv\/site\/wp-json\/wp\/v2\/tags?post=75040"}],"curies":[{"name":"wp","href":"https:\/\/api.w.org\/{rel}","templated":true}]}}