{"id":75010,"date":"2022-01-18T13:36:05","date_gmt":"2022-01-18T13:36:05","guid":{"rendered":"https:\/\/www.altominho.tv\/site\/?p=75010"},"modified":"2022-02-25T15:53:04","modified_gmt":"2022-02-25T15:53:04","slug":"testagem-de-alunos-das-escolas-publicas-arranca-hoje","status":"publish","type":"post","link":"https:\/\/www.altominho.tv\/site\/2022\/01\/18\/testagem-de-alunos-das-escolas-publicas-arranca-hoje\/","title":{"rendered":"Testagem de alunos das escolas p\u00fablicas arranca hoje"},"content":{"rendered":"\n<p>Cerca de um milh\u00e3o de estudantes das escolas p\u00fablicas de todo o pa\u00eds v\u00e3o poder ser testados a partir de hoje atrav\u00e9s de um acordo entre os diretores escolares e as farm\u00e1cias<\/p>\n\n\n\n<p>A decis\u00e3o foi avan\u00e7ada \u00e0 Lusa na semana passada pelo presidente da Associa\u00e7\u00e3o Nacional de Diretores de Agrupamentos e Escolas P\u00fablicas (ANDAEP), Filinto Lima, que explicou que este projeto resultava de um protocolo entre a ANDAEP e a Associa\u00e7\u00e3o Nacional das Farm\u00e1cias (ANF).<\/p>\n\n\n\n<p>\u201cA iniciativa de testagem covid-19 arranca hoje\u201d, anunciam as duas entidades num comunicado conjunto enviado hoje para as reda\u00e7\u00f5es, explicando que o objetivo \u00e9 \u201cgarantir a seguran\u00e7a dos alunos durante o novo per\u00edodo letivo\u201d.<\/p>\n\n\n\n<p>Depois da pausa letiva do Natal, as aulas presenciais recome\u00e7aram uma semana mais tarde devido \u00e0 evolu\u00e7\u00e3o da pandemia de covid-19, altura em que come\u00e7ou tamb\u00e9m uma nova campanha de testagem \u00e0 covid-19 de docentes e pessoal n\u00e3o docente nas escolas de todo o pa\u00eds.<\/p>\n\n\n\n<p>Neste processo de testagem os alunos ficaram de fora, por decis\u00e3o da Dire\u00e7\u00e3o-Geral da Sa\u00fade. A Lusa questionou a DGS sobre os motivos da medida, mas n\u00e3o obteve qualquer resposta.<\/p>\n\n\n\n<p>O programa agora organizado pela ANF e ANDAEP prev\u00ea que o servi\u00e7o de testagem seja articulado localmente entre cada escola e as farm\u00e1cias de proximidade, podendo a testagem ser realizada nas instala\u00e7\u00f5es da farm\u00e1cia ou da escola.<\/p>\n\n\n\n<p>Para o presidente da ANDAEP, a iniciativa \u201cvai permitir que os alunos possam ser todos testados a custo zero para as fam\u00edlias e para as escolas\u201d.<\/p>\n\n\n\n<p>Filinto Lima acrescentou ainda que \u201cos diretores n\u00e3o baixar\u00e3o a guarda de exig\u00eancia relativamente ao cumprimento das regras e observa\u00e7\u00e3o das normas implementadas nas escolas p\u00fablicas\u201d.<\/p>\n\n\n\n<p>Tamb\u00e9m a ANF sublinhou que a medida vai permitir estender a testagem aos estudantes do ensino p\u00fablico de todo o pa\u00eds: \u201cTrata-se de um programa flex\u00edvel, porque ser\u00e1 ajust\u00e1vel \u00e0 realidade de cada localidade e concelho\u201d, sublinhou a presidente da ANF, Ema Paulino.<\/p>\n","protected":false},"excerpt":{"rendered":"<p>Cerca de um milh\u00e3o de estudantes das escolas p\u00fablicas de todo o pa\u00eds v\u00e3o poder ser testados a partir de hoje atrav\u00e9s de um acordo entre os diretores escolares e as farm\u00e1cias A decis\u00e3o foi avan\u00e7ada \u00e0 Lusa na semana passada pelo presidente da Associa\u00e7\u00e3o Nacional de Diretores de Agrupamentos e Escolas P\u00fablicas (ANDAEP), Filinto [&hellip;]<\/p>\n","protected":false},"author":13,"featured_media":75011,"comment_status":"closed","ping_status":"closed","sticky":false,"template":"","format":"standard","meta":{"_exactmetrics_skip_tracking":false,"_exactmetrics_sitenote_active":false,"_exactmetrics_sitenote_note":"","_exactmetrics_sitenote_category":0,"footnotes":""},"categories":[56325],"tags":[22,26,27],"class_list":["post-75010","post","type-post","status-publish","format-standard","has-post-thumbnail","hentry","category-pais","tag-educacao","tag-saude","tag-sociedade"],"yoast_head":"<!-- This site is optimized with the Yoast SEO Premium plugin v27.5 (Yoast SEO v27.5) - https:\/\/yoast.com\/product\/yoast-seo-premium-wordpress\/ -->\n<title>Testagem de alunos das escolas p\u00fablicas arranca hoje<\/title>\n<meta name=\"description\" content=\"estudantes das escolas p\u00fablicas de todo o pa\u00eds v\u00e3o poder ser testados atrav\u00e9s de um acordo entre os diretores escolares.\" \/>\n<meta name=\"robots\" content=\"index, follow, max-snippet:-1, max-image-preview:large, max-video-preview:-1\" \/>\n<link rel=\"canonical\" href=\"https:\/\/www.altominho.tv\/site\/2022\/01\/18\/testagem-de-alunos-das-escolas-publicas-arranca-hoje\/\" \/>\n<meta property=\"og:locale\" content=\"pt_PT\" \/>\n<meta property=\"og:type\" content=\"article\" \/>\n<meta property=\"og:title\" content=\"Testagem de alunos das escolas p\u00fablicas arranca hoje\" \/>\n<meta property=\"og:description\" content=\"estudantes das escolas p\u00fablicas de todo o pa\u00eds v\u00e3o poder ser testados atrav\u00e9s de um acordo entre os diretores escolares.\" \/>\n<meta property=\"og:url\" content=\"https:\/\/www.altominho.tv\/site\/2022\/01\/18\/testagem-de-alunos-das-escolas-publicas-arranca-hoje\/\" \/>\n<meta property=\"og:site_name\" content=\"Altominho.tv\" \/>\n<meta property=\"article:publisher\" content=\"https:\/\/www.facebook.com\/altominhotv\" \/>\n<meta property=\"article:published_time\" content=\"2022-01-18T13:36:05+00:00\" \/>\n<meta property=\"article:modified_time\" content=\"2022-02-25T15:53:04+00:00\" \/>\n<meta property=\"og:image\" content=\"https:\/\/www.altominho.tv\/site\/wp-content\/uploads\/2022\/01\/Captura-de-ecra\u0303-2022-01-18-a\u0300s-13.29.31.jpg\" \/>\n\t<meta property=\"og:image:width\" content=\"1500\" \/>\n\t<meta property=\"og:image:height\" content=\"900\" \/>\n\t<meta property=\"og:image:type\" content=\"image\/jpeg\" \/>\n<meta name=\"author\" content=\"Lusa\" \/>\n<meta name=\"twitter:card\" content=\"summary_large_image\" \/>\n<meta name=\"twitter:creator\" content=\"@altominhoTV\" \/>\n<meta name=\"twitter:site\" content=\"@altominhoTV\" \/>\n<meta name=\"twitter:label1\" content=\"Escrito por\" \/>\n\t<meta name=\"twitter:data1\" content=\"Lusa\" \/>\n\t<meta name=\"twitter:label2\" content=\"Tempo estimado de leitura\" \/>\n\t<meta name=\"twitter:data2\" content=\"2 minutos\" \/>\n<script type=\"application\/ld+json\" class=\"yoast-schema-graph\">{\"@context\":\"https:\\\/\\\/schema.org\",\"@graph\":[{\"@type\":\"Article\",\"@id\":\"https:\\\/\\\/www.altominho.tv\\\/site\\\/2022\\\/01\\\/18\\\/testagem-de-alunos-das-escolas-publicas-arranca-hoje\\\/#article\",\"isPartOf\":{\"@id\":\"https:\\\/\\\/www.altominho.tv\\\/site\\\/2022\\\/01\\\/18\\\/testagem-de-alunos-das-escolas-publicas-arranca-hoje\\\/\"},\"author\":{\"name\":\"Lusa\",\"@id\":\"https:\\\/\\\/www.altominho.tv\\\/site\\\/#\\\/schema\\\/person\\\/63f693da3e1899361cbe955c46f3232e\"},\"headline\":\"Testagem de alunos das escolas p\u00fablicas arranca hoje\",\"datePublished\":\"2022-01-18T13:36:05+00:00\",\"dateModified\":\"2022-02-25T15:53:04+00:00\",\"mainEntityOfPage\":{\"@id\":\"https:\\\/\\\/www.altominho.tv\\\/site\\\/2022\\\/01\\\/18\\\/testagem-de-alunos-das-escolas-publicas-arranca-hoje\\\/\"},\"wordCount\":360,\"image\":{\"@id\":\"https:\\\/\\\/www.altominho.tv\\\/site\\\/2022\\\/01\\\/18\\\/testagem-de-alunos-das-escolas-publicas-arranca-hoje\\\/#primaryimage\"},\"thumbnailUrl\":\"https:\\\/\\\/www.altominho.tv\\\/site\\\/wp-content\\\/uploads\\\/2022\\\/01\\\/Captura-de-ecra\u0303-2022-01-18-a\u0300s-13.29.31.jpg\",\"keywords\":[\"Educa\u00e7\u00e3o\",\"Sa\u00fade\",\"Sociedade\"],\"articleSection\":[\"Pa\u00eds\"],\"inLanguage\":\"pt-PT\",\"copyrightYear\":\"2022\",\"copyrightHolder\":{\"@id\":\"https:\\\/\\\/www.altominho.tv\\\/site\\\/#organization\"}},{\"@type\":\"WebPage\",\"@id\":\"https:\\\/\\\/www.altominho.tv\\\/site\\\/2022\\\/01\\\/18\\\/testagem-de-alunos-das-escolas-publicas-arranca-hoje\\\/\",\"url\":\"https:\\\/\\\/www.altominho.tv\\\/site\\\/2022\\\/01\\\/18\\\/testagem-de-alunos-das-escolas-publicas-arranca-hoje\\\/\",\"name\":\"Testagem de alunos das escolas p\u00fablicas arranca hoje\",\"isPartOf\":{\"@id\":\"https:\\\/\\\/www.altominho.tv\\\/site\\\/#website\"},\"primaryImageOfPage\":{\"@id\":\"https:\\\/\\\/www.altominho.tv\\\/site\\\/2022\\\/01\\\/18\\\/testagem-de-alunos-das-escolas-publicas-arranca-hoje\\\/#primaryimage\"},\"image\":{\"@id\":\"https:\\\/\\\/www.altominho.tv\\\/site\\\/2022\\\/01\\\/18\\\/testagem-de-alunos-das-escolas-publicas-arranca-hoje\\\/#primaryimage\"},\"thumbnailUrl\":\"https:\\\/\\\/www.altominho.tv\\\/site\\\/wp-content\\\/uploads\\\/2022\\\/01\\\/Captura-de-ecra\u0303-2022-01-18-a\u0300s-13.29.31.jpg\",\"datePublished\":\"2022-01-18T13:36:05+00:00\",\"dateModified\":\"2022-02-25T15:53:04+00:00\",\"author\":{\"@id\":\"https:\\\/\\\/www.altominho.tv\\\/site\\\/#\\\/schema\\\/person\\\/63f693da3e1899361cbe955c46f3232e\"},\"description\":\"estudantes das escolas p\u00fablicas de todo o pa\u00eds v\u00e3o poder ser testados atrav\u00e9s de um acordo entre os diretores escolares.\",\"breadcrumb\":{\"@id\":\"https:\\\/\\\/www.altominho.tv\\\/site\\\/2022\\\/01\\\/18\\\/testagem-de-alunos-das-escolas-publicas-arranca-hoje\\\/#breadcrumb\"},\"inLanguage\":\"pt-PT\",\"potentialAction\":[{\"@type\":\"ReadAction\",\"target\":[\"https:\\\/\\\/www.altominho.tv\\\/site\\\/2022\\\/01\\\/18\\\/testagem-de-alunos-das-escolas-publicas-arranca-hoje\\\/\"]}]},{\"@type\":\"ImageObject\",\"inLanguage\":\"pt-PT\",\"@id\":\"https:\\\/\\\/www.altominho.tv\\\/site\\\/2022\\\/01\\\/18\\\/testagem-de-alunos-das-escolas-publicas-arranca-hoje\\\/#primaryimage\",\"url\":\"https:\\\/\\\/www.altominho.tv\\\/site\\\/wp-content\\\/uploads\\\/2022\\\/01\\\/Captura-de-ecra\u0303-2022-01-18-a\u0300s-13.29.31.jpg\",\"contentUrl\":\"https:\\\/\\\/www.altominho.tv\\\/site\\\/wp-content\\\/uploads\\\/2022\\\/01\\\/Captura-de-ecra\u0303-2022-01-18-a\u0300s-13.29.31.jpg\",\"width\":1500,\"height\":900},{\"@type\":\"BreadcrumbList\",\"@id\":\"https:\\\/\\\/www.altominho.tv\\\/site\\\/2022\\\/01\\\/18\\\/testagem-de-alunos-das-escolas-publicas-arranca-hoje\\\/#breadcrumb\",\"itemListElement\":[{\"@type\":\"ListItem\",\"position\":1,\"name\":\"In\u00edcio\",\"item\":\"https:\\\/\\\/www.altominho.tv\\\/site\\\/\"},{\"@type\":\"ListItem\",\"position\":2,\"name\":\"Testagem de alunos das escolas p\u00fablicas arranca hoje\"}]},{\"@type\":\"WebSite\",\"@id\":\"https:\\\/\\\/www.altominho.tv\\\/site\\\/#website\",\"url\":\"https:\\\/\\\/www.altominho.tv\\\/site\\\/\",\"name\":\"Altominho.tv\",\"description\":\"A sua regi\u00e3o \u00e0 dist\u00e2ncia de um clique...\",\"potentialAction\":[{\"@type\":\"SearchAction\",\"target\":{\"@type\":\"EntryPoint\",\"urlTemplate\":\"https:\\\/\\\/www.altominho.tv\\\/site\\\/?s={search_term_string}\"},\"query-input\":{\"@type\":\"PropertyValueSpecification\",\"valueRequired\":true,\"valueName\":\"search_term_string\"}}],\"inLanguage\":\"pt-PT\"},{\"@type\":\"Person\",\"@id\":\"https:\\\/\\\/www.altominho.tv\\\/site\\\/#\\\/schema\\\/person\\\/63f693da3e1899361cbe955c46f3232e\",\"name\":\"Lusa\",\"image\":{\"@type\":\"ImageObject\",\"inLanguage\":\"pt-PT\",\"@id\":\"https:\\\/\\\/www.altominho.tv\\\/site\\\/wp-content\\\/uploads\\\/2019\\\/08\\\/LUSA_Logo.gif\",\"url\":\"https:\\\/\\\/www.altominho.tv\\\/site\\\/wp-content\\\/uploads\\\/2019\\\/08\\\/LUSA_Logo.gif\",\"contentUrl\":\"https:\\\/\\\/www.altominho.tv\\\/site\\\/wp-content\\\/uploads\\\/2019\\\/08\\\/LUSA_Logo.gif\",\"caption\":\"Lusa\"},\"sameAs\":[\"http:\\\/\\\/\\\/\\\/www.altominho.tv\\\/site\"],\"url\":\"https:\\\/\\\/www.altominho.tv\\\/site\\\/author\\\/lusa\\\/\"}]}<\/script>\n<!-- \/ Yoast SEO Premium plugin. -->","yoast_head_json":{"title":"Testagem de alunos das escolas p\u00fablicas arranca hoje","description":"estudantes das escolas p\u00fablicas de todo o pa\u00eds v\u00e3o poder ser testados atrav\u00e9s de um acordo entre os diretores escolares.","robots":{"index":"index","follow":"follow","max-snippet":"max-snippet:-1","max-image-preview":"max-image-preview:large","max-video-preview":"max-video-preview:-1"},"canonical":"https:\/\/www.altominho.tv\/site\/2022\/01\/18\/testagem-de-alunos-das-escolas-publicas-arranca-hoje\/","og_locale":"pt_PT","og_type":"article","og_title":"Testagem de alunos das escolas p\u00fablicas arranca hoje","og_description":"estudantes das escolas p\u00fablicas de todo o pa\u00eds v\u00e3o poder ser testados atrav\u00e9s de um acordo entre os diretores escolares.","og_url":"https:\/\/www.altominho.tv\/site\/2022\/01\/18\/testagem-de-alunos-das-escolas-publicas-arranca-hoje\/","og_site_name":"Altominho.tv","article_publisher":"https:\/\/www.facebook.com\/altominhotv","article_published_time":"2022-01-18T13:36:05+00:00","article_modified_time":"2022-02-25T15:53:04+00:00","og_image":[{"width":1500,"height":900,"url":"https:\/\/www.altominho.tv\/site\/wp-content\/uploads\/2022\/01\/Captura-de-ecra\u0303-2022-01-18-a\u0300s-13.29.31.jpg","type":"image\/jpeg"}],"author":"Lusa","twitter_card":"summary_large_image","twitter_creator":"@altominhoTV","twitter_site":"@altominhoTV","twitter_misc":{"Escrito por":"Lusa","Tempo estimado de leitura":"2 minutos"},"schema":{"@context":"https:\/\/schema.org","@graph":[{"@type":"Article","@id":"https:\/\/www.altominho.tv\/site\/2022\/01\/18\/testagem-de-alunos-das-escolas-publicas-arranca-hoje\/#article","isPartOf":{"@id":"https:\/\/www.altominho.tv\/site\/2022\/01\/18\/testagem-de-alunos-das-escolas-publicas-arranca-hoje\/"},"author":{"name":"Lusa","@id":"https:\/\/www.altominho.tv\/site\/#\/schema\/person\/63f693da3e1899361cbe955c46f3232e"},"headline":"Testagem de alunos das escolas p\u00fablicas arranca hoje","datePublished":"2022-01-18T13:36:05+00:00","dateModified":"2022-02-25T15:53:04+00:00","mainEntityOfPage":{"@id":"https:\/\/www.altominho.tv\/site\/2022\/01\/18\/testagem-de-alunos-das-escolas-publicas-arranca-hoje\/"},"wordCount":360,"image":{"@id":"https:\/\/www.altominho.tv\/site\/2022\/01\/18\/testagem-de-alunos-das-escolas-publicas-arranca-hoje\/#primaryimage"},"thumbnailUrl":"https:\/\/www.altominho.tv\/site\/wp-content\/uploads\/2022\/01\/Captura-de-ecra\u0303-2022-01-18-a\u0300s-13.29.31.jpg","keywords":["Educa\u00e7\u00e3o","Sa\u00fade","Sociedade"],"articleSection":["Pa\u00eds"],"inLanguage":"pt-PT","copyrightYear":"2022","copyrightHolder":{"@id":"https:\/\/www.altominho.tv\/site\/#organization"}},{"@type":"WebPage","@id":"https:\/\/www.altominho.tv\/site\/2022\/01\/18\/testagem-de-alunos-das-escolas-publicas-arranca-hoje\/","url":"https:\/\/www.altominho.tv\/site\/2022\/01\/18\/testagem-de-alunos-das-escolas-publicas-arranca-hoje\/","name":"Testagem de alunos das escolas p\u00fablicas arranca hoje","isPartOf":{"@id":"https:\/\/www.altominho.tv\/site\/#website"},"primaryImageOfPage":{"@id":"https:\/\/www.altominho.tv\/site\/2022\/01\/18\/testagem-de-alunos-das-escolas-publicas-arranca-hoje\/#primaryimage"},"image":{"@id":"https:\/\/www.altominho.tv\/site\/2022\/01\/18\/testagem-de-alunos-das-escolas-publicas-arranca-hoje\/#primaryimage"},"thumbnailUrl":"https:\/\/www.altominho.tv\/site\/wp-content\/uploads\/2022\/01\/Captura-de-ecra\u0303-2022-01-18-a\u0300s-13.29.31.jpg","datePublished":"2022-01-18T13:36:05+00:00","dateModified":"2022-02-25T15:53:04+00:00","author":{"@id":"https:\/\/www.altominho.tv\/site\/#\/schema\/person\/63f693da3e1899361cbe955c46f3232e"},"description":"estudantes das escolas p\u00fablicas de todo o pa\u00eds v\u00e3o poder ser testados atrav\u00e9s de um acordo entre os diretores escolares.","breadcrumb":{"@id":"https:\/\/www.altominho.tv\/site\/2022\/01\/18\/testagem-de-alunos-das-escolas-publicas-arranca-hoje\/#breadcrumb"},"inLanguage":"pt-PT","potentialAction":[{"@type":"ReadAction","target":["https:\/\/www.altominho.tv\/site\/2022\/01\/18\/testagem-de-alunos-das-escolas-publicas-arranca-hoje\/"]}]},{"@type":"ImageObject","inLanguage":"pt-PT","@id":"https:\/\/www.altominho.tv\/site\/2022\/01\/18\/testagem-de-alunos-das-escolas-publicas-arranca-hoje\/#primaryimage","url":"https:\/\/www.altominho.tv\/site\/wp-content\/uploads\/2022\/01\/Captura-de-ecra\u0303-2022-01-18-a\u0300s-13.29.31.jpg","contentUrl":"https:\/\/www.altominho.tv\/site\/wp-content\/uploads\/2022\/01\/Captura-de-ecra\u0303-2022-01-18-a\u0300s-13.29.31.jpg","width":1500,"height":900},{"@type":"BreadcrumbList","@id":"https:\/\/www.altominho.tv\/site\/2022\/01\/18\/testagem-de-alunos-das-escolas-publicas-arranca-hoje\/#breadcrumb","itemListElement":[{"@type":"ListItem","position":1,"name":"In\u00edcio","item":"https:\/\/www.altominho.tv\/site\/"},{"@type":"ListItem","position":2,"name":"Testagem de alunos das escolas p\u00fablicas arranca hoje"}]},{"@type":"WebSite","@id":"https:\/\/www.altominho.tv\/site\/#website","url":"https:\/\/www.altominho.tv\/site\/","name":"Altominho.tv","description":"A sua regi\u00e3o \u00e0 dist\u00e2ncia de um clique...","potentialAction":[{"@type":"SearchAction","target":{"@type":"EntryPoint","urlTemplate":"https:\/\/www.altominho.tv\/site\/?s={search_term_string}"},"query-input":{"@type":"PropertyValueSpecification","valueRequired":true,"valueName":"search_term_string"}}],"inLanguage":"pt-PT"},{"@type":"Person","@id":"https:\/\/www.altominho.tv\/site\/#\/schema\/person\/63f693da3e1899361cbe955c46f3232e","name":"Lusa","image":{"@type":"ImageObject","inLanguage":"pt-PT","@id":"https:\/\/www.altominho.tv\/site\/wp-content\/uploads\/2019\/08\/LUSA_Logo.gif","url":"https:\/\/www.altominho.tv\/site\/wp-content\/uploads\/2019\/08\/LUSA_Logo.gif","contentUrl":"https:\/\/www.altominho.tv\/site\/wp-content\/uploads\/2019\/08\/LUSA_Logo.gif","caption":"Lusa"},"sameAs":["http:\/\/\/\/www.altominho.tv\/site"],"url":"https:\/\/www.altominho.tv\/site\/author\/lusa\/"}]}},"_links":{"self":[{"href":"https:\/\/www.altominho.tv\/site\/wp-json\/wp\/v2\/posts\/75010","targetHints":{"allow":["GET"]}}],"collection":[{"href":"https:\/\/www.altominho.tv\/site\/wp-json\/wp\/v2\/posts"}],"about":[{"href":"https:\/\/www.altominho.tv\/site\/wp-json\/wp\/v2\/types\/post"}],"author":[{"embeddable":true,"href":"https:\/\/www.altominho.tv\/site\/wp-json\/wp\/v2\/users\/13"}],"replies":[{"embeddable":true,"href":"https:\/\/www.altominho.tv\/site\/wp-json\/wp\/v2\/comments?post=75010"}],"version-history":[{"count":0,"href":"https:\/\/www.altominho.tv\/site\/wp-json\/wp\/v2\/posts\/75010\/revisions"}],"wp:featuredmedia":[{"embeddable":true,"href":"https:\/\/www.altominho.tv\/site\/wp-json\/wp\/v2\/media\/75011"}],"wp:attachment":[{"href":"https:\/\/www.altominho.tv\/site\/wp-json\/wp\/v2\/media?parent=75010"}],"wp:term":[{"taxonomy":"category","embeddable":true,"href":"https:\/\/www.altominho.tv\/site\/wp-json\/wp\/v2\/categories?post=75010"},{"taxonomy":"post_tag","embeddable":true,"href":"https:\/\/www.altominho.tv\/site\/wp-json\/wp\/v2\/tags?post=75010"}],"curies":[{"name":"wp","href":"https:\/\/api.w.org\/{rel}","templated":true}]}}