{"id":74996,"date":"2022-01-18T10:23:46","date_gmt":"2022-01-18T10:23:46","guid":{"rendered":"https:\/\/www.altominho.tv\/site\/?p=74996"},"modified":"2022-02-25T16:18:33","modified_gmt":"2022-02-25T16:18:33","slug":"mais-de-30-milhoes-de-testes-feitos-em-portugal-desde-o-inicio-da-pandemia","status":"publish","type":"post","link":"https:\/\/www.altominho.tv\/site\/2022\/01\/18\/mais-de-30-milhoes-de-testes-feitos-em-portugal-desde-o-inicio-da-pandemia\/","title":{"rendered":"Mais de 30 milh\u00f5es de testes feitos em Portugal desde o in\u00edcio da pandemia"},"content":{"rendered":"<div class=\"noticiaResumo\">\n<p>Portugal fez mais de 30 milh\u00f5es de testes \u00e0 covid-19 desde o in\u00edcio da pandemia, segundo os dados hoje divulgados pelo Instituto Nacional de Sa\u00fade Doutor Ricardo Jorge (INSA).<\/p>\n<\/div>\n<div class=\"noticiaCorpo\">\n<p>Os dados do INSA, que reportam ao final da semana passada (dia 14), indicam que foram feitos em Portugal cerca de 17,7 milh\u00f5es de testes TAAN\/PCR e perto de 12,4 milh\u00f5es de testes r\u00e1pidos de antig\u00e9nio (TRAg) de uso profissional.<\/p>\n<p>\u201cEm apenas quatro dias (de 11 a 14 de janeiro), o pa\u00eds voltou a ultrapassar a marca de 1 milh\u00e3o de testes, dos quais mais de 770 mil (70%) foram TRAg de uso profissional\u201d, acrescenta o INSA, sublinhando que estes dados n\u00e3o incluem os autotestes.<\/p>\n<p>Nas primeiras duas semanas do ano (01 a 14 de janeiro) realizaram-se perto de 3,3 milh\u00f5es de testes de diagn\u00f3stico \u00e0 covid-19, com uma m\u00e9dia di\u00e1ria de mais de 233 mil testes. Destes, cerca de um milh\u00e3o foram TAAN\/PCR e mais de 2,2 milh\u00f5es foram TRAg de uso profissional.<\/p>\n<p>No passado m\u00eas de dezembro, Portugal alcan\u00e7ou um novo m\u00e1ximo de testagem mensal \u00e0 covid-19, com mais de 5,4 milh\u00f5es de testes, o que equivale a uma m\u00e9dia di\u00e1ria superior a 174 mil testes.<\/p>\n<p>O m\u00e1ximo da testagem di\u00e1ria foi atingido no dia 30 de dezembro, com 402.756 testes.<\/p>\n<p>Cada pessoa tem direito a quatro testes TRAg\/m\u00eas nos laborat\u00f3rios e farm\u00e1cias aderentes ao regime excecional de comparticipa\u00e7\u00e3o, uma medida v\u00e1lida at\u00e9 31 de janeiro.<\/p>\n<p>Este regime excecional e tempor\u00e1rio de comparticipa\u00e7\u00e3o visa \u201ccontribuir para a dete\u00e7\u00e3o e isolamento precoce de casos, prevenir e mitigar o impacto da infe\u00e7\u00e3o por SARS-CoV-2 nos servi\u00e7os de sa\u00fade e nas popula\u00e7\u00f5es vulner\u00e1veis\u201d, assim como reduzir e controlar a transmiss\u00e3o da infe\u00e7\u00e3o e monitorizar a evolu\u00e7\u00e3o epidemiol\u00f3gica da covid-19, refere o INSA.<\/p>\n<p>Em Portugal, desde mar\u00e7o de 2020, a pandemia provocou 19.334 mortes e foram contabilizados 1.906.891 casos de infe\u00e7\u00e3o, segundo os \u00faltimos dados da Dire\u00e7\u00e3o-Geral da Sa\u00fade.<\/p>\n<p>A covid-19 \u00e9 uma doen\u00e7a respirat\u00f3ria provocada pelo coronav\u00edrus SARS-CoV-2, detetado no final de 2019 em Wuhan, cidade do centro da China.<\/p>\n<\/div>\n","protected":false},"excerpt":{"rendered":"<p>Portugal fez mais de 30 milh\u00f5es de testes \u00e0 covid-19 desde o in\u00edcio da pandemia, segundo os dados hoje divulgados pelo Instituto Nacional de Sa\u00fade Doutor Ricardo Jorge (INSA). Os dados do INSA, que reportam ao final da semana passada (dia 14), indicam que foram feitos em Portugal cerca de 17,7 milh\u00f5es de testes TAAN\/PCR [&hellip;]<\/p>\n","protected":false},"author":13,"featured_media":74799,"comment_status":"closed","ping_status":"closed","sticky":false,"template":"","format":"standard","meta":{"_exactmetrics_skip_tracking":false,"_exactmetrics_sitenote_active":false,"_exactmetrics_sitenote_note":"","_exactmetrics_sitenote_category":0,"footnotes":""},"categories":[56325],"tags":[26,27],"class_list":["post-74996","post","type-post","status-publish","format-standard","has-post-thumbnail","hentry","category-pais","tag-saude","tag-sociedade"],"yoast_head":"<!-- This site is optimized with the Yoast SEO Premium plugin v27.5 (Yoast SEO v27.5) - https:\/\/yoast.com\/product\/yoast-seo-premium-wordpress\/ -->\n<title>Mais de 30 milh\u00f5es de testes feitos em Portugal desde o in\u00edcio da pandemia<\/title>\n<meta name=\"description\" content=\"Portugal fez mais de 30 milh\u00f5es de testes \u00e0 covid-19 desde o in\u00edcio da pandemia, segundo o Instituto Nacional de Sa\u00fade (INSA).\" \/>\n<meta name=\"robots\" content=\"index, follow, max-snippet:-1, max-image-preview:large, max-video-preview:-1\" \/>\n<link rel=\"canonical\" href=\"https:\/\/www.altominho.tv\/site\/2022\/01\/18\/mais-de-30-milhoes-de-testes-feitos-em-portugal-desde-o-inicio-da-pandemia\/\" \/>\n<meta property=\"og:locale\" content=\"pt_PT\" \/>\n<meta property=\"og:type\" content=\"article\" \/>\n<meta property=\"og:title\" content=\"Mais de 30 milh\u00f5es de testes feitos em Portugal desde o in\u00edcio da pandemia\" \/>\n<meta property=\"og:description\" content=\"Portugal fez mais de 30 milh\u00f5es de testes \u00e0 covid-19 desde o in\u00edcio da pandemia, segundo o Instituto Nacional de Sa\u00fade (INSA).\" \/>\n<meta property=\"og:url\" content=\"https:\/\/www.altominho.tv\/site\/2022\/01\/18\/mais-de-30-milhoes-de-testes-feitos-em-portugal-desde-o-inicio-da-pandemia\/\" \/>\n<meta property=\"og:site_name\" content=\"Altominho.tv\" \/>\n<meta property=\"article:publisher\" content=\"https:\/\/www.facebook.com\/altominhotv\" \/>\n<meta property=\"article:published_time\" content=\"2022-01-18T10:23:46+00:00\" \/>\n<meta property=\"article:modified_time\" content=\"2022-02-25T16:18:33+00:00\" \/>\n<meta property=\"og:image\" content=\"https:\/\/www.altominho.tv\/site\/wp-content\/uploads\/2022\/01\/Testagem_atv.jpg\" \/>\n\t<meta property=\"og:image:width\" content=\"1273\" \/>\n\t<meta property=\"og:image:height\" content=\"666\" \/>\n\t<meta property=\"og:image:type\" content=\"image\/jpeg\" \/>\n<meta name=\"author\" content=\"Lusa\" \/>\n<meta name=\"twitter:card\" content=\"summary_large_image\" \/>\n<meta name=\"twitter:creator\" content=\"@altominhoTV\" \/>\n<meta name=\"twitter:site\" content=\"@altominhoTV\" \/>\n<meta name=\"twitter:label1\" content=\"Escrito por\" \/>\n\t<meta name=\"twitter:data1\" content=\"Lusa\" \/>\n\t<meta name=\"twitter:label2\" content=\"Tempo estimado de leitura\" \/>\n\t<meta name=\"twitter:data2\" content=\"2 minutos\" \/>\n<script type=\"application\/ld+json\" class=\"yoast-schema-graph\">{\"@context\":\"https:\\\/\\\/schema.org\",\"@graph\":[{\"@type\":\"Article\",\"@id\":\"https:\\\/\\\/www.altominho.tv\\\/site\\\/2022\\\/01\\\/18\\\/mais-de-30-milhoes-de-testes-feitos-em-portugal-desde-o-inicio-da-pandemia\\\/#article\",\"isPartOf\":{\"@id\":\"https:\\\/\\\/www.altominho.tv\\\/site\\\/2022\\\/01\\\/18\\\/mais-de-30-milhoes-de-testes-feitos-em-portugal-desde-o-inicio-da-pandemia\\\/\"},\"author\":{\"name\":\"Lusa\",\"@id\":\"https:\\\/\\\/www.altominho.tv\\\/site\\\/#\\\/schema\\\/person\\\/63f693da3e1899361cbe955c46f3232e\"},\"headline\":\"Mais de 30 milh\u00f5es de testes feitos em Portugal desde o in\u00edcio da pandemia\",\"datePublished\":\"2022-01-18T10:23:46+00:00\",\"dateModified\":\"2022-02-25T16:18:33+00:00\",\"mainEntityOfPage\":{\"@id\":\"https:\\\/\\\/www.altominho.tv\\\/site\\\/2022\\\/01\\\/18\\\/mais-de-30-milhoes-de-testes-feitos-em-portugal-desde-o-inicio-da-pandemia\\\/\"},\"wordCount\":377,\"image\":{\"@id\":\"https:\\\/\\\/www.altominho.tv\\\/site\\\/2022\\\/01\\\/18\\\/mais-de-30-milhoes-de-testes-feitos-em-portugal-desde-o-inicio-da-pandemia\\\/#primaryimage\"},\"thumbnailUrl\":\"https:\\\/\\\/www.altominho.tv\\\/site\\\/wp-content\\\/uploads\\\/2022\\\/01\\\/Testagem_atv.jpg\",\"keywords\":[\"Sa\u00fade\",\"Sociedade\"],\"articleSection\":[\"Pa\u00eds\"],\"inLanguage\":\"pt-PT\",\"copyrightYear\":\"2022\",\"copyrightHolder\":{\"@id\":\"https:\\\/\\\/www.altominho.tv\\\/site\\\/#organization\"}},{\"@type\":\"WebPage\",\"@id\":\"https:\\\/\\\/www.altominho.tv\\\/site\\\/2022\\\/01\\\/18\\\/mais-de-30-milhoes-de-testes-feitos-em-portugal-desde-o-inicio-da-pandemia\\\/\",\"url\":\"https:\\\/\\\/www.altominho.tv\\\/site\\\/2022\\\/01\\\/18\\\/mais-de-30-milhoes-de-testes-feitos-em-portugal-desde-o-inicio-da-pandemia\\\/\",\"name\":\"Mais de 30 milh\u00f5es de testes feitos em Portugal desde o in\u00edcio da pandemia\",\"isPartOf\":{\"@id\":\"https:\\\/\\\/www.altominho.tv\\\/site\\\/#website\"},\"primaryImageOfPage\":{\"@id\":\"https:\\\/\\\/www.altominho.tv\\\/site\\\/2022\\\/01\\\/18\\\/mais-de-30-milhoes-de-testes-feitos-em-portugal-desde-o-inicio-da-pandemia\\\/#primaryimage\"},\"image\":{\"@id\":\"https:\\\/\\\/www.altominho.tv\\\/site\\\/2022\\\/01\\\/18\\\/mais-de-30-milhoes-de-testes-feitos-em-portugal-desde-o-inicio-da-pandemia\\\/#primaryimage\"},\"thumbnailUrl\":\"https:\\\/\\\/www.altominho.tv\\\/site\\\/wp-content\\\/uploads\\\/2022\\\/01\\\/Testagem_atv.jpg\",\"datePublished\":\"2022-01-18T10:23:46+00:00\",\"dateModified\":\"2022-02-25T16:18:33+00:00\",\"author\":{\"@id\":\"https:\\\/\\\/www.altominho.tv\\\/site\\\/#\\\/schema\\\/person\\\/63f693da3e1899361cbe955c46f3232e\"},\"description\":\"Portugal fez mais de 30 milh\u00f5es de testes \u00e0 covid-19 desde o in\u00edcio da pandemia, segundo o Instituto Nacional de Sa\u00fade (INSA).\",\"breadcrumb\":{\"@id\":\"https:\\\/\\\/www.altominho.tv\\\/site\\\/2022\\\/01\\\/18\\\/mais-de-30-milhoes-de-testes-feitos-em-portugal-desde-o-inicio-da-pandemia\\\/#breadcrumb\"},\"inLanguage\":\"pt-PT\",\"potentialAction\":[{\"@type\":\"ReadAction\",\"target\":[\"https:\\\/\\\/www.altominho.tv\\\/site\\\/2022\\\/01\\\/18\\\/mais-de-30-milhoes-de-testes-feitos-em-portugal-desde-o-inicio-da-pandemia\\\/\"]}]},{\"@type\":\"ImageObject\",\"inLanguage\":\"pt-PT\",\"@id\":\"https:\\\/\\\/www.altominho.tv\\\/site\\\/2022\\\/01\\\/18\\\/mais-de-30-milhoes-de-testes-feitos-em-portugal-desde-o-inicio-da-pandemia\\\/#primaryimage\",\"url\":\"https:\\\/\\\/www.altominho.tv\\\/site\\\/wp-content\\\/uploads\\\/2022\\\/01\\\/Testagem_atv.jpg\",\"contentUrl\":\"https:\\\/\\\/www.altominho.tv\\\/site\\\/wp-content\\\/uploads\\\/2022\\\/01\\\/Testagem_atv.jpg\",\"width\":1273,\"height\":666},{\"@type\":\"BreadcrumbList\",\"@id\":\"https:\\\/\\\/www.altominho.tv\\\/site\\\/2022\\\/01\\\/18\\\/mais-de-30-milhoes-de-testes-feitos-em-portugal-desde-o-inicio-da-pandemia\\\/#breadcrumb\",\"itemListElement\":[{\"@type\":\"ListItem\",\"position\":1,\"name\":\"In\u00edcio\",\"item\":\"https:\\\/\\\/www.altominho.tv\\\/site\\\/\"},{\"@type\":\"ListItem\",\"position\":2,\"name\":\"Mais de 30 milh\u00f5es de testes feitos em Portugal desde o in\u00edcio da pandemia\"}]},{\"@type\":\"WebSite\",\"@id\":\"https:\\\/\\\/www.altominho.tv\\\/site\\\/#website\",\"url\":\"https:\\\/\\\/www.altominho.tv\\\/site\\\/\",\"name\":\"Altominho.tv\",\"description\":\"A sua regi\u00e3o \u00e0 dist\u00e2ncia de um clique...\",\"potentialAction\":[{\"@type\":\"SearchAction\",\"target\":{\"@type\":\"EntryPoint\",\"urlTemplate\":\"https:\\\/\\\/www.altominho.tv\\\/site\\\/?s={search_term_string}\"},\"query-input\":{\"@type\":\"PropertyValueSpecification\",\"valueRequired\":true,\"valueName\":\"search_term_string\"}}],\"inLanguage\":\"pt-PT\"},{\"@type\":\"Person\",\"@id\":\"https:\\\/\\\/www.altominho.tv\\\/site\\\/#\\\/schema\\\/person\\\/63f693da3e1899361cbe955c46f3232e\",\"name\":\"Lusa\",\"image\":{\"@type\":\"ImageObject\",\"inLanguage\":\"pt-PT\",\"@id\":\"https:\\\/\\\/www.altominho.tv\\\/site\\\/wp-content\\\/uploads\\\/2019\\\/08\\\/LUSA_Logo.gif\",\"url\":\"https:\\\/\\\/www.altominho.tv\\\/site\\\/wp-content\\\/uploads\\\/2019\\\/08\\\/LUSA_Logo.gif\",\"contentUrl\":\"https:\\\/\\\/www.altominho.tv\\\/site\\\/wp-content\\\/uploads\\\/2019\\\/08\\\/LUSA_Logo.gif\",\"caption\":\"Lusa\"},\"sameAs\":[\"http:\\\/\\\/\\\/\\\/www.altominho.tv\\\/site\"],\"url\":\"https:\\\/\\\/www.altominho.tv\\\/site\\\/author\\\/lusa\\\/\"}]}<\/script>\n<!-- \/ Yoast SEO Premium plugin. -->","yoast_head_json":{"title":"Mais de 30 milh\u00f5es de testes feitos em Portugal desde o in\u00edcio da pandemia","description":"Portugal fez mais de 30 milh\u00f5es de testes \u00e0 covid-19 desde o in\u00edcio da pandemia, segundo o Instituto Nacional de Sa\u00fade (INSA).","robots":{"index":"index","follow":"follow","max-snippet":"max-snippet:-1","max-image-preview":"max-image-preview:large","max-video-preview":"max-video-preview:-1"},"canonical":"https:\/\/www.altominho.tv\/site\/2022\/01\/18\/mais-de-30-milhoes-de-testes-feitos-em-portugal-desde-o-inicio-da-pandemia\/","og_locale":"pt_PT","og_type":"article","og_title":"Mais de 30 milh\u00f5es de testes feitos em Portugal desde o in\u00edcio da pandemia","og_description":"Portugal fez mais de 30 milh\u00f5es de testes \u00e0 covid-19 desde o in\u00edcio da pandemia, segundo o Instituto Nacional de Sa\u00fade (INSA).","og_url":"https:\/\/www.altominho.tv\/site\/2022\/01\/18\/mais-de-30-milhoes-de-testes-feitos-em-portugal-desde-o-inicio-da-pandemia\/","og_site_name":"Altominho.tv","article_publisher":"https:\/\/www.facebook.com\/altominhotv","article_published_time":"2022-01-18T10:23:46+00:00","article_modified_time":"2022-02-25T16:18:33+00:00","og_image":[{"width":1273,"height":666,"url":"https:\/\/www.altominho.tv\/site\/wp-content\/uploads\/2022\/01\/Testagem_atv.jpg","type":"image\/jpeg"}],"author":"Lusa","twitter_card":"summary_large_image","twitter_creator":"@altominhoTV","twitter_site":"@altominhoTV","twitter_misc":{"Escrito por":"Lusa","Tempo estimado de leitura":"2 minutos"},"schema":{"@context":"https:\/\/schema.org","@graph":[{"@type":"Article","@id":"https:\/\/www.altominho.tv\/site\/2022\/01\/18\/mais-de-30-milhoes-de-testes-feitos-em-portugal-desde-o-inicio-da-pandemia\/#article","isPartOf":{"@id":"https:\/\/www.altominho.tv\/site\/2022\/01\/18\/mais-de-30-milhoes-de-testes-feitos-em-portugal-desde-o-inicio-da-pandemia\/"},"author":{"name":"Lusa","@id":"https:\/\/www.altominho.tv\/site\/#\/schema\/person\/63f693da3e1899361cbe955c46f3232e"},"headline":"Mais de 30 milh\u00f5es de testes feitos em Portugal desde o in\u00edcio da pandemia","datePublished":"2022-01-18T10:23:46+00:00","dateModified":"2022-02-25T16:18:33+00:00","mainEntityOfPage":{"@id":"https:\/\/www.altominho.tv\/site\/2022\/01\/18\/mais-de-30-milhoes-de-testes-feitos-em-portugal-desde-o-inicio-da-pandemia\/"},"wordCount":377,"image":{"@id":"https:\/\/www.altominho.tv\/site\/2022\/01\/18\/mais-de-30-milhoes-de-testes-feitos-em-portugal-desde-o-inicio-da-pandemia\/#primaryimage"},"thumbnailUrl":"https:\/\/www.altominho.tv\/site\/wp-content\/uploads\/2022\/01\/Testagem_atv.jpg","keywords":["Sa\u00fade","Sociedade"],"articleSection":["Pa\u00eds"],"inLanguage":"pt-PT","copyrightYear":"2022","copyrightHolder":{"@id":"https:\/\/www.altominho.tv\/site\/#organization"}},{"@type":"WebPage","@id":"https:\/\/www.altominho.tv\/site\/2022\/01\/18\/mais-de-30-milhoes-de-testes-feitos-em-portugal-desde-o-inicio-da-pandemia\/","url":"https:\/\/www.altominho.tv\/site\/2022\/01\/18\/mais-de-30-milhoes-de-testes-feitos-em-portugal-desde-o-inicio-da-pandemia\/","name":"Mais de 30 milh\u00f5es de testes feitos em Portugal desde o in\u00edcio da pandemia","isPartOf":{"@id":"https:\/\/www.altominho.tv\/site\/#website"},"primaryImageOfPage":{"@id":"https:\/\/www.altominho.tv\/site\/2022\/01\/18\/mais-de-30-milhoes-de-testes-feitos-em-portugal-desde-o-inicio-da-pandemia\/#primaryimage"},"image":{"@id":"https:\/\/www.altominho.tv\/site\/2022\/01\/18\/mais-de-30-milhoes-de-testes-feitos-em-portugal-desde-o-inicio-da-pandemia\/#primaryimage"},"thumbnailUrl":"https:\/\/www.altominho.tv\/site\/wp-content\/uploads\/2022\/01\/Testagem_atv.jpg","datePublished":"2022-01-18T10:23:46+00:00","dateModified":"2022-02-25T16:18:33+00:00","author":{"@id":"https:\/\/www.altominho.tv\/site\/#\/schema\/person\/63f693da3e1899361cbe955c46f3232e"},"description":"Portugal fez mais de 30 milh\u00f5es de testes \u00e0 covid-19 desde o in\u00edcio da pandemia, segundo o Instituto Nacional de Sa\u00fade (INSA).","breadcrumb":{"@id":"https:\/\/www.altominho.tv\/site\/2022\/01\/18\/mais-de-30-milhoes-de-testes-feitos-em-portugal-desde-o-inicio-da-pandemia\/#breadcrumb"},"inLanguage":"pt-PT","potentialAction":[{"@type":"ReadAction","target":["https:\/\/www.altominho.tv\/site\/2022\/01\/18\/mais-de-30-milhoes-de-testes-feitos-em-portugal-desde-o-inicio-da-pandemia\/"]}]},{"@type":"ImageObject","inLanguage":"pt-PT","@id":"https:\/\/www.altominho.tv\/site\/2022\/01\/18\/mais-de-30-milhoes-de-testes-feitos-em-portugal-desde-o-inicio-da-pandemia\/#primaryimage","url":"https:\/\/www.altominho.tv\/site\/wp-content\/uploads\/2022\/01\/Testagem_atv.jpg","contentUrl":"https:\/\/www.altominho.tv\/site\/wp-content\/uploads\/2022\/01\/Testagem_atv.jpg","width":1273,"height":666},{"@type":"BreadcrumbList","@id":"https:\/\/www.altominho.tv\/site\/2022\/01\/18\/mais-de-30-milhoes-de-testes-feitos-em-portugal-desde-o-inicio-da-pandemia\/#breadcrumb","itemListElement":[{"@type":"ListItem","position":1,"name":"In\u00edcio","item":"https:\/\/www.altominho.tv\/site\/"},{"@type":"ListItem","position":2,"name":"Mais de 30 milh\u00f5es de testes feitos em Portugal desde o in\u00edcio da pandemia"}]},{"@type":"WebSite","@id":"https:\/\/www.altominho.tv\/site\/#website","url":"https:\/\/www.altominho.tv\/site\/","name":"Altominho.tv","description":"A sua regi\u00e3o \u00e0 dist\u00e2ncia de um clique...","potentialAction":[{"@type":"SearchAction","target":{"@type":"EntryPoint","urlTemplate":"https:\/\/www.altominho.tv\/site\/?s={search_term_string}"},"query-input":{"@type":"PropertyValueSpecification","valueRequired":true,"valueName":"search_term_string"}}],"inLanguage":"pt-PT"},{"@type":"Person","@id":"https:\/\/www.altominho.tv\/site\/#\/schema\/person\/63f693da3e1899361cbe955c46f3232e","name":"Lusa","image":{"@type":"ImageObject","inLanguage":"pt-PT","@id":"https:\/\/www.altominho.tv\/site\/wp-content\/uploads\/2019\/08\/LUSA_Logo.gif","url":"https:\/\/www.altominho.tv\/site\/wp-content\/uploads\/2019\/08\/LUSA_Logo.gif","contentUrl":"https:\/\/www.altominho.tv\/site\/wp-content\/uploads\/2019\/08\/LUSA_Logo.gif","caption":"Lusa"},"sameAs":["http:\/\/\/\/www.altominho.tv\/site"],"url":"https:\/\/www.altominho.tv\/site\/author\/lusa\/"}]}},"_links":{"self":[{"href":"https:\/\/www.altominho.tv\/site\/wp-json\/wp\/v2\/posts\/74996","targetHints":{"allow":["GET"]}}],"collection":[{"href":"https:\/\/www.altominho.tv\/site\/wp-json\/wp\/v2\/posts"}],"about":[{"href":"https:\/\/www.altominho.tv\/site\/wp-json\/wp\/v2\/types\/post"}],"author":[{"embeddable":true,"href":"https:\/\/www.altominho.tv\/site\/wp-json\/wp\/v2\/users\/13"}],"replies":[{"embeddable":true,"href":"https:\/\/www.altominho.tv\/site\/wp-json\/wp\/v2\/comments?post=74996"}],"version-history":[{"count":0,"href":"https:\/\/www.altominho.tv\/site\/wp-json\/wp\/v2\/posts\/74996\/revisions"}],"wp:featuredmedia":[{"embeddable":true,"href":"https:\/\/www.altominho.tv\/site\/wp-json\/wp\/v2\/media\/74799"}],"wp:attachment":[{"href":"https:\/\/www.altominho.tv\/site\/wp-json\/wp\/v2\/media?parent=74996"}],"wp:term":[{"taxonomy":"category","embeddable":true,"href":"https:\/\/www.altominho.tv\/site\/wp-json\/wp\/v2\/categories?post=74996"},{"taxonomy":"post_tag","embeddable":true,"href":"https:\/\/www.altominho.tv\/site\/wp-json\/wp\/v2\/tags?post=74996"}],"curies":[{"name":"wp","href":"https:\/\/api.w.org\/{rel}","templated":true}]}}