{"id":74962,"date":"2022-01-17T15:57:09","date_gmt":"2022-01-17T15:57:09","guid":{"rendered":"https:\/\/www.altominho.tv\/site\/?p=74962"},"modified":"2022-02-28T11:09:27","modified_gmt":"2022-02-28T11:09:27","slug":"excesso-de-velocidade-e-falta-de-inspecao-lideram-infracoes-na-ultima-semana","status":"publish","type":"post","link":"https:\/\/www.altominho.tv\/site\/2022\/01\/17\/excesso-de-velocidade-e-falta-de-inspecao-lideram-infracoes-na-ultima-semana\/","title":{"rendered":"Excesso de velocidade e falta de inspe\u00e7\u00e3o lideram infra\u00e7\u00f5es na \u00faltima semana"},"content":{"rendered":"\n<p>O excesso de velocidade e a falta de inspe\u00e7\u00e3o peri\u00f3dica obrigat\u00f3ria lideram na lista das infra\u00e7\u00f5es registadas pela Guarda Nacional Republicana, na \u00faltima semana, no distrito de Viana do Castelo. <\/p>\n\n\n\n<p>O Comando Territorial de Viana do Castelo, deu nota que entre 10 e 16 de janeiro, foram registadas <span style=\"font-size: revert;color: initial;, sans-serif\">70 infra\u00e7\u00f5es por excesso de velocidade<\/span> e <span style=\"font-size: revert;color: initial;, sans-serif\">35 por falta de inspe\u00e7\u00e3o peri\u00f3dica obrigat\u00f3ria<\/span>. <\/p>\n\n\n\n<p>Ainda a n\u00edvel de tr\u00e2nsito, foram registadas <span style=\"font-size: revert;color: initial;, sans-serif\">20 infra\u00e7\u00f5es por uso indevido do telem\u00f3vel no exerc\u00edcio da condu\u00e7\u00e3o, 10 por falta de seguro de responsabilidade civil, 10 por falta ou incorreta utiliza\u00e7\u00e3o do cinto de seguran\u00e7a e\/ou sistema de reten\u00e7\u00e3o para crian\u00e7as, nove por condu\u00e7\u00e3o com taxa de \u00e1lcool no sangue superior ao permitido por lei e tr\u00eas por infra\u00e7\u00e3o aos tac\u00f3grafos.<\/span><\/p>\n\n\n\n<p>Neste per\u00edodo foram registados 31 acidentes, com nove feridos.<\/p>\n\n\n\n<p>Foram detidas 12 pessoas em flagrante, <span style=\"font-size: revert;color: initial;, sans-serif\">quatro por condu\u00e7\u00e3o sob o efeito do \u00e1lcool, tr\u00eas por tr\u00e1fico de estupefacientes, dois por condu\u00e7\u00e3o sem habilita\u00e7\u00e3o legal e um por deten\u00e7\u00e3o ou posse de arma proibida<\/span>. <\/p>\n\n\n\n<p>Foram ainda apreendidas 30&nbsp;doses de haxixe, 13 armas de fogo de diversos calibres, tr\u00eas armas de ar comprimido, uma soqueira e 153 muni\u00e7\u00f5es de diversos calibres.<\/p>\n\n\n\n<p>A GNR levantou 20 autos de contraordena\u00e7\u00e3o, 16 no \u00e2mbito do policiamento geral, tr\u00eas no \u00e2mbito&nbsp;da legisla\u00e7\u00e3o da prote\u00e7\u00e3o da natureza e do ambiente e um no \u00e2mbito do consumo de estupefacientes.<\/p>\n\n\n\n<p>Foram realizadas ainda diversas a\u00e7\u00f5es de sensibiliza\u00e7\u00e3o. <\/p>\n","protected":false},"excerpt":{"rendered":"<p>O excesso de velocidade e a falta de inspe\u00e7\u00e3o peri\u00f3dica obrigat\u00f3ria lideram na lista das infra\u00e7\u00f5es registadas pela Guarda Nacional Republicana, na \u00faltima semana, no distrito de Viana do Castelo. O Comando Territorial de Viana do Castelo, deu nota que entre 10 e 16 de janeiro, foram registadas 70 infra\u00e7\u00f5es por excesso de velocidade e [&hellip;]<\/p>\n","protected":false},"author":7,"featured_media":74968,"comment_status":"closed","ping_status":"closed","sticky":false,"template":"","format":"standard","meta":{"_exactmetrics_skip_tracking":false,"_exactmetrics_sitenote_active":false,"_exactmetrics_sitenote_note":"","_exactmetrics_sitenote_category":0,"footnotes":""},"categories":[73],"tags":[27],"class_list":["post-74962","post","type-post","status-publish","format-standard","has-post-thumbnail","hentry","category-alto-minho","tag-sociedade"],"yoast_head":"<!-- This site is optimized with the Yoast SEO Premium plugin v27.4 (Yoast SEO v27.4) - https:\/\/yoast.com\/product\/yoast-seo-premium-wordpress\/ -->\n<title>Excesso de velocidade e falta de inspe\u00e7\u00e3o lideram infra\u00e7\u00f5es na \u00faltima semana<\/title>\n<meta name=\"description\" content=\"O excesso de velocidade e a falta de inspe\u00e7\u00e3o peri\u00f3dica obrigat\u00f3ria lideram na lista das infra\u00e7\u00f5es registadas pela GNR, na \u00faltima semana.\" \/>\n<meta name=\"robots\" content=\"index, follow, max-snippet:-1, max-image-preview:large, max-video-preview:-1\" \/>\n<link rel=\"canonical\" href=\"https:\/\/www.altominho.tv\/site\/2022\/01\/17\/excesso-de-velocidade-e-falta-de-inspecao-lideram-infracoes-na-ultima-semana\/\" \/>\n<meta property=\"og:locale\" content=\"pt_PT\" \/>\n<meta property=\"og:type\" content=\"article\" \/>\n<meta property=\"og:title\" content=\"Excesso de velocidade e falta de inspe\u00e7\u00e3o lideram infra\u00e7\u00f5es na \u00faltima semana\" \/>\n<meta property=\"og:description\" content=\"O excesso de velocidade e a falta de inspe\u00e7\u00e3o peri\u00f3dica obrigat\u00f3ria lideram na lista das infra\u00e7\u00f5es registadas pela GNR, na \u00faltima semana.\" \/>\n<meta property=\"og:url\" content=\"https:\/\/www.altominho.tv\/site\/2022\/01\/17\/excesso-de-velocidade-e-falta-de-inspecao-lideram-infracoes-na-ultima-semana\/\" \/>\n<meta property=\"og:site_name\" content=\"Altominho.tv\" \/>\n<meta property=\"article:publisher\" content=\"https:\/\/www.facebook.com\/altominhotv\" \/>\n<meta property=\"article:published_time\" content=\"2022-01-17T15:57:09+00:00\" \/>\n<meta property=\"article:modified_time\" content=\"2022-02-28T11:09:27+00:00\" \/>\n<meta property=\"og:image\" content=\"https:\/\/www.altominho.tv\/site\/wp-content\/uploads\/2022\/01\/GNR-carro.jpg\" \/>\n\t<meta property=\"og:image:width\" content=\"1000\" \/>\n\t<meta property=\"og:image:height\" content=\"568\" \/>\n\t<meta property=\"og:image:type\" content=\"image\/jpeg\" \/>\n<meta name=\"author\" content=\"Andreia Cunha\" \/>\n<meta name=\"twitter:card\" content=\"summary_large_image\" \/>\n<meta name=\"twitter:creator\" content=\"@altominhoTV\" \/>\n<meta name=\"twitter:site\" content=\"@altominhoTV\" \/>\n<meta name=\"twitter:label1\" content=\"Escrito por\" \/>\n\t<meta name=\"twitter:data1\" content=\"Andreia Cunha\" \/>\n\t<meta name=\"twitter:label2\" content=\"Tempo estimado de leitura\" \/>\n\t<meta name=\"twitter:data2\" content=\"2 minutos\" \/>\n<script type=\"application\/ld+json\" class=\"yoast-schema-graph\">{\"@context\":\"https:\\\/\\\/schema.org\",\"@graph\":[{\"@type\":\"Article\",\"@id\":\"https:\\\/\\\/www.altominho.tv\\\/site\\\/2022\\\/01\\\/17\\\/excesso-de-velocidade-e-falta-de-inspecao-lideram-infracoes-na-ultima-semana\\\/#article\",\"isPartOf\":{\"@id\":\"https:\\\/\\\/www.altominho.tv\\\/site\\\/2022\\\/01\\\/17\\\/excesso-de-velocidade-e-falta-de-inspecao-lideram-infracoes-na-ultima-semana\\\/\"},\"author\":{\"name\":\"Andreia Cunha\",\"@id\":\"https:\\\/\\\/www.altominho.tv\\\/site\\\/#\\\/schema\\\/person\\\/a0e4ef6d041f98ca284393d8f1d97153\"},\"headline\":\"Excesso de velocidade e falta de inspe\u00e7\u00e3o lideram infra\u00e7\u00f5es na \u00faltima semana\",\"datePublished\":\"2022-01-17T15:57:09+00:00\",\"dateModified\":\"2022-02-28T11:09:27+00:00\",\"mainEntityOfPage\":{\"@id\":\"https:\\\/\\\/www.altominho.tv\\\/site\\\/2022\\\/01\\\/17\\\/excesso-de-velocidade-e-falta-de-inspecao-lideram-infracoes-na-ultima-semana\\\/\"},\"wordCount\":274,\"image\":{\"@id\":\"https:\\\/\\\/www.altominho.tv\\\/site\\\/2022\\\/01\\\/17\\\/excesso-de-velocidade-e-falta-de-inspecao-lideram-infracoes-na-ultima-semana\\\/#primaryimage\"},\"thumbnailUrl\":\"https:\\\/\\\/www.altominho.tv\\\/site\\\/wp-content\\\/uploads\\\/2022\\\/01\\\/GNR-carro.jpg\",\"keywords\":[\"Sociedade\"],\"articleSection\":[\"Alto Minho\"],\"inLanguage\":\"pt-PT\",\"copyrightYear\":\"2022\",\"copyrightHolder\":{\"@id\":\"https:\\\/\\\/www.altominho.tv\\\/site\\\/#organization\"}},{\"@type\":\"WebPage\",\"@id\":\"https:\\\/\\\/www.altominho.tv\\\/site\\\/2022\\\/01\\\/17\\\/excesso-de-velocidade-e-falta-de-inspecao-lideram-infracoes-na-ultima-semana\\\/\",\"url\":\"https:\\\/\\\/www.altominho.tv\\\/site\\\/2022\\\/01\\\/17\\\/excesso-de-velocidade-e-falta-de-inspecao-lideram-infracoes-na-ultima-semana\\\/\",\"name\":\"Excesso de velocidade e falta de inspe\u00e7\u00e3o lideram infra\u00e7\u00f5es na \u00faltima semana\",\"isPartOf\":{\"@id\":\"https:\\\/\\\/www.altominho.tv\\\/site\\\/#website\"},\"primaryImageOfPage\":{\"@id\":\"https:\\\/\\\/www.altominho.tv\\\/site\\\/2022\\\/01\\\/17\\\/excesso-de-velocidade-e-falta-de-inspecao-lideram-infracoes-na-ultima-semana\\\/#primaryimage\"},\"image\":{\"@id\":\"https:\\\/\\\/www.altominho.tv\\\/site\\\/2022\\\/01\\\/17\\\/excesso-de-velocidade-e-falta-de-inspecao-lideram-infracoes-na-ultima-semana\\\/#primaryimage\"},\"thumbnailUrl\":\"https:\\\/\\\/www.altominho.tv\\\/site\\\/wp-content\\\/uploads\\\/2022\\\/01\\\/GNR-carro.jpg\",\"datePublished\":\"2022-01-17T15:57:09+00:00\",\"dateModified\":\"2022-02-28T11:09:27+00:00\",\"author\":{\"@id\":\"https:\\\/\\\/www.altominho.tv\\\/site\\\/#\\\/schema\\\/person\\\/a0e4ef6d041f98ca284393d8f1d97153\"},\"description\":\"O excesso de velocidade e a falta de inspe\u00e7\u00e3o peri\u00f3dica obrigat\u00f3ria lideram na lista das infra\u00e7\u00f5es registadas pela GNR, na \u00faltima semana.\",\"breadcrumb\":{\"@id\":\"https:\\\/\\\/www.altominho.tv\\\/site\\\/2022\\\/01\\\/17\\\/excesso-de-velocidade-e-falta-de-inspecao-lideram-infracoes-na-ultima-semana\\\/#breadcrumb\"},\"inLanguage\":\"pt-PT\",\"potentialAction\":[{\"@type\":\"ReadAction\",\"target\":[\"https:\\\/\\\/www.altominho.tv\\\/site\\\/2022\\\/01\\\/17\\\/excesso-de-velocidade-e-falta-de-inspecao-lideram-infracoes-na-ultima-semana\\\/\"]}]},{\"@type\":\"ImageObject\",\"inLanguage\":\"pt-PT\",\"@id\":\"https:\\\/\\\/www.altominho.tv\\\/site\\\/2022\\\/01\\\/17\\\/excesso-de-velocidade-e-falta-de-inspecao-lideram-infracoes-na-ultima-semana\\\/#primaryimage\",\"url\":\"https:\\\/\\\/www.altominho.tv\\\/site\\\/wp-content\\\/uploads\\\/2022\\\/01\\\/GNR-carro.jpg\",\"contentUrl\":\"https:\\\/\\\/www.altominho.tv\\\/site\\\/wp-content\\\/uploads\\\/2022\\\/01\\\/GNR-carro.jpg\",\"width\":1000,\"height\":568},{\"@type\":\"BreadcrumbList\",\"@id\":\"https:\\\/\\\/www.altominho.tv\\\/site\\\/2022\\\/01\\\/17\\\/excesso-de-velocidade-e-falta-de-inspecao-lideram-infracoes-na-ultima-semana\\\/#breadcrumb\",\"itemListElement\":[{\"@type\":\"ListItem\",\"position\":1,\"name\":\"In\u00edcio\",\"item\":\"https:\\\/\\\/www.altominho.tv\\\/site\\\/\"},{\"@type\":\"ListItem\",\"position\":2,\"name\":\"Excesso de velocidade e falta de inspe\u00e7\u00e3o lideram infra\u00e7\u00f5es na \u00faltima semana\"}]},{\"@type\":\"WebSite\",\"@id\":\"https:\\\/\\\/www.altominho.tv\\\/site\\\/#website\",\"url\":\"https:\\\/\\\/www.altominho.tv\\\/site\\\/\",\"name\":\"Altominho.tv\",\"description\":\"A sua regi\u00e3o \u00e0 dist\u00e2ncia de um clique...\",\"potentialAction\":[{\"@type\":\"SearchAction\",\"target\":{\"@type\":\"EntryPoint\",\"urlTemplate\":\"https:\\\/\\\/www.altominho.tv\\\/site\\\/?s={search_term_string}\"},\"query-input\":{\"@type\":\"PropertyValueSpecification\",\"valueRequired\":true,\"valueName\":\"search_term_string\"}}],\"inLanguage\":\"pt-PT\"},{\"@type\":\"Person\",\"@id\":\"https:\\\/\\\/www.altominho.tv\\\/site\\\/#\\\/schema\\\/person\\\/a0e4ef6d041f98ca284393d8f1d97153\",\"name\":\"Andreia Cunha\",\"image\":{\"@type\":\"ImageObject\",\"inLanguage\":\"pt-PT\",\"@id\":\"https:\\\/\\\/www.altominho.tv\\\/site\\\/wp-content\\\/uploads\\\/2017\\\/11\\\/Andreia_Cunha-1-150x150.jpg\",\"url\":\"https:\\\/\\\/www.altominho.tv\\\/site\\\/wp-content\\\/uploads\\\/2017\\\/11\\\/Andreia_Cunha-1-150x150.jpg\",\"contentUrl\":\"https:\\\/\\\/www.altominho.tv\\\/site\\\/wp-content\\\/uploads\\\/2017\\\/11\\\/Andreia_Cunha-1-150x150.jpg\",\"caption\":\"Andreia Cunha\"},\"url\":\"https:\\\/\\\/www.altominho.tv\\\/site\\\/author\\\/andreiacunha\\\/\"}]}<\/script>\n<!-- \/ Yoast SEO Premium plugin. -->","yoast_head_json":{"title":"Excesso de velocidade e falta de inspe\u00e7\u00e3o lideram infra\u00e7\u00f5es na \u00faltima semana","description":"O excesso de velocidade e a falta de inspe\u00e7\u00e3o peri\u00f3dica obrigat\u00f3ria lideram na lista das infra\u00e7\u00f5es registadas pela GNR, na \u00faltima semana.","robots":{"index":"index","follow":"follow","max-snippet":"max-snippet:-1","max-image-preview":"max-image-preview:large","max-video-preview":"max-video-preview:-1"},"canonical":"https:\/\/www.altominho.tv\/site\/2022\/01\/17\/excesso-de-velocidade-e-falta-de-inspecao-lideram-infracoes-na-ultima-semana\/","og_locale":"pt_PT","og_type":"article","og_title":"Excesso de velocidade e falta de inspe\u00e7\u00e3o lideram infra\u00e7\u00f5es na \u00faltima semana","og_description":"O excesso de velocidade e a falta de inspe\u00e7\u00e3o peri\u00f3dica obrigat\u00f3ria lideram na lista das infra\u00e7\u00f5es registadas pela GNR, na \u00faltima semana.","og_url":"https:\/\/www.altominho.tv\/site\/2022\/01\/17\/excesso-de-velocidade-e-falta-de-inspecao-lideram-infracoes-na-ultima-semana\/","og_site_name":"Altominho.tv","article_publisher":"https:\/\/www.facebook.com\/altominhotv","article_published_time":"2022-01-17T15:57:09+00:00","article_modified_time":"2022-02-28T11:09:27+00:00","og_image":[{"width":1000,"height":568,"url":"https:\/\/www.altominho.tv\/site\/wp-content\/uploads\/2022\/01\/GNR-carro.jpg","type":"image\/jpeg"}],"author":"Andreia Cunha","twitter_card":"summary_large_image","twitter_creator":"@altominhoTV","twitter_site":"@altominhoTV","twitter_misc":{"Escrito por":"Andreia Cunha","Tempo estimado de leitura":"2 minutos"},"schema":{"@context":"https:\/\/schema.org","@graph":[{"@type":"Article","@id":"https:\/\/www.altominho.tv\/site\/2022\/01\/17\/excesso-de-velocidade-e-falta-de-inspecao-lideram-infracoes-na-ultima-semana\/#article","isPartOf":{"@id":"https:\/\/www.altominho.tv\/site\/2022\/01\/17\/excesso-de-velocidade-e-falta-de-inspecao-lideram-infracoes-na-ultima-semana\/"},"author":{"name":"Andreia Cunha","@id":"https:\/\/www.altominho.tv\/site\/#\/schema\/person\/a0e4ef6d041f98ca284393d8f1d97153"},"headline":"Excesso de velocidade e falta de inspe\u00e7\u00e3o lideram infra\u00e7\u00f5es na \u00faltima semana","datePublished":"2022-01-17T15:57:09+00:00","dateModified":"2022-02-28T11:09:27+00:00","mainEntityOfPage":{"@id":"https:\/\/www.altominho.tv\/site\/2022\/01\/17\/excesso-de-velocidade-e-falta-de-inspecao-lideram-infracoes-na-ultima-semana\/"},"wordCount":274,"image":{"@id":"https:\/\/www.altominho.tv\/site\/2022\/01\/17\/excesso-de-velocidade-e-falta-de-inspecao-lideram-infracoes-na-ultima-semana\/#primaryimage"},"thumbnailUrl":"https:\/\/www.altominho.tv\/site\/wp-content\/uploads\/2022\/01\/GNR-carro.jpg","keywords":["Sociedade"],"articleSection":["Alto Minho"],"inLanguage":"pt-PT","copyrightYear":"2022","copyrightHolder":{"@id":"https:\/\/www.altominho.tv\/site\/#organization"}},{"@type":"WebPage","@id":"https:\/\/www.altominho.tv\/site\/2022\/01\/17\/excesso-de-velocidade-e-falta-de-inspecao-lideram-infracoes-na-ultima-semana\/","url":"https:\/\/www.altominho.tv\/site\/2022\/01\/17\/excesso-de-velocidade-e-falta-de-inspecao-lideram-infracoes-na-ultima-semana\/","name":"Excesso de velocidade e falta de inspe\u00e7\u00e3o lideram infra\u00e7\u00f5es na \u00faltima semana","isPartOf":{"@id":"https:\/\/www.altominho.tv\/site\/#website"},"primaryImageOfPage":{"@id":"https:\/\/www.altominho.tv\/site\/2022\/01\/17\/excesso-de-velocidade-e-falta-de-inspecao-lideram-infracoes-na-ultima-semana\/#primaryimage"},"image":{"@id":"https:\/\/www.altominho.tv\/site\/2022\/01\/17\/excesso-de-velocidade-e-falta-de-inspecao-lideram-infracoes-na-ultima-semana\/#primaryimage"},"thumbnailUrl":"https:\/\/www.altominho.tv\/site\/wp-content\/uploads\/2022\/01\/GNR-carro.jpg","datePublished":"2022-01-17T15:57:09+00:00","dateModified":"2022-02-28T11:09:27+00:00","author":{"@id":"https:\/\/www.altominho.tv\/site\/#\/schema\/person\/a0e4ef6d041f98ca284393d8f1d97153"},"description":"O excesso de velocidade e a falta de inspe\u00e7\u00e3o peri\u00f3dica obrigat\u00f3ria lideram na lista das infra\u00e7\u00f5es registadas pela GNR, na \u00faltima semana.","breadcrumb":{"@id":"https:\/\/www.altominho.tv\/site\/2022\/01\/17\/excesso-de-velocidade-e-falta-de-inspecao-lideram-infracoes-na-ultima-semana\/#breadcrumb"},"inLanguage":"pt-PT","potentialAction":[{"@type":"ReadAction","target":["https:\/\/www.altominho.tv\/site\/2022\/01\/17\/excesso-de-velocidade-e-falta-de-inspecao-lideram-infracoes-na-ultima-semana\/"]}]},{"@type":"ImageObject","inLanguage":"pt-PT","@id":"https:\/\/www.altominho.tv\/site\/2022\/01\/17\/excesso-de-velocidade-e-falta-de-inspecao-lideram-infracoes-na-ultima-semana\/#primaryimage","url":"https:\/\/www.altominho.tv\/site\/wp-content\/uploads\/2022\/01\/GNR-carro.jpg","contentUrl":"https:\/\/www.altominho.tv\/site\/wp-content\/uploads\/2022\/01\/GNR-carro.jpg","width":1000,"height":568},{"@type":"BreadcrumbList","@id":"https:\/\/www.altominho.tv\/site\/2022\/01\/17\/excesso-de-velocidade-e-falta-de-inspecao-lideram-infracoes-na-ultima-semana\/#breadcrumb","itemListElement":[{"@type":"ListItem","position":1,"name":"In\u00edcio","item":"https:\/\/www.altominho.tv\/site\/"},{"@type":"ListItem","position":2,"name":"Excesso de velocidade e falta de inspe\u00e7\u00e3o lideram infra\u00e7\u00f5es na \u00faltima semana"}]},{"@type":"WebSite","@id":"https:\/\/www.altominho.tv\/site\/#website","url":"https:\/\/www.altominho.tv\/site\/","name":"Altominho.tv","description":"A sua regi\u00e3o \u00e0 dist\u00e2ncia de um clique...","potentialAction":[{"@type":"SearchAction","target":{"@type":"EntryPoint","urlTemplate":"https:\/\/www.altominho.tv\/site\/?s={search_term_string}"},"query-input":{"@type":"PropertyValueSpecification","valueRequired":true,"valueName":"search_term_string"}}],"inLanguage":"pt-PT"},{"@type":"Person","@id":"https:\/\/www.altominho.tv\/site\/#\/schema\/person\/a0e4ef6d041f98ca284393d8f1d97153","name":"Andreia Cunha","image":{"@type":"ImageObject","inLanguage":"pt-PT","@id":"https:\/\/www.altominho.tv\/site\/wp-content\/uploads\/2017\/11\/Andreia_Cunha-1-150x150.jpg","url":"https:\/\/www.altominho.tv\/site\/wp-content\/uploads\/2017\/11\/Andreia_Cunha-1-150x150.jpg","contentUrl":"https:\/\/www.altominho.tv\/site\/wp-content\/uploads\/2017\/11\/Andreia_Cunha-1-150x150.jpg","caption":"Andreia Cunha"},"url":"https:\/\/www.altominho.tv\/site\/author\/andreiacunha\/"}]}},"_links":{"self":[{"href":"https:\/\/www.altominho.tv\/site\/wp-json\/wp\/v2\/posts\/74962","targetHints":{"allow":["GET"]}}],"collection":[{"href":"https:\/\/www.altominho.tv\/site\/wp-json\/wp\/v2\/posts"}],"about":[{"href":"https:\/\/www.altominho.tv\/site\/wp-json\/wp\/v2\/types\/post"}],"author":[{"embeddable":true,"href":"https:\/\/www.altominho.tv\/site\/wp-json\/wp\/v2\/users\/7"}],"replies":[{"embeddable":true,"href":"https:\/\/www.altominho.tv\/site\/wp-json\/wp\/v2\/comments?post=74962"}],"version-history":[{"count":0,"href":"https:\/\/www.altominho.tv\/site\/wp-json\/wp\/v2\/posts\/74962\/revisions"}],"wp:featuredmedia":[{"embeddable":true,"href":"https:\/\/www.altominho.tv\/site\/wp-json\/wp\/v2\/media\/74968"}],"wp:attachment":[{"href":"https:\/\/www.altominho.tv\/site\/wp-json\/wp\/v2\/media?parent=74962"}],"wp:term":[{"taxonomy":"category","embeddable":true,"href":"https:\/\/www.altominho.tv\/site\/wp-json\/wp\/v2\/categories?post=74962"},{"taxonomy":"post_tag","embeddable":true,"href":"https:\/\/www.altominho.tv\/site\/wp-json\/wp\/v2\/tags?post=74962"}],"curies":[{"name":"wp","href":"https:\/\/api.w.org\/{rel}","templated":true}]}}