{"id":74898,"date":"2022-01-15T15:31:59","date_gmt":"2022-01-15T15:31:59","guid":{"rendered":"https:\/\/www.altominho.tv\/site\/?p=74898"},"modified":"2022-01-15T15:33:49","modified_gmt":"2022-01-15T15:33:49","slug":"rui-teixeira-assegura-que-o-atraso-na-ligacao-da-ferrovia-em-alta-velocidade-a-rede-espanhola-e-um-tempo-sem-retorno","status":"publish","type":"post","link":"https:\/\/www.altominho.tv\/site\/2022\/01\/15\/rui-teixeira-assegura-que-o-atraso-na-ligacao-da-ferrovia-em-alta-velocidade-a-rede-espanhola-e-um-tempo-sem-retorno\/","title":{"rendered":"Rui Teixeira assegura que &#8220;o atraso na liga\u00e7\u00e3o da ferrovia em alta velocidade \u00e0 rede espanhola \u00e9 um tempo sem retorno&#8221;"},"content":{"rendered":"<p>O diretor do AECT Rio Minho afirmou durante o Foro Ave Madrid-Ourense, que o \u201catraso\u201d na liga\u00e7\u00e3o da ferrovia da alta velocidade de Portugal \u00e0 rede espanhola \u201c\u00e9 tempo sem retorno\u201d e apontou o tro\u00e7o Porto\/Vigo como o \u201cmais importante\u201d.<\/p>\n<p>\u201cPortugal tem de entender o vosso trabalho aqui na ferrovia e na alta velocidade como uma \u00faltima oportunidade. N\u00e3o pode ser uma esp\u00e9cie de jangada de pedra. Todo o tempo que venha a perder-se na liga\u00e7\u00e3o da ferrovia portuguesa em alta velocidade \u00e0 rede espanhola \u00e9 um tempo sem retorno. Este \u00e9 um tempo decisivo\u201d, afirmou Rui Teixeira, citado numa nota enviada \u00e0 imprensa referente \u00e0 sua interven\u00e7\u00e3o num encontro em Ourense, Galiza.<\/p>\n<p>O respons\u00e1vel do Agrupamento Europeu de Coopera\u00e7\u00e3o Territorial (AECT) Rio Minho apontou a liga\u00e7\u00e3o internacional entre as cidades do Porto e Vigo como a \u201cmais importante entre Portugal e Espanha, em termos de volume de tr\u00e1fego, superando mesmo a liga\u00e7\u00e3o Lisboa-Madrid\u201d.<\/p>\n<p>O socialista Rui Teixeira, que \u00e9 tamb\u00e9m presidente da C\u00e2mara de Vila Nova de Cerveira, no distrito de Viana do Castelo, disse ser \u201cincompreens\u00edvel que algumas etapas de ferrovia ainda estejam pendentes em 2022\u201d.<\/p>\n<p>\u201cAs liga\u00e7\u00f5es entre Portugal e Espanha, mais concretamente entre Portugal e a Galiza, s\u00e3o vitais e nunca suficientes. A alta velocidade \u00e9 important\u00edssima para atrair turismo, garantir competitividade da economia e melhorar decisivamente a qualidade de vida e a mobilidade dos cidad\u00e3os\u201d, assegurou durante o f\u00f3rum \u201cAve[comboio de alta velocidade] Madrid &#8211; Ourense: Um caminho para a Galiza: desafios e oportunidades&#8217;, hoje realizado na Expourense.<\/p>\n<p>Rui Teixeira, o \u201c\u00fanico\u201d orador portugu\u00eas convidado a abordar a \u201cincontest\u00e1vel\u201d import\u00e2ncia da liga\u00e7\u00e3o ferrovi\u00e1ria entre Portugal e Espanha, e \u201cpartilhar\u201d a experi\u00eancia do territ\u00f3rio transfronteiri\u00e7o Norte de Portugal-Galiza, destacou que tem sido \u201cadiada sucessivamente a necessidade de regionalizar o pa\u00eds, o que desembocou numa macrocefalia asfixiante\u201d.<\/p>\n<p>\u201cEsta macrocefalia culmina na aus\u00eancia de investimentos fora da capital, por exemplo, no quase eterno adiamento das linhas de alta velocidade\u201d, afirmou citado na nota enviada pela C\u00e2mara de Vila Nova de Cerveira.<\/p>\n<p>O f\u00f3rum, que contou com a presen\u00e7a de v\u00e1rias entidades governamentais espanholas, assinalou o arranque da alta velocidade espanhola, entre Madrid e Ourense.<\/p>\n\n\n<figure class=\"wp-block-image size-large\"><img loading=\"lazy\" decoding=\"async\" width=\"1024\" height=\"499\" src=\"https:\/\/www.altominho.tv\/site\/wp-content\/uploads\/2022\/01\/Foro_AVE_Madrid_Ourense-1024x499.jpg\" alt=\"\" class=\"wp-image-74900\" srcset=\"https:\/\/www.altominho.tv\/site\/wp-content\/uploads\/2022\/01\/Foro_AVE_Madrid_Ourense-1024x499.jpg 1024w, https:\/\/www.altominho.tv\/site\/wp-content\/uploads\/2022\/01\/Foro_AVE_Madrid_Ourense-770x376.jpg 770w, https:\/\/www.altominho.tv\/site\/wp-content\/uploads\/2022\/01\/Foro_AVE_Madrid_Ourense-768x375.jpg 768w, https:\/\/www.altominho.tv\/site\/wp-content\/uploads\/2022\/01\/Foro_AVE_Madrid_Ourense-1536x749.jpg 1536w, https:\/\/www.altominho.tv\/site\/wp-content\/uploads\/2022\/01\/Foro_AVE_Madrid_Ourense-2048x999.jpg 2048w, https:\/\/www.altominho.tv\/site\/wp-content\/uploads\/2022\/01\/Foro_AVE_Madrid_Ourense-370x180.jpg 370w, https:\/\/www.altominho.tv\/site\/wp-content\/uploads\/2022\/01\/Foro_AVE_Madrid_Ourense-270x132.jpg 270w, https:\/\/www.altominho.tv\/site\/wp-content\/uploads\/2022\/01\/Foro_AVE_Madrid_Ourense-570x278.jpg 570w, https:\/\/www.altominho.tv\/site\/wp-content\/uploads\/2022\/01\/Foro_AVE_Madrid_Ourense-740x361.jpg 740w\" sizes=\"auto, (max-width: 1024px) 100vw, 1024px\" \/><\/figure>\n\n\n<p>O primeiro AVE entre Madrid e a comunidade aut\u00f3noma da Galiza, Espanha, deu entrada na esta\u00e7\u00e3o de A Gudi\u00f1a, em Ourense, no dia 21 de dezembro \u00faltimo.<\/p>\n<p>A viagem inaugural contou com a presen\u00e7a do rei de Espanha, Filipe VI, e do Presidente do Governo espanhol, Pedro Sanch\u00e9z, e demorou 02h15.<\/p>\n<p>Durante a sua interven\u00e7\u00e3o, na presen\u00e7a do presidente da Junta de Galiza, Alberto N\u00fanez Feij\u00f3o, o ex-ministro do Fomento, Jos\u00e9 Blanco L\u00f3pez, e a vice-presidente do Congresso dos Deputados e ex-ministra do Fomento, Ana Pastor Juli\u00e1n, o diretor do AECT Rio Minho, elogiou \u201co trabalho de grande desenvolvimento e virado para o futuro\u201d que a Galiza tem realizado, com \u201cuma forte aposta nas grandes vias de comunica\u00e7\u00e3o\u201d.<\/p>\n<p>\u201c\u00c9 por isso que estradas, portos e ferrovias foram prioridades desta grande regi\u00e3o. Estar a celebrar a viagem entre Ourense e Madrid, com conforto e seguran\u00e7a, em pouco mais de duas horas \u00e9 celebrar o presente e garantir o futuro comum\u201d, afirmou Rui Teixeira.<\/p>\n<p>O autarca socialista, que participou no painel \u201cUm caminho por completar: as etapas pendentes\u201d, Rui Teixeira destacou os dois \u00faltimos anos de \u201clideran\u00e7a, trabalho persistente e entusiasta&#8221; de Pedro Nuno Santos no Minist\u00e9rio das Infraestruturas.<\/p>\n<p>\u201cA moderniza\u00e7\u00e3o da ferrovia e a necessidade de investir em linhas de alta velocidade foi recolocada nas prioridades do discurso pol\u00edtico. H\u00e1 um plano concreto de investimento, que est\u00e1 aprovado e que consiste na liga\u00e7\u00e3o ferrovi\u00e1ria de alta velocidade entre o Norte de Portugal e a Galiza, planeada no Programa Nacional de Investimento 2030, com a constru\u00e7\u00e3o da primeira fase da linha de alta velocidade entre o Porto e Vigo (\u2026) passando-se de uma viagem de 02h20 atuais para cerca de uma hora\u201d, sublinhou Rui Teixeira.<\/p>\n\n\n<figure class=\"wp-block-image size-large\"><img loading=\"lazy\" decoding=\"async\" width=\"1024\" height=\"722\" src=\"https:\/\/www.altominho.tv\/site\/wp-content\/uploads\/2022\/01\/Foro_AVE_Madrid_Ourense_2-1024x722.jpg\" alt=\"\" class=\"wp-image-74901\" srcset=\"https:\/\/www.altominho.tv\/site\/wp-content\/uploads\/2022\/01\/Foro_AVE_Madrid_Ourense_2-1024x722.jpg 1024w, https:\/\/www.altominho.tv\/site\/wp-content\/uploads\/2022\/01\/Foro_AVE_Madrid_Ourense_2-614x433.jpg 614w, https:\/\/www.altominho.tv\/site\/wp-content\/uploads\/2022\/01\/Foro_AVE_Madrid_Ourense_2-768x542.jpg 768w, https:\/\/www.altominho.tv\/site\/wp-content\/uploads\/2022\/01\/Foro_AVE_Madrid_Ourense_2-370x261.jpg 370w, https:\/\/www.altominho.tv\/site\/wp-content\/uploads\/2022\/01\/Foro_AVE_Madrid_Ourense_2-270x191.jpg 270w, https:\/\/www.altominho.tv\/site\/wp-content\/uploads\/2022\/01\/Foro_AVE_Madrid_Ourense_2-570x402.jpg 570w, https:\/\/www.altominho.tv\/site\/wp-content\/uploads\/2022\/01\/Foro_AVE_Madrid_Ourense_2-740x522.jpg 740w, https:\/\/www.altominho.tv\/site\/wp-content\/uploads\/2022\/01\/Foro_AVE_Madrid_Ourense_2.jpg 1440w\" sizes=\"auto, (max-width: 1024px) 100vw, 1024px\" \/><\/figure>\n","protected":false},"excerpt":{"rendered":"<p>O diretor do AECT Rio Minho afirmou durante o Foro Ave Madrid-Ourense, que o \u201catraso\u201d na liga\u00e7\u00e3o da ferrovia da alta velocidade de Portugal \u00e0 rede espanhola \u201c\u00e9 tempo sem retorno\u201d e apontou o tro\u00e7o Porto\/Vigo como o \u201cmais importante\u201d. \u201cPortugal tem de entender o vosso trabalho aqui na ferrovia e na alta velocidade como [&hellip;]<\/p>\n","protected":false},"author":13,"featured_media":74899,"comment_status":"closed","ping_status":"closed","sticky":false,"template":"","format":"standard","meta":{"_exactmetrics_skip_tracking":false,"_exactmetrics_sitenote_active":false,"_exactmetrics_sitenote_note":"","_exactmetrics_sitenote_category":0,"footnotes":""},"categories":[15],"tags":[21],"class_list":["post-74898","post","type-post","status-publish","format-standard","has-post-thumbnail","hentry","category-vila-nova-de-cerveira","tag-economia"],"yoast_head":"<!-- This site is optimized with the Yoast SEO Premium plugin v27.4 (Yoast SEO v27.4) - https:\/\/yoast.com\/product\/yoast-seo-premium-wordpress\/ -->\n<title>Rui Teixeira assegura que &quot;o atraso na liga\u00e7\u00e3o da ferrovia em alta velocidade \u00e0 rede espanhola \u00e9 um tempo sem retorno&quot;<\/title>\n<meta name=\"robots\" content=\"index, follow, max-snippet:-1, max-image-preview:large, max-video-preview:-1\" \/>\n<link rel=\"canonical\" href=\"https:\/\/www.altominho.tv\/site\/2022\/01\/15\/rui-teixeira-assegura-que-o-atraso-na-ligacao-da-ferrovia-em-alta-velocidade-a-rede-espanhola-e-um-tempo-sem-retorno\/\" \/>\n<meta property=\"og:locale\" content=\"pt_PT\" \/>\n<meta property=\"og:type\" content=\"article\" \/>\n<meta property=\"og:title\" content=\"Rui Teixeira assegura que &quot;o atraso na liga\u00e7\u00e3o da ferrovia em alta velocidade \u00e0 rede espanhola \u00e9 um tempo sem retorno&quot;\" \/>\n<meta property=\"og:description\" content=\"O diretor do AECT Rio Minho afirmou durante o Foro Ave Madrid-Ourense, que o \u201catraso\u201d na liga\u00e7\u00e3o da ferrovia da alta velocidade de Portugal \u00e0 rede espanhola \u201c\u00e9 tempo sem retorno\u201d e apontou o tro\u00e7o Porto\/Vigo como o \u201cmais importante\u201d. \u201cPortugal tem de entender o vosso trabalho aqui na ferrovia e na alta velocidade como [&hellip;]\" \/>\n<meta property=\"og:url\" content=\"https:\/\/www.altominho.tv\/site\/2022\/01\/15\/rui-teixeira-assegura-que-o-atraso-na-ligacao-da-ferrovia-em-alta-velocidade-a-rede-espanhola-e-um-tempo-sem-retorno\/\" \/>\n<meta property=\"og:site_name\" content=\"Altominho.tv\" \/>\n<meta property=\"article:publisher\" content=\"https:\/\/www.facebook.com\/altominhotv\" \/>\n<meta property=\"article:published_time\" content=\"2022-01-15T15:31:59+00:00\" \/>\n<meta property=\"article:modified_time\" content=\"2022-01-15T15:33:49+00:00\" \/>\n<meta property=\"og:image\" content=\"https:\/\/www.altominho.tv\/site\/wp-content\/uploads\/2022\/01\/Rui_Teixeira_ATV.jpg\" \/>\n\t<meta property=\"og:image:width\" content=\"1400\" \/>\n\t<meta property=\"og:image:height\" content=\"779\" \/>\n\t<meta property=\"og:image:type\" content=\"image\/jpeg\" \/>\n<meta name=\"author\" content=\"Lusa\" \/>\n<meta name=\"twitter:card\" content=\"summary_large_image\" \/>\n<meta name=\"twitter:creator\" content=\"@altominhoTV\" \/>\n<meta name=\"twitter:site\" content=\"@altominhoTV\" \/>\n<meta name=\"twitter:label1\" content=\"Escrito por\" \/>\n\t<meta name=\"twitter:data1\" content=\"Lusa\" \/>\n\t<meta name=\"twitter:label2\" content=\"Tempo estimado de leitura\" \/>\n\t<meta name=\"twitter:data2\" content=\"4 minutos\" \/>\n<script type=\"application\/ld+json\" class=\"yoast-schema-graph\">{\"@context\":\"https:\\\/\\\/schema.org\",\"@graph\":[{\"@type\":\"Article\",\"@id\":\"https:\\\/\\\/www.altominho.tv\\\/site\\\/2022\\\/01\\\/15\\\/rui-teixeira-assegura-que-o-atraso-na-ligacao-da-ferrovia-em-alta-velocidade-a-rede-espanhola-e-um-tempo-sem-retorno\\\/#article\",\"isPartOf\":{\"@id\":\"https:\\\/\\\/www.altominho.tv\\\/site\\\/2022\\\/01\\\/15\\\/rui-teixeira-assegura-que-o-atraso-na-ligacao-da-ferrovia-em-alta-velocidade-a-rede-espanhola-e-um-tempo-sem-retorno\\\/\"},\"author\":{\"name\":\"Lusa\",\"@id\":\"https:\\\/\\\/www.altominho.tv\\\/site\\\/#\\\/schema\\\/person\\\/63f693da3e1899361cbe955c46f3232e\"},\"headline\":\"Rui Teixeira assegura que &#8220;o atraso na liga\u00e7\u00e3o da ferrovia em alta velocidade \u00e0 rede espanhola \u00e9 um tempo sem retorno&#8221;\",\"datePublished\":\"2022-01-15T15:31:59+00:00\",\"dateModified\":\"2022-01-15T15:33:49+00:00\",\"mainEntityOfPage\":{\"@id\":\"https:\\\/\\\/www.altominho.tv\\\/site\\\/2022\\\/01\\\/15\\\/rui-teixeira-assegura-que-o-atraso-na-ligacao-da-ferrovia-em-alta-velocidade-a-rede-espanhola-e-um-tempo-sem-retorno\\\/\"},\"wordCount\":700,\"image\":{\"@id\":\"https:\\\/\\\/www.altominho.tv\\\/site\\\/2022\\\/01\\\/15\\\/rui-teixeira-assegura-que-o-atraso-na-ligacao-da-ferrovia-em-alta-velocidade-a-rede-espanhola-e-um-tempo-sem-retorno\\\/#primaryimage\"},\"thumbnailUrl\":\"https:\\\/\\\/www.altominho.tv\\\/site\\\/wp-content\\\/uploads\\\/2022\\\/01\\\/Rui_Teixeira_ATV.jpg\",\"keywords\":[\"Economia\"],\"articleSection\":[\"Vila Nova de Cerveira\"],\"inLanguage\":\"pt-PT\",\"copyrightYear\":\"2022\",\"copyrightHolder\":{\"@id\":\"https:\\\/\\\/www.altominho.tv\\\/site\\\/#organization\"}},{\"@type\":\"WebPage\",\"@id\":\"https:\\\/\\\/www.altominho.tv\\\/site\\\/2022\\\/01\\\/15\\\/rui-teixeira-assegura-que-o-atraso-na-ligacao-da-ferrovia-em-alta-velocidade-a-rede-espanhola-e-um-tempo-sem-retorno\\\/\",\"url\":\"https:\\\/\\\/www.altominho.tv\\\/site\\\/2022\\\/01\\\/15\\\/rui-teixeira-assegura-que-o-atraso-na-ligacao-da-ferrovia-em-alta-velocidade-a-rede-espanhola-e-um-tempo-sem-retorno\\\/\",\"name\":\"Rui Teixeira assegura que \\\"o atraso na liga\u00e7\u00e3o da ferrovia em alta velocidade \u00e0 rede espanhola \u00e9 um tempo sem retorno\\\"\",\"isPartOf\":{\"@id\":\"https:\\\/\\\/www.altominho.tv\\\/site\\\/#website\"},\"primaryImageOfPage\":{\"@id\":\"https:\\\/\\\/www.altominho.tv\\\/site\\\/2022\\\/01\\\/15\\\/rui-teixeira-assegura-que-o-atraso-na-ligacao-da-ferrovia-em-alta-velocidade-a-rede-espanhola-e-um-tempo-sem-retorno\\\/#primaryimage\"},\"image\":{\"@id\":\"https:\\\/\\\/www.altominho.tv\\\/site\\\/2022\\\/01\\\/15\\\/rui-teixeira-assegura-que-o-atraso-na-ligacao-da-ferrovia-em-alta-velocidade-a-rede-espanhola-e-um-tempo-sem-retorno\\\/#primaryimage\"},\"thumbnailUrl\":\"https:\\\/\\\/www.altominho.tv\\\/site\\\/wp-content\\\/uploads\\\/2022\\\/01\\\/Rui_Teixeira_ATV.jpg\",\"datePublished\":\"2022-01-15T15:31:59+00:00\",\"dateModified\":\"2022-01-15T15:33:49+00:00\",\"author\":{\"@id\":\"https:\\\/\\\/www.altominho.tv\\\/site\\\/#\\\/schema\\\/person\\\/63f693da3e1899361cbe955c46f3232e\"},\"breadcrumb\":{\"@id\":\"https:\\\/\\\/www.altominho.tv\\\/site\\\/2022\\\/01\\\/15\\\/rui-teixeira-assegura-que-o-atraso-na-ligacao-da-ferrovia-em-alta-velocidade-a-rede-espanhola-e-um-tempo-sem-retorno\\\/#breadcrumb\"},\"inLanguage\":\"pt-PT\",\"potentialAction\":[{\"@type\":\"ReadAction\",\"target\":[\"https:\\\/\\\/www.altominho.tv\\\/site\\\/2022\\\/01\\\/15\\\/rui-teixeira-assegura-que-o-atraso-na-ligacao-da-ferrovia-em-alta-velocidade-a-rede-espanhola-e-um-tempo-sem-retorno\\\/\"]}]},{\"@type\":\"ImageObject\",\"inLanguage\":\"pt-PT\",\"@id\":\"https:\\\/\\\/www.altominho.tv\\\/site\\\/2022\\\/01\\\/15\\\/rui-teixeira-assegura-que-o-atraso-na-ligacao-da-ferrovia-em-alta-velocidade-a-rede-espanhola-e-um-tempo-sem-retorno\\\/#primaryimage\",\"url\":\"https:\\\/\\\/www.altominho.tv\\\/site\\\/wp-content\\\/uploads\\\/2022\\\/01\\\/Rui_Teixeira_ATV.jpg\",\"contentUrl\":\"https:\\\/\\\/www.altominho.tv\\\/site\\\/wp-content\\\/uploads\\\/2022\\\/01\\\/Rui_Teixeira_ATV.jpg\",\"width\":1400,\"height\":779},{\"@type\":\"BreadcrumbList\",\"@id\":\"https:\\\/\\\/www.altominho.tv\\\/site\\\/2022\\\/01\\\/15\\\/rui-teixeira-assegura-que-o-atraso-na-ligacao-da-ferrovia-em-alta-velocidade-a-rede-espanhola-e-um-tempo-sem-retorno\\\/#breadcrumb\",\"itemListElement\":[{\"@type\":\"ListItem\",\"position\":1,\"name\":\"In\u00edcio\",\"item\":\"https:\\\/\\\/www.altominho.tv\\\/site\\\/\"},{\"@type\":\"ListItem\",\"position\":2,\"name\":\"Rui Teixeira assegura que &#8220;o atraso na liga\u00e7\u00e3o da ferrovia em alta velocidade \u00e0 rede espanhola \u00e9 um tempo sem retorno&#8221;\"}]},{\"@type\":\"WebSite\",\"@id\":\"https:\\\/\\\/www.altominho.tv\\\/site\\\/#website\",\"url\":\"https:\\\/\\\/www.altominho.tv\\\/site\\\/\",\"name\":\"Altominho.tv\",\"description\":\"A sua regi\u00e3o \u00e0 dist\u00e2ncia de um clique...\",\"potentialAction\":[{\"@type\":\"SearchAction\",\"target\":{\"@type\":\"EntryPoint\",\"urlTemplate\":\"https:\\\/\\\/www.altominho.tv\\\/site\\\/?s={search_term_string}\"},\"query-input\":{\"@type\":\"PropertyValueSpecification\",\"valueRequired\":true,\"valueName\":\"search_term_string\"}}],\"inLanguage\":\"pt-PT\"},{\"@type\":\"Person\",\"@id\":\"https:\\\/\\\/www.altominho.tv\\\/site\\\/#\\\/schema\\\/person\\\/63f693da3e1899361cbe955c46f3232e\",\"name\":\"Lusa\",\"image\":{\"@type\":\"ImageObject\",\"inLanguage\":\"pt-PT\",\"@id\":\"https:\\\/\\\/www.altominho.tv\\\/site\\\/wp-content\\\/uploads\\\/2019\\\/08\\\/LUSA_Logo.gif\",\"url\":\"https:\\\/\\\/www.altominho.tv\\\/site\\\/wp-content\\\/uploads\\\/2019\\\/08\\\/LUSA_Logo.gif\",\"contentUrl\":\"https:\\\/\\\/www.altominho.tv\\\/site\\\/wp-content\\\/uploads\\\/2019\\\/08\\\/LUSA_Logo.gif\",\"caption\":\"Lusa\"},\"sameAs\":[\"http:\\\/\\\/\\\/\\\/www.altominho.tv\\\/site\"],\"url\":\"https:\\\/\\\/www.altominho.tv\\\/site\\\/author\\\/lusa\\\/\"}]}<\/script>\n<!-- \/ Yoast SEO Premium plugin. -->","yoast_head_json":{"title":"Rui Teixeira assegura que \"o atraso na liga\u00e7\u00e3o da ferrovia em alta velocidade \u00e0 rede espanhola \u00e9 um tempo sem retorno\"","robots":{"index":"index","follow":"follow","max-snippet":"max-snippet:-1","max-image-preview":"max-image-preview:large","max-video-preview":"max-video-preview:-1"},"canonical":"https:\/\/www.altominho.tv\/site\/2022\/01\/15\/rui-teixeira-assegura-que-o-atraso-na-ligacao-da-ferrovia-em-alta-velocidade-a-rede-espanhola-e-um-tempo-sem-retorno\/","og_locale":"pt_PT","og_type":"article","og_title":"Rui Teixeira assegura que \"o atraso na liga\u00e7\u00e3o da ferrovia em alta velocidade \u00e0 rede espanhola \u00e9 um tempo sem retorno\"","og_description":"O diretor do AECT Rio Minho afirmou durante o Foro Ave Madrid-Ourense, que o \u201catraso\u201d na liga\u00e7\u00e3o da ferrovia da alta velocidade de Portugal \u00e0 rede espanhola \u201c\u00e9 tempo sem retorno\u201d e apontou o tro\u00e7o Porto\/Vigo como o \u201cmais importante\u201d. \u201cPortugal tem de entender o vosso trabalho aqui na ferrovia e na alta velocidade como [&hellip;]","og_url":"https:\/\/www.altominho.tv\/site\/2022\/01\/15\/rui-teixeira-assegura-que-o-atraso-na-ligacao-da-ferrovia-em-alta-velocidade-a-rede-espanhola-e-um-tempo-sem-retorno\/","og_site_name":"Altominho.tv","article_publisher":"https:\/\/www.facebook.com\/altominhotv","article_published_time":"2022-01-15T15:31:59+00:00","article_modified_time":"2022-01-15T15:33:49+00:00","og_image":[{"width":1400,"height":779,"url":"https:\/\/www.altominho.tv\/site\/wp-content\/uploads\/2022\/01\/Rui_Teixeira_ATV.jpg","type":"image\/jpeg"}],"author":"Lusa","twitter_card":"summary_large_image","twitter_creator":"@altominhoTV","twitter_site":"@altominhoTV","twitter_misc":{"Escrito por":"Lusa","Tempo estimado de leitura":"4 minutos"},"schema":{"@context":"https:\/\/schema.org","@graph":[{"@type":"Article","@id":"https:\/\/www.altominho.tv\/site\/2022\/01\/15\/rui-teixeira-assegura-que-o-atraso-na-ligacao-da-ferrovia-em-alta-velocidade-a-rede-espanhola-e-um-tempo-sem-retorno\/#article","isPartOf":{"@id":"https:\/\/www.altominho.tv\/site\/2022\/01\/15\/rui-teixeira-assegura-que-o-atraso-na-ligacao-da-ferrovia-em-alta-velocidade-a-rede-espanhola-e-um-tempo-sem-retorno\/"},"author":{"name":"Lusa","@id":"https:\/\/www.altominho.tv\/site\/#\/schema\/person\/63f693da3e1899361cbe955c46f3232e"},"headline":"Rui Teixeira assegura que &#8220;o atraso na liga\u00e7\u00e3o da ferrovia em alta velocidade \u00e0 rede espanhola \u00e9 um tempo sem retorno&#8221;","datePublished":"2022-01-15T15:31:59+00:00","dateModified":"2022-01-15T15:33:49+00:00","mainEntityOfPage":{"@id":"https:\/\/www.altominho.tv\/site\/2022\/01\/15\/rui-teixeira-assegura-que-o-atraso-na-ligacao-da-ferrovia-em-alta-velocidade-a-rede-espanhola-e-um-tempo-sem-retorno\/"},"wordCount":700,"image":{"@id":"https:\/\/www.altominho.tv\/site\/2022\/01\/15\/rui-teixeira-assegura-que-o-atraso-na-ligacao-da-ferrovia-em-alta-velocidade-a-rede-espanhola-e-um-tempo-sem-retorno\/#primaryimage"},"thumbnailUrl":"https:\/\/www.altominho.tv\/site\/wp-content\/uploads\/2022\/01\/Rui_Teixeira_ATV.jpg","keywords":["Economia"],"articleSection":["Vila Nova de Cerveira"],"inLanguage":"pt-PT","copyrightYear":"2022","copyrightHolder":{"@id":"https:\/\/www.altominho.tv\/site\/#organization"}},{"@type":"WebPage","@id":"https:\/\/www.altominho.tv\/site\/2022\/01\/15\/rui-teixeira-assegura-que-o-atraso-na-ligacao-da-ferrovia-em-alta-velocidade-a-rede-espanhola-e-um-tempo-sem-retorno\/","url":"https:\/\/www.altominho.tv\/site\/2022\/01\/15\/rui-teixeira-assegura-que-o-atraso-na-ligacao-da-ferrovia-em-alta-velocidade-a-rede-espanhola-e-um-tempo-sem-retorno\/","name":"Rui Teixeira assegura que \"o atraso na liga\u00e7\u00e3o da ferrovia em alta velocidade \u00e0 rede espanhola \u00e9 um tempo sem retorno\"","isPartOf":{"@id":"https:\/\/www.altominho.tv\/site\/#website"},"primaryImageOfPage":{"@id":"https:\/\/www.altominho.tv\/site\/2022\/01\/15\/rui-teixeira-assegura-que-o-atraso-na-ligacao-da-ferrovia-em-alta-velocidade-a-rede-espanhola-e-um-tempo-sem-retorno\/#primaryimage"},"image":{"@id":"https:\/\/www.altominho.tv\/site\/2022\/01\/15\/rui-teixeira-assegura-que-o-atraso-na-ligacao-da-ferrovia-em-alta-velocidade-a-rede-espanhola-e-um-tempo-sem-retorno\/#primaryimage"},"thumbnailUrl":"https:\/\/www.altominho.tv\/site\/wp-content\/uploads\/2022\/01\/Rui_Teixeira_ATV.jpg","datePublished":"2022-01-15T15:31:59+00:00","dateModified":"2022-01-15T15:33:49+00:00","author":{"@id":"https:\/\/www.altominho.tv\/site\/#\/schema\/person\/63f693da3e1899361cbe955c46f3232e"},"breadcrumb":{"@id":"https:\/\/www.altominho.tv\/site\/2022\/01\/15\/rui-teixeira-assegura-que-o-atraso-na-ligacao-da-ferrovia-em-alta-velocidade-a-rede-espanhola-e-um-tempo-sem-retorno\/#breadcrumb"},"inLanguage":"pt-PT","potentialAction":[{"@type":"ReadAction","target":["https:\/\/www.altominho.tv\/site\/2022\/01\/15\/rui-teixeira-assegura-que-o-atraso-na-ligacao-da-ferrovia-em-alta-velocidade-a-rede-espanhola-e-um-tempo-sem-retorno\/"]}]},{"@type":"ImageObject","inLanguage":"pt-PT","@id":"https:\/\/www.altominho.tv\/site\/2022\/01\/15\/rui-teixeira-assegura-que-o-atraso-na-ligacao-da-ferrovia-em-alta-velocidade-a-rede-espanhola-e-um-tempo-sem-retorno\/#primaryimage","url":"https:\/\/www.altominho.tv\/site\/wp-content\/uploads\/2022\/01\/Rui_Teixeira_ATV.jpg","contentUrl":"https:\/\/www.altominho.tv\/site\/wp-content\/uploads\/2022\/01\/Rui_Teixeira_ATV.jpg","width":1400,"height":779},{"@type":"BreadcrumbList","@id":"https:\/\/www.altominho.tv\/site\/2022\/01\/15\/rui-teixeira-assegura-que-o-atraso-na-ligacao-da-ferrovia-em-alta-velocidade-a-rede-espanhola-e-um-tempo-sem-retorno\/#breadcrumb","itemListElement":[{"@type":"ListItem","position":1,"name":"In\u00edcio","item":"https:\/\/www.altominho.tv\/site\/"},{"@type":"ListItem","position":2,"name":"Rui Teixeira assegura que &#8220;o atraso na liga\u00e7\u00e3o da ferrovia em alta velocidade \u00e0 rede espanhola \u00e9 um tempo sem retorno&#8221;"}]},{"@type":"WebSite","@id":"https:\/\/www.altominho.tv\/site\/#website","url":"https:\/\/www.altominho.tv\/site\/","name":"Altominho.tv","description":"A sua regi\u00e3o \u00e0 dist\u00e2ncia de um clique...","potentialAction":[{"@type":"SearchAction","target":{"@type":"EntryPoint","urlTemplate":"https:\/\/www.altominho.tv\/site\/?s={search_term_string}"},"query-input":{"@type":"PropertyValueSpecification","valueRequired":true,"valueName":"search_term_string"}}],"inLanguage":"pt-PT"},{"@type":"Person","@id":"https:\/\/www.altominho.tv\/site\/#\/schema\/person\/63f693da3e1899361cbe955c46f3232e","name":"Lusa","image":{"@type":"ImageObject","inLanguage":"pt-PT","@id":"https:\/\/www.altominho.tv\/site\/wp-content\/uploads\/2019\/08\/LUSA_Logo.gif","url":"https:\/\/www.altominho.tv\/site\/wp-content\/uploads\/2019\/08\/LUSA_Logo.gif","contentUrl":"https:\/\/www.altominho.tv\/site\/wp-content\/uploads\/2019\/08\/LUSA_Logo.gif","caption":"Lusa"},"sameAs":["http:\/\/\/\/www.altominho.tv\/site"],"url":"https:\/\/www.altominho.tv\/site\/author\/lusa\/"}]}},"_links":{"self":[{"href":"https:\/\/www.altominho.tv\/site\/wp-json\/wp\/v2\/posts\/74898","targetHints":{"allow":["GET"]}}],"collection":[{"href":"https:\/\/www.altominho.tv\/site\/wp-json\/wp\/v2\/posts"}],"about":[{"href":"https:\/\/www.altominho.tv\/site\/wp-json\/wp\/v2\/types\/post"}],"author":[{"embeddable":true,"href":"https:\/\/www.altominho.tv\/site\/wp-json\/wp\/v2\/users\/13"}],"replies":[{"embeddable":true,"href":"https:\/\/www.altominho.tv\/site\/wp-json\/wp\/v2\/comments?post=74898"}],"version-history":[{"count":0,"href":"https:\/\/www.altominho.tv\/site\/wp-json\/wp\/v2\/posts\/74898\/revisions"}],"wp:featuredmedia":[{"embeddable":true,"href":"https:\/\/www.altominho.tv\/site\/wp-json\/wp\/v2\/media\/74899"}],"wp:attachment":[{"href":"https:\/\/www.altominho.tv\/site\/wp-json\/wp\/v2\/media?parent=74898"}],"wp:term":[{"taxonomy":"category","embeddable":true,"href":"https:\/\/www.altominho.tv\/site\/wp-json\/wp\/v2\/categories?post=74898"},{"taxonomy":"post_tag","embeddable":true,"href":"https:\/\/www.altominho.tv\/site\/wp-json\/wp\/v2\/tags?post=74898"}],"curies":[{"name":"wp","href":"https:\/\/api.w.org\/{rel}","templated":true}]}}