{"id":74890,"date":"2022-01-14T15:43:43","date_gmt":"2022-01-14T15:43:43","guid":{"rendered":"https:\/\/www.altominho.tv\/site\/?p=74890"},"modified":"2022-02-25T14:16:16","modified_gmt":"2022-02-25T14:16:16","slug":"centros-de-vacinacao-administram-3-000-doses-diarias-de-primeiras-doses","status":"publish","type":"post","link":"https:\/\/www.altominho.tv\/site\/2022\/01\/14\/centros-de-vacinacao-administram-3-000-doses-diarias-de-primeiras-doses\/","title":{"rendered":"Centros de vacina\u00e7\u00e3o administram 3.000 doses di\u00e1rias de primeiras doses"},"content":{"rendered":"<p>Os centros de vacina\u00e7\u00e3o contra a covid-19 continuam a administrar primeiras doses, numa m\u00e9dia de 3.000 por dia nos \u00faltimos meses, disse hoje \u00e0 ag\u00eancia Lusa o coordenador do plano de vacina\u00e7\u00e3o, Carlos Penha-Gon\u00e7alves.<\/p>\n<p class=\"text-paragraph\" data-uw-styling-context=\"true\">\u201cTodos os dias estamos a fazer a vacina\u00e7\u00e3o prim\u00e1ria e estamos a dar uma m\u00e9dia de 3.000 doses di\u00e1rias de primeiras doses e depois 3.000 doses di\u00e1rias de segundas doses\u201d, adiantou o representante do N\u00facleo de Coordena\u00e7\u00e3o do Plano de Vacina\u00e7\u00e3o contra a covid-19<\/p>\n<p class=\"text-paragraph\" data-uw-styling-context=\"true\">Sobre as idades de quem est\u00e1 a recorrer pela primeira vez \u00e0 vacina\u00e7\u00e3o, Penha-Gon\u00e7alves, coronel do Ex\u00e9rcito, afirmou que \u201co mais natural \u00e9 que sejam pessoas mais novas\u201d, porque \u00e9 uma popula\u00e7\u00e3o onde ainda havia alguma percentagem por vacinar.<\/p>\n<p class=\"text-paragraph\" data-uw-styling-context=\"true\">Segundo o respons\u00e1vel, os centros de vacina\u00e7\u00e3o reportaram que nos meses de novembro e dezembro muitas pessoas acima dos 18 anos e tamb\u00e9m adolescentes recorreram ao processo de vacina\u00e7\u00e3o.<\/p>\n<p class=\"text-paragraph\" data-uw-styling-context=\"true\">Questionado sobre a vacina\u00e7\u00e3o das crian\u00e7as, o coordenador afirmou que \u201ccorreu acima\u201d das expectativas.<\/p>\n<p class=\"text-paragraph\" data-uw-styling-context=\"true\">\u201cO que verificamos \u00e9 que, apesar de ser uma vacina recente e ter sido de alguma maneira um assunto muito falado e as pessoas terem tido algum tempo para refletir sobre o assunto, acabamos por vacinar cerca de 50% das crian\u00e7as em Portugal em seis dias\u201d, salientou, recordando que o processo decorreu em dois per\u00edodos, nos dias 18 e 19 de dezembro, e no in\u00edcio de janeiro (6 a 9) para cobrir a faixa et\u00e1ria dos 5 aos 11 anos.<\/p>\n<p class=\"text-paragraph\" data-uw-styling-context=\"true\">\u201cEsperamos que nos pr\u00f3ximos dias de vacina\u00e7\u00e3o dedicados \u00e0s crian\u00e7as tenhamos o resto deste universo a aderir \u00e0 vacina\u00e7\u00e3o\u201d, estimou o coronel Penha-Gon\u00e7alves.<\/p>\n<p class=\"text-paragraph\" data-uw-styling-context=\"true\">Os \u00faltimos dados da Dire\u00e7\u00e3o-Geral da Sa\u00fade apontam que o n\u00famero de pessoas com o refor\u00e7o da vacina contra a covid-19 em Portugal continental j\u00e1 ultrapassou os 3,5 milh\u00f5es.<\/p>\n<p data-uw-styling-context=\"true\">Os refor\u00e7os est\u00e3o a ser dados com as vacinas da Pfizer e a Moderna.<\/p>\n<div class=\"content\">\n<p class=\"text-paragraph\" data-uw-styling-context=\"true\">No caso da vacina Pfizer, a dose de refor\u00e7o \u00e9 igual \u00e0 dose da vacina\u00e7\u00e3o prim\u00e1ria, mas no caso da Moderna \u00e9 metade do volume das outras doses, explicou.<\/p>\n<p class=\"text-paragraph\" data-uw-styling-context=\"true\">De acordo com os \u00faltimos dados da DGS, 8,7 milh\u00f5es de pessoas j\u00e1 t\u00eam a vacina\u00e7\u00e3o prim\u00e1ria completa contra a covid-19.<\/p>\n<p class=\"text-paragraph\" data-uw-styling-context=\"true\">Em Portugal, desde mar\u00e7o de 2020, morreram 19.203 pessoas e foram contabilizados 1.774.477 casos de infe\u00e7\u00e3o, segundo a \u00faltima atualiza\u00e7\u00e3o da Dire\u00e7\u00e3o-Geral da Sa\u00fade.<\/p>\n<p class=\"text-paragraph\" data-uw-styling-context=\"true\">A doen\u00e7a respirat\u00f3ria \u00e9 provocada pelo coronav\u00edrus SARS-CoV-2, detetado no final de 2019 em Wuhan, cidade do centro da China.<\/p>\n<p class=\"text-paragraph\" data-uw-styling-context=\"true\">Uma nova variante, a \u00d3micron, considerada preocupante e muito contagiosa pela Organiza\u00e7\u00e3o Mundial da Sa\u00fade (OMS), foi detetada na \u00c1frica Austral, mas desde que as autoridades sanit\u00e1rias sul-africanas deram o alerta, em novembro, foram notificadas infe\u00e7\u00f5es em pelo menos 110 pa\u00edses, sendo dominante em Portugal.<\/p>\n<\/div>\n<div class=\"[ vertical-space ] probably-ads\"><\/div>\n","protected":false},"excerpt":{"rendered":"<p>Os centros de vacina\u00e7\u00e3o contra a covid-19 continuam a administrar primeiras doses, numa m\u00e9dia de 3.000 por dia nos \u00faltimos meses, disse hoje \u00e0 ag\u00eancia Lusa o coordenador do plano de vacina\u00e7\u00e3o, Carlos Penha-Gon\u00e7alves. \u201cTodos os dias estamos a fazer a vacina\u00e7\u00e3o prim\u00e1ria e estamos a dar uma m\u00e9dia de 3.000 doses di\u00e1rias de primeiras [&hellip;]<\/p>\n","protected":false},"author":13,"featured_media":74561,"comment_status":"closed","ping_status":"closed","sticky":false,"template":"","format":"standard","meta":{"_exactmetrics_skip_tracking":false,"_exactmetrics_sitenote_active":false,"_exactmetrics_sitenote_note":"","_exactmetrics_sitenote_category":0,"footnotes":""},"categories":[73],"tags":[26,27],"class_list":["post-74890","post","type-post","status-publish","format-standard","has-post-thumbnail","hentry","category-alto-minho","tag-saude","tag-sociedade"],"yoast_head":"<!-- This site is optimized with the Yoast SEO Premium plugin v27.4 (Yoast SEO v27.4) - https:\/\/yoast.com\/product\/yoast-seo-premium-wordpress\/ -->\n<title>Centros de vacina\u00e7\u00e3o administram 3.000 doses di\u00e1rias de primeiras doses<\/title>\n<meta name=\"description\" content=\"Os centros de vacina\u00e7\u00e3o contra a covid-19 continuam a administrar primeiras doses, numa m\u00e9dia de 3.000 por dia nos \u00faltimos meses.\" \/>\n<meta name=\"robots\" content=\"index, follow, max-snippet:-1, max-image-preview:large, max-video-preview:-1\" \/>\n<link rel=\"canonical\" href=\"https:\/\/www.altominho.tv\/site\/2022\/01\/14\/centros-de-vacinacao-administram-3-000-doses-diarias-de-primeiras-doses\/\" \/>\n<meta property=\"og:locale\" content=\"pt_PT\" \/>\n<meta property=\"og:type\" content=\"article\" \/>\n<meta property=\"og:title\" content=\"Centros de vacina\u00e7\u00e3o administram 3.000 doses di\u00e1rias de primeiras doses\" \/>\n<meta property=\"og:description\" content=\"Os centros de vacina\u00e7\u00e3o contra a covid-19 continuam a administrar primeiras doses, numa m\u00e9dia de 3.000 por dia nos \u00faltimos meses.\" \/>\n<meta property=\"og:url\" content=\"https:\/\/www.altominho.tv\/site\/2022\/01\/14\/centros-de-vacinacao-administram-3-000-doses-diarias-de-primeiras-doses\/\" \/>\n<meta property=\"og:site_name\" content=\"Altominho.tv\" \/>\n<meta property=\"article:publisher\" content=\"https:\/\/www.facebook.com\/altominhotv\" \/>\n<meta property=\"article:published_time\" content=\"2022-01-14T15:43:43+00:00\" \/>\n<meta property=\"article:modified_time\" content=\"2022-02-25T14:16:16+00:00\" \/>\n<meta property=\"og:image\" content=\"https:\/\/www.altominho.tv\/site\/wp-content\/uploads\/2022\/01\/Vacinac\u0327a\u0303o_45anos.jpeg\" \/>\n\t<meta property=\"og:image:width\" content=\"1230\" \/>\n\t<meta property=\"og:image:height\" content=\"692\" \/>\n\t<meta property=\"og:image:type\" content=\"image\/jpeg\" \/>\n<meta name=\"author\" content=\"Lusa\" \/>\n<meta name=\"twitter:card\" content=\"summary_large_image\" \/>\n<meta name=\"twitter:creator\" content=\"@altominhoTV\" \/>\n<meta name=\"twitter:site\" content=\"@altominhoTV\" \/>\n<meta name=\"twitter:label1\" content=\"Escrito por\" \/>\n\t<meta name=\"twitter:data1\" content=\"Lusa\" \/>\n\t<meta name=\"twitter:label2\" content=\"Tempo estimado de leitura\" \/>\n\t<meta name=\"twitter:data2\" content=\"3 minutos\" \/>\n<script type=\"application\/ld+json\" class=\"yoast-schema-graph\">{\"@context\":\"https:\\\/\\\/schema.org\",\"@graph\":[{\"@type\":\"Article\",\"@id\":\"https:\\\/\\\/www.altominho.tv\\\/site\\\/2022\\\/01\\\/14\\\/centros-de-vacinacao-administram-3-000-doses-diarias-de-primeiras-doses\\\/#article\",\"isPartOf\":{\"@id\":\"https:\\\/\\\/www.altominho.tv\\\/site\\\/2022\\\/01\\\/14\\\/centros-de-vacinacao-administram-3-000-doses-diarias-de-primeiras-doses\\\/\"},\"author\":{\"name\":\"Lusa\",\"@id\":\"https:\\\/\\\/www.altominho.tv\\\/site\\\/#\\\/schema\\\/person\\\/63f693da3e1899361cbe955c46f3232e\"},\"headline\":\"Centros de vacina\u00e7\u00e3o administram 3.000 doses di\u00e1rias de primeiras doses\",\"datePublished\":\"2022-01-14T15:43:43+00:00\",\"dateModified\":\"2022-02-25T14:16:16+00:00\",\"mainEntityOfPage\":{\"@id\":\"https:\\\/\\\/www.altominho.tv\\\/site\\\/2022\\\/01\\\/14\\\/centros-de-vacinacao-administram-3-000-doses-diarias-de-primeiras-doses\\\/\"},\"wordCount\":487,\"image\":{\"@id\":\"https:\\\/\\\/www.altominho.tv\\\/site\\\/2022\\\/01\\\/14\\\/centros-de-vacinacao-administram-3-000-doses-diarias-de-primeiras-doses\\\/#primaryimage\"},\"thumbnailUrl\":\"https:\\\/\\\/www.altominho.tv\\\/site\\\/wp-content\\\/uploads\\\/2022\\\/01\\\/Vacinac\u0327a\u0303o_45anos.jpeg\",\"keywords\":[\"Sa\u00fade\",\"Sociedade\"],\"articleSection\":[\"Alto Minho\"],\"inLanguage\":\"pt-PT\",\"copyrightYear\":\"2022\",\"copyrightHolder\":{\"@id\":\"https:\\\/\\\/www.altominho.tv\\\/site\\\/#organization\"}},{\"@type\":\"WebPage\",\"@id\":\"https:\\\/\\\/www.altominho.tv\\\/site\\\/2022\\\/01\\\/14\\\/centros-de-vacinacao-administram-3-000-doses-diarias-de-primeiras-doses\\\/\",\"url\":\"https:\\\/\\\/www.altominho.tv\\\/site\\\/2022\\\/01\\\/14\\\/centros-de-vacinacao-administram-3-000-doses-diarias-de-primeiras-doses\\\/\",\"name\":\"Centros de vacina\u00e7\u00e3o administram 3.000 doses di\u00e1rias de primeiras doses\",\"isPartOf\":{\"@id\":\"https:\\\/\\\/www.altominho.tv\\\/site\\\/#website\"},\"primaryImageOfPage\":{\"@id\":\"https:\\\/\\\/www.altominho.tv\\\/site\\\/2022\\\/01\\\/14\\\/centros-de-vacinacao-administram-3-000-doses-diarias-de-primeiras-doses\\\/#primaryimage\"},\"image\":{\"@id\":\"https:\\\/\\\/www.altominho.tv\\\/site\\\/2022\\\/01\\\/14\\\/centros-de-vacinacao-administram-3-000-doses-diarias-de-primeiras-doses\\\/#primaryimage\"},\"thumbnailUrl\":\"https:\\\/\\\/www.altominho.tv\\\/site\\\/wp-content\\\/uploads\\\/2022\\\/01\\\/Vacinac\u0327a\u0303o_45anos.jpeg\",\"datePublished\":\"2022-01-14T15:43:43+00:00\",\"dateModified\":\"2022-02-25T14:16:16+00:00\",\"author\":{\"@id\":\"https:\\\/\\\/www.altominho.tv\\\/site\\\/#\\\/schema\\\/person\\\/63f693da3e1899361cbe955c46f3232e\"},\"description\":\"Os centros de vacina\u00e7\u00e3o contra a covid-19 continuam a administrar primeiras doses, numa m\u00e9dia de 3.000 por dia nos \u00faltimos meses.\",\"breadcrumb\":{\"@id\":\"https:\\\/\\\/www.altominho.tv\\\/site\\\/2022\\\/01\\\/14\\\/centros-de-vacinacao-administram-3-000-doses-diarias-de-primeiras-doses\\\/#breadcrumb\"},\"inLanguage\":\"pt-PT\",\"potentialAction\":[{\"@type\":\"ReadAction\",\"target\":[\"https:\\\/\\\/www.altominho.tv\\\/site\\\/2022\\\/01\\\/14\\\/centros-de-vacinacao-administram-3-000-doses-diarias-de-primeiras-doses\\\/\"]}]},{\"@type\":\"ImageObject\",\"inLanguage\":\"pt-PT\",\"@id\":\"https:\\\/\\\/www.altominho.tv\\\/site\\\/2022\\\/01\\\/14\\\/centros-de-vacinacao-administram-3-000-doses-diarias-de-primeiras-doses\\\/#primaryimage\",\"url\":\"https:\\\/\\\/www.altominho.tv\\\/site\\\/wp-content\\\/uploads\\\/2022\\\/01\\\/Vacinac\u0327a\u0303o_45anos.jpeg\",\"contentUrl\":\"https:\\\/\\\/www.altominho.tv\\\/site\\\/wp-content\\\/uploads\\\/2022\\\/01\\\/Vacinac\u0327a\u0303o_45anos.jpeg\",\"width\":1230,\"height\":692},{\"@type\":\"BreadcrumbList\",\"@id\":\"https:\\\/\\\/www.altominho.tv\\\/site\\\/2022\\\/01\\\/14\\\/centros-de-vacinacao-administram-3-000-doses-diarias-de-primeiras-doses\\\/#breadcrumb\",\"itemListElement\":[{\"@type\":\"ListItem\",\"position\":1,\"name\":\"In\u00edcio\",\"item\":\"https:\\\/\\\/www.altominho.tv\\\/site\\\/\"},{\"@type\":\"ListItem\",\"position\":2,\"name\":\"Centros de vacina\u00e7\u00e3o administram 3.000 doses di\u00e1rias de primeiras doses\"}]},{\"@type\":\"WebSite\",\"@id\":\"https:\\\/\\\/www.altominho.tv\\\/site\\\/#website\",\"url\":\"https:\\\/\\\/www.altominho.tv\\\/site\\\/\",\"name\":\"Altominho.tv\",\"description\":\"A sua regi\u00e3o \u00e0 dist\u00e2ncia de um clique...\",\"potentialAction\":[{\"@type\":\"SearchAction\",\"target\":{\"@type\":\"EntryPoint\",\"urlTemplate\":\"https:\\\/\\\/www.altominho.tv\\\/site\\\/?s={search_term_string}\"},\"query-input\":{\"@type\":\"PropertyValueSpecification\",\"valueRequired\":true,\"valueName\":\"search_term_string\"}}],\"inLanguage\":\"pt-PT\"},{\"@type\":\"Person\",\"@id\":\"https:\\\/\\\/www.altominho.tv\\\/site\\\/#\\\/schema\\\/person\\\/63f693da3e1899361cbe955c46f3232e\",\"name\":\"Lusa\",\"image\":{\"@type\":\"ImageObject\",\"inLanguage\":\"pt-PT\",\"@id\":\"https:\\\/\\\/www.altominho.tv\\\/site\\\/wp-content\\\/uploads\\\/2019\\\/08\\\/LUSA_Logo.gif\",\"url\":\"https:\\\/\\\/www.altominho.tv\\\/site\\\/wp-content\\\/uploads\\\/2019\\\/08\\\/LUSA_Logo.gif\",\"contentUrl\":\"https:\\\/\\\/www.altominho.tv\\\/site\\\/wp-content\\\/uploads\\\/2019\\\/08\\\/LUSA_Logo.gif\",\"caption\":\"Lusa\"},\"sameAs\":[\"http:\\\/\\\/\\\/\\\/www.altominho.tv\\\/site\"],\"url\":\"https:\\\/\\\/www.altominho.tv\\\/site\\\/author\\\/lusa\\\/\"}]}<\/script>\n<!-- \/ Yoast SEO Premium plugin. -->","yoast_head_json":{"title":"Centros de vacina\u00e7\u00e3o administram 3.000 doses di\u00e1rias de primeiras doses","description":"Os centros de vacina\u00e7\u00e3o contra a covid-19 continuam a administrar primeiras doses, numa m\u00e9dia de 3.000 por dia nos \u00faltimos meses.","robots":{"index":"index","follow":"follow","max-snippet":"max-snippet:-1","max-image-preview":"max-image-preview:large","max-video-preview":"max-video-preview:-1"},"canonical":"https:\/\/www.altominho.tv\/site\/2022\/01\/14\/centros-de-vacinacao-administram-3-000-doses-diarias-de-primeiras-doses\/","og_locale":"pt_PT","og_type":"article","og_title":"Centros de vacina\u00e7\u00e3o administram 3.000 doses di\u00e1rias de primeiras doses","og_description":"Os centros de vacina\u00e7\u00e3o contra a covid-19 continuam a administrar primeiras doses, numa m\u00e9dia de 3.000 por dia nos \u00faltimos meses.","og_url":"https:\/\/www.altominho.tv\/site\/2022\/01\/14\/centros-de-vacinacao-administram-3-000-doses-diarias-de-primeiras-doses\/","og_site_name":"Altominho.tv","article_publisher":"https:\/\/www.facebook.com\/altominhotv","article_published_time":"2022-01-14T15:43:43+00:00","article_modified_time":"2022-02-25T14:16:16+00:00","og_image":[{"width":1230,"height":692,"url":"https:\/\/www.altominho.tv\/site\/wp-content\/uploads\/2022\/01\/Vacinac\u0327a\u0303o_45anos.jpeg","type":"image\/jpeg"}],"author":"Lusa","twitter_card":"summary_large_image","twitter_creator":"@altominhoTV","twitter_site":"@altominhoTV","twitter_misc":{"Escrito por":"Lusa","Tempo estimado de leitura":"3 minutos"},"schema":{"@context":"https:\/\/schema.org","@graph":[{"@type":"Article","@id":"https:\/\/www.altominho.tv\/site\/2022\/01\/14\/centros-de-vacinacao-administram-3-000-doses-diarias-de-primeiras-doses\/#article","isPartOf":{"@id":"https:\/\/www.altominho.tv\/site\/2022\/01\/14\/centros-de-vacinacao-administram-3-000-doses-diarias-de-primeiras-doses\/"},"author":{"name":"Lusa","@id":"https:\/\/www.altominho.tv\/site\/#\/schema\/person\/63f693da3e1899361cbe955c46f3232e"},"headline":"Centros de vacina\u00e7\u00e3o administram 3.000 doses di\u00e1rias de primeiras doses","datePublished":"2022-01-14T15:43:43+00:00","dateModified":"2022-02-25T14:16:16+00:00","mainEntityOfPage":{"@id":"https:\/\/www.altominho.tv\/site\/2022\/01\/14\/centros-de-vacinacao-administram-3-000-doses-diarias-de-primeiras-doses\/"},"wordCount":487,"image":{"@id":"https:\/\/www.altominho.tv\/site\/2022\/01\/14\/centros-de-vacinacao-administram-3-000-doses-diarias-de-primeiras-doses\/#primaryimage"},"thumbnailUrl":"https:\/\/www.altominho.tv\/site\/wp-content\/uploads\/2022\/01\/Vacinac\u0327a\u0303o_45anos.jpeg","keywords":["Sa\u00fade","Sociedade"],"articleSection":["Alto Minho"],"inLanguage":"pt-PT","copyrightYear":"2022","copyrightHolder":{"@id":"https:\/\/www.altominho.tv\/site\/#organization"}},{"@type":"WebPage","@id":"https:\/\/www.altominho.tv\/site\/2022\/01\/14\/centros-de-vacinacao-administram-3-000-doses-diarias-de-primeiras-doses\/","url":"https:\/\/www.altominho.tv\/site\/2022\/01\/14\/centros-de-vacinacao-administram-3-000-doses-diarias-de-primeiras-doses\/","name":"Centros de vacina\u00e7\u00e3o administram 3.000 doses di\u00e1rias de primeiras doses","isPartOf":{"@id":"https:\/\/www.altominho.tv\/site\/#website"},"primaryImageOfPage":{"@id":"https:\/\/www.altominho.tv\/site\/2022\/01\/14\/centros-de-vacinacao-administram-3-000-doses-diarias-de-primeiras-doses\/#primaryimage"},"image":{"@id":"https:\/\/www.altominho.tv\/site\/2022\/01\/14\/centros-de-vacinacao-administram-3-000-doses-diarias-de-primeiras-doses\/#primaryimage"},"thumbnailUrl":"https:\/\/www.altominho.tv\/site\/wp-content\/uploads\/2022\/01\/Vacinac\u0327a\u0303o_45anos.jpeg","datePublished":"2022-01-14T15:43:43+00:00","dateModified":"2022-02-25T14:16:16+00:00","author":{"@id":"https:\/\/www.altominho.tv\/site\/#\/schema\/person\/63f693da3e1899361cbe955c46f3232e"},"description":"Os centros de vacina\u00e7\u00e3o contra a covid-19 continuam a administrar primeiras doses, numa m\u00e9dia de 3.000 por dia nos \u00faltimos meses.","breadcrumb":{"@id":"https:\/\/www.altominho.tv\/site\/2022\/01\/14\/centros-de-vacinacao-administram-3-000-doses-diarias-de-primeiras-doses\/#breadcrumb"},"inLanguage":"pt-PT","potentialAction":[{"@type":"ReadAction","target":["https:\/\/www.altominho.tv\/site\/2022\/01\/14\/centros-de-vacinacao-administram-3-000-doses-diarias-de-primeiras-doses\/"]}]},{"@type":"ImageObject","inLanguage":"pt-PT","@id":"https:\/\/www.altominho.tv\/site\/2022\/01\/14\/centros-de-vacinacao-administram-3-000-doses-diarias-de-primeiras-doses\/#primaryimage","url":"https:\/\/www.altominho.tv\/site\/wp-content\/uploads\/2022\/01\/Vacinac\u0327a\u0303o_45anos.jpeg","contentUrl":"https:\/\/www.altominho.tv\/site\/wp-content\/uploads\/2022\/01\/Vacinac\u0327a\u0303o_45anos.jpeg","width":1230,"height":692},{"@type":"BreadcrumbList","@id":"https:\/\/www.altominho.tv\/site\/2022\/01\/14\/centros-de-vacinacao-administram-3-000-doses-diarias-de-primeiras-doses\/#breadcrumb","itemListElement":[{"@type":"ListItem","position":1,"name":"In\u00edcio","item":"https:\/\/www.altominho.tv\/site\/"},{"@type":"ListItem","position":2,"name":"Centros de vacina\u00e7\u00e3o administram 3.000 doses di\u00e1rias de primeiras doses"}]},{"@type":"WebSite","@id":"https:\/\/www.altominho.tv\/site\/#website","url":"https:\/\/www.altominho.tv\/site\/","name":"Altominho.tv","description":"A sua regi\u00e3o \u00e0 dist\u00e2ncia de um clique...","potentialAction":[{"@type":"SearchAction","target":{"@type":"EntryPoint","urlTemplate":"https:\/\/www.altominho.tv\/site\/?s={search_term_string}"},"query-input":{"@type":"PropertyValueSpecification","valueRequired":true,"valueName":"search_term_string"}}],"inLanguage":"pt-PT"},{"@type":"Person","@id":"https:\/\/www.altominho.tv\/site\/#\/schema\/person\/63f693da3e1899361cbe955c46f3232e","name":"Lusa","image":{"@type":"ImageObject","inLanguage":"pt-PT","@id":"https:\/\/www.altominho.tv\/site\/wp-content\/uploads\/2019\/08\/LUSA_Logo.gif","url":"https:\/\/www.altominho.tv\/site\/wp-content\/uploads\/2019\/08\/LUSA_Logo.gif","contentUrl":"https:\/\/www.altominho.tv\/site\/wp-content\/uploads\/2019\/08\/LUSA_Logo.gif","caption":"Lusa"},"sameAs":["http:\/\/\/\/www.altominho.tv\/site"],"url":"https:\/\/www.altominho.tv\/site\/author\/lusa\/"}]}},"_links":{"self":[{"href":"https:\/\/www.altominho.tv\/site\/wp-json\/wp\/v2\/posts\/74890","targetHints":{"allow":["GET"]}}],"collection":[{"href":"https:\/\/www.altominho.tv\/site\/wp-json\/wp\/v2\/posts"}],"about":[{"href":"https:\/\/www.altominho.tv\/site\/wp-json\/wp\/v2\/types\/post"}],"author":[{"embeddable":true,"href":"https:\/\/www.altominho.tv\/site\/wp-json\/wp\/v2\/users\/13"}],"replies":[{"embeddable":true,"href":"https:\/\/www.altominho.tv\/site\/wp-json\/wp\/v2\/comments?post=74890"}],"version-history":[{"count":0,"href":"https:\/\/www.altominho.tv\/site\/wp-json\/wp\/v2\/posts\/74890\/revisions"}],"wp:featuredmedia":[{"embeddable":true,"href":"https:\/\/www.altominho.tv\/site\/wp-json\/wp\/v2\/media\/74561"}],"wp:attachment":[{"href":"https:\/\/www.altominho.tv\/site\/wp-json\/wp\/v2\/media?parent=74890"}],"wp:term":[{"taxonomy":"category","embeddable":true,"href":"https:\/\/www.altominho.tv\/site\/wp-json\/wp\/v2\/categories?post=74890"},{"taxonomy":"post_tag","embeddable":true,"href":"https:\/\/www.altominho.tv\/site\/wp-json\/wp\/v2\/tags?post=74890"}],"curies":[{"name":"wp","href":"https:\/\/api.w.org\/{rel}","templated":true}]}}