{"id":74887,"date":"2022-01-14T14:48:57","date_gmt":"2022-01-14T14:48:57","guid":{"rendered":"https:\/\/www.altominho.tv\/site\/?p=74887"},"modified":"2022-02-25T14:17:48","modified_gmt":"2022-02-25T14:17:48","slug":"alto-minho-com-quatro-balcoes-sns-24-para-teleconsultas-ou-renovacao-de-receitas","status":"publish","type":"post","link":"https:\/\/www.altominho.tv\/site\/2022\/01\/14\/alto-minho-com-quatro-balcoes-sns-24-para-teleconsultas-ou-renovacao-de-receitas\/","title":{"rendered":"Alto Minho com quatro balc\u00f5es SNS 24 para teleconsultas ou renova\u00e7\u00e3o de receitas"},"content":{"rendered":"<p>O distrito de Viana do Castelo disp\u00f5e a partir de hoje de quatro balc\u00f5es SNS 24, onde os utentes podem realizar teleconsultas ou renovar medica\u00e7\u00e3o, com a abertura de uma nova unidade em Ponte de Lima, foi hoje anunciado.<\/p>\n<p>Em comunicado, a Administra\u00e7\u00e3o Regional de Sa\u00fade do Norte (ARS-N) explicou que o novo Balc\u00e3o SNS 24 de Ponte de Lima, instalado na Junta de Freguesia de Bertiandos, come\u00e7ou a funcionar hoje, integrado no Agrupamento de Centros de Sa\u00fade (ACES) da Unidade Local de Sa\u00fade do Alto Minho (USLAM).<\/p>\n<p>Os primeiros dois balc\u00f5es SNS 24 no distrito de Viana do Castelo entraram em funcionamento em novembro, na Uni\u00e3o de freguesias de Mazedo e Cortes, no concelho de Mon\u00e7\u00e3o.<\/p>\n<p>Em dezembro abriu a terceira unidade na Junta de Freguesia de Sistelo, no concelho de Arcos de Valdevez.<\/p>\n<p>Constitu\u00eddo por 10 concelhos, o distrito de Viana do Castelo\u00a0tem uma \u00e1rea de 2.219 quil\u00f3metros quadrados, e, segundo o Censos de 2021, 231.488 habitantes.<\/p>\n<p>Com a abertura desta unidade de Ponte de Lima, a regi\u00e3o Norte \u201cpassa a disponibilizar 110 Balc\u00f5es SNS 24 e refor\u00e7a o objetivo de continuar o projeto de expans\u00e3o e abertura de novas unidades, para melhor servir, localmente, a sua popula\u00e7\u00e3o\u201d.<\/p>\n<p>O Balc\u00e3o SNS 24 presta apoio assistido a quem tem pouca literacia digital, sem acesso a equipamentos tecnol\u00f3gicos ou \u00e0 Internet e sem condi\u00e7\u00f5es ou compet\u00eancias necess\u00e1rias para aceder remotamente aos servi\u00e7os digitais do SNS.<\/p>\n<p>O Balc\u00e3o SNS 24 \u00e9 uma iniciativa que resulta da parceria entre a ARS-N, os Servi\u00e7os Partilhados do Minist\u00e9rio da Sa\u00fade (SPMS, EPE), munic\u00edpios, juntas de freguesia e os ACES, e \u201cdesempenham um servi\u00e7o p\u00fablico fundamental ao facilitar o acesso remoto aos servi\u00e7os digitais do SNS e na promo\u00e7\u00e3o da inclus\u00e3o digital e social das pessoas\u201d.<\/p>\n<p>Os Balc\u00f5es SNS 24 facilitam a marca\u00e7\u00e3o de consultas, renova\u00e7\u00e3o de receitas, entre outros servi\u00e7os do SNS, e o acesso mediado que possibilita, por exemplo, realizar uma teleconsulta atrav\u00e9s da ferramenta de teleconsultas do SNS e ajudar a obter os certificados digitais covid da Uni\u00e3o Europeia.<\/p>\n","protected":false},"excerpt":{"rendered":"<p>O distrito de Viana do Castelo disp\u00f5e a partir de hoje de quatro balc\u00f5es SNS 24, onde os utentes podem realizar teleconsultas ou renovar medica\u00e7\u00e3o, com a abertura de uma nova unidade em Ponte de Lima, foi hoje anunciado. Em comunicado, a Administra\u00e7\u00e3o Regional de Sa\u00fade do Norte (ARS-N) explicou que o novo Balc\u00e3o SNS [&hellip;]<\/p>\n","protected":false},"author":13,"featured_media":74888,"comment_status":"closed","ping_status":"closed","sticky":false,"template":"","format":"standard","meta":{"_exactmetrics_skip_tracking":false,"_exactmetrics_sitenote_active":false,"_exactmetrics_sitenote_note":"","_exactmetrics_sitenote_category":0,"footnotes":""},"categories":[73],"tags":[26,27],"class_list":["post-74887","post","type-post","status-publish","format-standard","has-post-thumbnail","hentry","category-alto-minho","tag-saude","tag-sociedade"],"yoast_head":"<!-- This site is optimized with the Yoast SEO Premium plugin v27.4 (Yoast SEO v27.4) - https:\/\/yoast.com\/product\/yoast-seo-premium-wordpress\/ -->\n<title>Alto Minho com quatro balc\u00f5es SNS 24 para teleconsultas ou renova\u00e7\u00e3o de receitas<\/title>\n<meta name=\"description\" content=\"O distrito de Viana do Castelo disp\u00f5e a partir de hoje de quatro balc\u00f5es SNS 24, onde os utentes podem realizar teleconsultas.\" \/>\n<meta name=\"robots\" content=\"index, follow, max-snippet:-1, max-image-preview:large, max-video-preview:-1\" \/>\n<link rel=\"canonical\" href=\"https:\/\/www.altominho.tv\/site\/2022\/01\/14\/alto-minho-com-quatro-balcoes-sns-24-para-teleconsultas-ou-renovacao-de-receitas\/\" \/>\n<meta property=\"og:locale\" content=\"pt_PT\" \/>\n<meta property=\"og:type\" content=\"article\" \/>\n<meta property=\"og:title\" content=\"Alto Minho com quatro balc\u00f5es SNS 24 para teleconsultas ou renova\u00e7\u00e3o de receitas\" \/>\n<meta property=\"og:description\" content=\"O distrito de Viana do Castelo disp\u00f5e a partir de hoje de quatro balc\u00f5es SNS 24, onde os utentes podem realizar teleconsultas.\" \/>\n<meta property=\"og:url\" content=\"https:\/\/www.altominho.tv\/site\/2022\/01\/14\/alto-minho-com-quatro-balcoes-sns-24-para-teleconsultas-ou-renovacao-de-receitas\/\" \/>\n<meta property=\"og:site_name\" content=\"Altominho.tv\" \/>\n<meta property=\"article:publisher\" content=\"https:\/\/www.facebook.com\/altominhotv\" \/>\n<meta property=\"article:published_time\" content=\"2022-01-14T14:48:57+00:00\" \/>\n<meta property=\"article:modified_time\" content=\"2022-02-25T14:17:48+00:00\" \/>\n<meta property=\"og:image\" content=\"https:\/\/www.altominho.tv\/site\/wp-content\/uploads\/2022\/01\/sns24.jpg\" \/>\n\t<meta property=\"og:image:width\" content=\"2363\" \/>\n\t<meta property=\"og:image:height\" content=\"1329\" \/>\n\t<meta property=\"og:image:type\" content=\"image\/jpeg\" \/>\n<meta name=\"author\" content=\"Lusa\" \/>\n<meta name=\"twitter:card\" content=\"summary_large_image\" \/>\n<meta name=\"twitter:creator\" content=\"@altominhoTV\" \/>\n<meta name=\"twitter:site\" content=\"@altominhoTV\" \/>\n<meta name=\"twitter:label1\" content=\"Escrito por\" \/>\n\t<meta name=\"twitter:data1\" content=\"Lusa\" \/>\n\t<meta name=\"twitter:label2\" content=\"Tempo estimado de leitura\" \/>\n\t<meta name=\"twitter:data2\" content=\"2 minutos\" \/>\n<script type=\"application\/ld+json\" class=\"yoast-schema-graph\">{\"@context\":\"https:\\\/\\\/schema.org\",\"@graph\":[{\"@type\":\"Article\",\"@id\":\"https:\\\/\\\/www.altominho.tv\\\/site\\\/2022\\\/01\\\/14\\\/alto-minho-com-quatro-balcoes-sns-24-para-teleconsultas-ou-renovacao-de-receitas\\\/#article\",\"isPartOf\":{\"@id\":\"https:\\\/\\\/www.altominho.tv\\\/site\\\/2022\\\/01\\\/14\\\/alto-minho-com-quatro-balcoes-sns-24-para-teleconsultas-ou-renovacao-de-receitas\\\/\"},\"author\":{\"name\":\"Lusa\",\"@id\":\"https:\\\/\\\/www.altominho.tv\\\/site\\\/#\\\/schema\\\/person\\\/63f693da3e1899361cbe955c46f3232e\"},\"headline\":\"Alto Minho com quatro balc\u00f5es SNS 24 para teleconsultas ou renova\u00e7\u00e3o de receitas\",\"datePublished\":\"2022-01-14T14:48:57+00:00\",\"dateModified\":\"2022-02-25T14:17:48+00:00\",\"mainEntityOfPage\":{\"@id\":\"https:\\\/\\\/www.altominho.tv\\\/site\\\/2022\\\/01\\\/14\\\/alto-minho-com-quatro-balcoes-sns-24-para-teleconsultas-ou-renovacao-de-receitas\\\/\"},\"wordCount\":379,\"image\":{\"@id\":\"https:\\\/\\\/www.altominho.tv\\\/site\\\/2022\\\/01\\\/14\\\/alto-minho-com-quatro-balcoes-sns-24-para-teleconsultas-ou-renovacao-de-receitas\\\/#primaryimage\"},\"thumbnailUrl\":\"https:\\\/\\\/www.altominho.tv\\\/site\\\/wp-content\\\/uploads\\\/2022\\\/01\\\/sns24.jpg\",\"keywords\":[\"Sa\u00fade\",\"Sociedade\"],\"articleSection\":[\"Alto Minho\"],\"inLanguage\":\"pt-PT\",\"copyrightYear\":\"2022\",\"copyrightHolder\":{\"@id\":\"https:\\\/\\\/www.altominho.tv\\\/site\\\/#organization\"}},{\"@type\":\"WebPage\",\"@id\":\"https:\\\/\\\/www.altominho.tv\\\/site\\\/2022\\\/01\\\/14\\\/alto-minho-com-quatro-balcoes-sns-24-para-teleconsultas-ou-renovacao-de-receitas\\\/\",\"url\":\"https:\\\/\\\/www.altominho.tv\\\/site\\\/2022\\\/01\\\/14\\\/alto-minho-com-quatro-balcoes-sns-24-para-teleconsultas-ou-renovacao-de-receitas\\\/\",\"name\":\"Alto Minho com quatro balc\u00f5es SNS 24 para teleconsultas ou renova\u00e7\u00e3o de receitas\",\"isPartOf\":{\"@id\":\"https:\\\/\\\/www.altominho.tv\\\/site\\\/#website\"},\"primaryImageOfPage\":{\"@id\":\"https:\\\/\\\/www.altominho.tv\\\/site\\\/2022\\\/01\\\/14\\\/alto-minho-com-quatro-balcoes-sns-24-para-teleconsultas-ou-renovacao-de-receitas\\\/#primaryimage\"},\"image\":{\"@id\":\"https:\\\/\\\/www.altominho.tv\\\/site\\\/2022\\\/01\\\/14\\\/alto-minho-com-quatro-balcoes-sns-24-para-teleconsultas-ou-renovacao-de-receitas\\\/#primaryimage\"},\"thumbnailUrl\":\"https:\\\/\\\/www.altominho.tv\\\/site\\\/wp-content\\\/uploads\\\/2022\\\/01\\\/sns24.jpg\",\"datePublished\":\"2022-01-14T14:48:57+00:00\",\"dateModified\":\"2022-02-25T14:17:48+00:00\",\"author\":{\"@id\":\"https:\\\/\\\/www.altominho.tv\\\/site\\\/#\\\/schema\\\/person\\\/63f693da3e1899361cbe955c46f3232e\"},\"description\":\"O distrito de Viana do Castelo disp\u00f5e a partir de hoje de quatro balc\u00f5es SNS 24, onde os utentes podem realizar teleconsultas.\",\"breadcrumb\":{\"@id\":\"https:\\\/\\\/www.altominho.tv\\\/site\\\/2022\\\/01\\\/14\\\/alto-minho-com-quatro-balcoes-sns-24-para-teleconsultas-ou-renovacao-de-receitas\\\/#breadcrumb\"},\"inLanguage\":\"pt-PT\",\"potentialAction\":[{\"@type\":\"ReadAction\",\"target\":[\"https:\\\/\\\/www.altominho.tv\\\/site\\\/2022\\\/01\\\/14\\\/alto-minho-com-quatro-balcoes-sns-24-para-teleconsultas-ou-renovacao-de-receitas\\\/\"]}]},{\"@type\":\"ImageObject\",\"inLanguage\":\"pt-PT\",\"@id\":\"https:\\\/\\\/www.altominho.tv\\\/site\\\/2022\\\/01\\\/14\\\/alto-minho-com-quatro-balcoes-sns-24-para-teleconsultas-ou-renovacao-de-receitas\\\/#primaryimage\",\"url\":\"https:\\\/\\\/www.altominho.tv\\\/site\\\/wp-content\\\/uploads\\\/2022\\\/01\\\/sns24.jpg\",\"contentUrl\":\"https:\\\/\\\/www.altominho.tv\\\/site\\\/wp-content\\\/uploads\\\/2022\\\/01\\\/sns24.jpg\",\"width\":2363,\"height\":1329},{\"@type\":\"BreadcrumbList\",\"@id\":\"https:\\\/\\\/www.altominho.tv\\\/site\\\/2022\\\/01\\\/14\\\/alto-minho-com-quatro-balcoes-sns-24-para-teleconsultas-ou-renovacao-de-receitas\\\/#breadcrumb\",\"itemListElement\":[{\"@type\":\"ListItem\",\"position\":1,\"name\":\"In\u00edcio\",\"item\":\"https:\\\/\\\/www.altominho.tv\\\/site\\\/\"},{\"@type\":\"ListItem\",\"position\":2,\"name\":\"Alto Minho com quatro balc\u00f5es SNS 24 para teleconsultas ou renova\u00e7\u00e3o de receitas\"}]},{\"@type\":\"WebSite\",\"@id\":\"https:\\\/\\\/www.altominho.tv\\\/site\\\/#website\",\"url\":\"https:\\\/\\\/www.altominho.tv\\\/site\\\/\",\"name\":\"Altominho.tv\",\"description\":\"A sua regi\u00e3o \u00e0 dist\u00e2ncia de um clique...\",\"potentialAction\":[{\"@type\":\"SearchAction\",\"target\":{\"@type\":\"EntryPoint\",\"urlTemplate\":\"https:\\\/\\\/www.altominho.tv\\\/site\\\/?s={search_term_string}\"},\"query-input\":{\"@type\":\"PropertyValueSpecification\",\"valueRequired\":true,\"valueName\":\"search_term_string\"}}],\"inLanguage\":\"pt-PT\"},{\"@type\":\"Person\",\"@id\":\"https:\\\/\\\/www.altominho.tv\\\/site\\\/#\\\/schema\\\/person\\\/63f693da3e1899361cbe955c46f3232e\",\"name\":\"Lusa\",\"image\":{\"@type\":\"ImageObject\",\"inLanguage\":\"pt-PT\",\"@id\":\"https:\\\/\\\/www.altominho.tv\\\/site\\\/wp-content\\\/uploads\\\/2019\\\/08\\\/LUSA_Logo.gif\",\"url\":\"https:\\\/\\\/www.altominho.tv\\\/site\\\/wp-content\\\/uploads\\\/2019\\\/08\\\/LUSA_Logo.gif\",\"contentUrl\":\"https:\\\/\\\/www.altominho.tv\\\/site\\\/wp-content\\\/uploads\\\/2019\\\/08\\\/LUSA_Logo.gif\",\"caption\":\"Lusa\"},\"sameAs\":[\"http:\\\/\\\/\\\/\\\/www.altominho.tv\\\/site\"],\"url\":\"https:\\\/\\\/www.altominho.tv\\\/site\\\/author\\\/lusa\\\/\"}]}<\/script>\n<!-- \/ Yoast SEO Premium plugin. -->","yoast_head_json":{"title":"Alto Minho com quatro balc\u00f5es SNS 24 para teleconsultas ou renova\u00e7\u00e3o de receitas","description":"O distrito de Viana do Castelo disp\u00f5e a partir de hoje de quatro balc\u00f5es SNS 24, onde os utentes podem realizar teleconsultas.","robots":{"index":"index","follow":"follow","max-snippet":"max-snippet:-1","max-image-preview":"max-image-preview:large","max-video-preview":"max-video-preview:-1"},"canonical":"https:\/\/www.altominho.tv\/site\/2022\/01\/14\/alto-minho-com-quatro-balcoes-sns-24-para-teleconsultas-ou-renovacao-de-receitas\/","og_locale":"pt_PT","og_type":"article","og_title":"Alto Minho com quatro balc\u00f5es SNS 24 para teleconsultas ou renova\u00e7\u00e3o de receitas","og_description":"O distrito de Viana do Castelo disp\u00f5e a partir de hoje de quatro balc\u00f5es SNS 24, onde os utentes podem realizar teleconsultas.","og_url":"https:\/\/www.altominho.tv\/site\/2022\/01\/14\/alto-minho-com-quatro-balcoes-sns-24-para-teleconsultas-ou-renovacao-de-receitas\/","og_site_name":"Altominho.tv","article_publisher":"https:\/\/www.facebook.com\/altominhotv","article_published_time":"2022-01-14T14:48:57+00:00","article_modified_time":"2022-02-25T14:17:48+00:00","og_image":[{"width":2363,"height":1329,"url":"https:\/\/www.altominho.tv\/site\/wp-content\/uploads\/2022\/01\/sns24.jpg","type":"image\/jpeg"}],"author":"Lusa","twitter_card":"summary_large_image","twitter_creator":"@altominhoTV","twitter_site":"@altominhoTV","twitter_misc":{"Escrito por":"Lusa","Tempo estimado de leitura":"2 minutos"},"schema":{"@context":"https:\/\/schema.org","@graph":[{"@type":"Article","@id":"https:\/\/www.altominho.tv\/site\/2022\/01\/14\/alto-minho-com-quatro-balcoes-sns-24-para-teleconsultas-ou-renovacao-de-receitas\/#article","isPartOf":{"@id":"https:\/\/www.altominho.tv\/site\/2022\/01\/14\/alto-minho-com-quatro-balcoes-sns-24-para-teleconsultas-ou-renovacao-de-receitas\/"},"author":{"name":"Lusa","@id":"https:\/\/www.altominho.tv\/site\/#\/schema\/person\/63f693da3e1899361cbe955c46f3232e"},"headline":"Alto Minho com quatro balc\u00f5es SNS 24 para teleconsultas ou renova\u00e7\u00e3o de receitas","datePublished":"2022-01-14T14:48:57+00:00","dateModified":"2022-02-25T14:17:48+00:00","mainEntityOfPage":{"@id":"https:\/\/www.altominho.tv\/site\/2022\/01\/14\/alto-minho-com-quatro-balcoes-sns-24-para-teleconsultas-ou-renovacao-de-receitas\/"},"wordCount":379,"image":{"@id":"https:\/\/www.altominho.tv\/site\/2022\/01\/14\/alto-minho-com-quatro-balcoes-sns-24-para-teleconsultas-ou-renovacao-de-receitas\/#primaryimage"},"thumbnailUrl":"https:\/\/www.altominho.tv\/site\/wp-content\/uploads\/2022\/01\/sns24.jpg","keywords":["Sa\u00fade","Sociedade"],"articleSection":["Alto Minho"],"inLanguage":"pt-PT","copyrightYear":"2022","copyrightHolder":{"@id":"https:\/\/www.altominho.tv\/site\/#organization"}},{"@type":"WebPage","@id":"https:\/\/www.altominho.tv\/site\/2022\/01\/14\/alto-minho-com-quatro-balcoes-sns-24-para-teleconsultas-ou-renovacao-de-receitas\/","url":"https:\/\/www.altominho.tv\/site\/2022\/01\/14\/alto-minho-com-quatro-balcoes-sns-24-para-teleconsultas-ou-renovacao-de-receitas\/","name":"Alto Minho com quatro balc\u00f5es SNS 24 para teleconsultas ou renova\u00e7\u00e3o de receitas","isPartOf":{"@id":"https:\/\/www.altominho.tv\/site\/#website"},"primaryImageOfPage":{"@id":"https:\/\/www.altominho.tv\/site\/2022\/01\/14\/alto-minho-com-quatro-balcoes-sns-24-para-teleconsultas-ou-renovacao-de-receitas\/#primaryimage"},"image":{"@id":"https:\/\/www.altominho.tv\/site\/2022\/01\/14\/alto-minho-com-quatro-balcoes-sns-24-para-teleconsultas-ou-renovacao-de-receitas\/#primaryimage"},"thumbnailUrl":"https:\/\/www.altominho.tv\/site\/wp-content\/uploads\/2022\/01\/sns24.jpg","datePublished":"2022-01-14T14:48:57+00:00","dateModified":"2022-02-25T14:17:48+00:00","author":{"@id":"https:\/\/www.altominho.tv\/site\/#\/schema\/person\/63f693da3e1899361cbe955c46f3232e"},"description":"O distrito de Viana do Castelo disp\u00f5e a partir de hoje de quatro balc\u00f5es SNS 24, onde os utentes podem realizar teleconsultas.","breadcrumb":{"@id":"https:\/\/www.altominho.tv\/site\/2022\/01\/14\/alto-minho-com-quatro-balcoes-sns-24-para-teleconsultas-ou-renovacao-de-receitas\/#breadcrumb"},"inLanguage":"pt-PT","potentialAction":[{"@type":"ReadAction","target":["https:\/\/www.altominho.tv\/site\/2022\/01\/14\/alto-minho-com-quatro-balcoes-sns-24-para-teleconsultas-ou-renovacao-de-receitas\/"]}]},{"@type":"ImageObject","inLanguage":"pt-PT","@id":"https:\/\/www.altominho.tv\/site\/2022\/01\/14\/alto-minho-com-quatro-balcoes-sns-24-para-teleconsultas-ou-renovacao-de-receitas\/#primaryimage","url":"https:\/\/www.altominho.tv\/site\/wp-content\/uploads\/2022\/01\/sns24.jpg","contentUrl":"https:\/\/www.altominho.tv\/site\/wp-content\/uploads\/2022\/01\/sns24.jpg","width":2363,"height":1329},{"@type":"BreadcrumbList","@id":"https:\/\/www.altominho.tv\/site\/2022\/01\/14\/alto-minho-com-quatro-balcoes-sns-24-para-teleconsultas-ou-renovacao-de-receitas\/#breadcrumb","itemListElement":[{"@type":"ListItem","position":1,"name":"In\u00edcio","item":"https:\/\/www.altominho.tv\/site\/"},{"@type":"ListItem","position":2,"name":"Alto Minho com quatro balc\u00f5es SNS 24 para teleconsultas ou renova\u00e7\u00e3o de receitas"}]},{"@type":"WebSite","@id":"https:\/\/www.altominho.tv\/site\/#website","url":"https:\/\/www.altominho.tv\/site\/","name":"Altominho.tv","description":"A sua regi\u00e3o \u00e0 dist\u00e2ncia de um clique...","potentialAction":[{"@type":"SearchAction","target":{"@type":"EntryPoint","urlTemplate":"https:\/\/www.altominho.tv\/site\/?s={search_term_string}"},"query-input":{"@type":"PropertyValueSpecification","valueRequired":true,"valueName":"search_term_string"}}],"inLanguage":"pt-PT"},{"@type":"Person","@id":"https:\/\/www.altominho.tv\/site\/#\/schema\/person\/63f693da3e1899361cbe955c46f3232e","name":"Lusa","image":{"@type":"ImageObject","inLanguage":"pt-PT","@id":"https:\/\/www.altominho.tv\/site\/wp-content\/uploads\/2019\/08\/LUSA_Logo.gif","url":"https:\/\/www.altominho.tv\/site\/wp-content\/uploads\/2019\/08\/LUSA_Logo.gif","contentUrl":"https:\/\/www.altominho.tv\/site\/wp-content\/uploads\/2019\/08\/LUSA_Logo.gif","caption":"Lusa"},"sameAs":["http:\/\/\/\/www.altominho.tv\/site"],"url":"https:\/\/www.altominho.tv\/site\/author\/lusa\/"}]}},"_links":{"self":[{"href":"https:\/\/www.altominho.tv\/site\/wp-json\/wp\/v2\/posts\/74887","targetHints":{"allow":["GET"]}}],"collection":[{"href":"https:\/\/www.altominho.tv\/site\/wp-json\/wp\/v2\/posts"}],"about":[{"href":"https:\/\/www.altominho.tv\/site\/wp-json\/wp\/v2\/types\/post"}],"author":[{"embeddable":true,"href":"https:\/\/www.altominho.tv\/site\/wp-json\/wp\/v2\/users\/13"}],"replies":[{"embeddable":true,"href":"https:\/\/www.altominho.tv\/site\/wp-json\/wp\/v2\/comments?post=74887"}],"version-history":[{"count":0,"href":"https:\/\/www.altominho.tv\/site\/wp-json\/wp\/v2\/posts\/74887\/revisions"}],"wp:featuredmedia":[{"embeddable":true,"href":"https:\/\/www.altominho.tv\/site\/wp-json\/wp\/v2\/media\/74888"}],"wp:attachment":[{"href":"https:\/\/www.altominho.tv\/site\/wp-json\/wp\/v2\/media?parent=74887"}],"wp:term":[{"taxonomy":"category","embeddable":true,"href":"https:\/\/www.altominho.tv\/site\/wp-json\/wp\/v2\/categories?post=74887"},{"taxonomy":"post_tag","embeddable":true,"href":"https:\/\/www.altominho.tv\/site\/wp-json\/wp\/v2\/tags?post=74887"}],"curies":[{"name":"wp","href":"https:\/\/api.w.org\/{rel}","templated":true}]}}