{"id":74882,"date":"2022-01-14T13:01:17","date_gmt":"2022-01-14T13:01:17","guid":{"rendered":"https:\/\/www.altominho.tv\/site\/?p=74882"},"modified":"2022-02-25T14:20:22","modified_gmt":"2022-02-25T14:20:22","slug":"legislativas-portagens-na-a28-estao-entre-as-preocupacoes-de-candidatos","status":"publish","type":"post","link":"https:\/\/www.altominho.tv\/site\/2022\/01\/14\/legislativas-portagens-na-a28-estao-entre-as-preocupacoes-de-candidatos\/","title":{"rendered":"Legislativas: Portagens na A28 est\u00e3o entre as preocupa\u00e7\u00f5es de candidatos"},"content":{"rendered":"\n<p>A cobran\u00e7a de portagens na Autoestrada 28 (A28), entre Viana do Castelo e o Porto, \u00e9 uma das preocupa\u00e7\u00f5es de candidatos que concorrem \u00e0s legislativas antecipadas, sendo que uns defendem a aboli\u00e7\u00e3o e outros a redu\u00e7\u00e3o do valor.<\/p>\n\n\n\n<p>Desde a implementa\u00e7\u00e3o da cobran\u00e7a de portagens, em 2010, a luta pela sua elimina\u00e7\u00e3o tem mobilizado movimentos c\u00edvicos e partidos pol\u00edticos, e resultou, em 2021, por proposta do PSD, na aplica\u00e7\u00e3o de um desconto de 50% no valor da taxa.<\/p>\n\n\n\n<p>A elimina\u00e7\u00e3o ou relocaliza\u00e7\u00e3o do p\u00f3rtico de Neiva da A28, outra batalha de empres\u00e1rios, autarquias e partidos pol\u00edticos,&nbsp;ganhou forma de recomenda\u00e7\u00e3o ao Governo, tamb\u00e9m em 2021, ap\u00f3s a aprova\u00e7\u00e3o de um projeto de resolu\u00e7\u00e3o do PSD.<\/p>\n\n\n\n<p>J\u00e1 antes, em 2017, a peti\u00e7\u00e3o &#8220;Pela elimina\u00e7\u00e3o do p\u00f3rtico de Neiva, p\u00f3rtico 4 da A28, entre Neiva e Darque&#8221;, promovida pela Confedera\u00e7\u00e3o Empresarial do Alto Minho (CEVAL), falhou o objetivo.<\/p>\n\n\n\n<p>Situado junto \u00e0 zona industrial de Neiva, em Viana do Castelo, aquele p\u00f3rtico \u00e9 considerado um entrave \u00e0 atividade empresarial do distrito.<\/p>\n\n\n\n<p>Em declara\u00e7\u00f5es \u00e0 ag\u00eancia Lusa, os cabe\u00e7as de lista dos nove partidos com representa\u00e7\u00e3o parlamentar nesta legislatura e que v\u00e3o a votos no dia 30 divergem na forma de mitigar os efeitos&nbsp;daquela medida.<\/p>\n\n\n\n<p>O cabe\u00e7a de lista do PS, Tiago Brand\u00e3o Rodrigues, considera que a redu\u00e7\u00e3o de 50% da taxa de portagem \u201cfoi uma evolu\u00e7\u00e3o importante e s\u00f3 poss\u00edvel depois da sua inclus\u00e3o no Or\u00e7amento de Estado para 2021\u201d, acusando \u201cos seus proponentes [PSD] de n\u00e3o terem tido a cautela de prever as solu\u00e7\u00f5es para salvaguardar o seu impacto financeiro\u201d.<\/p>\n\n\n\n<p>Para Jorge Mendes, que volta a liderar a candidatura do PSD, a redu\u00e7\u00e3o foi uma \u201cgrande vit\u00f3ria\u201d que \u201co grupo parlamentar do PS chumbou e o Governo tudo fez para que entrasse em vigor no dia 01 de julho\u201d.<\/p>\n\n\n\n<p>Mendes garantiu que \u201cno pr\u00f3ximo Or\u00e7amento de Estado (OE)\u201d os deputados do PSD que forem eleitos no dia 30 \u201cir\u00e3o exigir a reposi\u00e7\u00e3o da verdade, com a efetiva redu\u00e7\u00e3o de&nbsp;50%\u201d da taxa cobrada.<\/p>\n\n\n\n<p>Sobre o p\u00f3rtico do Neiva, o partido \u201caguarda a elimina\u00e7\u00e3o&nbsp;da atual localiza\u00e7\u00e3o, tal como o estabelecido pela Assembleia da Rep\u00fablica\u201d.<\/p>\n\n\n\n<p>A candidatura do CDS-PP, liderada por Joana Mendes, vai \u201cpugnar\u201d pela elimina\u00e7\u00e3o das portagens, por defender \u201ca aproxima\u00e7\u00e3o da regi\u00e3o aos principais eixos de liga\u00e7\u00e3o ao exterior, nomeadamente, \u00e0 \u00c1rea Metropolitana do Porto\u201d.<\/p>\n\n\n\n<p>A remo\u00e7\u00e3o do p\u00f3rtico do Neiva \u00e9 outra reivindica\u00e7\u00e3o da candidatura do CDS-PP, &#8220;por constituir um entrave inequ\u00edvoco \u00e0 governa\u00e7\u00e3o do Alto Minho, \u00e0 atra\u00e7\u00e3o de investimento, \u00e0 qualidade de vida dos que&nbsp;vivem ou trabalham no distrito e \u00e0 promo\u00e7\u00e3o de uma maior equidade no acesso a oportunidades\u201d.<\/p>\n\n\n\n<p>Para Maria Ivone Marques, cabe\u00e7a de lista do Iniciativa Liberal (IL), a \u201caplica\u00e7\u00e3o de isen\u00e7\u00f5es rep\u00f4s alguma&nbsp;justi\u00e7a por ser um dos tro\u00e7os de autoestrada mais caros do pa\u00eds\u201d, mas \u201cficou por resolver a principal&nbsp;injusti\u00e7a que se prende com a remo\u00e7\u00e3o do p\u00f3rtico de Neiva\u201d. &nbsp;<\/p>\n\n\n\n<p>\u201cO PS e PSD nunca tiveram a coragem de o fazer. Os Liberais v\u00e3o certamente bater-se por isso\u201d, disse.&nbsp;<\/p>\n\n\n\n<p>O cabe\u00e7a de lista do Bloco de Esquerda (BE), Lu\u00eds Louro, garantiu que se o partido conseguir eleger o primeiro deputado pelo Alto Minho ir\u00e1 &#8220;bater-se pela elimina\u00e7\u00e3o das portagens na A28, por ser uma forte condicionante ao desenvolvimento&nbsp;da regi\u00e3o&#8221;.<\/p>\n\n\n\n<p>A implementa\u00e7\u00e3o das portagens, lembrou, \u201cficou a dever-se a neg\u00f3cios pouco claros, como agora resulta dos processos que est\u00e3o a levar os ent\u00e3o governantes ao banco dos tribunais\u201d.<\/p>\n\n\n\n<p>Para o cabe\u00e7a de lista da CDU, Joaquim Celestino Ribeiro, a \u201crevoga\u00e7\u00e3o das portagens \u00e9 urgente e necess\u00e1ria por ser a \u00fanica via de efetiva liga\u00e7\u00e3o rodovi\u00e1ria, em tempo e seguran\u00e7a, do Alto Minho \u00e0 \u00c1rea Metropolitana do Porto&#8221;.<\/p>\n\n\n\n<p>Sobre a elimina\u00e7\u00e3o do p\u00f3rtico de Neiva, disse ser \u201cuma medida que apenas mitiga\u201d o impacto da cobran\u00e7a de portagens &#8220;nas Micro, Pequenas e M\u00e9dias Empresas (MPME) que estabelecem muitas das suas trocas comerciais atrav\u00e9s daquele acesso\u201d.<\/p>\n\n\n\n<p>J\u00e1 o cabe\u00e7a de lista do partido Pessoas-Animais-Natureza (PAN), Miguel Queir\u00f3s, defendeu \u201ca redu\u00e7\u00e3o e elimina\u00e7\u00e3o tendencial\u201d das portagens e apontou a \u201curg\u00eancia\u201d da \u201crenegocia\u00e7\u00e3o, com firmeza e determina\u00e7\u00e3o, da Parceria P\u00fablico Privadas (PPP) para o setor rodovi\u00e1rio\u201d.<\/p>\n\n\n\n<p>\u201cS\u00f3 esta renegocia\u00e7\u00e3o&nbsp;resultar\u00e1, de imediato, na possibilidade material, jur\u00eddica e financeira de reduzir substancialmente o custo das portagens\u201d.<\/p>\n\n\n\n<p>O cabe\u00e7a de lista do Chega, Manuel Moreira, defendeu que a \u201cA28 n\u00e3o deve&nbsp;ter qualquer custo para os utilizadores\u201d e que o p\u00f3rtico de Neiva \u201ctem de ser removido por penalizar fortemente os seus utilizadores e constituir um entrave \u00e0 competitividade e atratividade da regi\u00e3o com reflexos na restaura\u00e7\u00e3o e hotelaria, bem como no com\u00e9rcio\u201d.<\/p>\n\n\n\n<p>Tamb\u00e9m o cabe\u00e7a de lista do Livre (L), Filipe Faro da Costa, afirmou ser \u201cessencial\u201d a aboli\u00e7\u00e3o das portagens na A28.<\/p>\n\n\n\n<p>\u201cEm termos econ\u00f3micos, pela liga\u00e7\u00e3o do litoral do Alto Minho ao Porto, \u00e9 simplesmente \u00f3bvio e necess\u00e1rio, at\u00e9 porque a qualidade da autoestrada (piso\/desenho\/seguran\u00e7a) est\u00e1 longe do razo\u00e1vel para os valores que s\u00e3o cobrados\u201d, referiu.<\/p>\n\n\n\n<p>Com uma \u00e1rea de 2.219 quil\u00f3metros quadrados, o distrito de Viana do Castelo, segundo o Censos de 2021, tem 231.488 habitantes.<\/p>\n\n\n\n<p>Nestas elei\u00e7\u00f5es antecipadas 15 for\u00e7as pol\u00edticas concorrem pelo c\u00edrculo eleitoral de Viana do Castelo para eleger seis representantes para a Assembleia da Rep\u00fablica.<\/p>\n\n\n\n<p>De acordo com o mapa oficial publicado no portal da Secretaria-Geral do Minist\u00e9rio da Administra\u00e7\u00e3o Interna (SGMAI), os 236.069 eleitores do distrito de Viana do Castelo v\u00e3o eleger seis representantes para a Assembleia da Rep\u00fablica.<\/p>\n","protected":false},"excerpt":{"rendered":"<p>A cobran\u00e7a de portagens na Autoestrada 28 (A28), entre Viana do Castelo e o Porto, \u00e9 uma das preocupa\u00e7\u00f5es de candidatos que concorrem \u00e0s legislativas antecipadas, sendo que uns defendem a aboli\u00e7\u00e3o e outros a redu\u00e7\u00e3o do valor. Desde a implementa\u00e7\u00e3o da cobran\u00e7a de portagens, em 2010, a luta pela sua elimina\u00e7\u00e3o tem mobilizado movimentos [&hellip;]<\/p>\n","protected":false},"author":16,"featured_media":74885,"comment_status":"closed","ping_status":"closed","sticky":false,"template":"","format":"standard","meta":{"_exactmetrics_skip_tracking":false,"_exactmetrics_sitenote_active":false,"_exactmetrics_sitenote_note":"","_exactmetrics_sitenote_category":0,"footnotes":""},"categories":[73],"tags":[21,56326],"class_list":["post-74882","post","type-post","status-publish","format-standard","has-post-thumbnail","hentry","category-alto-minho","tag-economia","tag-politica"],"yoast_head":"<!-- This site is optimized with the Yoast SEO Premium plugin v27.4 (Yoast SEO v27.4) - https:\/\/yoast.com\/product\/yoast-seo-premium-wordpress\/ -->\n<title>Legislativas: Portagens na A28 est\u00e3o entre as preocupa\u00e7\u00f5es de candidatos<\/title>\n<meta name=\"description\" content=\"A cobran\u00e7a de portagens na Autoestrada 28, entre Viana do Castelo e o Porto, \u00e9 uma das preocupa\u00e7\u00f5es de candidatos que concorrem \u00e0s legislativas.\" \/>\n<meta name=\"robots\" content=\"index, follow, max-snippet:-1, max-image-preview:large, max-video-preview:-1\" \/>\n<link rel=\"canonical\" href=\"https:\/\/www.altominho.tv\/site\/2022\/01\/14\/legislativas-portagens-na-a28-estao-entre-as-preocupacoes-de-candidatos\/\" \/>\n<meta property=\"og:locale\" content=\"pt_PT\" \/>\n<meta property=\"og:type\" content=\"article\" \/>\n<meta property=\"og:title\" content=\"Legislativas: Portagens na A28 est\u00e3o entre as preocupa\u00e7\u00f5es de candidatos\" \/>\n<meta property=\"og:description\" content=\"A cobran\u00e7a de portagens na Autoestrada 28, entre Viana do Castelo e o Porto, \u00e9 uma das preocupa\u00e7\u00f5es de candidatos que concorrem \u00e0s legislativas.\" \/>\n<meta property=\"og:url\" content=\"https:\/\/www.altominho.tv\/site\/2022\/01\/14\/legislativas-portagens-na-a28-estao-entre-as-preocupacoes-de-candidatos\/\" \/>\n<meta property=\"og:site_name\" content=\"Altominho.tv\" \/>\n<meta property=\"article:publisher\" content=\"https:\/\/www.facebook.com\/altominhotv\" \/>\n<meta property=\"article:published_time\" content=\"2022-01-14T13:01:17+00:00\" \/>\n<meta property=\"article:modified_time\" content=\"2022-02-25T14:20:22+00:00\" \/>\n<meta property=\"og:image\" content=\"https:\/\/www.altominho.tv\/site\/wp-content\/uploads\/2022\/01\/portagens-A28.jpg\" \/>\n\t<meta property=\"og:image:width\" content=\"800\" \/>\n\t<meta property=\"og:image:height\" content=\"531\" \/>\n\t<meta property=\"og:image:type\" content=\"image\/jpeg\" \/>\n<meta name=\"author\" content=\"Andreia Cunha | Lusa\" \/>\n<meta name=\"twitter:card\" content=\"summary_large_image\" \/>\n<meta name=\"twitter:creator\" content=\"@altominhoTV\" \/>\n<meta name=\"twitter:site\" content=\"@altominhoTV\" \/>\n<meta name=\"twitter:label1\" content=\"Escrito por\" \/>\n\t<meta name=\"twitter:data1\" content=\"Andreia Cunha | Lusa\" \/>\n\t<meta name=\"twitter:label2\" content=\"Tempo estimado de leitura\" \/>\n\t<meta name=\"twitter:data2\" content=\"5 minutos\" \/>\n<script type=\"application\/ld+json\" class=\"yoast-schema-graph\">{\"@context\":\"https:\\\/\\\/schema.org\",\"@graph\":[{\"@type\":\"Article\",\"@id\":\"https:\\\/\\\/www.altominho.tv\\\/site\\\/2022\\\/01\\\/14\\\/legislativas-portagens-na-a28-estao-entre-as-preocupacoes-de-candidatos\\\/#article\",\"isPartOf\":{\"@id\":\"https:\\\/\\\/www.altominho.tv\\\/site\\\/2022\\\/01\\\/14\\\/legislativas-portagens-na-a28-estao-entre-as-preocupacoes-de-candidatos\\\/\"},\"author\":{\"name\":\"Andreia Cunha | Lusa\",\"@id\":\"https:\\\/\\\/www.altominho.tv\\\/site\\\/#\\\/schema\\\/person\\\/dbaf181c01b51ff40c9f461a905d321e\"},\"headline\":\"Legislativas: Portagens na A28 est\u00e3o entre as preocupa\u00e7\u00f5es de candidatos\",\"datePublished\":\"2022-01-14T13:01:17+00:00\",\"dateModified\":\"2022-02-25T14:20:22+00:00\",\"mainEntityOfPage\":{\"@id\":\"https:\\\/\\\/www.altominho.tv\\\/site\\\/2022\\\/01\\\/14\\\/legislativas-portagens-na-a28-estao-entre-as-preocupacoes-de-candidatos\\\/\"},\"wordCount\":1014,\"image\":{\"@id\":\"https:\\\/\\\/www.altominho.tv\\\/site\\\/2022\\\/01\\\/14\\\/legislativas-portagens-na-a28-estao-entre-as-preocupacoes-de-candidatos\\\/#primaryimage\"},\"thumbnailUrl\":\"https:\\\/\\\/www.altominho.tv\\\/site\\\/wp-content\\\/uploads\\\/2022\\\/01\\\/portagens-A28-e1714744558878.jpg\",\"keywords\":[\"Economia\",\"Pol\u00edtica\"],\"articleSection\":[\"Alto Minho\"],\"inLanguage\":\"pt-PT\",\"copyrightYear\":\"2022\",\"copyrightHolder\":{\"@id\":\"https:\\\/\\\/www.altominho.tv\\\/site\\\/#organization\"}},{\"@type\":\"WebPage\",\"@id\":\"https:\\\/\\\/www.altominho.tv\\\/site\\\/2022\\\/01\\\/14\\\/legislativas-portagens-na-a28-estao-entre-as-preocupacoes-de-candidatos\\\/\",\"url\":\"https:\\\/\\\/www.altominho.tv\\\/site\\\/2022\\\/01\\\/14\\\/legislativas-portagens-na-a28-estao-entre-as-preocupacoes-de-candidatos\\\/\",\"name\":\"Legislativas: Portagens na A28 est\u00e3o entre as preocupa\u00e7\u00f5es de candidatos\",\"isPartOf\":{\"@id\":\"https:\\\/\\\/www.altominho.tv\\\/site\\\/#website\"},\"primaryImageOfPage\":{\"@id\":\"https:\\\/\\\/www.altominho.tv\\\/site\\\/2022\\\/01\\\/14\\\/legislativas-portagens-na-a28-estao-entre-as-preocupacoes-de-candidatos\\\/#primaryimage\"},\"image\":{\"@id\":\"https:\\\/\\\/www.altominho.tv\\\/site\\\/2022\\\/01\\\/14\\\/legislativas-portagens-na-a28-estao-entre-as-preocupacoes-de-candidatos\\\/#primaryimage\"},\"thumbnailUrl\":\"https:\\\/\\\/www.altominho.tv\\\/site\\\/wp-content\\\/uploads\\\/2022\\\/01\\\/portagens-A28-e1714744558878.jpg\",\"datePublished\":\"2022-01-14T13:01:17+00:00\",\"dateModified\":\"2022-02-25T14:20:22+00:00\",\"author\":{\"@id\":\"https:\\\/\\\/www.altominho.tv\\\/site\\\/#\\\/schema\\\/person\\\/dbaf181c01b51ff40c9f461a905d321e\"},\"description\":\"A cobran\u00e7a de portagens na Autoestrada 28, entre Viana do Castelo e o Porto, \u00e9 uma das preocupa\u00e7\u00f5es de candidatos que concorrem \u00e0s legislativas.\",\"breadcrumb\":{\"@id\":\"https:\\\/\\\/www.altominho.tv\\\/site\\\/2022\\\/01\\\/14\\\/legislativas-portagens-na-a28-estao-entre-as-preocupacoes-de-candidatos\\\/#breadcrumb\"},\"inLanguage\":\"pt-PT\",\"potentialAction\":[{\"@type\":\"ReadAction\",\"target\":[\"https:\\\/\\\/www.altominho.tv\\\/site\\\/2022\\\/01\\\/14\\\/legislativas-portagens-na-a28-estao-entre-as-preocupacoes-de-candidatos\\\/\"]}]},{\"@type\":\"ImageObject\",\"inLanguage\":\"pt-PT\",\"@id\":\"https:\\\/\\\/www.altominho.tv\\\/site\\\/2022\\\/01\\\/14\\\/legislativas-portagens-na-a28-estao-entre-as-preocupacoes-de-candidatos\\\/#primaryimage\",\"url\":\"https:\\\/\\\/www.altominho.tv\\\/site\\\/wp-content\\\/uploads\\\/2022\\\/01\\\/portagens-A28-e1714744558878.jpg\",\"contentUrl\":\"https:\\\/\\\/www.altominho.tv\\\/site\\\/wp-content\\\/uploads\\\/2022\\\/01\\\/portagens-A28-e1714744558878.jpg\",\"width\":800,\"height\":450},{\"@type\":\"BreadcrumbList\",\"@id\":\"https:\\\/\\\/www.altominho.tv\\\/site\\\/2022\\\/01\\\/14\\\/legislativas-portagens-na-a28-estao-entre-as-preocupacoes-de-candidatos\\\/#breadcrumb\",\"itemListElement\":[{\"@type\":\"ListItem\",\"position\":1,\"name\":\"In\u00edcio\",\"item\":\"https:\\\/\\\/www.altominho.tv\\\/site\\\/\"},{\"@type\":\"ListItem\",\"position\":2,\"name\":\"Legislativas: Portagens na A28 est\u00e3o entre as preocupa\u00e7\u00f5es de candidatos\"}]},{\"@type\":\"WebSite\",\"@id\":\"https:\\\/\\\/www.altominho.tv\\\/site\\\/#website\",\"url\":\"https:\\\/\\\/www.altominho.tv\\\/site\\\/\",\"name\":\"Altominho.tv\",\"description\":\"A sua regi\u00e3o \u00e0 dist\u00e2ncia de um clique...\",\"potentialAction\":[{\"@type\":\"SearchAction\",\"target\":{\"@type\":\"EntryPoint\",\"urlTemplate\":\"https:\\\/\\\/www.altominho.tv\\\/site\\\/?s={search_term_string}\"},\"query-input\":{\"@type\":\"PropertyValueSpecification\",\"valueRequired\":true,\"valueName\":\"search_term_string\"}}],\"inLanguage\":\"pt-PT\"},{\"@type\":\"Person\",\"@id\":\"https:\\\/\\\/www.altominho.tv\\\/site\\\/#\\\/schema\\\/person\\\/dbaf181c01b51ff40c9f461a905d321e\",\"name\":\"Andreia Cunha | Lusa\",\"image\":{\"@type\":\"ImageObject\",\"inLanguage\":\"pt-PT\",\"@id\":\"https:\\\/\\\/www.altominho.tv\\\/site\\\/wp-content\\\/uploads\\\/2017\\\/11\\\/Andreia_Cunha-1-150x150.jpg\",\"url\":\"https:\\\/\\\/www.altominho.tv\\\/site\\\/wp-content\\\/uploads\\\/2017\\\/11\\\/Andreia_Cunha-1-150x150.jpg\",\"contentUrl\":\"https:\\\/\\\/www.altominho.tv\\\/site\\\/wp-content\\\/uploads\\\/2017\\\/11\\\/Andreia_Cunha-1-150x150.jpg\",\"caption\":\"Andreia Cunha | Lusa\"},\"sameAs\":[\"https:\\\/\\\/www.altominho.tv\\\/site\"],\"url\":\"https:\\\/\\\/www.altominho.tv\\\/site\\\/author\\\/andreiacunhalusa\\\/\"}]}<\/script>\n<!-- \/ Yoast SEO Premium plugin. -->","yoast_head_json":{"title":"Legislativas: Portagens na A28 est\u00e3o entre as preocupa\u00e7\u00f5es de candidatos","description":"A cobran\u00e7a de portagens na Autoestrada 28, entre Viana do Castelo e o Porto, \u00e9 uma das preocupa\u00e7\u00f5es de candidatos que concorrem \u00e0s legislativas.","robots":{"index":"index","follow":"follow","max-snippet":"max-snippet:-1","max-image-preview":"max-image-preview:large","max-video-preview":"max-video-preview:-1"},"canonical":"https:\/\/www.altominho.tv\/site\/2022\/01\/14\/legislativas-portagens-na-a28-estao-entre-as-preocupacoes-de-candidatos\/","og_locale":"pt_PT","og_type":"article","og_title":"Legislativas: Portagens na A28 est\u00e3o entre as preocupa\u00e7\u00f5es de candidatos","og_description":"A cobran\u00e7a de portagens na Autoestrada 28, entre Viana do Castelo e o Porto, \u00e9 uma das preocupa\u00e7\u00f5es de candidatos que concorrem \u00e0s legislativas.","og_url":"https:\/\/www.altominho.tv\/site\/2022\/01\/14\/legislativas-portagens-na-a28-estao-entre-as-preocupacoes-de-candidatos\/","og_site_name":"Altominho.tv","article_publisher":"https:\/\/www.facebook.com\/altominhotv","article_published_time":"2022-01-14T13:01:17+00:00","article_modified_time":"2022-02-25T14:20:22+00:00","og_image":[{"width":800,"height":531,"url":"https:\/\/www.altominho.tv\/site\/wp-content\/uploads\/2022\/01\/portagens-A28.jpg","type":"image\/jpeg"}],"author":"Andreia Cunha | Lusa","twitter_card":"summary_large_image","twitter_creator":"@altominhoTV","twitter_site":"@altominhoTV","twitter_misc":{"Escrito por":"Andreia Cunha | Lusa","Tempo estimado de leitura":"5 minutos"},"schema":{"@context":"https:\/\/schema.org","@graph":[{"@type":"Article","@id":"https:\/\/www.altominho.tv\/site\/2022\/01\/14\/legislativas-portagens-na-a28-estao-entre-as-preocupacoes-de-candidatos\/#article","isPartOf":{"@id":"https:\/\/www.altominho.tv\/site\/2022\/01\/14\/legislativas-portagens-na-a28-estao-entre-as-preocupacoes-de-candidatos\/"},"author":{"name":"Andreia Cunha | Lusa","@id":"https:\/\/www.altominho.tv\/site\/#\/schema\/person\/dbaf181c01b51ff40c9f461a905d321e"},"headline":"Legislativas: Portagens na A28 est\u00e3o entre as preocupa\u00e7\u00f5es de candidatos","datePublished":"2022-01-14T13:01:17+00:00","dateModified":"2022-02-25T14:20:22+00:00","mainEntityOfPage":{"@id":"https:\/\/www.altominho.tv\/site\/2022\/01\/14\/legislativas-portagens-na-a28-estao-entre-as-preocupacoes-de-candidatos\/"},"wordCount":1014,"image":{"@id":"https:\/\/www.altominho.tv\/site\/2022\/01\/14\/legislativas-portagens-na-a28-estao-entre-as-preocupacoes-de-candidatos\/#primaryimage"},"thumbnailUrl":"https:\/\/www.altominho.tv\/site\/wp-content\/uploads\/2022\/01\/portagens-A28-e1714744558878.jpg","keywords":["Economia","Pol\u00edtica"],"articleSection":["Alto Minho"],"inLanguage":"pt-PT","copyrightYear":"2022","copyrightHolder":{"@id":"https:\/\/www.altominho.tv\/site\/#organization"}},{"@type":"WebPage","@id":"https:\/\/www.altominho.tv\/site\/2022\/01\/14\/legislativas-portagens-na-a28-estao-entre-as-preocupacoes-de-candidatos\/","url":"https:\/\/www.altominho.tv\/site\/2022\/01\/14\/legislativas-portagens-na-a28-estao-entre-as-preocupacoes-de-candidatos\/","name":"Legislativas: Portagens na A28 est\u00e3o entre as preocupa\u00e7\u00f5es de candidatos","isPartOf":{"@id":"https:\/\/www.altominho.tv\/site\/#website"},"primaryImageOfPage":{"@id":"https:\/\/www.altominho.tv\/site\/2022\/01\/14\/legislativas-portagens-na-a28-estao-entre-as-preocupacoes-de-candidatos\/#primaryimage"},"image":{"@id":"https:\/\/www.altominho.tv\/site\/2022\/01\/14\/legislativas-portagens-na-a28-estao-entre-as-preocupacoes-de-candidatos\/#primaryimage"},"thumbnailUrl":"https:\/\/www.altominho.tv\/site\/wp-content\/uploads\/2022\/01\/portagens-A28-e1714744558878.jpg","datePublished":"2022-01-14T13:01:17+00:00","dateModified":"2022-02-25T14:20:22+00:00","author":{"@id":"https:\/\/www.altominho.tv\/site\/#\/schema\/person\/dbaf181c01b51ff40c9f461a905d321e"},"description":"A cobran\u00e7a de portagens na Autoestrada 28, entre Viana do Castelo e o Porto, \u00e9 uma das preocupa\u00e7\u00f5es de candidatos que concorrem \u00e0s legislativas.","breadcrumb":{"@id":"https:\/\/www.altominho.tv\/site\/2022\/01\/14\/legislativas-portagens-na-a28-estao-entre-as-preocupacoes-de-candidatos\/#breadcrumb"},"inLanguage":"pt-PT","potentialAction":[{"@type":"ReadAction","target":["https:\/\/www.altominho.tv\/site\/2022\/01\/14\/legislativas-portagens-na-a28-estao-entre-as-preocupacoes-de-candidatos\/"]}]},{"@type":"ImageObject","inLanguage":"pt-PT","@id":"https:\/\/www.altominho.tv\/site\/2022\/01\/14\/legislativas-portagens-na-a28-estao-entre-as-preocupacoes-de-candidatos\/#primaryimage","url":"https:\/\/www.altominho.tv\/site\/wp-content\/uploads\/2022\/01\/portagens-A28-e1714744558878.jpg","contentUrl":"https:\/\/www.altominho.tv\/site\/wp-content\/uploads\/2022\/01\/portagens-A28-e1714744558878.jpg","width":800,"height":450},{"@type":"BreadcrumbList","@id":"https:\/\/www.altominho.tv\/site\/2022\/01\/14\/legislativas-portagens-na-a28-estao-entre-as-preocupacoes-de-candidatos\/#breadcrumb","itemListElement":[{"@type":"ListItem","position":1,"name":"In\u00edcio","item":"https:\/\/www.altominho.tv\/site\/"},{"@type":"ListItem","position":2,"name":"Legislativas: Portagens na A28 est\u00e3o entre as preocupa\u00e7\u00f5es de candidatos"}]},{"@type":"WebSite","@id":"https:\/\/www.altominho.tv\/site\/#website","url":"https:\/\/www.altominho.tv\/site\/","name":"Altominho.tv","description":"A sua regi\u00e3o \u00e0 dist\u00e2ncia de um clique...","potentialAction":[{"@type":"SearchAction","target":{"@type":"EntryPoint","urlTemplate":"https:\/\/www.altominho.tv\/site\/?s={search_term_string}"},"query-input":{"@type":"PropertyValueSpecification","valueRequired":true,"valueName":"search_term_string"}}],"inLanguage":"pt-PT"},{"@type":"Person","@id":"https:\/\/www.altominho.tv\/site\/#\/schema\/person\/dbaf181c01b51ff40c9f461a905d321e","name":"Andreia Cunha | Lusa","image":{"@type":"ImageObject","inLanguage":"pt-PT","@id":"https:\/\/www.altominho.tv\/site\/wp-content\/uploads\/2017\/11\/Andreia_Cunha-1-150x150.jpg","url":"https:\/\/www.altominho.tv\/site\/wp-content\/uploads\/2017\/11\/Andreia_Cunha-1-150x150.jpg","contentUrl":"https:\/\/www.altominho.tv\/site\/wp-content\/uploads\/2017\/11\/Andreia_Cunha-1-150x150.jpg","caption":"Andreia Cunha | Lusa"},"sameAs":["https:\/\/www.altominho.tv\/site"],"url":"https:\/\/www.altominho.tv\/site\/author\/andreiacunhalusa\/"}]}},"_links":{"self":[{"href":"https:\/\/www.altominho.tv\/site\/wp-json\/wp\/v2\/posts\/74882","targetHints":{"allow":["GET"]}}],"collection":[{"href":"https:\/\/www.altominho.tv\/site\/wp-json\/wp\/v2\/posts"}],"about":[{"href":"https:\/\/www.altominho.tv\/site\/wp-json\/wp\/v2\/types\/post"}],"author":[{"embeddable":true,"href":"https:\/\/www.altominho.tv\/site\/wp-json\/wp\/v2\/users\/16"}],"replies":[{"embeddable":true,"href":"https:\/\/www.altominho.tv\/site\/wp-json\/wp\/v2\/comments?post=74882"}],"version-history":[{"count":0,"href":"https:\/\/www.altominho.tv\/site\/wp-json\/wp\/v2\/posts\/74882\/revisions"}],"wp:featuredmedia":[{"embeddable":true,"href":"https:\/\/www.altominho.tv\/site\/wp-json\/wp\/v2\/media\/74885"}],"wp:attachment":[{"href":"https:\/\/www.altominho.tv\/site\/wp-json\/wp\/v2\/media?parent=74882"}],"wp:term":[{"taxonomy":"category","embeddable":true,"href":"https:\/\/www.altominho.tv\/site\/wp-json\/wp\/v2\/categories?post=74882"},{"taxonomy":"post_tag","embeddable":true,"href":"https:\/\/www.altominho.tv\/site\/wp-json\/wp\/v2\/tags?post=74882"}],"curies":[{"name":"wp","href":"https:\/\/api.w.org\/{rel}","templated":true}]}}