{"id":74855,"date":"2022-01-14T10:06:49","date_gmt":"2022-01-14T10:06:49","guid":{"rendered":"https:\/\/www.altominho.tv\/site\/?p=74855"},"modified":"2022-02-25T14:46:23","modified_gmt":"2022-02-25T14:46:23","slug":"quinze-forcas-politicas-concorrem-as-legislativas-por-viana-do-castelo","status":"publish","type":"post","link":"https:\/\/www.altominho.tv\/site\/2022\/01\/14\/quinze-forcas-politicas-concorrem-as-legislativas-por-viana-do-castelo\/","title":{"rendered":"Quinze for\u00e7as pol\u00edticas concorrem \u00e0s legislativas por Viana do Castelo"},"content":{"rendered":"<p>Quinze for\u00e7as pol\u00edticas concorrem \u00e0s elei\u00e7\u00f5es legislativas de 30 de janeiro pelo c\u00edrculo eleitoral de Viana do Castelo, menos cinco do que em 2019.<\/p>\n<p>De acordo com o mapa oficial publicado no portal da Secretaria &#8211; Geral do Minist\u00e9rio da Administra\u00e7\u00e3o Interna (SGMAI), os 236.069 eleitores do distrito de Viana do Castelo v\u00e3o eleger seis representantes para a Assembleia da Rep\u00fablica.<\/p>\n<p>O boletim de voto para o c\u00edrculo eleitoral de Viana do Castelo \u00e9 encabe\u00e7ado pelo PS, que repete, pela terceira vez, o cabe\u00e7a de lista, o ministro da Educa\u00e7\u00e3o, Tiago Brand\u00e3o Rodrigues, natural de Paredes de Coura, e termina com a candidatura do Movimento Alternativa Socialista (MAS), que n\u00e3o concorreu em 2019 pelo c\u00edrculo do Alto Minho. A cabe\u00e7a de lista \u00e9 Maria Delfina Ferreira.<\/p>\n<p>Segue-se o Partido da Terra (MPT), que aposta num novo cabe\u00e7a de lista, H\u00e9lder Pena, o Ergue-te(E), que concorre com Diogo Casanova como cabe\u00e7a de lista, o Alian\u00e7a (A), que estreia Alberto de Ara\u00fajo Ribeiro, e o Chega, com Manuel Moreira.<\/p>\n<p>A CDU(PCP-PEV) apresenta pela primeira a elei\u00e7\u00f5es legislativas o nome do deputado municipal em Caminha Joaquim Celestino Ribeiro, o partido Pessoas-Animais-Natureza (PAN) estreia Miguel Queir\u00f3s e o Volt Portugal (VP) concorre com Camilo Vaz.<\/p>\n<p>Na nona posi\u00e7\u00e3o no boletim de voto consta o CDS-PP, que concorre com Joana Mendes, de 30 anos, filha do ex-presidente da C\u00e2mara de Ponte de Lima, Victor Mendes (CDS-PP). A ex-autarca na Assembleia de Freguesia de Campolide, freguesia do concelho de Lisboa, e atual eleita, pelo CDS-PP, na Assembleia Municipal de Ponte de Lima, \u00e9 uma das estreias em elei\u00e7\u00f5es legislativas pelo c\u00edrculo eleitoral de Viana do Castelo.<\/p>\n<p>O ex-presidente da C\u00e2mara de Valen\u00e7a, Jorge Mendes lidera, pela segunda vez, a lista do Partido Social Democrata (PPD\/PSD).<\/p>\n<p>A lista da Iniciativa Liberal (IL) \u00e9 encabe\u00e7ada por Maria Ivone Marques que, nas \u00faltimas elei\u00e7\u00f5es aut\u00e1rquicas, foi candidata pelo partido \u00e0 Assembleia Municipal de Viana do Castelo, mas falhou a elei\u00e7\u00e3o.<\/p>\n<p>No d\u00e9cimo segundo lugar do boletim de voto surge o R.I.R (Reagir, Incluir, Reciclar) que concorre com uma nova cabe\u00e7a de lista, Diana Barros, o Livre (L) repete Filipe Faro da Costa, e o Bloco de Esquerda (BE) volta a concorrer com o veterano Lu\u00eds Louro. O advogado, um dos fundadores do partido em Viana do Castelo, tem vindo a alternar a lideran\u00e7a das listas do partido, ora \u00e0s elei\u00e7\u00f5es aut\u00e1rquicas, ora \u00e0 Assembleia da Rep\u00fablica.<\/p>\n<p>Com uma \u00e1rea de 2.219 quil\u00f3metros quadrados, o distrito de Viana do Castelo, segundo o Censos de 2021, perdeu na \u00faltima d\u00e9cada mais de 13 mil habitantes, uma quebra de 5,45%, registando uma popula\u00e7\u00e3o de 231.488 pessoas.<\/p>\n<p>Todos os 10 concelhos registaram uma diminui\u00e7\u00e3o populacional, sendo que a maior quebra ocorreu em Melga\u00e7o que perdeu 1.437 residentes (-15,6%). Seguem-se Arcos de Valdevez (-9,27%), Ponte da Barca (-8,32%) e Mon\u00e7\u00e3o (-7,29%).<\/p>\n<p>Viana do Castelo perdeu 2.861 residentes (-3,22%) e Vila Nova de Cerveira sofreu uma quebra de 3,49% (323 pessoas).<\/p>\n<p>Em 2020, segundo dados do EyeData, uma ferramenta de an\u00e1lise de dados estat\u00edsticos criada pela Social Data Lab para a ag\u00eancia Lusa, o distrito tinha em m\u00e9dia, 11,13% da popula\u00e7\u00e3o constitu\u00edda por jovens at\u00e9 aos 15 anos de idade. J\u00e1 25,45% da popula\u00e7\u00e3o dos 10 concelhos tinha 65 ou mais anos.<\/p>\n<p>O com\u00e9rcio e servi\u00e7os, agricultura e pecu\u00e1ria, alojamento tur\u00edstico, restaura\u00e7\u00e3o, ind\u00fastria transformadora e do setor autom\u00f3vel s\u00e3o principais atividades econ\u00f3micas da regi\u00e3o que, em 2020, tinha uma taxa de desempregados inscritos nos centros de emprego, h\u00e1 mais de um ano, de 30,87%, inferior \u00e0 m\u00e9dia nacional (35,62%).<\/p>\n<p>Nas legislativas de 2019 foram eleitos pelo PSD, Jorge Mendes, Maria Em\u00edlia Cerqueira e Eduardo Teixeira, e pelo PS Tiago Brand\u00e3o Rodrigues, Marina Gon\u00e7alves e Anabela Rodrigues.<\/p>\n","protected":false},"excerpt":{"rendered":"<p>Quinze for\u00e7as pol\u00edticas concorrem \u00e0s elei\u00e7\u00f5es legislativas de 30 de janeiro pelo c\u00edrculo eleitoral de Viana do Castelo, menos cinco do que em 2019. De acordo com o mapa oficial publicado no portal da Secretaria &#8211; Geral do Minist\u00e9rio da Administra\u00e7\u00e3o Interna (SGMAI), os 236.069 eleitores do distrito de Viana do Castelo v\u00e3o eleger seis [&hellip;]<\/p>\n","protected":false},"author":13,"featured_media":31965,"comment_status":"closed","ping_status":"closed","sticky":false,"template":"","format":"standard","meta":{"_exactmetrics_skip_tracking":false,"_exactmetrics_sitenote_active":false,"_exactmetrics_sitenote_note":"","_exactmetrics_sitenote_category":0,"footnotes":""},"categories":[73],"tags":[56326],"class_list":["post-74855","post","type-post","status-publish","format-standard","has-post-thumbnail","hentry","category-alto-minho","tag-politica"],"yoast_head":"<!-- This site is optimized with the Yoast SEO Premium plugin v27.4 (Yoast SEO v27.4) - https:\/\/yoast.com\/product\/yoast-seo-premium-wordpress\/ -->\n<title>Quinze for\u00e7as pol\u00edticas concorrem \u00e0s legislativas por Viana do Castelo<\/title>\n<meta name=\"description\" content=\"Quinze for\u00e7as pol\u00edticas concorrem \u00e0s elei\u00e7\u00f5es legislativas de 30 de janeiro pelo c\u00edrculo eleitoral de Viana do Castelo.\" \/>\n<meta name=\"robots\" content=\"index, follow, max-snippet:-1, max-image-preview:large, max-video-preview:-1\" \/>\n<link rel=\"canonical\" href=\"https:\/\/www.altominho.tv\/site\/2022\/01\/14\/quinze-forcas-politicas-concorrem-as-legislativas-por-viana-do-castelo\/\" \/>\n<meta property=\"og:locale\" content=\"pt_PT\" \/>\n<meta property=\"og:type\" content=\"article\" \/>\n<meta property=\"og:title\" content=\"Quinze for\u00e7as pol\u00edticas concorrem \u00e0s legislativas por Viana do Castelo\" \/>\n<meta property=\"og:description\" content=\"Quinze for\u00e7as pol\u00edticas concorrem \u00e0s elei\u00e7\u00f5es legislativas de 30 de janeiro pelo c\u00edrculo eleitoral de Viana do Castelo.\" \/>\n<meta property=\"og:url\" content=\"https:\/\/www.altominho.tv\/site\/2022\/01\/14\/quinze-forcas-politicas-concorrem-as-legislativas-por-viana-do-castelo\/\" \/>\n<meta property=\"og:site_name\" content=\"Altominho.tv\" \/>\n<meta property=\"article:publisher\" content=\"https:\/\/www.facebook.com\/altominhotv\" \/>\n<meta property=\"article:published_time\" content=\"2022-01-14T10:06:49+00:00\" \/>\n<meta property=\"article:modified_time\" content=\"2022-02-25T14:46:23+00:00\" \/>\n<meta property=\"og:image\" content=\"https:\/\/www.altominho.tv\/site\/wp-content\/uploads\/2019\/07\/img_817x4602015_08_24_22_54_46_262092-740x417.jpg\" \/>\n\t<meta property=\"og:image:width\" content=\"740\" \/>\n\t<meta property=\"og:image:height\" content=\"417\" \/>\n\t<meta property=\"og:image:type\" content=\"image\/jpeg\" \/>\n<meta name=\"author\" content=\"Lusa\" \/>\n<meta name=\"twitter:card\" content=\"summary_large_image\" \/>\n<meta name=\"twitter:creator\" content=\"@altominhoTV\" \/>\n<meta name=\"twitter:site\" content=\"@altominhoTV\" \/>\n<meta name=\"twitter:label1\" content=\"Escrito por\" \/>\n\t<meta name=\"twitter:data1\" content=\"Lusa\" \/>\n\t<meta name=\"twitter:label2\" content=\"Tempo estimado de leitura\" \/>\n\t<meta name=\"twitter:data2\" content=\"4 minutos\" \/>\n<script type=\"application\/ld+json\" class=\"yoast-schema-graph\">{\"@context\":\"https:\\\/\\\/schema.org\",\"@graph\":[{\"@type\":\"Article\",\"@id\":\"https:\\\/\\\/www.altominho.tv\\\/site\\\/2022\\\/01\\\/14\\\/quinze-forcas-politicas-concorrem-as-legislativas-por-viana-do-castelo\\\/#article\",\"isPartOf\":{\"@id\":\"https:\\\/\\\/www.altominho.tv\\\/site\\\/2022\\\/01\\\/14\\\/quinze-forcas-politicas-concorrem-as-legislativas-por-viana-do-castelo\\\/\"},\"author\":{\"name\":\"Lusa\",\"@id\":\"https:\\\/\\\/www.altominho.tv\\\/site\\\/#\\\/schema\\\/person\\\/63f693da3e1899361cbe955c46f3232e\"},\"headline\":\"Quinze for\u00e7as pol\u00edticas concorrem \u00e0s legislativas por Viana do Castelo\",\"datePublished\":\"2022-01-14T10:06:49+00:00\",\"dateModified\":\"2022-02-25T14:46:23+00:00\",\"mainEntityOfPage\":{\"@id\":\"https:\\\/\\\/www.altominho.tv\\\/site\\\/2022\\\/01\\\/14\\\/quinze-forcas-politicas-concorrem-as-legislativas-por-viana-do-castelo\\\/\"},\"wordCount\":663,\"image\":{\"@id\":\"https:\\\/\\\/www.altominho.tv\\\/site\\\/2022\\\/01\\\/14\\\/quinze-forcas-politicas-concorrem-as-legislativas-por-viana-do-castelo\\\/#primaryimage\"},\"thumbnailUrl\":\"https:\\\/\\\/www.altominho.tv\\\/site\\\/wp-content\\\/uploads\\\/2019\\\/07\\\/img_817x4602015_08_24_22_54_46_262092-740x417.jpg\",\"keywords\":[\"Pol\u00edtica\"],\"articleSection\":[\"Alto Minho\"],\"inLanguage\":\"pt-PT\",\"copyrightYear\":\"2022\",\"copyrightHolder\":{\"@id\":\"https:\\\/\\\/www.altominho.tv\\\/site\\\/#organization\"}},{\"@type\":\"WebPage\",\"@id\":\"https:\\\/\\\/www.altominho.tv\\\/site\\\/2022\\\/01\\\/14\\\/quinze-forcas-politicas-concorrem-as-legislativas-por-viana-do-castelo\\\/\",\"url\":\"https:\\\/\\\/www.altominho.tv\\\/site\\\/2022\\\/01\\\/14\\\/quinze-forcas-politicas-concorrem-as-legislativas-por-viana-do-castelo\\\/\",\"name\":\"Quinze for\u00e7as pol\u00edticas concorrem \u00e0s legislativas por Viana do Castelo\",\"isPartOf\":{\"@id\":\"https:\\\/\\\/www.altominho.tv\\\/site\\\/#website\"},\"primaryImageOfPage\":{\"@id\":\"https:\\\/\\\/www.altominho.tv\\\/site\\\/2022\\\/01\\\/14\\\/quinze-forcas-politicas-concorrem-as-legislativas-por-viana-do-castelo\\\/#primaryimage\"},\"image\":{\"@id\":\"https:\\\/\\\/www.altominho.tv\\\/site\\\/2022\\\/01\\\/14\\\/quinze-forcas-politicas-concorrem-as-legislativas-por-viana-do-castelo\\\/#primaryimage\"},\"thumbnailUrl\":\"https:\\\/\\\/www.altominho.tv\\\/site\\\/wp-content\\\/uploads\\\/2019\\\/07\\\/img_817x4602015_08_24_22_54_46_262092-740x417.jpg\",\"datePublished\":\"2022-01-14T10:06:49+00:00\",\"dateModified\":\"2022-02-25T14:46:23+00:00\",\"author\":{\"@id\":\"https:\\\/\\\/www.altominho.tv\\\/site\\\/#\\\/schema\\\/person\\\/63f693da3e1899361cbe955c46f3232e\"},\"description\":\"Quinze for\u00e7as pol\u00edticas concorrem \u00e0s elei\u00e7\u00f5es legislativas de 30 de janeiro pelo c\u00edrculo eleitoral de Viana do Castelo.\",\"breadcrumb\":{\"@id\":\"https:\\\/\\\/www.altominho.tv\\\/site\\\/2022\\\/01\\\/14\\\/quinze-forcas-politicas-concorrem-as-legislativas-por-viana-do-castelo\\\/#breadcrumb\"},\"inLanguage\":\"pt-PT\",\"potentialAction\":[{\"@type\":\"ReadAction\",\"target\":[\"https:\\\/\\\/www.altominho.tv\\\/site\\\/2022\\\/01\\\/14\\\/quinze-forcas-politicas-concorrem-as-legislativas-por-viana-do-castelo\\\/\"]}]},{\"@type\":\"ImageObject\",\"inLanguage\":\"pt-PT\",\"@id\":\"https:\\\/\\\/www.altominho.tv\\\/site\\\/2022\\\/01\\\/14\\\/quinze-forcas-politicas-concorrem-as-legislativas-por-viana-do-castelo\\\/#primaryimage\",\"url\":\"https:\\\/\\\/www.altominho.tv\\\/site\\\/wp-content\\\/uploads\\\/2019\\\/07\\\/img_817x4602015_08_24_22_54_46_262092-740x417.jpg\",\"contentUrl\":\"https:\\\/\\\/www.altominho.tv\\\/site\\\/wp-content\\\/uploads\\\/2019\\\/07\\\/img_817x4602015_08_24_22_54_46_262092-740x417.jpg\",\"width\":740,\"height\":417},{\"@type\":\"BreadcrumbList\",\"@id\":\"https:\\\/\\\/www.altominho.tv\\\/site\\\/2022\\\/01\\\/14\\\/quinze-forcas-politicas-concorrem-as-legislativas-por-viana-do-castelo\\\/#breadcrumb\",\"itemListElement\":[{\"@type\":\"ListItem\",\"position\":1,\"name\":\"In\u00edcio\",\"item\":\"https:\\\/\\\/www.altominho.tv\\\/site\\\/\"},{\"@type\":\"ListItem\",\"position\":2,\"name\":\"Quinze for\u00e7as pol\u00edticas concorrem \u00e0s legislativas por Viana do Castelo\"}]},{\"@type\":\"WebSite\",\"@id\":\"https:\\\/\\\/www.altominho.tv\\\/site\\\/#website\",\"url\":\"https:\\\/\\\/www.altominho.tv\\\/site\\\/\",\"name\":\"Altominho.tv\",\"description\":\"A sua regi\u00e3o \u00e0 dist\u00e2ncia de um clique...\",\"potentialAction\":[{\"@type\":\"SearchAction\",\"target\":{\"@type\":\"EntryPoint\",\"urlTemplate\":\"https:\\\/\\\/www.altominho.tv\\\/site\\\/?s={search_term_string}\"},\"query-input\":{\"@type\":\"PropertyValueSpecification\",\"valueRequired\":true,\"valueName\":\"search_term_string\"}}],\"inLanguage\":\"pt-PT\"},{\"@type\":\"Person\",\"@id\":\"https:\\\/\\\/www.altominho.tv\\\/site\\\/#\\\/schema\\\/person\\\/63f693da3e1899361cbe955c46f3232e\",\"name\":\"Lusa\",\"image\":{\"@type\":\"ImageObject\",\"inLanguage\":\"pt-PT\",\"@id\":\"https:\\\/\\\/www.altominho.tv\\\/site\\\/wp-content\\\/uploads\\\/2019\\\/08\\\/LUSA_Logo.gif\",\"url\":\"https:\\\/\\\/www.altominho.tv\\\/site\\\/wp-content\\\/uploads\\\/2019\\\/08\\\/LUSA_Logo.gif\",\"contentUrl\":\"https:\\\/\\\/www.altominho.tv\\\/site\\\/wp-content\\\/uploads\\\/2019\\\/08\\\/LUSA_Logo.gif\",\"caption\":\"Lusa\"},\"sameAs\":[\"http:\\\/\\\/\\\/\\\/www.altominho.tv\\\/site\"],\"url\":\"https:\\\/\\\/www.altominho.tv\\\/site\\\/author\\\/lusa\\\/\"}]}<\/script>\n<!-- \/ Yoast SEO Premium plugin. -->","yoast_head_json":{"title":"Quinze for\u00e7as pol\u00edticas concorrem \u00e0s legislativas por Viana do Castelo","description":"Quinze for\u00e7as pol\u00edticas concorrem \u00e0s elei\u00e7\u00f5es legislativas de 30 de janeiro pelo c\u00edrculo eleitoral de Viana do Castelo.","robots":{"index":"index","follow":"follow","max-snippet":"max-snippet:-1","max-image-preview":"max-image-preview:large","max-video-preview":"max-video-preview:-1"},"canonical":"https:\/\/www.altominho.tv\/site\/2022\/01\/14\/quinze-forcas-politicas-concorrem-as-legislativas-por-viana-do-castelo\/","og_locale":"pt_PT","og_type":"article","og_title":"Quinze for\u00e7as pol\u00edticas concorrem \u00e0s legislativas por Viana do Castelo","og_description":"Quinze for\u00e7as pol\u00edticas concorrem \u00e0s elei\u00e7\u00f5es legislativas de 30 de janeiro pelo c\u00edrculo eleitoral de Viana do Castelo.","og_url":"https:\/\/www.altominho.tv\/site\/2022\/01\/14\/quinze-forcas-politicas-concorrem-as-legislativas-por-viana-do-castelo\/","og_site_name":"Altominho.tv","article_publisher":"https:\/\/www.facebook.com\/altominhotv","article_published_time":"2022-01-14T10:06:49+00:00","article_modified_time":"2022-02-25T14:46:23+00:00","og_image":[{"width":740,"height":417,"url":"https:\/\/www.altominho.tv\/site\/wp-content\/uploads\/2019\/07\/img_817x4602015_08_24_22_54_46_262092-740x417.jpg","type":"image\/jpeg"}],"author":"Lusa","twitter_card":"summary_large_image","twitter_creator":"@altominhoTV","twitter_site":"@altominhoTV","twitter_misc":{"Escrito por":"Lusa","Tempo estimado de leitura":"4 minutos"},"schema":{"@context":"https:\/\/schema.org","@graph":[{"@type":"Article","@id":"https:\/\/www.altominho.tv\/site\/2022\/01\/14\/quinze-forcas-politicas-concorrem-as-legislativas-por-viana-do-castelo\/#article","isPartOf":{"@id":"https:\/\/www.altominho.tv\/site\/2022\/01\/14\/quinze-forcas-politicas-concorrem-as-legislativas-por-viana-do-castelo\/"},"author":{"name":"Lusa","@id":"https:\/\/www.altominho.tv\/site\/#\/schema\/person\/63f693da3e1899361cbe955c46f3232e"},"headline":"Quinze for\u00e7as pol\u00edticas concorrem \u00e0s legislativas por Viana do Castelo","datePublished":"2022-01-14T10:06:49+00:00","dateModified":"2022-02-25T14:46:23+00:00","mainEntityOfPage":{"@id":"https:\/\/www.altominho.tv\/site\/2022\/01\/14\/quinze-forcas-politicas-concorrem-as-legislativas-por-viana-do-castelo\/"},"wordCount":663,"image":{"@id":"https:\/\/www.altominho.tv\/site\/2022\/01\/14\/quinze-forcas-politicas-concorrem-as-legislativas-por-viana-do-castelo\/#primaryimage"},"thumbnailUrl":"https:\/\/www.altominho.tv\/site\/wp-content\/uploads\/2019\/07\/img_817x4602015_08_24_22_54_46_262092-740x417.jpg","keywords":["Pol\u00edtica"],"articleSection":["Alto Minho"],"inLanguage":"pt-PT","copyrightYear":"2022","copyrightHolder":{"@id":"https:\/\/www.altominho.tv\/site\/#organization"}},{"@type":"WebPage","@id":"https:\/\/www.altominho.tv\/site\/2022\/01\/14\/quinze-forcas-politicas-concorrem-as-legislativas-por-viana-do-castelo\/","url":"https:\/\/www.altominho.tv\/site\/2022\/01\/14\/quinze-forcas-politicas-concorrem-as-legislativas-por-viana-do-castelo\/","name":"Quinze for\u00e7as pol\u00edticas concorrem \u00e0s legislativas por Viana do Castelo","isPartOf":{"@id":"https:\/\/www.altominho.tv\/site\/#website"},"primaryImageOfPage":{"@id":"https:\/\/www.altominho.tv\/site\/2022\/01\/14\/quinze-forcas-politicas-concorrem-as-legislativas-por-viana-do-castelo\/#primaryimage"},"image":{"@id":"https:\/\/www.altominho.tv\/site\/2022\/01\/14\/quinze-forcas-politicas-concorrem-as-legislativas-por-viana-do-castelo\/#primaryimage"},"thumbnailUrl":"https:\/\/www.altominho.tv\/site\/wp-content\/uploads\/2019\/07\/img_817x4602015_08_24_22_54_46_262092-740x417.jpg","datePublished":"2022-01-14T10:06:49+00:00","dateModified":"2022-02-25T14:46:23+00:00","author":{"@id":"https:\/\/www.altominho.tv\/site\/#\/schema\/person\/63f693da3e1899361cbe955c46f3232e"},"description":"Quinze for\u00e7as pol\u00edticas concorrem \u00e0s elei\u00e7\u00f5es legislativas de 30 de janeiro pelo c\u00edrculo eleitoral de Viana do Castelo.","breadcrumb":{"@id":"https:\/\/www.altominho.tv\/site\/2022\/01\/14\/quinze-forcas-politicas-concorrem-as-legislativas-por-viana-do-castelo\/#breadcrumb"},"inLanguage":"pt-PT","potentialAction":[{"@type":"ReadAction","target":["https:\/\/www.altominho.tv\/site\/2022\/01\/14\/quinze-forcas-politicas-concorrem-as-legislativas-por-viana-do-castelo\/"]}]},{"@type":"ImageObject","inLanguage":"pt-PT","@id":"https:\/\/www.altominho.tv\/site\/2022\/01\/14\/quinze-forcas-politicas-concorrem-as-legislativas-por-viana-do-castelo\/#primaryimage","url":"https:\/\/www.altominho.tv\/site\/wp-content\/uploads\/2019\/07\/img_817x4602015_08_24_22_54_46_262092-740x417.jpg","contentUrl":"https:\/\/www.altominho.tv\/site\/wp-content\/uploads\/2019\/07\/img_817x4602015_08_24_22_54_46_262092-740x417.jpg","width":740,"height":417},{"@type":"BreadcrumbList","@id":"https:\/\/www.altominho.tv\/site\/2022\/01\/14\/quinze-forcas-politicas-concorrem-as-legislativas-por-viana-do-castelo\/#breadcrumb","itemListElement":[{"@type":"ListItem","position":1,"name":"In\u00edcio","item":"https:\/\/www.altominho.tv\/site\/"},{"@type":"ListItem","position":2,"name":"Quinze for\u00e7as pol\u00edticas concorrem \u00e0s legislativas por Viana do Castelo"}]},{"@type":"WebSite","@id":"https:\/\/www.altominho.tv\/site\/#website","url":"https:\/\/www.altominho.tv\/site\/","name":"Altominho.tv","description":"A sua regi\u00e3o \u00e0 dist\u00e2ncia de um clique...","potentialAction":[{"@type":"SearchAction","target":{"@type":"EntryPoint","urlTemplate":"https:\/\/www.altominho.tv\/site\/?s={search_term_string}"},"query-input":{"@type":"PropertyValueSpecification","valueRequired":true,"valueName":"search_term_string"}}],"inLanguage":"pt-PT"},{"@type":"Person","@id":"https:\/\/www.altominho.tv\/site\/#\/schema\/person\/63f693da3e1899361cbe955c46f3232e","name":"Lusa","image":{"@type":"ImageObject","inLanguage":"pt-PT","@id":"https:\/\/www.altominho.tv\/site\/wp-content\/uploads\/2019\/08\/LUSA_Logo.gif","url":"https:\/\/www.altominho.tv\/site\/wp-content\/uploads\/2019\/08\/LUSA_Logo.gif","contentUrl":"https:\/\/www.altominho.tv\/site\/wp-content\/uploads\/2019\/08\/LUSA_Logo.gif","caption":"Lusa"},"sameAs":["http:\/\/\/\/www.altominho.tv\/site"],"url":"https:\/\/www.altominho.tv\/site\/author\/lusa\/"}]}},"_links":{"self":[{"href":"https:\/\/www.altominho.tv\/site\/wp-json\/wp\/v2\/posts\/74855","targetHints":{"allow":["GET"]}}],"collection":[{"href":"https:\/\/www.altominho.tv\/site\/wp-json\/wp\/v2\/posts"}],"about":[{"href":"https:\/\/www.altominho.tv\/site\/wp-json\/wp\/v2\/types\/post"}],"author":[{"embeddable":true,"href":"https:\/\/www.altominho.tv\/site\/wp-json\/wp\/v2\/users\/13"}],"replies":[{"embeddable":true,"href":"https:\/\/www.altominho.tv\/site\/wp-json\/wp\/v2\/comments?post=74855"}],"version-history":[{"count":0,"href":"https:\/\/www.altominho.tv\/site\/wp-json\/wp\/v2\/posts\/74855\/revisions"}],"wp:featuredmedia":[{"embeddable":true,"href":"https:\/\/www.altominho.tv\/site\/wp-json\/wp\/v2\/media\/31965"}],"wp:attachment":[{"href":"https:\/\/www.altominho.tv\/site\/wp-json\/wp\/v2\/media?parent=74855"}],"wp:term":[{"taxonomy":"category","embeddable":true,"href":"https:\/\/www.altominho.tv\/site\/wp-json\/wp\/v2\/categories?post=74855"},{"taxonomy":"post_tag","embeddable":true,"href":"https:\/\/www.altominho.tv\/site\/wp-json\/wp\/v2\/tags?post=74855"}],"curies":[{"name":"wp","href":"https:\/\/api.w.org\/{rel}","templated":true}]}}