{"id":74853,"date":"2022-01-14T09:41:31","date_gmt":"2022-01-14T09:41:31","guid":{"rendered":"https:\/\/www.altominho.tv\/site\/?p=74853"},"modified":"2022-02-25T14:50:07","modified_gmt":"2022-02-25T14:50:07","slug":"candidato-do-ps-diz-nao-existirem-condicoes-para-prospecao-de-litio","status":"publish","type":"post","link":"https:\/\/www.altominho.tv\/site\/2022\/01\/14\/candidato-do-ps-diz-nao-existirem-condicoes-para-prospecao-de-litio\/","title":{"rendered":"Candidato do PS diz n\u00e3o existirem condi\u00e7\u00f5es para prospe\u00e7\u00e3o de l\u00edtio"},"content":{"rendered":"<p>O cabe\u00e7a de lista do PS pelo c\u00edrculo eleitoral de Viana do Castelo \u00e0s elei\u00e7\u00f5es legislativas de 30 de janeiro, Tiago Brand\u00e3o Rodrigues, disse esta quinta-feira n\u00e3o acreditar que existiam condi\u00e7\u00f5es para a prospe\u00e7\u00e3o de l\u00edtio na Serra d\u2019Arga.<\/p>\n<p>\u201cPara n\u00e3o ficar nada por dizer eu n\u00e3o acredito que existam, verdadeiramente, neste momento condi\u00e7\u00f5es para que o l\u00edtio seja um recurso para explorar no Alto Minho\u201d, afirmou Tiago Brand\u00e3o Rodrigues.<\/p>\n<p>O candidato do PS, natural de Paredes de Coura, que falava durante o debate \u201cAlto Minho &#8211; A Economia e a Regi\u00e3o\u201d, disse que teve a \u201coportunidade\u201d de ler o relat\u00f3rio de avalia\u00e7\u00e3o ambiental preliminar do programa governamental de prospe\u00e7\u00e3o e pesquisa de l\u00edtio em oito potenciais \u00e1reas do pa\u00eds para lan\u00e7amento de procedimento concursal, e que acredita \u201ccom veem\u00eancia\u201d que o Alto Minho n\u00e3o \u201cfar\u00e1 parte do conjunto de potenciais\u201d locais a explorar.<\/p>\n<p>Em causa est\u00e1 o relat\u00f3rio de avalia\u00e7\u00e3o ambiental preliminar do Programa de Prospe\u00e7\u00e3o e Pesquisa de L\u00edtio das oito potenciais \u00e1reas para lan\u00e7amento de procedimento concursal, lan\u00e7ado a consulta p\u00fablica dois dias depois das elei\u00e7\u00f5es aut\u00e1rquicas de setembro e que esteve em consulta p\u00fablica at\u00e9 10 de dezembro.<\/p>\n<p>Entre as oito \u00e1reas previstas para integrar o concurso internacional para atribui\u00e7\u00e3o de direitos de prospe\u00e7\u00e3o e pesquisa de l\u00edtio encontra-se a zona de Arga, na Serra d&#8217;Arga, que abrange uma \u00e1rea de 10 mil hectares, dos quais 4.280 hectares encontram-se classificados como S\u00edtio de Import\u00e2ncia Comunit\u00e1ria.<\/p>\n<p>Cerca de 90% dos 10 mil hectares da Serra d&#8217;Arga distribuem-se pelos concelhos de Caminha e Viana do Castelo, 8% no concelho de Ponte de Lima e os restantes 2% em Vila Nova de Cerveira.<\/p>\n<p>Aquela serra est\u00e1 atualmente em fase de classifica\u00e7\u00e3o como \u00c1rea de Paisagem Protegida de Interesse Regional, numa iniciativa conjunta daqueles concelhos para garantir a prote\u00e7\u00e3o daquele territ\u00f3rio.<\/p>\n<p>O tamb\u00e9m ministro da Educa\u00e7\u00e3o afirmou n\u00e3o acreditar naquela possibilidade, quer \u201cpelo potencial tur\u00edstico e econ\u00f3mico da Serra d\u2019Arga quer pelas reservas de l\u00edtio que n\u00e3o s\u00e3o, elas mesmas, suficientes para essa explora\u00e7\u00e3o\u201d.<\/p>\n<p>O debate com os cabe\u00e7as de lista dos partidos com representa\u00e7\u00e3o parlamentar nas \u00faltimas legislativas, promovido pela Confedera\u00e7\u00e3o Empresarial do Alto Minho (CEVAL), decorreu durante duas horas, atrav\u00e9s de videoconfer\u00eancia e foi moderado pela jornalista Idalina Casal, do jornal Alto Minho.<\/p>\n<p>Maria Ivone Marques, da Iniciativa Liberal (IL), disse que \u201ca preserva\u00e7\u00e3o ambiental tem um papel important\u00edssimo\u201d na regi\u00e3o, destacando que a Serra d\u2019Arga \u00e9 um dos patrim\u00f3nios mais importantes da regi\u00e3o por abarcar v\u00e1rios concelhos do distrito de Viana do Castelo\u201d.<\/p>\n<p>\u201cAgora o PS j\u00e1 diz que, muito provavelmente, at\u00e9 poder\u00e1 n\u00e3o vir a acontecer [prospe\u00e7\u00e3o]. Tamb\u00e9m se estranha toda a pressa e falta de transpar\u00eancia que antecedeu este processo e que n\u00e3o pode deixar ningu\u00e9m descansado\u201d, observou.<\/p>\n<p>A candidata do IL defendeu que \u201cas pessoas deveriam ter-se pronunciado sobre esta quest\u00e3o e deveriam ter sido devidamente informadas sobre os pressupostos desta poss\u00edvel prospe\u00e7\u00e3o. \u201cAgora j\u00e1 vamos percebendo que at\u00e9 poder\u00e1 n\u00e3o acontecer, pelo menos at\u00e9 ao pr\u00f3ximo dia 30 de janeiro\u201d, sublinhou.<\/p>\n<p>O cabe\u00e7a de lista da CDU, Joaquim Celestino Ribeiro, lembrou que \u201ca bomba do programa governamental de prospe\u00e7\u00e3o e explora\u00e7\u00e3o de l\u00edtio caiu em 2019 e que, agora, em 2022, estranhamente, o candidato do PS declara estar contra\u201d.<\/p>\n<p>\u201c\u00c9 um pouco estranho. O senhor est\u00e1 no Governo. \u00c9 um dos ministros que tem a mais longa dura\u00e7\u00e3o, pelo menos com a pasta que tem [Educa\u00e7\u00e3o] de que h\u00e1 mem\u00f3ria em Portugal. \u00c9 estranho que esteja agora onde, de facto, sempre nos pareceu que devia estar. Mas de forma contr\u00e1ria \u00e0 posi\u00e7\u00e3o do seu partido\u201d, afirmou o cabe\u00e7a de lista da CDU durante o debate que abordou os temas das acessibilidades e da economia.<\/p>\n<p>Joaquim Celestino Ribeiro disse que mais do que a oposi\u00e7\u00e3o \u201cinesperada\u201d de Tiago Brand\u00e3o Rodrigues ao programa governamental de prospe\u00e7\u00e3o e explora\u00e7\u00e3o de l\u00edtio na Serra d\u2019Arga \u201ca quest\u00e3o \u00e9 perguntar onde estiveram os seis deputados eleitos pelo c\u00edrculo de Viana do Castelo [tr\u00eas do PS e outros tantos do PSD] que n\u00e3o conseguiram acompanhar o que estava em curso no territ\u00f3rio e permitiram que este tipo de processo pudesse avan\u00e7ar\u201d.<\/p>\n<p>\u201cNeste momento estamos em crer que o Alto Minho n\u00e3o ser\u00e1 alvo desse programa porque, na verdade, estar\u00edamos com um conflito muito importante entre o trabalho j\u00e1 desenvolvido e o que nos cai na cabe\u00e7a para podermos aceitar uma minera\u00e7\u00e3o a c\u00e9u aberto na Serra d\u2019Arga\u201d, disse o candidato comunista.<\/p>\n<p>Joana Mendes, a cabe\u00e7a de lista do CDS-PP, afirmou que a aposta na sustentabilidade da regi\u00e3o e nas energias renov\u00e1veis \u201cn\u00e3o passa por esburacar a Serra d\u2019Arga para explora\u00e7\u00e3o de l\u00edtio\u201d. \u201cFicamos sem perceber se \u00e9 uma cren\u00e7a pessoal do candidato do PS [que a prospe\u00e7\u00e3o de l\u00edtio n\u00e3o avan\u00e7ar\u00e1] ou se \u00e9 a posi\u00e7\u00e3o do Governo. Logo veremos\u201d, afirmou a advogada de 30 anos.<\/p>\n<p>O cabe\u00e7a de lista do Bloco de Esquerda (BE), Lu\u00eds Louro, registou a exist\u00eancia de \u201cdois Governos, um do candidato do PS pelo c\u00edrculo eleitoral de Viana do Castelo que acha que n\u00e3o haver\u00e1 prospe\u00e7\u00e3o e explora\u00e7\u00e3o de l\u00edtio na Serra d\u2019Arga e, outro, o do, ministro do Ambiente, que acha que existe e que a toda a pressa , se calhar ainda antes de cessar fun\u00e7\u00f5es, quer assinar todos os contratos poss\u00edveis e imagin\u00e1rios para possibilitar a prospe\u00e7\u00e3o\u201d.<\/p>\n<p>\u201cCom todo o respeito, o candidato do PS parece a sereia do Cam\u00f5es ao tentar iludir-nos, com bons c\u00e2nticos para captar o nosso voto e, depois, n\u00e3o sabemos o que vai acontecer\u201d, desafiou o candidato do BE.<\/p>\n<p>Lu\u00eds Louro apelou ao candidato e ao Governo do PS para de \u201cforma clara\u201d esclarecerem se \u201ch\u00e1 ou n\u00e3o possibilidade de haver prospe\u00e7\u00e3o\u201d. \u201cSosseguem os milhares de vianenses que, neste momento, est\u00e3o preocupados com o que pode acontecer na Serra d\u2019Arga. \u00c9 bom que assumam de uma vez por todas. N\u00e3o venham agora com voz de sereia tentar enganar os vianenses\u201d, afirmou o advogado.<\/p>\n<p>O candidato do PSD, Jorge Mendes, lembrou \u201co trabalho e investimento feitos na \u00faltimas duas d\u00e9cadas pelos dez concelhos do distrito de Viana do Castelo na valoriza\u00e7\u00e3o dos recursos ambientais daquele territ\u00f3rio e que catapultou a regi\u00e3o como grande destino tur\u00edstico para, em 2019, o Governo abrir a caixa de Pandora\u201d.<\/p>\n<p>\u201cO que vamos dizer aos empres\u00e1rios, \u00e0s pessoas que decidiram vir viver para esses territ\u00f3rios, \u00e0s gera\u00e7\u00f5es futuras. Agora vem o senhor ministro dizer que leu o relat\u00f3rio e que n\u00e3o nos devemos preocupar. O que \u00e9 facto \u00e9 que o Governo nunca disse at\u00e9 agora para estarmos descansados, antes pelo contr\u00e1rio. No dia a seguir \u00e0s elei\u00e7\u00f5es aut\u00e1rquicas foi aberta a consulta p\u00fablica do relat\u00f3rio. N\u00e3o podemos estar quietos, pelo contr\u00e1rio temos de estar atentos&#8221;, alertou.<\/p>\n<p>Miguel Queir\u00f3s, cabe\u00e7a de lista do partido PESSOAS-ANIMAIS-NATUREZA (PAN) insistiu que \u201capesar da afirma\u00e7\u00e3o do candidato do PS, os eleitores de Viana do Castelo devem permanecer atentos e vigilantes\u201d.<\/p>\n<p>\u201cAs declara\u00e7\u00f5es do candidato n\u00e3o s\u00e3o conformes com as do Governo de Ant\u00f3nio Costa que d\u00e1 a explora\u00e7\u00e3o de l\u00edtio como um facto consumado\u201d, alertou, avisando que o projeto de minera\u00e7\u00e3o previsto para a regi\u00e3o \u201cn\u00e3o \u00e9 s\u00f3 na Serra d\u2019Arga\u201d.<\/p>\n<p>\u201cO mapa que est\u00e1 previsto abrange cinco concelhos do distrito de Viana do Castelo. \u00c9 um pol\u00edgono que inclui centros urbanos como Caminha, Vila Nova de Cerveira, Ponte de Lima. \u00c9 uma coisa absolutamente pat\u00e9tica e inconceb\u00edvel\u201d, frisou.<\/p>\n","protected":false},"excerpt":{"rendered":"<p>O cabe\u00e7a de lista do PS pelo c\u00edrculo eleitoral de Viana do Castelo \u00e0s elei\u00e7\u00f5es legislativas de 30 de janeiro, Tiago Brand\u00e3o Rodrigues, disse esta quinta-feira n\u00e3o acreditar que existiam condi\u00e7\u00f5es para a prospe\u00e7\u00e3o de l\u00edtio na Serra d\u2019Arga. \u201cPara n\u00e3o ficar nada por dizer eu n\u00e3o acredito que existam, verdadeiramente, neste momento condi\u00e7\u00f5es para [&hellip;]<\/p>\n","protected":false},"author":13,"featured_media":23664,"comment_status":"closed","ping_status":"closed","sticky":false,"template":"","format":"standard","meta":{"_exactmetrics_skip_tracking":false,"_exactmetrics_sitenote_active":false,"_exactmetrics_sitenote_note":"","_exactmetrics_sitenote_category":0,"footnotes":""},"categories":[73],"tags":[56326],"class_list":["post-74853","post","type-post","status-publish","format-standard","has-post-thumbnail","hentry","category-alto-minho","tag-politica"],"yoast_head":"<!-- This site is optimized with the Yoast SEO Premium plugin v27.4 (Yoast SEO v27.4) - https:\/\/yoast.com\/product\/yoast-seo-premium-wordpress\/ -->\n<title>Candidato do PS diz n\u00e3o existirem condi\u00e7\u00f5es para prospe\u00e7\u00e3o de l\u00edtio<\/title>\n<meta name=\"description\" content=\"O cabe\u00e7a de lista do PS pelo c\u00edrculo eleitoral de Viana do Castelo \u00e0s elei\u00e7\u00f5es legislativas de 30 de janeiro, Tiago Brand\u00e3o Rodrigues, disse esta quinta-feira n\u00e3o acreditar que existiam condi\u00e7\u00f5es para a prospe\u00e7\u00e3o de l\u00edtio na Serra d\u2019Arga.\" \/>\n<meta name=\"robots\" content=\"index, follow, max-snippet:-1, max-image-preview:large, max-video-preview:-1\" \/>\n<link rel=\"canonical\" href=\"https:\/\/www.altominho.tv\/site\/2022\/01\/14\/candidato-do-ps-diz-nao-existirem-condicoes-para-prospecao-de-litio\/\" \/>\n<meta property=\"og:locale\" content=\"pt_PT\" \/>\n<meta property=\"og:type\" content=\"article\" \/>\n<meta property=\"og:title\" content=\"Candidato do PS diz n\u00e3o existirem condi\u00e7\u00f5es para prospe\u00e7\u00e3o de l\u00edtio\" \/>\n<meta property=\"og:description\" content=\"O cabe\u00e7a de lista do PS pelo c\u00edrculo eleitoral de Viana do Castelo \u00e0s elei\u00e7\u00f5es legislativas de 30 de janeiro, Tiago Brand\u00e3o Rodrigues, disse esta quinta-feira n\u00e3o acreditar que existiam condi\u00e7\u00f5es para a prospe\u00e7\u00e3o de l\u00edtio na Serra d\u2019Arga.\" \/>\n<meta property=\"og:url\" content=\"https:\/\/www.altominho.tv\/site\/2022\/01\/14\/candidato-do-ps-diz-nao-existirem-condicoes-para-prospecao-de-litio\/\" \/>\n<meta property=\"og:site_name\" content=\"Altominho.tv\" \/>\n<meta property=\"article:publisher\" content=\"https:\/\/www.facebook.com\/altominhotv\" \/>\n<meta property=\"article:published_time\" content=\"2022-01-14T09:41:31+00:00\" \/>\n<meta property=\"article:modified_time\" content=\"2022-02-25T14:50:07+00:00\" \/>\n<meta property=\"og:image\" content=\"https:\/\/www.altominho.tv\/site\/wp-content\/uploads\/2019\/02\/Ministro-da-educac\u0327a\u0303o.jpg\" \/>\n\t<meta property=\"og:image:width\" content=\"1919\" \/>\n\t<meta property=\"og:image:height\" content=\"1079\" \/>\n\t<meta property=\"og:image:type\" content=\"image\/jpeg\" \/>\n<meta name=\"author\" content=\"Lusa\" \/>\n<meta name=\"twitter:card\" content=\"summary_large_image\" \/>\n<meta name=\"twitter:creator\" content=\"@altominhoTV\" \/>\n<meta name=\"twitter:site\" content=\"@altominhoTV\" \/>\n<meta name=\"twitter:label1\" content=\"Escrito por\" \/>\n\t<meta name=\"twitter:data1\" content=\"Lusa\" \/>\n\t<meta name=\"twitter:label2\" content=\"Tempo estimado de leitura\" \/>\n\t<meta name=\"twitter:data2\" content=\"7 minutos\" \/>\n<script type=\"application\/ld+json\" class=\"yoast-schema-graph\">{\"@context\":\"https:\\\/\\\/schema.org\",\"@graph\":[{\"@type\":\"Article\",\"@id\":\"https:\\\/\\\/www.altominho.tv\\\/site\\\/2022\\\/01\\\/14\\\/candidato-do-ps-diz-nao-existirem-condicoes-para-prospecao-de-litio\\\/#article\",\"isPartOf\":{\"@id\":\"https:\\\/\\\/www.altominho.tv\\\/site\\\/2022\\\/01\\\/14\\\/candidato-do-ps-diz-nao-existirem-condicoes-para-prospecao-de-litio\\\/\"},\"author\":{\"name\":\"Lusa\",\"@id\":\"https:\\\/\\\/www.altominho.tv\\\/site\\\/#\\\/schema\\\/person\\\/63f693da3e1899361cbe955c46f3232e\"},\"headline\":\"Candidato do PS diz n\u00e3o existirem condi\u00e7\u00f5es para prospe\u00e7\u00e3o de l\u00edtio\",\"datePublished\":\"2022-01-14T09:41:31+00:00\",\"dateModified\":\"2022-02-25T14:50:07+00:00\",\"mainEntityOfPage\":{\"@id\":\"https:\\\/\\\/www.altominho.tv\\\/site\\\/2022\\\/01\\\/14\\\/candidato-do-ps-diz-nao-existirem-condicoes-para-prospecao-de-litio\\\/\"},\"wordCount\":1371,\"image\":{\"@id\":\"https:\\\/\\\/www.altominho.tv\\\/site\\\/2022\\\/01\\\/14\\\/candidato-do-ps-diz-nao-existirem-condicoes-para-prospecao-de-litio\\\/#primaryimage\"},\"thumbnailUrl\":\"https:\\\/\\\/www.altominho.tv\\\/site\\\/wp-content\\\/uploads\\\/2019\\\/02\\\/Ministro-da-educac\u0327a\u0303o.jpg\",\"keywords\":[\"Pol\u00edtica\"],\"articleSection\":[\"Alto Minho\"],\"inLanguage\":\"pt-PT\",\"copyrightYear\":\"2022\",\"copyrightHolder\":{\"@id\":\"https:\\\/\\\/www.altominho.tv\\\/site\\\/#organization\"}},{\"@type\":\"WebPage\",\"@id\":\"https:\\\/\\\/www.altominho.tv\\\/site\\\/2022\\\/01\\\/14\\\/candidato-do-ps-diz-nao-existirem-condicoes-para-prospecao-de-litio\\\/\",\"url\":\"https:\\\/\\\/www.altominho.tv\\\/site\\\/2022\\\/01\\\/14\\\/candidato-do-ps-diz-nao-existirem-condicoes-para-prospecao-de-litio\\\/\",\"name\":\"Candidato do PS diz n\u00e3o existirem condi\u00e7\u00f5es para prospe\u00e7\u00e3o de l\u00edtio\",\"isPartOf\":{\"@id\":\"https:\\\/\\\/www.altominho.tv\\\/site\\\/#website\"},\"primaryImageOfPage\":{\"@id\":\"https:\\\/\\\/www.altominho.tv\\\/site\\\/2022\\\/01\\\/14\\\/candidato-do-ps-diz-nao-existirem-condicoes-para-prospecao-de-litio\\\/#primaryimage\"},\"image\":{\"@id\":\"https:\\\/\\\/www.altominho.tv\\\/site\\\/2022\\\/01\\\/14\\\/candidato-do-ps-diz-nao-existirem-condicoes-para-prospecao-de-litio\\\/#primaryimage\"},\"thumbnailUrl\":\"https:\\\/\\\/www.altominho.tv\\\/site\\\/wp-content\\\/uploads\\\/2019\\\/02\\\/Ministro-da-educac\u0327a\u0303o.jpg\",\"datePublished\":\"2022-01-14T09:41:31+00:00\",\"dateModified\":\"2022-02-25T14:50:07+00:00\",\"author\":{\"@id\":\"https:\\\/\\\/www.altominho.tv\\\/site\\\/#\\\/schema\\\/person\\\/63f693da3e1899361cbe955c46f3232e\"},\"description\":\"O cabe\u00e7a de lista do PS pelo c\u00edrculo eleitoral de Viana do Castelo \u00e0s elei\u00e7\u00f5es legislativas de 30 de janeiro, Tiago Brand\u00e3o Rodrigues, disse esta quinta-feira n\u00e3o acreditar que existiam condi\u00e7\u00f5es para a prospe\u00e7\u00e3o de l\u00edtio na Serra d\u2019Arga.\",\"breadcrumb\":{\"@id\":\"https:\\\/\\\/www.altominho.tv\\\/site\\\/2022\\\/01\\\/14\\\/candidato-do-ps-diz-nao-existirem-condicoes-para-prospecao-de-litio\\\/#breadcrumb\"},\"inLanguage\":\"pt-PT\",\"potentialAction\":[{\"@type\":\"ReadAction\",\"target\":[\"https:\\\/\\\/www.altominho.tv\\\/site\\\/2022\\\/01\\\/14\\\/candidato-do-ps-diz-nao-existirem-condicoes-para-prospecao-de-litio\\\/\"]}]},{\"@type\":\"ImageObject\",\"inLanguage\":\"pt-PT\",\"@id\":\"https:\\\/\\\/www.altominho.tv\\\/site\\\/2022\\\/01\\\/14\\\/candidato-do-ps-diz-nao-existirem-condicoes-para-prospecao-de-litio\\\/#primaryimage\",\"url\":\"https:\\\/\\\/www.altominho.tv\\\/site\\\/wp-content\\\/uploads\\\/2019\\\/02\\\/Ministro-da-educac\u0327a\u0303o.jpg\",\"contentUrl\":\"https:\\\/\\\/www.altominho.tv\\\/site\\\/wp-content\\\/uploads\\\/2019\\\/02\\\/Ministro-da-educac\u0327a\u0303o.jpg\",\"width\":1919,\"height\":1079},{\"@type\":\"BreadcrumbList\",\"@id\":\"https:\\\/\\\/www.altominho.tv\\\/site\\\/2022\\\/01\\\/14\\\/candidato-do-ps-diz-nao-existirem-condicoes-para-prospecao-de-litio\\\/#breadcrumb\",\"itemListElement\":[{\"@type\":\"ListItem\",\"position\":1,\"name\":\"In\u00edcio\",\"item\":\"https:\\\/\\\/www.altominho.tv\\\/site\\\/\"},{\"@type\":\"ListItem\",\"position\":2,\"name\":\"Candidato do PS diz n\u00e3o existirem condi\u00e7\u00f5es para prospe\u00e7\u00e3o de l\u00edtio\"}]},{\"@type\":\"WebSite\",\"@id\":\"https:\\\/\\\/www.altominho.tv\\\/site\\\/#website\",\"url\":\"https:\\\/\\\/www.altominho.tv\\\/site\\\/\",\"name\":\"Altominho.tv\",\"description\":\"A sua regi\u00e3o \u00e0 dist\u00e2ncia de um clique...\",\"potentialAction\":[{\"@type\":\"SearchAction\",\"target\":{\"@type\":\"EntryPoint\",\"urlTemplate\":\"https:\\\/\\\/www.altominho.tv\\\/site\\\/?s={search_term_string}\"},\"query-input\":{\"@type\":\"PropertyValueSpecification\",\"valueRequired\":true,\"valueName\":\"search_term_string\"}}],\"inLanguage\":\"pt-PT\"},{\"@type\":\"Person\",\"@id\":\"https:\\\/\\\/www.altominho.tv\\\/site\\\/#\\\/schema\\\/person\\\/63f693da3e1899361cbe955c46f3232e\",\"name\":\"Lusa\",\"image\":{\"@type\":\"ImageObject\",\"inLanguage\":\"pt-PT\",\"@id\":\"https:\\\/\\\/www.altominho.tv\\\/site\\\/wp-content\\\/uploads\\\/2019\\\/08\\\/LUSA_Logo.gif\",\"url\":\"https:\\\/\\\/www.altominho.tv\\\/site\\\/wp-content\\\/uploads\\\/2019\\\/08\\\/LUSA_Logo.gif\",\"contentUrl\":\"https:\\\/\\\/www.altominho.tv\\\/site\\\/wp-content\\\/uploads\\\/2019\\\/08\\\/LUSA_Logo.gif\",\"caption\":\"Lusa\"},\"sameAs\":[\"http:\\\/\\\/\\\/\\\/www.altominho.tv\\\/site\"],\"url\":\"https:\\\/\\\/www.altominho.tv\\\/site\\\/author\\\/lusa\\\/\"}]}<\/script>\n<!-- \/ Yoast SEO Premium plugin. -->","yoast_head_json":{"title":"Candidato do PS diz n\u00e3o existirem condi\u00e7\u00f5es para prospe\u00e7\u00e3o de l\u00edtio","description":"O cabe\u00e7a de lista do PS pelo c\u00edrculo eleitoral de Viana do Castelo \u00e0s elei\u00e7\u00f5es legislativas de 30 de janeiro, Tiago Brand\u00e3o Rodrigues, disse esta quinta-feira n\u00e3o acreditar que existiam condi\u00e7\u00f5es para a prospe\u00e7\u00e3o de l\u00edtio na Serra d\u2019Arga.","robots":{"index":"index","follow":"follow","max-snippet":"max-snippet:-1","max-image-preview":"max-image-preview:large","max-video-preview":"max-video-preview:-1"},"canonical":"https:\/\/www.altominho.tv\/site\/2022\/01\/14\/candidato-do-ps-diz-nao-existirem-condicoes-para-prospecao-de-litio\/","og_locale":"pt_PT","og_type":"article","og_title":"Candidato do PS diz n\u00e3o existirem condi\u00e7\u00f5es para prospe\u00e7\u00e3o de l\u00edtio","og_description":"O cabe\u00e7a de lista do PS pelo c\u00edrculo eleitoral de Viana do Castelo \u00e0s elei\u00e7\u00f5es legislativas de 30 de janeiro, Tiago Brand\u00e3o Rodrigues, disse esta quinta-feira n\u00e3o acreditar que existiam condi\u00e7\u00f5es para a prospe\u00e7\u00e3o de l\u00edtio na Serra d\u2019Arga.","og_url":"https:\/\/www.altominho.tv\/site\/2022\/01\/14\/candidato-do-ps-diz-nao-existirem-condicoes-para-prospecao-de-litio\/","og_site_name":"Altominho.tv","article_publisher":"https:\/\/www.facebook.com\/altominhotv","article_published_time":"2022-01-14T09:41:31+00:00","article_modified_time":"2022-02-25T14:50:07+00:00","og_image":[{"width":1919,"height":1079,"url":"https:\/\/www.altominho.tv\/site\/wp-content\/uploads\/2019\/02\/Ministro-da-educac\u0327a\u0303o.jpg","type":"image\/jpeg"}],"author":"Lusa","twitter_card":"summary_large_image","twitter_creator":"@altominhoTV","twitter_site":"@altominhoTV","twitter_misc":{"Escrito por":"Lusa","Tempo estimado de leitura":"7 minutos"},"schema":{"@context":"https:\/\/schema.org","@graph":[{"@type":"Article","@id":"https:\/\/www.altominho.tv\/site\/2022\/01\/14\/candidato-do-ps-diz-nao-existirem-condicoes-para-prospecao-de-litio\/#article","isPartOf":{"@id":"https:\/\/www.altominho.tv\/site\/2022\/01\/14\/candidato-do-ps-diz-nao-existirem-condicoes-para-prospecao-de-litio\/"},"author":{"name":"Lusa","@id":"https:\/\/www.altominho.tv\/site\/#\/schema\/person\/63f693da3e1899361cbe955c46f3232e"},"headline":"Candidato do PS diz n\u00e3o existirem condi\u00e7\u00f5es para prospe\u00e7\u00e3o de l\u00edtio","datePublished":"2022-01-14T09:41:31+00:00","dateModified":"2022-02-25T14:50:07+00:00","mainEntityOfPage":{"@id":"https:\/\/www.altominho.tv\/site\/2022\/01\/14\/candidato-do-ps-diz-nao-existirem-condicoes-para-prospecao-de-litio\/"},"wordCount":1371,"image":{"@id":"https:\/\/www.altominho.tv\/site\/2022\/01\/14\/candidato-do-ps-diz-nao-existirem-condicoes-para-prospecao-de-litio\/#primaryimage"},"thumbnailUrl":"https:\/\/www.altominho.tv\/site\/wp-content\/uploads\/2019\/02\/Ministro-da-educac\u0327a\u0303o.jpg","keywords":["Pol\u00edtica"],"articleSection":["Alto Minho"],"inLanguage":"pt-PT","copyrightYear":"2022","copyrightHolder":{"@id":"https:\/\/www.altominho.tv\/site\/#organization"}},{"@type":"WebPage","@id":"https:\/\/www.altominho.tv\/site\/2022\/01\/14\/candidato-do-ps-diz-nao-existirem-condicoes-para-prospecao-de-litio\/","url":"https:\/\/www.altominho.tv\/site\/2022\/01\/14\/candidato-do-ps-diz-nao-existirem-condicoes-para-prospecao-de-litio\/","name":"Candidato do PS diz n\u00e3o existirem condi\u00e7\u00f5es para prospe\u00e7\u00e3o de l\u00edtio","isPartOf":{"@id":"https:\/\/www.altominho.tv\/site\/#website"},"primaryImageOfPage":{"@id":"https:\/\/www.altominho.tv\/site\/2022\/01\/14\/candidato-do-ps-diz-nao-existirem-condicoes-para-prospecao-de-litio\/#primaryimage"},"image":{"@id":"https:\/\/www.altominho.tv\/site\/2022\/01\/14\/candidato-do-ps-diz-nao-existirem-condicoes-para-prospecao-de-litio\/#primaryimage"},"thumbnailUrl":"https:\/\/www.altominho.tv\/site\/wp-content\/uploads\/2019\/02\/Ministro-da-educac\u0327a\u0303o.jpg","datePublished":"2022-01-14T09:41:31+00:00","dateModified":"2022-02-25T14:50:07+00:00","author":{"@id":"https:\/\/www.altominho.tv\/site\/#\/schema\/person\/63f693da3e1899361cbe955c46f3232e"},"description":"O cabe\u00e7a de lista do PS pelo c\u00edrculo eleitoral de Viana do Castelo \u00e0s elei\u00e7\u00f5es legislativas de 30 de janeiro, Tiago Brand\u00e3o Rodrigues, disse esta quinta-feira n\u00e3o acreditar que existiam condi\u00e7\u00f5es para a prospe\u00e7\u00e3o de l\u00edtio na Serra d\u2019Arga.","breadcrumb":{"@id":"https:\/\/www.altominho.tv\/site\/2022\/01\/14\/candidato-do-ps-diz-nao-existirem-condicoes-para-prospecao-de-litio\/#breadcrumb"},"inLanguage":"pt-PT","potentialAction":[{"@type":"ReadAction","target":["https:\/\/www.altominho.tv\/site\/2022\/01\/14\/candidato-do-ps-diz-nao-existirem-condicoes-para-prospecao-de-litio\/"]}]},{"@type":"ImageObject","inLanguage":"pt-PT","@id":"https:\/\/www.altominho.tv\/site\/2022\/01\/14\/candidato-do-ps-diz-nao-existirem-condicoes-para-prospecao-de-litio\/#primaryimage","url":"https:\/\/www.altominho.tv\/site\/wp-content\/uploads\/2019\/02\/Ministro-da-educac\u0327a\u0303o.jpg","contentUrl":"https:\/\/www.altominho.tv\/site\/wp-content\/uploads\/2019\/02\/Ministro-da-educac\u0327a\u0303o.jpg","width":1919,"height":1079},{"@type":"BreadcrumbList","@id":"https:\/\/www.altominho.tv\/site\/2022\/01\/14\/candidato-do-ps-diz-nao-existirem-condicoes-para-prospecao-de-litio\/#breadcrumb","itemListElement":[{"@type":"ListItem","position":1,"name":"In\u00edcio","item":"https:\/\/www.altominho.tv\/site\/"},{"@type":"ListItem","position":2,"name":"Candidato do PS diz n\u00e3o existirem condi\u00e7\u00f5es para prospe\u00e7\u00e3o de l\u00edtio"}]},{"@type":"WebSite","@id":"https:\/\/www.altominho.tv\/site\/#website","url":"https:\/\/www.altominho.tv\/site\/","name":"Altominho.tv","description":"A sua regi\u00e3o \u00e0 dist\u00e2ncia de um clique...","potentialAction":[{"@type":"SearchAction","target":{"@type":"EntryPoint","urlTemplate":"https:\/\/www.altominho.tv\/site\/?s={search_term_string}"},"query-input":{"@type":"PropertyValueSpecification","valueRequired":true,"valueName":"search_term_string"}}],"inLanguage":"pt-PT"},{"@type":"Person","@id":"https:\/\/www.altominho.tv\/site\/#\/schema\/person\/63f693da3e1899361cbe955c46f3232e","name":"Lusa","image":{"@type":"ImageObject","inLanguage":"pt-PT","@id":"https:\/\/www.altominho.tv\/site\/wp-content\/uploads\/2019\/08\/LUSA_Logo.gif","url":"https:\/\/www.altominho.tv\/site\/wp-content\/uploads\/2019\/08\/LUSA_Logo.gif","contentUrl":"https:\/\/www.altominho.tv\/site\/wp-content\/uploads\/2019\/08\/LUSA_Logo.gif","caption":"Lusa"},"sameAs":["http:\/\/\/\/www.altominho.tv\/site"],"url":"https:\/\/www.altominho.tv\/site\/author\/lusa\/"}]}},"_links":{"self":[{"href":"https:\/\/www.altominho.tv\/site\/wp-json\/wp\/v2\/posts\/74853","targetHints":{"allow":["GET"]}}],"collection":[{"href":"https:\/\/www.altominho.tv\/site\/wp-json\/wp\/v2\/posts"}],"about":[{"href":"https:\/\/www.altominho.tv\/site\/wp-json\/wp\/v2\/types\/post"}],"author":[{"embeddable":true,"href":"https:\/\/www.altominho.tv\/site\/wp-json\/wp\/v2\/users\/13"}],"replies":[{"embeddable":true,"href":"https:\/\/www.altominho.tv\/site\/wp-json\/wp\/v2\/comments?post=74853"}],"version-history":[{"count":0,"href":"https:\/\/www.altominho.tv\/site\/wp-json\/wp\/v2\/posts\/74853\/revisions"}],"wp:featuredmedia":[{"embeddable":true,"href":"https:\/\/www.altominho.tv\/site\/wp-json\/wp\/v2\/media\/23664"}],"wp:attachment":[{"href":"https:\/\/www.altominho.tv\/site\/wp-json\/wp\/v2\/media?parent=74853"}],"wp:term":[{"taxonomy":"category","embeddable":true,"href":"https:\/\/www.altominho.tv\/site\/wp-json\/wp\/v2\/categories?post=74853"},{"taxonomy":"post_tag","embeddable":true,"href":"https:\/\/www.altominho.tv\/site\/wp-json\/wp\/v2\/tags?post=74853"}],"curies":[{"name":"wp","href":"https:\/\/api.w.org\/{rel}","templated":true}]}}