{"id":74850,"date":"2022-01-13T17:28:08","date_gmt":"2022-01-13T17:28:08","guid":{"rendered":"https:\/\/www.altominho.tv\/site\/?p=74850"},"modified":"2022-02-25T15:37:54","modified_gmt":"2022-02-25T15:37:54","slug":"cim-alto-minho-participa-em-seminario-de-cooperacao-europeia-para-melhoria-da-qualidade-da-agua-dos-rios","status":"publish","type":"post","link":"https:\/\/www.altominho.tv\/site\/2022\/01\/13\/cim-alto-minho-participa-em-seminario-de-cooperacao-europeia-para-melhoria-da-qualidade-da-agua-dos-rios\/","title":{"rendered":"CIM Alto Minho participa em semin\u00e1rio de coopera\u00e7\u00e3o europeia para melhoria da qualidade da \u00e1gua dos rios"},"content":{"rendered":"\n<p>A Comunidade Intermunicipal do Alto Minho (CIM Alto Minho) participa durante dois dias no semin\u00e1rio t\u00e9cnico do projeto&nbsp;<strong>\u201cBIGDATA 4RIVERS &#8211; Melhorar a qualidade da \u00e1gua dos rios europeus atrav\u00e9s de pol\u00edticas inteligentes de gest\u00e3o da \u00e1gua\u201d<\/strong>, que decorre em formato online, contando com a participa\u00e7\u00e3o de diferentes entidades dos pa\u00edses parceiros com responsabilidades em diferentes tem\u00e1ticas. <\/p>\n\n\n\n<p>O objetivo \u00e9 debater formas de melhorar a qualidade da \u00e1gua dos rios europeus atrav\u00e9s de pol\u00edticas inteligentes de gest\u00e3o da \u00e1gua. <\/p>\n\n\n\n<p>O presidente da CIM Alto Minho, Manoel Batista, marcou presen\u00e7a na sess\u00e3o de abertura.<\/p>\n\n\n\n<p>No primeiro dia, que se realizada hoje, dia 13 de janeiro, ser\u00e3o apresentados temas como os planos estrat\u00e9gicos para o pr\u00f3ximo per\u00edodo de programa\u00e7\u00e3o e os objetivos para os recursos h\u00eddricos; os m\u00e9todos e tecnologias de an\u00e1lise envolvidos nos processos do projeto e a sua aplica\u00e7\u00e3o na gest\u00e3o de recursos h\u00eddricos; boas pr\u00e1ticas e melhores tecnologias dispon\u00edveis. <\/p>\n\n\n\n<p>Amanh\u00e3, dia 14 de janeiro, ser\u00e1 realizada uma visita de estudo virtual ao territ\u00f3rio de interven\u00e7\u00e3o do parceiro espanhol da Associa\u00e7\u00e3o Ib\u00e9rica de Munic\u00edpios Ribeirinhos do Rio Douro (AIMRD), sendo apresentadas boas pr\u00e1ticas e destacadas algumas orienta\u00e7\u00f5es e conclus\u00f5es das atividades de harmoniza\u00e7\u00e3o entre parceiros e&nbsp;<em>stakeholders<\/em>&nbsp;do projeto.<\/p>\n\n\n\n<p>Cofinanciado pelo Fundo Europeu de Desenvolvimento Regional (FEDER), no \u00e2mbito do programa de coopera\u00e7\u00e3o inter-regional Interreg Europa, o BIGDATA 4RIVERS \u00e9 um projeto que visa gerar mecanismos de partilha de informa\u00e7\u00e3o e conhecimento, de forma a permitir a incorpora\u00e7\u00e3o dos melhores processos de planeamento e apoiar a tomada de decis\u00e3o em rela\u00e7\u00e3o \u00e0 gest\u00e3o regional\/ local da \u00e1gua. O desenvolvimento deste projeto passa pela promo\u00e7\u00e3o de uma gest\u00e3o inteligente da \u00e1gua, onde as Tecnologias da Informa\u00e7\u00e3o e Comunica\u00e7\u00e3o (TIC) assumem um papel preponderante.<\/p>\n\n\n\n<p>Para al\u00e9m da CIM Alto Minho, fazem parte deste projeto outras institui\u00e7\u00f5es europeias como o Conselho Administrativo do Condado de \u00d6sterg\u00f6tland (Su\u00e9cia), o DREAM &#8211; Cluster de Competitividade em \u00c1gua e Meio Ambiente (Fran\u00e7a), a Associa\u00e7\u00e3o Ib\u00e9rica de Munic\u00edpios Ribeirinhos do Rio Douro (Espanha), a Universidade de Tecnologia Kaunas (Litu\u00e2nia), a Uni\u00e3o Nacional de Empres\u00e1rios Romenos (Rom\u00e9nia) e o Fundo de Desenvolvimento Regional da Regi\u00e3o de Atenas (Gr\u00e9cia).<\/p>\n","protected":false},"excerpt":{"rendered":"<p>A Comunidade Intermunicipal do Alto Minho (CIM Alto Minho) participa durante dois dias no semin\u00e1rio t\u00e9cnico do projeto&nbsp;\u201cBIGDATA 4RIVERS &#8211; Melhorar a qualidade da \u00e1gua dos rios europeus atrav\u00e9s de pol\u00edticas inteligentes de gest\u00e3o da \u00e1gua\u201d, que decorre em formato online, contando com a participa\u00e7\u00e3o de diferentes entidades dos pa\u00edses parceiros com responsabilidades em diferentes [&hellip;]<\/p>\n","protected":false},"author":7,"featured_media":74851,"comment_status":"closed","ping_status":"closed","sticky":false,"template":"","format":"standard","meta":{"_exactmetrics_skip_tracking":false,"_exactmetrics_sitenote_active":false,"_exactmetrics_sitenote_note":"","_exactmetrics_sitenote_category":0,"footnotes":""},"categories":[73],"tags":[27],"class_list":["post-74850","post","type-post","status-publish","format-standard","has-post-thumbnail","hentry","category-alto-minho","tag-sociedade"],"yoast_head":"<!-- This site is optimized with the Yoast SEO Premium plugin v27.4 (Yoast SEO v27.4) - https:\/\/yoast.com\/product\/yoast-seo-premium-wordpress\/ -->\n<title>CIM Alto Minho participa em semin\u00e1rio de coopera\u00e7\u00e3o europeia para melhoria da qualidade da \u00e1gua dos rios<\/title>\n<meta name=\"description\" content=\"A Comunidade Intermunicipal do Alto Minho participa durante dois dias no semin\u00e1rio t\u00e9cnico do projeto\u00a0\u201cBIGDATA 4RIVERS - Melhorar a qualidade da \u00e1gua dos rios europeus atrav\u00e9s de pol\u00edticas inteligentes de gest\u00e3o da \u00e1gua\u201d\" \/>\n<meta name=\"robots\" content=\"index, follow, max-snippet:-1, max-image-preview:large, max-video-preview:-1\" \/>\n<link rel=\"canonical\" href=\"https:\/\/www.altominho.tv\/site\/2022\/01\/13\/cim-alto-minho-participa-em-seminario-de-cooperacao-europeia-para-melhoria-da-qualidade-da-agua-dos-rios\/\" \/>\n<meta property=\"og:locale\" content=\"pt_PT\" \/>\n<meta property=\"og:type\" content=\"article\" \/>\n<meta property=\"og:title\" content=\"CIM Alto Minho participa em semin\u00e1rio de coopera\u00e7\u00e3o europeia para melhoria da qualidade da \u00e1gua dos rios\" \/>\n<meta property=\"og:description\" content=\"A Comunidade Intermunicipal do Alto Minho participa durante dois dias no semin\u00e1rio t\u00e9cnico do projeto\u00a0\u201cBIGDATA 4RIVERS - Melhorar a qualidade da \u00e1gua dos rios europeus atrav\u00e9s de pol\u00edticas inteligentes de gest\u00e3o da \u00e1gua\u201d\" \/>\n<meta property=\"og:url\" content=\"https:\/\/www.altominho.tv\/site\/2022\/01\/13\/cim-alto-minho-participa-em-seminario-de-cooperacao-europeia-para-melhoria-da-qualidade-da-agua-dos-rios\/\" \/>\n<meta property=\"og:site_name\" content=\"Altominho.tv\" \/>\n<meta property=\"article:publisher\" content=\"https:\/\/www.facebook.com\/altominhotv\" \/>\n<meta property=\"article:published_time\" content=\"2022-01-13T17:28:08+00:00\" \/>\n<meta property=\"article:modified_time\" content=\"2022-02-25T15:37:54+00:00\" \/>\n<meta property=\"og:image\" content=\"https:\/\/www.altominho.tv\/site\/wp-content\/uploads\/2022\/01\/bigdata.jpg\" \/>\n\t<meta property=\"og:image:width\" content=\"1366\" \/>\n\t<meta property=\"og:image:height\" content=\"768\" \/>\n\t<meta property=\"og:image:type\" content=\"image\/jpeg\" \/>\n<meta name=\"author\" content=\"Andreia Cunha\" \/>\n<meta name=\"twitter:card\" content=\"summary_large_image\" \/>\n<meta name=\"twitter:creator\" content=\"@altominhoTV\" \/>\n<meta name=\"twitter:site\" content=\"@altominhoTV\" \/>\n<meta name=\"twitter:label1\" content=\"Escrito por\" \/>\n\t<meta name=\"twitter:data1\" content=\"Andreia Cunha\" \/>\n\t<meta name=\"twitter:label2\" content=\"Tempo estimado de leitura\" \/>\n\t<meta name=\"twitter:data2\" content=\"2 minutos\" \/>\n<script type=\"application\/ld+json\" class=\"yoast-schema-graph\">{\"@context\":\"https:\\\/\\\/schema.org\",\"@graph\":[{\"@type\":\"Article\",\"@id\":\"https:\\\/\\\/www.altominho.tv\\\/site\\\/2022\\\/01\\\/13\\\/cim-alto-minho-participa-em-seminario-de-cooperacao-europeia-para-melhoria-da-qualidade-da-agua-dos-rios\\\/#article\",\"isPartOf\":{\"@id\":\"https:\\\/\\\/www.altominho.tv\\\/site\\\/2022\\\/01\\\/13\\\/cim-alto-minho-participa-em-seminario-de-cooperacao-europeia-para-melhoria-da-qualidade-da-agua-dos-rios\\\/\"},\"author\":{\"name\":\"Andreia Cunha\",\"@id\":\"https:\\\/\\\/www.altominho.tv\\\/site\\\/#\\\/schema\\\/person\\\/a0e4ef6d041f98ca284393d8f1d97153\"},\"headline\":\"CIM Alto Minho participa em semin\u00e1rio de coopera\u00e7\u00e3o europeia para melhoria da qualidade da \u00e1gua dos rios\",\"datePublished\":\"2022-01-13T17:28:08+00:00\",\"dateModified\":\"2022-02-25T15:37:54+00:00\",\"mainEntityOfPage\":{\"@id\":\"https:\\\/\\\/www.altominho.tv\\\/site\\\/2022\\\/01\\\/13\\\/cim-alto-minho-participa-em-seminario-de-cooperacao-europeia-para-melhoria-da-qualidade-da-agua-dos-rios\\\/\"},\"wordCount\":426,\"image\":{\"@id\":\"https:\\\/\\\/www.altominho.tv\\\/site\\\/2022\\\/01\\\/13\\\/cim-alto-minho-participa-em-seminario-de-cooperacao-europeia-para-melhoria-da-qualidade-da-agua-dos-rios\\\/#primaryimage\"},\"thumbnailUrl\":\"https:\\\/\\\/www.altominho.tv\\\/site\\\/wp-content\\\/uploads\\\/2022\\\/01\\\/bigdata.jpg\",\"keywords\":[\"Sociedade\"],\"articleSection\":[\"Alto Minho\"],\"inLanguage\":\"pt-PT\",\"copyrightYear\":\"2022\",\"copyrightHolder\":{\"@id\":\"https:\\\/\\\/www.altominho.tv\\\/site\\\/#organization\"}},{\"@type\":\"WebPage\",\"@id\":\"https:\\\/\\\/www.altominho.tv\\\/site\\\/2022\\\/01\\\/13\\\/cim-alto-minho-participa-em-seminario-de-cooperacao-europeia-para-melhoria-da-qualidade-da-agua-dos-rios\\\/\",\"url\":\"https:\\\/\\\/www.altominho.tv\\\/site\\\/2022\\\/01\\\/13\\\/cim-alto-minho-participa-em-seminario-de-cooperacao-europeia-para-melhoria-da-qualidade-da-agua-dos-rios\\\/\",\"name\":\"CIM Alto Minho participa em semin\u00e1rio de coopera\u00e7\u00e3o europeia para melhoria da qualidade da \u00e1gua dos rios\",\"isPartOf\":{\"@id\":\"https:\\\/\\\/www.altominho.tv\\\/site\\\/#website\"},\"primaryImageOfPage\":{\"@id\":\"https:\\\/\\\/www.altominho.tv\\\/site\\\/2022\\\/01\\\/13\\\/cim-alto-minho-participa-em-seminario-de-cooperacao-europeia-para-melhoria-da-qualidade-da-agua-dos-rios\\\/#primaryimage\"},\"image\":{\"@id\":\"https:\\\/\\\/www.altominho.tv\\\/site\\\/2022\\\/01\\\/13\\\/cim-alto-minho-participa-em-seminario-de-cooperacao-europeia-para-melhoria-da-qualidade-da-agua-dos-rios\\\/#primaryimage\"},\"thumbnailUrl\":\"https:\\\/\\\/www.altominho.tv\\\/site\\\/wp-content\\\/uploads\\\/2022\\\/01\\\/bigdata.jpg\",\"datePublished\":\"2022-01-13T17:28:08+00:00\",\"dateModified\":\"2022-02-25T15:37:54+00:00\",\"author\":{\"@id\":\"https:\\\/\\\/www.altominho.tv\\\/site\\\/#\\\/schema\\\/person\\\/a0e4ef6d041f98ca284393d8f1d97153\"},\"description\":\"A Comunidade Intermunicipal do Alto Minho participa durante dois dias no semin\u00e1rio t\u00e9cnico do projeto\u00a0\u201cBIGDATA 4RIVERS - Melhorar a qualidade da \u00e1gua dos rios europeus atrav\u00e9s de pol\u00edticas inteligentes de gest\u00e3o da \u00e1gua\u201d\",\"breadcrumb\":{\"@id\":\"https:\\\/\\\/www.altominho.tv\\\/site\\\/2022\\\/01\\\/13\\\/cim-alto-minho-participa-em-seminario-de-cooperacao-europeia-para-melhoria-da-qualidade-da-agua-dos-rios\\\/#breadcrumb\"},\"inLanguage\":\"pt-PT\",\"potentialAction\":[{\"@type\":\"ReadAction\",\"target\":[\"https:\\\/\\\/www.altominho.tv\\\/site\\\/2022\\\/01\\\/13\\\/cim-alto-minho-participa-em-seminario-de-cooperacao-europeia-para-melhoria-da-qualidade-da-agua-dos-rios\\\/\"]}]},{\"@type\":\"ImageObject\",\"inLanguage\":\"pt-PT\",\"@id\":\"https:\\\/\\\/www.altominho.tv\\\/site\\\/2022\\\/01\\\/13\\\/cim-alto-minho-participa-em-seminario-de-cooperacao-europeia-para-melhoria-da-qualidade-da-agua-dos-rios\\\/#primaryimage\",\"url\":\"https:\\\/\\\/www.altominho.tv\\\/site\\\/wp-content\\\/uploads\\\/2022\\\/01\\\/bigdata.jpg\",\"contentUrl\":\"https:\\\/\\\/www.altominho.tv\\\/site\\\/wp-content\\\/uploads\\\/2022\\\/01\\\/bigdata.jpg\",\"width\":1366,\"height\":768},{\"@type\":\"BreadcrumbList\",\"@id\":\"https:\\\/\\\/www.altominho.tv\\\/site\\\/2022\\\/01\\\/13\\\/cim-alto-minho-participa-em-seminario-de-cooperacao-europeia-para-melhoria-da-qualidade-da-agua-dos-rios\\\/#breadcrumb\",\"itemListElement\":[{\"@type\":\"ListItem\",\"position\":1,\"name\":\"In\u00edcio\",\"item\":\"https:\\\/\\\/www.altominho.tv\\\/site\\\/\"},{\"@type\":\"ListItem\",\"position\":2,\"name\":\"CIM Alto Minho participa em semin\u00e1rio de coopera\u00e7\u00e3o europeia para melhoria da qualidade da \u00e1gua dos rios\"}]},{\"@type\":\"WebSite\",\"@id\":\"https:\\\/\\\/www.altominho.tv\\\/site\\\/#website\",\"url\":\"https:\\\/\\\/www.altominho.tv\\\/site\\\/\",\"name\":\"Altominho.tv\",\"description\":\"A sua regi\u00e3o \u00e0 dist\u00e2ncia de um clique...\",\"potentialAction\":[{\"@type\":\"SearchAction\",\"target\":{\"@type\":\"EntryPoint\",\"urlTemplate\":\"https:\\\/\\\/www.altominho.tv\\\/site\\\/?s={search_term_string}\"},\"query-input\":{\"@type\":\"PropertyValueSpecification\",\"valueRequired\":true,\"valueName\":\"search_term_string\"}}],\"inLanguage\":\"pt-PT\"},{\"@type\":\"Person\",\"@id\":\"https:\\\/\\\/www.altominho.tv\\\/site\\\/#\\\/schema\\\/person\\\/a0e4ef6d041f98ca284393d8f1d97153\",\"name\":\"Andreia Cunha\",\"image\":{\"@type\":\"ImageObject\",\"inLanguage\":\"pt-PT\",\"@id\":\"https:\\\/\\\/www.altominho.tv\\\/site\\\/wp-content\\\/uploads\\\/2017\\\/11\\\/Andreia_Cunha-1-150x150.jpg\",\"url\":\"https:\\\/\\\/www.altominho.tv\\\/site\\\/wp-content\\\/uploads\\\/2017\\\/11\\\/Andreia_Cunha-1-150x150.jpg\",\"contentUrl\":\"https:\\\/\\\/www.altominho.tv\\\/site\\\/wp-content\\\/uploads\\\/2017\\\/11\\\/Andreia_Cunha-1-150x150.jpg\",\"caption\":\"Andreia Cunha\"},\"url\":\"https:\\\/\\\/www.altominho.tv\\\/site\\\/author\\\/andreiacunha\\\/\"}]}<\/script>\n<!-- \/ Yoast SEO Premium plugin. -->","yoast_head_json":{"title":"CIM Alto Minho participa em semin\u00e1rio de coopera\u00e7\u00e3o europeia para melhoria da qualidade da \u00e1gua dos rios","description":"A Comunidade Intermunicipal do Alto Minho participa durante dois dias no semin\u00e1rio t\u00e9cnico do projeto\u00a0\u201cBIGDATA 4RIVERS - Melhorar a qualidade da \u00e1gua dos rios europeus atrav\u00e9s de pol\u00edticas inteligentes de gest\u00e3o da \u00e1gua\u201d","robots":{"index":"index","follow":"follow","max-snippet":"max-snippet:-1","max-image-preview":"max-image-preview:large","max-video-preview":"max-video-preview:-1"},"canonical":"https:\/\/www.altominho.tv\/site\/2022\/01\/13\/cim-alto-minho-participa-em-seminario-de-cooperacao-europeia-para-melhoria-da-qualidade-da-agua-dos-rios\/","og_locale":"pt_PT","og_type":"article","og_title":"CIM Alto Minho participa em semin\u00e1rio de coopera\u00e7\u00e3o europeia para melhoria da qualidade da \u00e1gua dos rios","og_description":"A Comunidade Intermunicipal do Alto Minho participa durante dois dias no semin\u00e1rio t\u00e9cnico do projeto\u00a0\u201cBIGDATA 4RIVERS - Melhorar a qualidade da \u00e1gua dos rios europeus atrav\u00e9s de pol\u00edticas inteligentes de gest\u00e3o da \u00e1gua\u201d","og_url":"https:\/\/www.altominho.tv\/site\/2022\/01\/13\/cim-alto-minho-participa-em-seminario-de-cooperacao-europeia-para-melhoria-da-qualidade-da-agua-dos-rios\/","og_site_name":"Altominho.tv","article_publisher":"https:\/\/www.facebook.com\/altominhotv","article_published_time":"2022-01-13T17:28:08+00:00","article_modified_time":"2022-02-25T15:37:54+00:00","og_image":[{"width":1366,"height":768,"url":"https:\/\/www.altominho.tv\/site\/wp-content\/uploads\/2022\/01\/bigdata.jpg","type":"image\/jpeg"}],"author":"Andreia Cunha","twitter_card":"summary_large_image","twitter_creator":"@altominhoTV","twitter_site":"@altominhoTV","twitter_misc":{"Escrito por":"Andreia Cunha","Tempo estimado de leitura":"2 minutos"},"schema":{"@context":"https:\/\/schema.org","@graph":[{"@type":"Article","@id":"https:\/\/www.altominho.tv\/site\/2022\/01\/13\/cim-alto-minho-participa-em-seminario-de-cooperacao-europeia-para-melhoria-da-qualidade-da-agua-dos-rios\/#article","isPartOf":{"@id":"https:\/\/www.altominho.tv\/site\/2022\/01\/13\/cim-alto-minho-participa-em-seminario-de-cooperacao-europeia-para-melhoria-da-qualidade-da-agua-dos-rios\/"},"author":{"name":"Andreia Cunha","@id":"https:\/\/www.altominho.tv\/site\/#\/schema\/person\/a0e4ef6d041f98ca284393d8f1d97153"},"headline":"CIM Alto Minho participa em semin\u00e1rio de coopera\u00e7\u00e3o europeia para melhoria da qualidade da \u00e1gua dos rios","datePublished":"2022-01-13T17:28:08+00:00","dateModified":"2022-02-25T15:37:54+00:00","mainEntityOfPage":{"@id":"https:\/\/www.altominho.tv\/site\/2022\/01\/13\/cim-alto-minho-participa-em-seminario-de-cooperacao-europeia-para-melhoria-da-qualidade-da-agua-dos-rios\/"},"wordCount":426,"image":{"@id":"https:\/\/www.altominho.tv\/site\/2022\/01\/13\/cim-alto-minho-participa-em-seminario-de-cooperacao-europeia-para-melhoria-da-qualidade-da-agua-dos-rios\/#primaryimage"},"thumbnailUrl":"https:\/\/www.altominho.tv\/site\/wp-content\/uploads\/2022\/01\/bigdata.jpg","keywords":["Sociedade"],"articleSection":["Alto Minho"],"inLanguage":"pt-PT","copyrightYear":"2022","copyrightHolder":{"@id":"https:\/\/www.altominho.tv\/site\/#organization"}},{"@type":"WebPage","@id":"https:\/\/www.altominho.tv\/site\/2022\/01\/13\/cim-alto-minho-participa-em-seminario-de-cooperacao-europeia-para-melhoria-da-qualidade-da-agua-dos-rios\/","url":"https:\/\/www.altominho.tv\/site\/2022\/01\/13\/cim-alto-minho-participa-em-seminario-de-cooperacao-europeia-para-melhoria-da-qualidade-da-agua-dos-rios\/","name":"CIM Alto Minho participa em semin\u00e1rio de coopera\u00e7\u00e3o europeia para melhoria da qualidade da \u00e1gua dos rios","isPartOf":{"@id":"https:\/\/www.altominho.tv\/site\/#website"},"primaryImageOfPage":{"@id":"https:\/\/www.altominho.tv\/site\/2022\/01\/13\/cim-alto-minho-participa-em-seminario-de-cooperacao-europeia-para-melhoria-da-qualidade-da-agua-dos-rios\/#primaryimage"},"image":{"@id":"https:\/\/www.altominho.tv\/site\/2022\/01\/13\/cim-alto-minho-participa-em-seminario-de-cooperacao-europeia-para-melhoria-da-qualidade-da-agua-dos-rios\/#primaryimage"},"thumbnailUrl":"https:\/\/www.altominho.tv\/site\/wp-content\/uploads\/2022\/01\/bigdata.jpg","datePublished":"2022-01-13T17:28:08+00:00","dateModified":"2022-02-25T15:37:54+00:00","author":{"@id":"https:\/\/www.altominho.tv\/site\/#\/schema\/person\/a0e4ef6d041f98ca284393d8f1d97153"},"description":"A Comunidade Intermunicipal do Alto Minho participa durante dois dias no semin\u00e1rio t\u00e9cnico do projeto\u00a0\u201cBIGDATA 4RIVERS - Melhorar a qualidade da \u00e1gua dos rios europeus atrav\u00e9s de pol\u00edticas inteligentes de gest\u00e3o da \u00e1gua\u201d","breadcrumb":{"@id":"https:\/\/www.altominho.tv\/site\/2022\/01\/13\/cim-alto-minho-participa-em-seminario-de-cooperacao-europeia-para-melhoria-da-qualidade-da-agua-dos-rios\/#breadcrumb"},"inLanguage":"pt-PT","potentialAction":[{"@type":"ReadAction","target":["https:\/\/www.altominho.tv\/site\/2022\/01\/13\/cim-alto-minho-participa-em-seminario-de-cooperacao-europeia-para-melhoria-da-qualidade-da-agua-dos-rios\/"]}]},{"@type":"ImageObject","inLanguage":"pt-PT","@id":"https:\/\/www.altominho.tv\/site\/2022\/01\/13\/cim-alto-minho-participa-em-seminario-de-cooperacao-europeia-para-melhoria-da-qualidade-da-agua-dos-rios\/#primaryimage","url":"https:\/\/www.altominho.tv\/site\/wp-content\/uploads\/2022\/01\/bigdata.jpg","contentUrl":"https:\/\/www.altominho.tv\/site\/wp-content\/uploads\/2022\/01\/bigdata.jpg","width":1366,"height":768},{"@type":"BreadcrumbList","@id":"https:\/\/www.altominho.tv\/site\/2022\/01\/13\/cim-alto-minho-participa-em-seminario-de-cooperacao-europeia-para-melhoria-da-qualidade-da-agua-dos-rios\/#breadcrumb","itemListElement":[{"@type":"ListItem","position":1,"name":"In\u00edcio","item":"https:\/\/www.altominho.tv\/site\/"},{"@type":"ListItem","position":2,"name":"CIM Alto Minho participa em semin\u00e1rio de coopera\u00e7\u00e3o europeia para melhoria da qualidade da \u00e1gua dos rios"}]},{"@type":"WebSite","@id":"https:\/\/www.altominho.tv\/site\/#website","url":"https:\/\/www.altominho.tv\/site\/","name":"Altominho.tv","description":"A sua regi\u00e3o \u00e0 dist\u00e2ncia de um clique...","potentialAction":[{"@type":"SearchAction","target":{"@type":"EntryPoint","urlTemplate":"https:\/\/www.altominho.tv\/site\/?s={search_term_string}"},"query-input":{"@type":"PropertyValueSpecification","valueRequired":true,"valueName":"search_term_string"}}],"inLanguage":"pt-PT"},{"@type":"Person","@id":"https:\/\/www.altominho.tv\/site\/#\/schema\/person\/a0e4ef6d041f98ca284393d8f1d97153","name":"Andreia Cunha","image":{"@type":"ImageObject","inLanguage":"pt-PT","@id":"https:\/\/www.altominho.tv\/site\/wp-content\/uploads\/2017\/11\/Andreia_Cunha-1-150x150.jpg","url":"https:\/\/www.altominho.tv\/site\/wp-content\/uploads\/2017\/11\/Andreia_Cunha-1-150x150.jpg","contentUrl":"https:\/\/www.altominho.tv\/site\/wp-content\/uploads\/2017\/11\/Andreia_Cunha-1-150x150.jpg","caption":"Andreia Cunha"},"url":"https:\/\/www.altominho.tv\/site\/author\/andreiacunha\/"}]}},"_links":{"self":[{"href":"https:\/\/www.altominho.tv\/site\/wp-json\/wp\/v2\/posts\/74850","targetHints":{"allow":["GET"]}}],"collection":[{"href":"https:\/\/www.altominho.tv\/site\/wp-json\/wp\/v2\/posts"}],"about":[{"href":"https:\/\/www.altominho.tv\/site\/wp-json\/wp\/v2\/types\/post"}],"author":[{"embeddable":true,"href":"https:\/\/www.altominho.tv\/site\/wp-json\/wp\/v2\/users\/7"}],"replies":[{"embeddable":true,"href":"https:\/\/www.altominho.tv\/site\/wp-json\/wp\/v2\/comments?post=74850"}],"version-history":[{"count":0,"href":"https:\/\/www.altominho.tv\/site\/wp-json\/wp\/v2\/posts\/74850\/revisions"}],"wp:featuredmedia":[{"embeddable":true,"href":"https:\/\/www.altominho.tv\/site\/wp-json\/wp\/v2\/media\/74851"}],"wp:attachment":[{"href":"https:\/\/www.altominho.tv\/site\/wp-json\/wp\/v2\/media?parent=74850"}],"wp:term":[{"taxonomy":"category","embeddable":true,"href":"https:\/\/www.altominho.tv\/site\/wp-json\/wp\/v2\/categories?post=74850"},{"taxonomy":"post_tag","embeddable":true,"href":"https:\/\/www.altominho.tv\/site\/wp-json\/wp\/v2\/tags?post=74850"}],"curies":[{"name":"wp","href":"https:\/\/api.w.org\/{rel}","templated":true}]}}