{"id":74841,"date":"2022-01-13T16:28:00","date_gmt":"2022-01-13T16:28:00","guid":{"rendered":"https:\/\/www.altominho.tv\/site\/?p=74841"},"modified":"2022-02-25T16:00:32","modified_gmt":"2022-02-25T16:00:32","slug":"empresas-do-norte-do-pais-com-apoios-disponiveis-para-a-qualificacao","status":"publish","type":"post","link":"https:\/\/www.altominho.tv\/site\/2022\/01\/13\/empresas-do-norte-do-pais-com-apoios-disponiveis-para-a-qualificacao\/","title":{"rendered":"Empresas do Norte do pa\u00eds com apoios dispon\u00edveis para a qualifica\u00e7\u00e3o"},"content":{"rendered":"\n<p class=\"wp-block-paragraph\">As inscri\u00e7\u00f5es para os micro e pequenos neg\u00f3cios que pretendam apostar na qualifica\u00e7\u00e3o, est\u00e3o j\u00e1 abertas.<\/p>\n\n\n\n<p class=\"wp-block-paragraph\">A competitividade das empresas passa tamb\u00e9m pela forma como se posicionam no mercado, e por isso est\u00e1 em curso uma aposta na qualifica\u00e7\u00e3o dos micro e pequenos neg\u00f3cios, na regi\u00e3o Norte. <\/p>\n\n\n\n<p class=\"wp-block-paragraph\">Marketing digital, t\u00e9cnicas de vendas, registo de marcas e patentes, log\u00edstica e operacional, design de produto s\u00e3o apenas algumas das \u00e1reas nas quais as empresas podem receber ajuda atrav\u00e9s da In.Cubo \u2013 Incubadora de Iniciativas Empresariais Inovadoras, com sede em Arcos de Valdevez.<\/p>\n\n\n\n<p class=\"wp-block-paragraph\">Segundo o coordenador de geral da In.Cubo, Francisco Ara\u00fajo, j\u00e1 est\u00e3o inscritas cerca de uma centena de micro e pequenas empresas que v\u00e3o ter o apoio de consultores para melhorar os seus servi\u00e7os. <\/p>\n\n\n\n<p class=\"wp-block-paragraph\">\u201cAs inscri\u00e7\u00f5es continuam em curso para as empresas que queiram entrar neste projeto. S\u00e3o sempre apoios fundamentais em alturas de dificuldade para que os neg\u00f3cios possam continuar a responder \u00e0s necessidades de mercado e para que continuem a desenvolver-se\u201d, afirma.<\/p>\n\n\n\n<p class=\"wp-block-paragraph\">Este programa de apoio insere-se no projeto EMERN-Q \u2013 Qualifica\u00e7\u00e3o de Micro e Pequenos Neg\u00f3cios, que visa dar continuidade ao trabalho iniciado com o projeto anterior EMER-N \u2013 Empreendedorismo em Meio Rural, destinado a alavancar os neg\u00f3cios e as empresas criadas e para o qual est\u00e3o destinados mais de 670 mil euros para investimentos.<\/p>\n\n\n\n<p class=\"wp-block-paragraph\">A qualifica\u00e7\u00e3o das empresas \u00e9 agora o principal foco deste projeto, que pretende tamb\u00e9m aumentar a competitividade, a coopera\u00e7\u00e3o e potenciar a troca de conhecimentos e experi\u00eancias entre os envolvidos, assim como aumentar a taxa de sobreviv\u00eancia das empresas e o sucesso dos neg\u00f3cios criados, numa fase de maiores desafios, em consequ\u00eancia da crise sanit\u00e1ria e econ\u00f3mica provocada pela COVID-19.<\/p>\n\n\n\n<p class=\"wp-block-paragraph\">Nesta fase as empresas podem apresentar as suas candidaturas de forma a virem a usufruir de apoios para a qualifica\u00e7\u00e3o dos seus neg\u00f3cios.<\/p>\n\n\n\n<p class=\"wp-block-paragraph\">O EMERN-Q \u00e9 um projeto cofinanciado pelo Programa Operacional Regional Norte 2020 e est\u00e1 dividido em dois territ\u00f3rios, alta densidade e baixa densidade. <\/p>\n\n\n\n<p class=\"wp-block-paragraph\">Na Baixa Densidade a IN.Cubo lidera a parceria, enquanto que na Alta Densidade \u00e9 o Instituto Empresarial do T\u00e2mega que lidera. <\/p>\n\n\n\n<p class=\"wp-block-paragraph\">A parceria junta ainda 7 ADLs \u2013 ADRIMINHO, DESTEQUE, CORANE, DOURO SUPERIOR, ADERSOUSA, ADRITEM e ADRIMAG e uma entidade de ensino superior o Instituto Polit\u00e9cnico de Bragan\u00e7a. <\/p>\n\n\n\n<p class=\"wp-block-paragraph\">O investimento situa- se nos 416 272,80 euros para a parceria da Baixa Densidade e estima-se que venha a apoiar 180 empresas, e 372&nbsp;492 euros para a Alta Densidade para apoiar 144 empresas. <\/p>\n\n\n\n<p class=\"wp-block-paragraph\">O projeto \u00e9 cofinanciado pelo FEDER (Fundo Europeu de Desenvolvimento Regional) e conta assim com um total de 670&nbsp;450,08 euros para as duas parcerias.<\/p>\n","protected":false},"excerpt":{"rendered":"<p>As inscri\u00e7\u00f5es para os micro e pequenos neg\u00f3cios que pretendam apostar na qualifica\u00e7\u00e3o, est\u00e3o j\u00e1 abertas. A competitividade das empresas passa tamb\u00e9m pela forma como se posicionam no mercado, e por isso est\u00e1 em curso uma aposta na qualifica\u00e7\u00e3o dos micro e pequenos neg\u00f3cios, na regi\u00e3o Norte. Marketing digital, t\u00e9cnicas de vendas, registo de marcas [&hellip;]<\/p>\n","protected":false},"author":7,"featured_media":74842,"comment_status":"closed","ping_status":"closed","sticky":false,"template":"","format":"standard","meta":{"_exactmetrics_skip_tracking":false,"footnotes":""},"categories":[2],"tags":[21],"class_list":["post-74841","post","type-post","status-publish","format-standard","has-post-thumbnail","hentry","category-arcos-de-valdevez","tag-economia"],"yoast_head":"<!-- This site is optimized with the Yoast SEO Premium plugin v28.3 (Yoast SEO v28.3) - https:\/\/yoast.com\/product\/yoast-seo-premium-wordpress\/ -->\n<title>Empresas do Norte do pa\u00eds com apoios dispon\u00edveis para a qualifica\u00e7\u00e3o<\/title>\n<meta name=\"description\" content=\"As inscri\u00e7\u00f5es para os micro e pequenos neg\u00f3cios que pretendam apostar na qualifica\u00e7\u00e3o, est\u00e3o j\u00e1 abertas.\" \/>\n<meta name=\"robots\" content=\"index, follow, max-snippet:-1, max-image-preview:large, max-video-preview:-1\" \/>\n<link rel=\"canonical\" href=\"https:\/\/www.altominho.tv\/site\/2022\/01\/13\/empresas-do-norte-do-pais-com-apoios-disponiveis-para-a-qualificacao\/\" \/>\n<meta property=\"og:locale\" content=\"pt_PT\" \/>\n<meta property=\"og:type\" content=\"article\" \/>\n<meta property=\"og:title\" content=\"Empresas do Norte do pa\u00eds com apoios dispon\u00edveis para a qualifica\u00e7\u00e3o\" \/>\n<meta property=\"og:description\" content=\"As inscri\u00e7\u00f5es para os micro e pequenos neg\u00f3cios que pretendam apostar na qualifica\u00e7\u00e3o, est\u00e3o j\u00e1 abertas.\" \/>\n<meta property=\"og:url\" content=\"https:\/\/www.altominho.tv\/site\/2022\/01\/13\/empresas-do-norte-do-pais-com-apoios-disponiveis-para-a-qualificacao\/\" \/>\n<meta property=\"og:site_name\" content=\"Altominho.tv\" \/>\n<meta property=\"article:publisher\" content=\"https:\/\/www.facebook.com\/altominhotv\" \/>\n<meta property=\"article:published_time\" content=\"2022-01-13T16:28:00+00:00\" \/>\n<meta property=\"article:modified_time\" content=\"2022-02-25T16:00:32+00:00\" \/>\n<meta property=\"og:image\" content=\"https:\/\/www.altominho.tv\/site\/wp-content\/uploads\/2022\/01\/incubo2.jpg\" \/>\n\t<meta property=\"og:image:width\" content=\"544\" \/>\n\t<meta property=\"og:image:height\" content=\"384\" \/>\n\t<meta property=\"og:image:type\" content=\"image\/jpeg\" \/>\n<meta name=\"author\" content=\"Andreia Cunha\" \/>\n<meta name=\"twitter:card\" content=\"summary_large_image\" \/>\n<meta name=\"twitter:creator\" content=\"@altominhoTV\" \/>\n<meta name=\"twitter:site\" content=\"@altominhoTV\" \/>\n<meta name=\"twitter:label1\" content=\"Escrito por\" \/>\n\t<meta name=\"twitter:data1\" content=\"Andreia Cunha\" \/>\n\t<meta name=\"twitter:label2\" content=\"Tempo estimado de leitura\" \/>\n\t<meta name=\"twitter:data2\" content=\"3 minutos\" \/>\n<script type=\"application\/ld+json\" class=\"yoast-schema-graph\">{\"@context\":\"https:\\\/\\\/schema.org\",\"@graph\":[{\"@type\":\"Article\",\"@id\":\"https:\\\/\\\/www.altominho.tv\\\/site\\\/2022\\\/01\\\/13\\\/empresas-do-norte-do-pais-com-apoios-disponiveis-para-a-qualificacao\\\/#article\",\"isPartOf\":{\"@id\":\"https:\\\/\\\/www.altominho.tv\\\/site\\\/2022\\\/01\\\/13\\\/empresas-do-norte-do-pais-com-apoios-disponiveis-para-a-qualificacao\\\/\"},\"author\":{\"name\":\"Andreia Cunha\",\"@id\":\"https:\\\/\\\/www.altominho.tv\\\/site\\\/#\\\/schema\\\/person\\\/a0e4ef6d041f98ca284393d8f1d97153\"},\"headline\":\"Empresas do Norte do pa\u00eds com apoios dispon\u00edveis para a qualifica\u00e7\u00e3o\",\"datePublished\":\"2022-01-13T16:28:00+00:00\",\"dateModified\":\"2022-02-25T16:00:32+00:00\",\"mainEntityOfPage\":{\"@id\":\"https:\\\/\\\/www.altominho.tv\\\/site\\\/2022\\\/01\\\/13\\\/empresas-do-norte-do-pais-com-apoios-disponiveis-para-a-qualificacao\\\/\"},\"wordCount\":468,\"image\":{\"@id\":\"https:\\\/\\\/www.altominho.tv\\\/site\\\/2022\\\/01\\\/13\\\/empresas-do-norte-do-pais-com-apoios-disponiveis-para-a-qualificacao\\\/#primaryimage\"},\"thumbnailUrl\":\"https:\\\/\\\/www.altominho.tv\\\/site\\\/wp-content\\\/uploads\\\/2022\\\/01\\\/incubo2.jpg\",\"keywords\":[\"Economia\"],\"articleSection\":[\"Arcos de Valdevez\"],\"inLanguage\":\"pt-PT\",\"copyrightYear\":\"2022\",\"copyrightHolder\":{\"@id\":\"https:\\\/\\\/www.altominho.tv\\\/site\\\/#organization\"}},{\"@type\":\"WebPage\",\"@id\":\"https:\\\/\\\/www.altominho.tv\\\/site\\\/2022\\\/01\\\/13\\\/empresas-do-norte-do-pais-com-apoios-disponiveis-para-a-qualificacao\\\/\",\"url\":\"https:\\\/\\\/www.altominho.tv\\\/site\\\/2022\\\/01\\\/13\\\/empresas-do-norte-do-pais-com-apoios-disponiveis-para-a-qualificacao\\\/\",\"name\":\"Empresas do Norte do pa\u00eds com apoios dispon\u00edveis para a qualifica\u00e7\u00e3o\",\"isPartOf\":{\"@id\":\"https:\\\/\\\/www.altominho.tv\\\/site\\\/#website\"},\"primaryImageOfPage\":{\"@id\":\"https:\\\/\\\/www.altominho.tv\\\/site\\\/2022\\\/01\\\/13\\\/empresas-do-norte-do-pais-com-apoios-disponiveis-para-a-qualificacao\\\/#primaryimage\"},\"image\":{\"@id\":\"https:\\\/\\\/www.altominho.tv\\\/site\\\/2022\\\/01\\\/13\\\/empresas-do-norte-do-pais-com-apoios-disponiveis-para-a-qualificacao\\\/#primaryimage\"},\"thumbnailUrl\":\"https:\\\/\\\/www.altominho.tv\\\/site\\\/wp-content\\\/uploads\\\/2022\\\/01\\\/incubo2.jpg\",\"datePublished\":\"2022-01-13T16:28:00+00:00\",\"dateModified\":\"2022-02-25T16:00:32+00:00\",\"author\":{\"@id\":\"https:\\\/\\\/www.altominho.tv\\\/site\\\/#\\\/schema\\\/person\\\/a0e4ef6d041f98ca284393d8f1d97153\"},\"description\":\"As inscri\u00e7\u00f5es para os micro e pequenos neg\u00f3cios que pretendam apostar na qualifica\u00e7\u00e3o, est\u00e3o j\u00e1 abertas.\",\"breadcrumb\":{\"@id\":\"https:\\\/\\\/www.altominho.tv\\\/site\\\/2022\\\/01\\\/13\\\/empresas-do-norte-do-pais-com-apoios-disponiveis-para-a-qualificacao\\\/#breadcrumb\"},\"inLanguage\":\"pt-PT\",\"potentialAction\":[{\"@type\":\"ReadAction\",\"target\":[\"https:\\\/\\\/www.altominho.tv\\\/site\\\/2022\\\/01\\\/13\\\/empresas-do-norte-do-pais-com-apoios-disponiveis-para-a-qualificacao\\\/\"]}]},{\"@type\":\"ImageObject\",\"inLanguage\":\"pt-PT\",\"@id\":\"https:\\\/\\\/www.altominho.tv\\\/site\\\/2022\\\/01\\\/13\\\/empresas-do-norte-do-pais-com-apoios-disponiveis-para-a-qualificacao\\\/#primaryimage\",\"url\":\"https:\\\/\\\/www.altominho.tv\\\/site\\\/wp-content\\\/uploads\\\/2022\\\/01\\\/incubo2.jpg\",\"contentUrl\":\"https:\\\/\\\/www.altominho.tv\\\/site\\\/wp-content\\\/uploads\\\/2022\\\/01\\\/incubo2.jpg\",\"width\":544,\"height\":384},{\"@type\":\"BreadcrumbList\",\"@id\":\"https:\\\/\\\/www.altominho.tv\\\/site\\\/2022\\\/01\\\/13\\\/empresas-do-norte-do-pais-com-apoios-disponiveis-para-a-qualificacao\\\/#breadcrumb\",\"itemListElement\":[{\"@type\":\"ListItem\",\"position\":1,\"name\":\"In\u00edcio\",\"item\":\"https:\\\/\\\/www.altominho.tv\\\/site\\\/\"},{\"@type\":\"ListItem\",\"position\":2,\"name\":\"Empresas do Norte do pa\u00eds com apoios dispon\u00edveis para a qualifica\u00e7\u00e3o\"}]},{\"@type\":\"WebSite\",\"@id\":\"https:\\\/\\\/www.altominho.tv\\\/site\\\/#website\",\"url\":\"https:\\\/\\\/www.altominho.tv\\\/site\\\/\",\"name\":\"Altominho.tv\",\"description\":\"A sua regi\u00e3o \u00e0 dist\u00e2ncia de um clique...\",\"potentialAction\":[{\"@type\":\"SearchAction\",\"target\":{\"@type\":\"EntryPoint\",\"urlTemplate\":\"https:\\\/\\\/www.altominho.tv\\\/site\\\/?s={search_term_string}\"},\"query-input\":{\"@type\":\"PropertyValueSpecification\",\"valueRequired\":true,\"valueName\":\"search_term_string\"}}],\"inLanguage\":\"pt-PT\"},{\"@type\":\"Person\",\"@id\":\"https:\\\/\\\/www.altominho.tv\\\/site\\\/#\\\/schema\\\/person\\\/a0e4ef6d041f98ca284393d8f1d97153\",\"name\":\"Andreia Cunha\",\"image\":{\"@type\":\"ImageObject\",\"inLanguage\":\"pt-PT\",\"@id\":\"https:\\\/\\\/www.altominho.tv\\\/site\\\/wp-content\\\/uploads\\\/2017\\\/11\\\/Andreia_Cunha-1-150x150.jpg\",\"url\":\"https:\\\/\\\/www.altominho.tv\\\/site\\\/wp-content\\\/uploads\\\/2017\\\/11\\\/Andreia_Cunha-1-150x150.jpg\",\"contentUrl\":\"https:\\\/\\\/www.altominho.tv\\\/site\\\/wp-content\\\/uploads\\\/2017\\\/11\\\/Andreia_Cunha-1-150x150.jpg\",\"caption\":\"Andreia Cunha\"},\"url\":\"https:\\\/\\\/www.altominho.tv\\\/site\\\/author\\\/andreiacunha\\\/\"}]}<\/script>\n<!-- \/ Yoast SEO Premium plugin. -->","yoast_head_json":{"title":"Empresas do Norte do pa\u00eds com apoios dispon\u00edveis para a qualifica\u00e7\u00e3o","description":"As inscri\u00e7\u00f5es para os micro e pequenos neg\u00f3cios que pretendam apostar na qualifica\u00e7\u00e3o, est\u00e3o j\u00e1 abertas.","robots":{"index":"index","follow":"follow","max-snippet":"max-snippet:-1","max-image-preview":"max-image-preview:large","max-video-preview":"max-video-preview:-1"},"canonical":"https:\/\/www.altominho.tv\/site\/2022\/01\/13\/empresas-do-norte-do-pais-com-apoios-disponiveis-para-a-qualificacao\/","og_locale":"pt_PT","og_type":"article","og_title":"Empresas do Norte do pa\u00eds com apoios dispon\u00edveis para a qualifica\u00e7\u00e3o","og_description":"As inscri\u00e7\u00f5es para os micro e pequenos neg\u00f3cios que pretendam apostar na qualifica\u00e7\u00e3o, est\u00e3o j\u00e1 abertas.","og_url":"https:\/\/www.altominho.tv\/site\/2022\/01\/13\/empresas-do-norte-do-pais-com-apoios-disponiveis-para-a-qualificacao\/","og_site_name":"Altominho.tv","article_publisher":"https:\/\/www.facebook.com\/altominhotv","article_published_time":"2022-01-13T16:28:00+00:00","article_modified_time":"2022-02-25T16:00:32+00:00","og_image":[{"width":544,"height":384,"url":"https:\/\/www.altominho.tv\/site\/wp-content\/uploads\/2022\/01\/incubo2.jpg","type":"image\/jpeg"}],"author":"Andreia Cunha","twitter_card":"summary_large_image","twitter_creator":"@altominhoTV","twitter_site":"@altominhoTV","twitter_misc":{"Escrito por":"Andreia Cunha","Tempo estimado de leitura":"3 minutos"},"schema":{"@context":"https:\/\/schema.org","@graph":[{"@type":"Article","@id":"https:\/\/www.altominho.tv\/site\/2022\/01\/13\/empresas-do-norte-do-pais-com-apoios-disponiveis-para-a-qualificacao\/#article","isPartOf":{"@id":"https:\/\/www.altominho.tv\/site\/2022\/01\/13\/empresas-do-norte-do-pais-com-apoios-disponiveis-para-a-qualificacao\/"},"author":{"name":"Andreia Cunha","@id":"https:\/\/www.altominho.tv\/site\/#\/schema\/person\/a0e4ef6d041f98ca284393d8f1d97153"},"headline":"Empresas do Norte do pa\u00eds com apoios dispon\u00edveis para a qualifica\u00e7\u00e3o","datePublished":"2022-01-13T16:28:00+00:00","dateModified":"2022-02-25T16:00:32+00:00","mainEntityOfPage":{"@id":"https:\/\/www.altominho.tv\/site\/2022\/01\/13\/empresas-do-norte-do-pais-com-apoios-disponiveis-para-a-qualificacao\/"},"wordCount":468,"image":{"@id":"https:\/\/www.altominho.tv\/site\/2022\/01\/13\/empresas-do-norte-do-pais-com-apoios-disponiveis-para-a-qualificacao\/#primaryimage"},"thumbnailUrl":"https:\/\/www.altominho.tv\/site\/wp-content\/uploads\/2022\/01\/incubo2.jpg","keywords":["Economia"],"articleSection":["Arcos de Valdevez"],"inLanguage":"pt-PT","copyrightYear":"2022","copyrightHolder":{"@id":"https:\/\/www.altominho.tv\/site\/#organization"}},{"@type":"WebPage","@id":"https:\/\/www.altominho.tv\/site\/2022\/01\/13\/empresas-do-norte-do-pais-com-apoios-disponiveis-para-a-qualificacao\/","url":"https:\/\/www.altominho.tv\/site\/2022\/01\/13\/empresas-do-norte-do-pais-com-apoios-disponiveis-para-a-qualificacao\/","name":"Empresas do Norte do pa\u00eds com apoios dispon\u00edveis para a qualifica\u00e7\u00e3o","isPartOf":{"@id":"https:\/\/www.altominho.tv\/site\/#website"},"primaryImageOfPage":{"@id":"https:\/\/www.altominho.tv\/site\/2022\/01\/13\/empresas-do-norte-do-pais-com-apoios-disponiveis-para-a-qualificacao\/#primaryimage"},"image":{"@id":"https:\/\/www.altominho.tv\/site\/2022\/01\/13\/empresas-do-norte-do-pais-com-apoios-disponiveis-para-a-qualificacao\/#primaryimage"},"thumbnailUrl":"https:\/\/www.altominho.tv\/site\/wp-content\/uploads\/2022\/01\/incubo2.jpg","datePublished":"2022-01-13T16:28:00+00:00","dateModified":"2022-02-25T16:00:32+00:00","author":{"@id":"https:\/\/www.altominho.tv\/site\/#\/schema\/person\/a0e4ef6d041f98ca284393d8f1d97153"},"description":"As inscri\u00e7\u00f5es para os micro e pequenos neg\u00f3cios que pretendam apostar na qualifica\u00e7\u00e3o, est\u00e3o j\u00e1 abertas.","breadcrumb":{"@id":"https:\/\/www.altominho.tv\/site\/2022\/01\/13\/empresas-do-norte-do-pais-com-apoios-disponiveis-para-a-qualificacao\/#breadcrumb"},"inLanguage":"pt-PT","potentialAction":[{"@type":"ReadAction","target":["https:\/\/www.altominho.tv\/site\/2022\/01\/13\/empresas-do-norte-do-pais-com-apoios-disponiveis-para-a-qualificacao\/"]}]},{"@type":"ImageObject","inLanguage":"pt-PT","@id":"https:\/\/www.altominho.tv\/site\/2022\/01\/13\/empresas-do-norte-do-pais-com-apoios-disponiveis-para-a-qualificacao\/#primaryimage","url":"https:\/\/www.altominho.tv\/site\/wp-content\/uploads\/2022\/01\/incubo2.jpg","contentUrl":"https:\/\/www.altominho.tv\/site\/wp-content\/uploads\/2022\/01\/incubo2.jpg","width":544,"height":384},{"@type":"BreadcrumbList","@id":"https:\/\/www.altominho.tv\/site\/2022\/01\/13\/empresas-do-norte-do-pais-com-apoios-disponiveis-para-a-qualificacao\/#breadcrumb","itemListElement":[{"@type":"ListItem","position":1,"name":"In\u00edcio","item":"https:\/\/www.altominho.tv\/site\/"},{"@type":"ListItem","position":2,"name":"Empresas do Norte do pa\u00eds com apoios dispon\u00edveis para a qualifica\u00e7\u00e3o"}]},{"@type":"WebSite","@id":"https:\/\/www.altominho.tv\/site\/#website","url":"https:\/\/www.altominho.tv\/site\/","name":"Altominho.tv","description":"A sua regi\u00e3o \u00e0 dist\u00e2ncia de um clique...","potentialAction":[{"@type":"SearchAction","target":{"@type":"EntryPoint","urlTemplate":"https:\/\/www.altominho.tv\/site\/?s={search_term_string}"},"query-input":{"@type":"PropertyValueSpecification","valueRequired":true,"valueName":"search_term_string"}}],"inLanguage":"pt-PT"},{"@type":"Person","@id":"https:\/\/www.altominho.tv\/site\/#\/schema\/person\/a0e4ef6d041f98ca284393d8f1d97153","name":"Andreia Cunha","image":{"@type":"ImageObject","inLanguage":"pt-PT","@id":"https:\/\/www.altominho.tv\/site\/wp-content\/uploads\/2017\/11\/Andreia_Cunha-1-150x150.jpg","url":"https:\/\/www.altominho.tv\/site\/wp-content\/uploads\/2017\/11\/Andreia_Cunha-1-150x150.jpg","contentUrl":"https:\/\/www.altominho.tv\/site\/wp-content\/uploads\/2017\/11\/Andreia_Cunha-1-150x150.jpg","caption":"Andreia Cunha"},"url":"https:\/\/www.altominho.tv\/site\/author\/andreiacunha\/"}]}},"_links":{"self":[{"href":"https:\/\/www.altominho.tv\/site\/wp-json\/wp\/v2\/posts\/74841","targetHints":{"allow":["GET"]}}],"collection":[{"href":"https:\/\/www.altominho.tv\/site\/wp-json\/wp\/v2\/posts"}],"about":[{"href":"https:\/\/www.altominho.tv\/site\/wp-json\/wp\/v2\/types\/post"}],"author":[{"embeddable":true,"href":"https:\/\/www.altominho.tv\/site\/wp-json\/wp\/v2\/users\/7"}],"replies":[{"embeddable":true,"href":"https:\/\/www.altominho.tv\/site\/wp-json\/wp\/v2\/comments?post=74841"}],"version-history":[{"count":0,"href":"https:\/\/www.altominho.tv\/site\/wp-json\/wp\/v2\/posts\/74841\/revisions"}],"wp:featuredmedia":[{"embeddable":true,"href":"https:\/\/www.altominho.tv\/site\/wp-json\/wp\/v2\/media\/74842"}],"wp:attachment":[{"href":"https:\/\/www.altominho.tv\/site\/wp-json\/wp\/v2\/media?parent=74841"}],"wp:term":[{"taxonomy":"category","embeddable":true,"href":"https:\/\/www.altominho.tv\/site\/wp-json\/wp\/v2\/categories?post=74841"},{"taxonomy":"post_tag","embeddable":true,"href":"https:\/\/www.altominho.tv\/site\/wp-json\/wp\/v2\/tags?post=74841"}],"curies":[{"name":"wp","href":"https:\/\/api.w.org\/{rel}","templated":true}]}}