{"id":74811,"date":"2022-01-12T18:31:52","date_gmt":"2022-01-12T18:31:52","guid":{"rendered":"https:\/\/www.altominho.tv\/site\/?p=74811"},"modified":"2022-02-28T14:21:17","modified_gmt":"2022-02-28T14:21:17","slug":"arcos-de-valdevez-com-orcamento-de-31-milhoes-de-euros-para-2022","status":"publish","type":"post","link":"https:\/\/www.altominho.tv\/site\/2022\/01\/12\/arcos-de-valdevez-com-orcamento-de-31-milhoes-de-euros-para-2022\/","title":{"rendered":"Arcos de Valdevez com or\u00e7amento de 31 milh\u00f5es de euros para 2022"},"content":{"rendered":"<p>A C\u00e2mara de Arcos de Valdevez aprovou o Plano de Atividades e Or\u00e7amento (PAO) para 2022, de 31 milh\u00f5es de euros, com a absten\u00e7\u00e3o dos vereadores do PS que, pela primeira vez, aceitaram os pelouros propostos pela maioria PSD.<\/p>\n<p>\u201cEste or\u00e7amento \u00e9 mais uma etapa na consolida\u00e7\u00e3o da estrat\u00e9gia de desenvolvimento sustent\u00e1vel de Arcos de Valdevez. Estamos a construir um concelho com mais educa\u00e7\u00e3o, forma\u00e7\u00e3o e inova\u00e7\u00e3o, a\u00e7\u00e3o social e habita\u00e7\u00e3o, sa\u00fade e seguran\u00e7a, coes\u00e3o territorial, sustentabilidade ambiental, desenvolvimento rural e empresarial, dinamismo, atratividade econ\u00f3mica e tur\u00edstica\u201d, refere o presidente da c\u00e2mara, Jo\u00e3o Manuel Esteves, citado numa nota publicada no s\u00edtio oficial da autarquia na Internet.<\/p>\n<p>As Grandes Op\u00e7\u00f5es do Plano para o ano 2022 assumem um investimento na ordem dos 20,4 milh\u00f5es de euros, dos quais mais de 10,7 milh\u00f5es de euros ser\u00e3o aplicados em fun\u00e7\u00f5es sociais.<\/p>\n<p>Para a economia, o munic\u00edpio prev\u00ea uma fatia de mais de 6,3 milh\u00f5es de euros para aplicar, entre outros projetos, \u201cno alargamento e qualifica\u00e7\u00e3o dos parques empresariais e no apoio o Centro de Interface Tecnol\u00f3gico Industrial (CITIN)\u201d.<\/p>\n<p>Para as Juntas de Freguesia, a autarquia prev\u00ea um apoio de mais de 2,1 milh\u00f5es de euros e para \u201cfun\u00e7\u00f5es gerais\u201d reservou mais de 1,2 milh\u00f5es de euros.<\/p>\n<p>Contactado esta quarta-feira pela ag\u00eancia Lusa, o vereador do PS, Jo\u00e3o Braga Sim\u00f5es, justificou a absten\u00e7\u00e3o, entre outras raz\u00f5es, com o \u201cpapel mais ativo\u201d que os dois elementos da oposi\u00e7\u00e3o decidiram assumir na gest\u00e3o do munic\u00edpio.<\/p>\n<p>\u201cO PS de Arcos de Valdevez, pela primeira vez, assumiu os pelouros que foram indicados pela maioria social-democrata no executivo. N\u00e3o era tradi\u00e7\u00e3o do PS aceitar os pelouros, porque nem sempre eram atribu\u00eddos com inten\u00e7\u00e3o real de receber contributos da oposi\u00e7\u00e3o\u201d, explicou.<\/p>\n<p>Jo\u00e3o Braga Sim\u00f5es, que ficou com o pelouro dos recursos h\u00eddricos e Isabel Ara\u00fajo com a \u00e1rea justi\u00e7a, disse ter proposto medidas que constavam do programa eleitoral do PS e que foram acolhidas pela maioria PSD.<\/p>\n<p>Apontou a elabora\u00e7\u00e3o de um estudo da pegada ecol\u00f3gica do concelho. O \u201cestudo, que ainda este ano ser\u00e1 encomendado, permitir\u00e1 perceber quais os grandes entraves ao desenvolvimento sustent\u00e1vel do concelho, com responsabilidades acrescidas por estar integrado no \u00fanico parque nacional do pa\u00eds, e onde dever\u00e1 centrar-se a interven\u00e7\u00e3o municipal com vista \u00e0 efici\u00eancia energ\u00e9tica e diminuir a pegada carb\u00f3nica\u201d.<\/p>\n<p>A revitaliza\u00e7\u00e3o e cria\u00e7\u00e3o de novas zonas de frui\u00e7\u00e3o balnear e de um sistema de rega inteligente, adaptada \u00e0s condi\u00e7\u00f5es climat\u00e9ricas para evitar o desperd\u00edcio de \u00e1gua, foram outras das propostas do PS, acolhidas pela maioria PSD.<\/p>\n<p>Jo\u00e3o Braga Sim\u00f5es disse que a continuidade, no or\u00e7amento para 2022, \u201cdo crit\u00e9rio cego que rege os protocolos que o munic\u00edpio celebra com as Juntas de Freguesia\u201d foi o principal raz\u00e3o que impediu o voto favor\u00e1vel dos socialistas. \u201cOs famigerados protocolos de 30 mil euros com todas as freguesias, independentemente de ser uma freguesia de montanha ou urbana, uma freguesia com tr\u00eas mil habitantes ou com 300. N\u00e3o concordamos por existir outra forma mais justa de distribuir as verbas pelas freguesias\u201d, disse.<\/p>\n<p>De acordo com o PAO para 2022, \u201ca proximidade \u00e0 popula\u00e7\u00e3o e a parceria com as diversas entidades prev\u00ea a transfer\u00eancia de mais de 4,3 milh\u00f5es de euros\u201d.<\/p>\n<p>Segundo documento, entre as prioridades para 2022, encontram-se \u201ca Estrat\u00e9gia Local de Habita\u00e7\u00e3o (ELH), para facilitar o acesso \u00e0 habita\u00e7\u00e3o com conforto e a custos controlados \u00e0s fam\u00edlias com dificuldades e aos jovens, a cultura, desporto e lazer, mobilidade e acessibilidade, a reabilita\u00e7\u00e3o do centro hist\u00f3rico e em outros espa\u00e7os p\u00fablicos pelo concelho e o ambiente\u201d.<\/p>\n<p>No turismo, a autarquia pretende investir \u201cna cria\u00e7\u00e3o das Esplanadas do Vez, no Eco Parque do Vez &#8211; Leiras do Esp\u00edrito Santo, no Museu de \u00c1gua ao Ar Livre, no Centro Etnogr\u00e1fico de Soajo, na valoriza\u00e7\u00e3o do Territ\u00f3rio Oeste do Concelho e na melhoria de trilhos, miradouros e outros espa\u00e7os de visita\u00e7\u00e3o\u201d.<\/p>\n","protected":false},"excerpt":{"rendered":"<p>A C\u00e2mara de Arcos de Valdevez aprovou o Plano de Atividades e Or\u00e7amento (PAO) para 2022, de 31 milh\u00f5es de euros, com a absten\u00e7\u00e3o dos vereadores do PS que, pela primeira vez, aceitaram os pelouros propostos pela maioria PSD. \u201cEste or\u00e7amento \u00e9 mais uma etapa na consolida\u00e7\u00e3o da estrat\u00e9gia de desenvolvimento sustent\u00e1vel de Arcos de [&hellip;]<\/p>\n","protected":false},"author":13,"featured_media":63166,"comment_status":"closed","ping_status":"closed","sticky":false,"template":"","format":"standard","meta":{"_exactmetrics_skip_tracking":false,"footnotes":""},"categories":[2],"tags":[21],"class_list":["post-74811","post","type-post","status-publish","format-standard","has-post-thumbnail","hentry","category-arcos-de-valdevez","tag-economia"],"yoast_head":"<!-- This site is optimized with the Yoast SEO Premium plugin v28.3 (Yoast SEO v28.3) - https:\/\/yoast.com\/product\/yoast-seo-premium-wordpress\/ -->\n<title>Arcos de Valdevez com or\u00e7amento de 31 milh\u00f5es de euros para 2022<\/title>\n<meta name=\"description\" content=\"A C\u00e2mara de Arcos de Valdevez aprovou o Plano de Atividades e Or\u00e7amento para 2022, com a absten\u00e7\u00e3o dos vereadores do PS.\" \/>\n<meta name=\"robots\" content=\"index, follow, max-snippet:-1, max-image-preview:large, max-video-preview:-1\" \/>\n<link rel=\"canonical\" href=\"https:\/\/www.altominho.tv\/site\/2022\/01\/12\/arcos-de-valdevez-com-orcamento-de-31-milhoes-de-euros-para-2022\/\" \/>\n<meta property=\"og:locale\" content=\"pt_PT\" \/>\n<meta property=\"og:type\" content=\"article\" \/>\n<meta property=\"og:title\" content=\"Arcos de Valdevez com or\u00e7amento de 31 milh\u00f5es de euros para 2022\" \/>\n<meta property=\"og:description\" content=\"A C\u00e2mara de Arcos de Valdevez aprovou o Plano de Atividades e Or\u00e7amento para 2022, com a absten\u00e7\u00e3o dos vereadores do PS.\" \/>\n<meta property=\"og:url\" content=\"https:\/\/www.altominho.tv\/site\/2022\/01\/12\/arcos-de-valdevez-com-orcamento-de-31-milhoes-de-euros-para-2022\/\" \/>\n<meta property=\"og:site_name\" content=\"Altominho.tv\" \/>\n<meta property=\"article:publisher\" content=\"https:\/\/www.facebook.com\/altominhotv\" \/>\n<meta property=\"article:published_time\" content=\"2022-01-12T18:31:52+00:00\" \/>\n<meta property=\"article:modified_time\" content=\"2022-02-28T14:21:17+00:00\" \/>\n<meta property=\"og:image\" content=\"https:\/\/www.altominho.tv\/site\/wp-content\/uploads\/2021\/03\/Ca\u0302mara-Arcos-de-Valdevez.jpg\" \/>\n\t<meta property=\"og:image:width\" content=\"640\" \/>\n\t<meta property=\"og:image:height\" content=\"427\" \/>\n\t<meta property=\"og:image:type\" content=\"image\/jpeg\" \/>\n<meta name=\"author\" content=\"Lusa\" \/>\n<meta name=\"twitter:card\" content=\"summary_large_image\" \/>\n<meta name=\"twitter:creator\" content=\"@altominhoTV\" \/>\n<meta name=\"twitter:site\" content=\"@altominhoTV\" \/>\n<meta name=\"twitter:label1\" content=\"Escrito por\" \/>\n\t<meta name=\"twitter:data1\" content=\"Lusa\" \/>\n\t<meta name=\"twitter:label2\" content=\"Tempo estimado de leitura\" \/>\n\t<meta name=\"twitter:data2\" content=\"4 minutos\" \/>\n<script type=\"application\/ld+json\" class=\"yoast-schema-graph\">{\"@context\":\"https:\\\/\\\/schema.org\",\"@graph\":[{\"@type\":\"Article\",\"@id\":\"https:\\\/\\\/www.altominho.tv\\\/site\\\/2022\\\/01\\\/12\\\/arcos-de-valdevez-com-orcamento-de-31-milhoes-de-euros-para-2022\\\/#article\",\"isPartOf\":{\"@id\":\"https:\\\/\\\/www.altominho.tv\\\/site\\\/2022\\\/01\\\/12\\\/arcos-de-valdevez-com-orcamento-de-31-milhoes-de-euros-para-2022\\\/\"},\"author\":{\"name\":\"Lusa\",\"@id\":\"https:\\\/\\\/www.altominho.tv\\\/site\\\/#\\\/schema\\\/person\\\/63f693da3e1899361cbe955c46f3232e\"},\"headline\":\"Arcos de Valdevez com or\u00e7amento de 31 milh\u00f5es de euros para 2022\",\"datePublished\":\"2022-01-12T18:31:52+00:00\",\"dateModified\":\"2022-02-28T14:21:17+00:00\",\"mainEntityOfPage\":{\"@id\":\"https:\\\/\\\/www.altominho.tv\\\/site\\\/2022\\\/01\\\/12\\\/arcos-de-valdevez-com-orcamento-de-31-milhoes-de-euros-para-2022\\\/\"},\"wordCount\":717,\"image\":{\"@id\":\"https:\\\/\\\/www.altominho.tv\\\/site\\\/2022\\\/01\\\/12\\\/arcos-de-valdevez-com-orcamento-de-31-milhoes-de-euros-para-2022\\\/#primaryimage\"},\"thumbnailUrl\":\"https:\\\/\\\/www.altominho.tv\\\/site\\\/wp-content\\\/uploads\\\/2021\\\/03\\\/Ca\u0302mara-Arcos-de-Valdevez.jpg\",\"keywords\":[\"Economia\"],\"articleSection\":[\"Arcos de Valdevez\"],\"inLanguage\":\"pt-PT\",\"copyrightYear\":\"2022\",\"copyrightHolder\":{\"@id\":\"https:\\\/\\\/www.altominho.tv\\\/site\\\/#organization\"}},{\"@type\":\"WebPage\",\"@id\":\"https:\\\/\\\/www.altominho.tv\\\/site\\\/2022\\\/01\\\/12\\\/arcos-de-valdevez-com-orcamento-de-31-milhoes-de-euros-para-2022\\\/\",\"url\":\"https:\\\/\\\/www.altominho.tv\\\/site\\\/2022\\\/01\\\/12\\\/arcos-de-valdevez-com-orcamento-de-31-milhoes-de-euros-para-2022\\\/\",\"name\":\"Arcos de Valdevez com or\u00e7amento de 31 milh\u00f5es de euros para 2022\",\"isPartOf\":{\"@id\":\"https:\\\/\\\/www.altominho.tv\\\/site\\\/#website\"},\"primaryImageOfPage\":{\"@id\":\"https:\\\/\\\/www.altominho.tv\\\/site\\\/2022\\\/01\\\/12\\\/arcos-de-valdevez-com-orcamento-de-31-milhoes-de-euros-para-2022\\\/#primaryimage\"},\"image\":{\"@id\":\"https:\\\/\\\/www.altominho.tv\\\/site\\\/2022\\\/01\\\/12\\\/arcos-de-valdevez-com-orcamento-de-31-milhoes-de-euros-para-2022\\\/#primaryimage\"},\"thumbnailUrl\":\"https:\\\/\\\/www.altominho.tv\\\/site\\\/wp-content\\\/uploads\\\/2021\\\/03\\\/Ca\u0302mara-Arcos-de-Valdevez.jpg\",\"datePublished\":\"2022-01-12T18:31:52+00:00\",\"dateModified\":\"2022-02-28T14:21:17+00:00\",\"author\":{\"@id\":\"https:\\\/\\\/www.altominho.tv\\\/site\\\/#\\\/schema\\\/person\\\/63f693da3e1899361cbe955c46f3232e\"},\"description\":\"A C\u00e2mara de Arcos de Valdevez aprovou o Plano de Atividades e Or\u00e7amento para 2022, com a absten\u00e7\u00e3o dos vereadores do PS.\",\"breadcrumb\":{\"@id\":\"https:\\\/\\\/www.altominho.tv\\\/site\\\/2022\\\/01\\\/12\\\/arcos-de-valdevez-com-orcamento-de-31-milhoes-de-euros-para-2022\\\/#breadcrumb\"},\"inLanguage\":\"pt-PT\",\"potentialAction\":[{\"@type\":\"ReadAction\",\"target\":[\"https:\\\/\\\/www.altominho.tv\\\/site\\\/2022\\\/01\\\/12\\\/arcos-de-valdevez-com-orcamento-de-31-milhoes-de-euros-para-2022\\\/\"]}]},{\"@type\":\"ImageObject\",\"inLanguage\":\"pt-PT\",\"@id\":\"https:\\\/\\\/www.altominho.tv\\\/site\\\/2022\\\/01\\\/12\\\/arcos-de-valdevez-com-orcamento-de-31-milhoes-de-euros-para-2022\\\/#primaryimage\",\"url\":\"https:\\\/\\\/www.altominho.tv\\\/site\\\/wp-content\\\/uploads\\\/2021\\\/03\\\/Ca\u0302mara-Arcos-de-Valdevez.jpg\",\"contentUrl\":\"https:\\\/\\\/www.altominho.tv\\\/site\\\/wp-content\\\/uploads\\\/2021\\\/03\\\/Ca\u0302mara-Arcos-de-Valdevez.jpg\",\"width\":640,\"height\":427},{\"@type\":\"BreadcrumbList\",\"@id\":\"https:\\\/\\\/www.altominho.tv\\\/site\\\/2022\\\/01\\\/12\\\/arcos-de-valdevez-com-orcamento-de-31-milhoes-de-euros-para-2022\\\/#breadcrumb\",\"itemListElement\":[{\"@type\":\"ListItem\",\"position\":1,\"name\":\"In\u00edcio\",\"item\":\"https:\\\/\\\/www.altominho.tv\\\/site\\\/\"},{\"@type\":\"ListItem\",\"position\":2,\"name\":\"Arcos de Valdevez com or\u00e7amento de 31 milh\u00f5es de euros para 2022\"}]},{\"@type\":\"WebSite\",\"@id\":\"https:\\\/\\\/www.altominho.tv\\\/site\\\/#website\",\"url\":\"https:\\\/\\\/www.altominho.tv\\\/site\\\/\",\"name\":\"Altominho.tv\",\"description\":\"A sua regi\u00e3o \u00e0 dist\u00e2ncia de um clique...\",\"potentialAction\":[{\"@type\":\"SearchAction\",\"target\":{\"@type\":\"EntryPoint\",\"urlTemplate\":\"https:\\\/\\\/www.altominho.tv\\\/site\\\/?s={search_term_string}\"},\"query-input\":{\"@type\":\"PropertyValueSpecification\",\"valueRequired\":true,\"valueName\":\"search_term_string\"}}],\"inLanguage\":\"pt-PT\"},{\"@type\":\"Person\",\"@id\":\"https:\\\/\\\/www.altominho.tv\\\/site\\\/#\\\/schema\\\/person\\\/63f693da3e1899361cbe955c46f3232e\",\"name\":\"Lusa\",\"image\":{\"@type\":\"ImageObject\",\"inLanguage\":\"pt-PT\",\"@id\":\"https:\\\/\\\/www.altominho.tv\\\/site\\\/wp-content\\\/uploads\\\/2019\\\/08\\\/LUSA_Logo.gif\",\"url\":\"https:\\\/\\\/www.altominho.tv\\\/site\\\/wp-content\\\/uploads\\\/2019\\\/08\\\/LUSA_Logo.gif\",\"contentUrl\":\"https:\\\/\\\/www.altominho.tv\\\/site\\\/wp-content\\\/uploads\\\/2019\\\/08\\\/LUSA_Logo.gif\",\"caption\":\"Lusa\"},\"sameAs\":[\"http:\\\/\\\/\\\/\\\/www.altominho.tv\\\/site\"],\"url\":\"https:\\\/\\\/www.altominho.tv\\\/site\\\/author\\\/lusa\\\/\"}]}<\/script>\n<!-- \/ Yoast SEO Premium plugin. -->","yoast_head_json":{"title":"Arcos de Valdevez com or\u00e7amento de 31 milh\u00f5es de euros para 2022","description":"A C\u00e2mara de Arcos de Valdevez aprovou o Plano de Atividades e Or\u00e7amento para 2022, com a absten\u00e7\u00e3o dos vereadores do PS.","robots":{"index":"index","follow":"follow","max-snippet":"max-snippet:-1","max-image-preview":"max-image-preview:large","max-video-preview":"max-video-preview:-1"},"canonical":"https:\/\/www.altominho.tv\/site\/2022\/01\/12\/arcos-de-valdevez-com-orcamento-de-31-milhoes-de-euros-para-2022\/","og_locale":"pt_PT","og_type":"article","og_title":"Arcos de Valdevez com or\u00e7amento de 31 milh\u00f5es de euros para 2022","og_description":"A C\u00e2mara de Arcos de Valdevez aprovou o Plano de Atividades e Or\u00e7amento para 2022, com a absten\u00e7\u00e3o dos vereadores do PS.","og_url":"https:\/\/www.altominho.tv\/site\/2022\/01\/12\/arcos-de-valdevez-com-orcamento-de-31-milhoes-de-euros-para-2022\/","og_site_name":"Altominho.tv","article_publisher":"https:\/\/www.facebook.com\/altominhotv","article_published_time":"2022-01-12T18:31:52+00:00","article_modified_time":"2022-02-28T14:21:17+00:00","og_image":[{"width":640,"height":427,"url":"https:\/\/www.altominho.tv\/site\/wp-content\/uploads\/2021\/03\/Ca\u0302mara-Arcos-de-Valdevez.jpg","type":"image\/jpeg"}],"author":"Lusa","twitter_card":"summary_large_image","twitter_creator":"@altominhoTV","twitter_site":"@altominhoTV","twitter_misc":{"Escrito por":"Lusa","Tempo estimado de leitura":"4 minutos"},"schema":{"@context":"https:\/\/schema.org","@graph":[{"@type":"Article","@id":"https:\/\/www.altominho.tv\/site\/2022\/01\/12\/arcos-de-valdevez-com-orcamento-de-31-milhoes-de-euros-para-2022\/#article","isPartOf":{"@id":"https:\/\/www.altominho.tv\/site\/2022\/01\/12\/arcos-de-valdevez-com-orcamento-de-31-milhoes-de-euros-para-2022\/"},"author":{"name":"Lusa","@id":"https:\/\/www.altominho.tv\/site\/#\/schema\/person\/63f693da3e1899361cbe955c46f3232e"},"headline":"Arcos de Valdevez com or\u00e7amento de 31 milh\u00f5es de euros para 2022","datePublished":"2022-01-12T18:31:52+00:00","dateModified":"2022-02-28T14:21:17+00:00","mainEntityOfPage":{"@id":"https:\/\/www.altominho.tv\/site\/2022\/01\/12\/arcos-de-valdevez-com-orcamento-de-31-milhoes-de-euros-para-2022\/"},"wordCount":717,"image":{"@id":"https:\/\/www.altominho.tv\/site\/2022\/01\/12\/arcos-de-valdevez-com-orcamento-de-31-milhoes-de-euros-para-2022\/#primaryimage"},"thumbnailUrl":"https:\/\/www.altominho.tv\/site\/wp-content\/uploads\/2021\/03\/Ca\u0302mara-Arcos-de-Valdevez.jpg","keywords":["Economia"],"articleSection":["Arcos de Valdevez"],"inLanguage":"pt-PT","copyrightYear":"2022","copyrightHolder":{"@id":"https:\/\/www.altominho.tv\/site\/#organization"}},{"@type":"WebPage","@id":"https:\/\/www.altominho.tv\/site\/2022\/01\/12\/arcos-de-valdevez-com-orcamento-de-31-milhoes-de-euros-para-2022\/","url":"https:\/\/www.altominho.tv\/site\/2022\/01\/12\/arcos-de-valdevez-com-orcamento-de-31-milhoes-de-euros-para-2022\/","name":"Arcos de Valdevez com or\u00e7amento de 31 milh\u00f5es de euros para 2022","isPartOf":{"@id":"https:\/\/www.altominho.tv\/site\/#website"},"primaryImageOfPage":{"@id":"https:\/\/www.altominho.tv\/site\/2022\/01\/12\/arcos-de-valdevez-com-orcamento-de-31-milhoes-de-euros-para-2022\/#primaryimage"},"image":{"@id":"https:\/\/www.altominho.tv\/site\/2022\/01\/12\/arcos-de-valdevez-com-orcamento-de-31-milhoes-de-euros-para-2022\/#primaryimage"},"thumbnailUrl":"https:\/\/www.altominho.tv\/site\/wp-content\/uploads\/2021\/03\/Ca\u0302mara-Arcos-de-Valdevez.jpg","datePublished":"2022-01-12T18:31:52+00:00","dateModified":"2022-02-28T14:21:17+00:00","author":{"@id":"https:\/\/www.altominho.tv\/site\/#\/schema\/person\/63f693da3e1899361cbe955c46f3232e"},"description":"A C\u00e2mara de Arcos de Valdevez aprovou o Plano de Atividades e Or\u00e7amento para 2022, com a absten\u00e7\u00e3o dos vereadores do PS.","breadcrumb":{"@id":"https:\/\/www.altominho.tv\/site\/2022\/01\/12\/arcos-de-valdevez-com-orcamento-de-31-milhoes-de-euros-para-2022\/#breadcrumb"},"inLanguage":"pt-PT","potentialAction":[{"@type":"ReadAction","target":["https:\/\/www.altominho.tv\/site\/2022\/01\/12\/arcos-de-valdevez-com-orcamento-de-31-milhoes-de-euros-para-2022\/"]}]},{"@type":"ImageObject","inLanguage":"pt-PT","@id":"https:\/\/www.altominho.tv\/site\/2022\/01\/12\/arcos-de-valdevez-com-orcamento-de-31-milhoes-de-euros-para-2022\/#primaryimage","url":"https:\/\/www.altominho.tv\/site\/wp-content\/uploads\/2021\/03\/Ca\u0302mara-Arcos-de-Valdevez.jpg","contentUrl":"https:\/\/www.altominho.tv\/site\/wp-content\/uploads\/2021\/03\/Ca\u0302mara-Arcos-de-Valdevez.jpg","width":640,"height":427},{"@type":"BreadcrumbList","@id":"https:\/\/www.altominho.tv\/site\/2022\/01\/12\/arcos-de-valdevez-com-orcamento-de-31-milhoes-de-euros-para-2022\/#breadcrumb","itemListElement":[{"@type":"ListItem","position":1,"name":"In\u00edcio","item":"https:\/\/www.altominho.tv\/site\/"},{"@type":"ListItem","position":2,"name":"Arcos de Valdevez com or\u00e7amento de 31 milh\u00f5es de euros para 2022"}]},{"@type":"WebSite","@id":"https:\/\/www.altominho.tv\/site\/#website","url":"https:\/\/www.altominho.tv\/site\/","name":"Altominho.tv","description":"A sua regi\u00e3o \u00e0 dist\u00e2ncia de um clique...","potentialAction":[{"@type":"SearchAction","target":{"@type":"EntryPoint","urlTemplate":"https:\/\/www.altominho.tv\/site\/?s={search_term_string}"},"query-input":{"@type":"PropertyValueSpecification","valueRequired":true,"valueName":"search_term_string"}}],"inLanguage":"pt-PT"},{"@type":"Person","@id":"https:\/\/www.altominho.tv\/site\/#\/schema\/person\/63f693da3e1899361cbe955c46f3232e","name":"Lusa","image":{"@type":"ImageObject","inLanguage":"pt-PT","@id":"https:\/\/www.altominho.tv\/site\/wp-content\/uploads\/2019\/08\/LUSA_Logo.gif","url":"https:\/\/www.altominho.tv\/site\/wp-content\/uploads\/2019\/08\/LUSA_Logo.gif","contentUrl":"https:\/\/www.altominho.tv\/site\/wp-content\/uploads\/2019\/08\/LUSA_Logo.gif","caption":"Lusa"},"sameAs":["http:\/\/\/\/www.altominho.tv\/site"],"url":"https:\/\/www.altominho.tv\/site\/author\/lusa\/"}]}},"_links":{"self":[{"href":"https:\/\/www.altominho.tv\/site\/wp-json\/wp\/v2\/posts\/74811","targetHints":{"allow":["GET"]}}],"collection":[{"href":"https:\/\/www.altominho.tv\/site\/wp-json\/wp\/v2\/posts"}],"about":[{"href":"https:\/\/www.altominho.tv\/site\/wp-json\/wp\/v2\/types\/post"}],"author":[{"embeddable":true,"href":"https:\/\/www.altominho.tv\/site\/wp-json\/wp\/v2\/users\/13"}],"replies":[{"embeddable":true,"href":"https:\/\/www.altominho.tv\/site\/wp-json\/wp\/v2\/comments?post=74811"}],"version-history":[{"count":0,"href":"https:\/\/www.altominho.tv\/site\/wp-json\/wp\/v2\/posts\/74811\/revisions"}],"wp:featuredmedia":[{"embeddable":true,"href":"https:\/\/www.altominho.tv\/site\/wp-json\/wp\/v2\/media\/63166"}],"wp:attachment":[{"href":"https:\/\/www.altominho.tv\/site\/wp-json\/wp\/v2\/media?parent=74811"}],"wp:term":[{"taxonomy":"category","embeddable":true,"href":"https:\/\/www.altominho.tv\/site\/wp-json\/wp\/v2\/categories?post=74811"},{"taxonomy":"post_tag","embeddable":true,"href":"https:\/\/www.altominho.tv\/site\/wp-json\/wp\/v2\/tags?post=74811"}],"curies":[{"name":"wp","href":"https:\/\/api.w.org\/{rel}","templated":true}]}}