{"id":74787,"date":"2022-01-12T17:15:23","date_gmt":"2022-01-12T17:15:23","guid":{"rendered":"https:\/\/www.altominho.tv\/site\/?p=74787"},"modified":"2022-03-02T10:13:04","modified_gmt":"2022-03-02T10:13:04","slug":"exposicao-de-obras-de-arte-de-isabel-bacelar-patente-na-biblioteca-municipal-ate-29-de-janeiro","status":"publish","type":"post","link":"https:\/\/www.altominho.tv\/site\/2022\/01\/12\/exposicao-de-obras-de-arte-de-isabel-bacelar-patente-na-biblioteca-municipal-ate-29-de-janeiro\/","title":{"rendered":"Exposi\u00e7\u00e3o de obras de arte de Isabel Bacelar patente na Biblioteca Municipal at\u00e9 29 de janeiro"},"content":{"rendered":"\n<p>Cinco obras de arte, maioritariamente pintura, da artista Isabel Correia Bacelar, retratam a rela\u00e7\u00e3o m\u00e3e-filho\/a, alertando para a sua import\u00e2ncia no pleno e harmonioso desenvolvimento da personalidade de cada crian\u00e7a. Resultado de v\u00e1rios anos de trabalho, a maioria das pe\u00e7as expostas tem como denominador comum a crian\u00e7a ao colo da figura materna, com a artista a focar-se numa das frases contidas no documento proclamado pela Resolu\u00e7\u00e3o da Assembleia Geral das Na\u00e7\u00f5es Unidas n.\u00ba 1386 (XIV), de 20 de novembro de 1959: \u201c(\u2026) salvo em circunst\u00e2ncias excecionais, a crian\u00e7a de tenra idade n\u00e3o deve ser separada da sua m\u00e3e\u201d.<\/p>\n\n\n\n<p>Durante a inaugura\u00e7\u00e3o simb\u00f3lica da exposi\u00e7\u00e3o, Isabel Bacelar, que tamb\u00e9m \u00e9 coordenadora do N\u00facleo de Apoio \u00e0s Crian\u00e7as e Jovens em Risco de Vila Nova de Cerveira<s>,<\/s>&nbsp;explicou que \u201cpai e m\u00e3e s\u00e3o muito importantes na educa\u00e7\u00e3o de um filho, mas a presente mostra focaliza o amor da m\u00e3e\u201d. O objetivo \u00e9&nbsp;chamar a aten\u00e7\u00e3o para \u201ca exist\u00eancia deste n\u00facleo no Centro de Sa\u00fade local, de divulgar o trabalho desenvolvido e valorizar o papel das sinergias com v\u00e1rios parceiros da sociedade quando h\u00e1 casos em que o risco se encaminha para o perigo\u201d.<\/p>\n\n\n\n<p>Ainda perante a presen\u00e7a da Presidente da CPCJ de Vila Nova de Cerveira, Ana Paula Maia, e da Assistente Social Maria Jo\u00e3o Faustino e da Enfermeira Ana Lima, da parte do Centro de Sa\u00fade local, a Vereadora S\u00f3nia Guerreiro prontificou os servi\u00e7os municipais para apoiar este tipo de iniciativas, por serem \u201cuma mais valia para os envolvidos, mas tamb\u00e9m como forma de despoletar o debate de tem\u00e1ticas mais sens\u00edveis junto da comunidade\u201d. J\u00e1 a Vereadora Carla Segad\u00e3es elogiou o trabalho desenvolvido quer pelo n\u00facleo, quer pela CPCJ, sublinhando que \u201cmuitas vezes o dif\u00edcil \u00e9 depararem-se com a vertente burocr\u00e1tica dos processos. H\u00e1 vontade e disponibilidade para ajudar, mas depois apresentam-se barreiras complexas e incompreens\u00edveis, mas sem d\u00favidas, ultrapassadas por esta equipa de&nbsp; excel\u00eancia\u201d.<\/p>\n\n\n\n<p>Al\u00e9m das obras, a exposi\u00e7\u00e3o conta ainda com dois textos informativos, relativos \u00e0 interven\u00e7\u00e3o da sa\u00fade com as crian\u00e7as e jovens em risco, \u00e0s entidades com compet\u00eancia em mat\u00e9ria de inf\u00e2ncia e juventude e os tr\u00eas n\u00edveis de interven\u00e7\u00e3o, mediante a Lei de Prote\u00e7\u00e3o de Crian\u00e7as e Jovens em Perigo, Lei n\u00ba147\/99, de 1 de setembro.<\/p>\n\n\n\n<p>A exposi\u00e7\u00e3o \u201cAmor de M\u00e3e\u201d pode ser visitada no per\u00edodo de funcionamento da Biblioteca Municipal, de ter\u00e7a a sexta-feira, entre as 10h00 e as 12h00 e das 14h30 \u00e0s 17h30, e aos s\u00e1bados entre as 09h30 e as 13h00.<\/p>\n","protected":false},"excerpt":{"rendered":"<p>Cinco obras de arte, maioritariamente pintura, da artista Isabel Correia Bacelar, retratam a rela\u00e7\u00e3o m\u00e3e-filho\/a, alertando para a sua import\u00e2ncia no pleno e harmonioso desenvolvimento da personalidade de cada crian\u00e7a. Resultado de v\u00e1rios anos de trabalho, a maioria das pe\u00e7as expostas tem como denominador comum a crian\u00e7a ao colo da figura materna, com a artista [&hellip;]<\/p>\n","protected":false},"author":1,"featured_media":74789,"comment_status":"closed","ping_status":"closed","sticky":false,"template":"","format":"standard","meta":{"_exactmetrics_skip_tracking":false,"_exactmetrics_sitenote_active":false,"_exactmetrics_sitenote_note":"","_exactmetrics_sitenote_category":0,"footnotes":""},"categories":[15],"tags":[19,27],"class_list":["post-74787","post","type-post","status-publish","format-standard","has-post-thumbnail","hentry","category-vila-nova-de-cerveira","tag-cultura","tag-sociedade"],"yoast_head":"<!-- This site is optimized with the Yoast SEO Premium plugin v27.4 (Yoast SEO v27.4) - https:\/\/yoast.com\/product\/yoast-seo-premium-wordpress\/ -->\n<title>Exposi\u00e7\u00e3o de obras de arte de Isabel Bacelar patente na Biblioteca Municipal at\u00e9 29 de janeiro<\/title>\n<meta name=\"description\" content=\"a inaugura\u00e7\u00e3o simb\u00f3lica da exposi\u00e7\u00e3o, Isabel Bacelar,\u00a0explicou que \u201cpai e m\u00e3e s\u00e3o muito importantes na educa\u00e7\u00e3o de um filho&quot;.\" \/>\n<meta name=\"robots\" content=\"index, follow, max-snippet:-1, max-image-preview:large, max-video-preview:-1\" \/>\n<link rel=\"canonical\" href=\"https:\/\/www.altominho.tv\/site\/2022\/01\/12\/exposicao-de-obras-de-arte-de-isabel-bacelar-patente-na-biblioteca-municipal-ate-29-de-janeiro\/\" \/>\n<meta property=\"og:locale\" content=\"pt_PT\" \/>\n<meta property=\"og:type\" content=\"article\" \/>\n<meta property=\"og:title\" content=\"Exposi\u00e7\u00e3o de obras de arte de Isabel Bacelar patente na Biblioteca Municipal at\u00e9 29 de janeiro\" \/>\n<meta property=\"og:description\" content=\"a inaugura\u00e7\u00e3o simb\u00f3lica da exposi\u00e7\u00e3o, Isabel Bacelar,\u00a0explicou que \u201cpai e m\u00e3e s\u00e3o muito importantes na educa\u00e7\u00e3o de um filho&quot;.\" \/>\n<meta property=\"og:url\" content=\"https:\/\/www.altominho.tv\/site\/2022\/01\/12\/exposicao-de-obras-de-arte-de-isabel-bacelar-patente-na-biblioteca-municipal-ate-29-de-janeiro\/\" \/>\n<meta property=\"og:site_name\" content=\"Altominho.tv\" \/>\n<meta property=\"article:publisher\" content=\"https:\/\/www.facebook.com\/altominhotv\" \/>\n<meta property=\"article:published_time\" content=\"2022-01-12T17:15:23+00:00\" \/>\n<meta property=\"article:modified_time\" content=\"2022-03-02T10:13:04+00:00\" \/>\n<meta property=\"og:image\" content=\"https:\/\/www.altominho.tv\/site\/wp-content\/uploads\/2022\/01\/Amor-de-Ma\u0303e-scaled.jpg\" \/>\n\t<meta property=\"og:image:width\" content=\"2560\" \/>\n\t<meta property=\"og:image:height\" content=\"1920\" \/>\n\t<meta property=\"og:image:type\" content=\"image\/jpeg\" \/>\n<meta name=\"author\" content=\"Altominho.tv\" \/>\n<meta name=\"twitter:card\" content=\"summary_large_image\" \/>\n<meta name=\"twitter:creator\" content=\"@altominhoTV\" \/>\n<meta name=\"twitter:site\" content=\"@altominhoTV\" \/>\n<meta name=\"twitter:label1\" content=\"Escrito por\" \/>\n\t<meta name=\"twitter:data1\" content=\"Altominho.tv\" \/>\n\t<meta name=\"twitter:label2\" content=\"Tempo estimado de leitura\" \/>\n\t<meta name=\"twitter:data2\" content=\"3 minutos\" \/>\n<script type=\"application\/ld+json\" class=\"yoast-schema-graph\">{\"@context\":\"https:\\\/\\\/schema.org\",\"@graph\":[{\"@type\":\"Article\",\"@id\":\"https:\\\/\\\/www.altominho.tv\\\/site\\\/2022\\\/01\\\/12\\\/exposicao-de-obras-de-arte-de-isabel-bacelar-patente-na-biblioteca-municipal-ate-29-de-janeiro\\\/#article\",\"isPartOf\":{\"@id\":\"https:\\\/\\\/www.altominho.tv\\\/site\\\/2022\\\/01\\\/12\\\/exposicao-de-obras-de-arte-de-isabel-bacelar-patente-na-biblioteca-municipal-ate-29-de-janeiro\\\/\"},\"author\":{\"name\":\"Altominho.tv\",\"@id\":\"https:\\\/\\\/www.altominho.tv\\\/site\\\/#\\\/schema\\\/person\\\/4e536851627d7914baf3dac752b6af22\"},\"headline\":\"Exposi\u00e7\u00e3o de obras de arte de Isabel Bacelar patente na Biblioteca Municipal at\u00e9 29 de janeiro\",\"datePublished\":\"2022-01-12T17:15:23+00:00\",\"dateModified\":\"2022-03-02T10:13:04+00:00\",\"mainEntityOfPage\":{\"@id\":\"https:\\\/\\\/www.altominho.tv\\\/site\\\/2022\\\/01\\\/12\\\/exposicao-de-obras-de-arte-de-isabel-bacelar-patente-na-biblioteca-municipal-ate-29-de-janeiro\\\/\"},\"wordCount\":481,\"image\":{\"@id\":\"https:\\\/\\\/www.altominho.tv\\\/site\\\/2022\\\/01\\\/12\\\/exposicao-de-obras-de-arte-de-isabel-bacelar-patente-na-biblioteca-municipal-ate-29-de-janeiro\\\/#primaryimage\"},\"thumbnailUrl\":\"https:\\\/\\\/www.altominho.tv\\\/site\\\/wp-content\\\/uploads\\\/2022\\\/01\\\/Amor-de-Ma\u0303e-scaled.jpg\",\"keywords\":[\"Cultura\",\"Sociedade\"],\"articleSection\":[\"Vila Nova de Cerveira\"],\"inLanguage\":\"pt-PT\",\"copyrightYear\":\"2022\",\"copyrightHolder\":{\"@id\":\"https:\\\/\\\/www.altominho.tv\\\/site\\\/#organization\"}},{\"@type\":\"WebPage\",\"@id\":\"https:\\\/\\\/www.altominho.tv\\\/site\\\/2022\\\/01\\\/12\\\/exposicao-de-obras-de-arte-de-isabel-bacelar-patente-na-biblioteca-municipal-ate-29-de-janeiro\\\/\",\"url\":\"https:\\\/\\\/www.altominho.tv\\\/site\\\/2022\\\/01\\\/12\\\/exposicao-de-obras-de-arte-de-isabel-bacelar-patente-na-biblioteca-municipal-ate-29-de-janeiro\\\/\",\"name\":\"Exposi\u00e7\u00e3o de obras de arte de Isabel Bacelar patente na Biblioteca Municipal at\u00e9 29 de janeiro\",\"isPartOf\":{\"@id\":\"https:\\\/\\\/www.altominho.tv\\\/site\\\/#website\"},\"primaryImageOfPage\":{\"@id\":\"https:\\\/\\\/www.altominho.tv\\\/site\\\/2022\\\/01\\\/12\\\/exposicao-de-obras-de-arte-de-isabel-bacelar-patente-na-biblioteca-municipal-ate-29-de-janeiro\\\/#primaryimage\"},\"image\":{\"@id\":\"https:\\\/\\\/www.altominho.tv\\\/site\\\/2022\\\/01\\\/12\\\/exposicao-de-obras-de-arte-de-isabel-bacelar-patente-na-biblioteca-municipal-ate-29-de-janeiro\\\/#primaryimage\"},\"thumbnailUrl\":\"https:\\\/\\\/www.altominho.tv\\\/site\\\/wp-content\\\/uploads\\\/2022\\\/01\\\/Amor-de-Ma\u0303e-scaled.jpg\",\"datePublished\":\"2022-01-12T17:15:23+00:00\",\"dateModified\":\"2022-03-02T10:13:04+00:00\",\"author\":{\"@id\":\"https:\\\/\\\/www.altominho.tv\\\/site\\\/#\\\/schema\\\/person\\\/4e536851627d7914baf3dac752b6af22\"},\"description\":\"a inaugura\u00e7\u00e3o simb\u00f3lica da exposi\u00e7\u00e3o, Isabel Bacelar,\u00a0explicou que \u201cpai e m\u00e3e s\u00e3o muito importantes na educa\u00e7\u00e3o de um filho\\\".\",\"breadcrumb\":{\"@id\":\"https:\\\/\\\/www.altominho.tv\\\/site\\\/2022\\\/01\\\/12\\\/exposicao-de-obras-de-arte-de-isabel-bacelar-patente-na-biblioteca-municipal-ate-29-de-janeiro\\\/#breadcrumb\"},\"inLanguage\":\"pt-PT\",\"potentialAction\":[{\"@type\":\"ReadAction\",\"target\":[\"https:\\\/\\\/www.altominho.tv\\\/site\\\/2022\\\/01\\\/12\\\/exposicao-de-obras-de-arte-de-isabel-bacelar-patente-na-biblioteca-municipal-ate-29-de-janeiro\\\/\"]}]},{\"@type\":\"ImageObject\",\"inLanguage\":\"pt-PT\",\"@id\":\"https:\\\/\\\/www.altominho.tv\\\/site\\\/2022\\\/01\\\/12\\\/exposicao-de-obras-de-arte-de-isabel-bacelar-patente-na-biblioteca-municipal-ate-29-de-janeiro\\\/#primaryimage\",\"url\":\"https:\\\/\\\/www.altominho.tv\\\/site\\\/wp-content\\\/uploads\\\/2022\\\/01\\\/Amor-de-Ma\u0303e-scaled.jpg\",\"contentUrl\":\"https:\\\/\\\/www.altominho.tv\\\/site\\\/wp-content\\\/uploads\\\/2022\\\/01\\\/Amor-de-Ma\u0303e-scaled.jpg\",\"width\":2560,\"height\":1920},{\"@type\":\"BreadcrumbList\",\"@id\":\"https:\\\/\\\/www.altominho.tv\\\/site\\\/2022\\\/01\\\/12\\\/exposicao-de-obras-de-arte-de-isabel-bacelar-patente-na-biblioteca-municipal-ate-29-de-janeiro\\\/#breadcrumb\",\"itemListElement\":[{\"@type\":\"ListItem\",\"position\":1,\"name\":\"In\u00edcio\",\"item\":\"https:\\\/\\\/www.altominho.tv\\\/site\\\/\"},{\"@type\":\"ListItem\",\"position\":2,\"name\":\"Exposi\u00e7\u00e3o de obras de arte de Isabel Bacelar patente na Biblioteca Municipal at\u00e9 29 de janeiro\"}]},{\"@type\":\"WebSite\",\"@id\":\"https:\\\/\\\/www.altominho.tv\\\/site\\\/#website\",\"url\":\"https:\\\/\\\/www.altominho.tv\\\/site\\\/\",\"name\":\"Altominho.tv\",\"description\":\"A sua regi\u00e3o \u00e0 dist\u00e2ncia de um clique...\",\"potentialAction\":[{\"@type\":\"SearchAction\",\"target\":{\"@type\":\"EntryPoint\",\"urlTemplate\":\"https:\\\/\\\/www.altominho.tv\\\/site\\\/?s={search_term_string}\"},\"query-input\":{\"@type\":\"PropertyValueSpecification\",\"valueRequired\":true,\"valueName\":\"search_term_string\"}}],\"inLanguage\":\"pt-PT\"},{\"@type\":\"Person\",\"@id\":\"https:\\\/\\\/www.altominho.tv\\\/site\\\/#\\\/schema\\\/person\\\/4e536851627d7914baf3dac752b6af22\",\"name\":\"Altominho.tv\",\"image\":{\"@type\":\"ImageObject\",\"inLanguage\":\"pt-PT\",\"@id\":\"https:\\\/\\\/www.altominho.tv\\\/site\\\/wp-content\\\/uploads\\\/2019\\\/11\\\/Logo_Avatar_2-150x150.jpg\",\"url\":\"https:\\\/\\\/www.altominho.tv\\\/site\\\/wp-content\\\/uploads\\\/2019\\\/11\\\/Logo_Avatar_2-150x150.jpg\",\"contentUrl\":\"https:\\\/\\\/www.altominho.tv\\\/site\\\/wp-content\\\/uploads\\\/2019\\\/11\\\/Logo_Avatar_2-150x150.jpg\",\"caption\":\"Altominho.tv\"},\"url\":\"https:\\\/\\\/www.altominho.tv\\\/site\\\/author\\\/altominhotv-tecnico\\\/\"}]}<\/script>\n<!-- \/ Yoast SEO Premium plugin. -->","yoast_head_json":{"title":"Exposi\u00e7\u00e3o de obras de arte de Isabel Bacelar patente na Biblioteca Municipal at\u00e9 29 de janeiro","description":"a inaugura\u00e7\u00e3o simb\u00f3lica da exposi\u00e7\u00e3o, Isabel Bacelar,\u00a0explicou que \u201cpai e m\u00e3e s\u00e3o muito importantes na educa\u00e7\u00e3o de um filho\".","robots":{"index":"index","follow":"follow","max-snippet":"max-snippet:-1","max-image-preview":"max-image-preview:large","max-video-preview":"max-video-preview:-1"},"canonical":"https:\/\/www.altominho.tv\/site\/2022\/01\/12\/exposicao-de-obras-de-arte-de-isabel-bacelar-patente-na-biblioteca-municipal-ate-29-de-janeiro\/","og_locale":"pt_PT","og_type":"article","og_title":"Exposi\u00e7\u00e3o de obras de arte de Isabel Bacelar patente na Biblioteca Municipal at\u00e9 29 de janeiro","og_description":"a inaugura\u00e7\u00e3o simb\u00f3lica da exposi\u00e7\u00e3o, Isabel Bacelar,\u00a0explicou que \u201cpai e m\u00e3e s\u00e3o muito importantes na educa\u00e7\u00e3o de um filho\".","og_url":"https:\/\/www.altominho.tv\/site\/2022\/01\/12\/exposicao-de-obras-de-arte-de-isabel-bacelar-patente-na-biblioteca-municipal-ate-29-de-janeiro\/","og_site_name":"Altominho.tv","article_publisher":"https:\/\/www.facebook.com\/altominhotv","article_published_time":"2022-01-12T17:15:23+00:00","article_modified_time":"2022-03-02T10:13:04+00:00","og_image":[{"width":2560,"height":1920,"url":"https:\/\/www.altominho.tv\/site\/wp-content\/uploads\/2022\/01\/Amor-de-Ma\u0303e-scaled.jpg","type":"image\/jpeg"}],"author":"Altominho.tv","twitter_card":"summary_large_image","twitter_creator":"@altominhoTV","twitter_site":"@altominhoTV","twitter_misc":{"Escrito por":"Altominho.tv","Tempo estimado de leitura":"3 minutos"},"schema":{"@context":"https:\/\/schema.org","@graph":[{"@type":"Article","@id":"https:\/\/www.altominho.tv\/site\/2022\/01\/12\/exposicao-de-obras-de-arte-de-isabel-bacelar-patente-na-biblioteca-municipal-ate-29-de-janeiro\/#article","isPartOf":{"@id":"https:\/\/www.altominho.tv\/site\/2022\/01\/12\/exposicao-de-obras-de-arte-de-isabel-bacelar-patente-na-biblioteca-municipal-ate-29-de-janeiro\/"},"author":{"name":"Altominho.tv","@id":"https:\/\/www.altominho.tv\/site\/#\/schema\/person\/4e536851627d7914baf3dac752b6af22"},"headline":"Exposi\u00e7\u00e3o de obras de arte de Isabel Bacelar patente na Biblioteca Municipal at\u00e9 29 de janeiro","datePublished":"2022-01-12T17:15:23+00:00","dateModified":"2022-03-02T10:13:04+00:00","mainEntityOfPage":{"@id":"https:\/\/www.altominho.tv\/site\/2022\/01\/12\/exposicao-de-obras-de-arte-de-isabel-bacelar-patente-na-biblioteca-municipal-ate-29-de-janeiro\/"},"wordCount":481,"image":{"@id":"https:\/\/www.altominho.tv\/site\/2022\/01\/12\/exposicao-de-obras-de-arte-de-isabel-bacelar-patente-na-biblioteca-municipal-ate-29-de-janeiro\/#primaryimage"},"thumbnailUrl":"https:\/\/www.altominho.tv\/site\/wp-content\/uploads\/2022\/01\/Amor-de-Ma\u0303e-scaled.jpg","keywords":["Cultura","Sociedade"],"articleSection":["Vila Nova de Cerveira"],"inLanguage":"pt-PT","copyrightYear":"2022","copyrightHolder":{"@id":"https:\/\/www.altominho.tv\/site\/#organization"}},{"@type":"WebPage","@id":"https:\/\/www.altominho.tv\/site\/2022\/01\/12\/exposicao-de-obras-de-arte-de-isabel-bacelar-patente-na-biblioteca-municipal-ate-29-de-janeiro\/","url":"https:\/\/www.altominho.tv\/site\/2022\/01\/12\/exposicao-de-obras-de-arte-de-isabel-bacelar-patente-na-biblioteca-municipal-ate-29-de-janeiro\/","name":"Exposi\u00e7\u00e3o de obras de arte de Isabel Bacelar patente na Biblioteca Municipal at\u00e9 29 de janeiro","isPartOf":{"@id":"https:\/\/www.altominho.tv\/site\/#website"},"primaryImageOfPage":{"@id":"https:\/\/www.altominho.tv\/site\/2022\/01\/12\/exposicao-de-obras-de-arte-de-isabel-bacelar-patente-na-biblioteca-municipal-ate-29-de-janeiro\/#primaryimage"},"image":{"@id":"https:\/\/www.altominho.tv\/site\/2022\/01\/12\/exposicao-de-obras-de-arte-de-isabel-bacelar-patente-na-biblioteca-municipal-ate-29-de-janeiro\/#primaryimage"},"thumbnailUrl":"https:\/\/www.altominho.tv\/site\/wp-content\/uploads\/2022\/01\/Amor-de-Ma\u0303e-scaled.jpg","datePublished":"2022-01-12T17:15:23+00:00","dateModified":"2022-03-02T10:13:04+00:00","author":{"@id":"https:\/\/www.altominho.tv\/site\/#\/schema\/person\/4e536851627d7914baf3dac752b6af22"},"description":"a inaugura\u00e7\u00e3o simb\u00f3lica da exposi\u00e7\u00e3o, Isabel Bacelar,\u00a0explicou que \u201cpai e m\u00e3e s\u00e3o muito importantes na educa\u00e7\u00e3o de um filho\".","breadcrumb":{"@id":"https:\/\/www.altominho.tv\/site\/2022\/01\/12\/exposicao-de-obras-de-arte-de-isabel-bacelar-patente-na-biblioteca-municipal-ate-29-de-janeiro\/#breadcrumb"},"inLanguage":"pt-PT","potentialAction":[{"@type":"ReadAction","target":["https:\/\/www.altominho.tv\/site\/2022\/01\/12\/exposicao-de-obras-de-arte-de-isabel-bacelar-patente-na-biblioteca-municipal-ate-29-de-janeiro\/"]}]},{"@type":"ImageObject","inLanguage":"pt-PT","@id":"https:\/\/www.altominho.tv\/site\/2022\/01\/12\/exposicao-de-obras-de-arte-de-isabel-bacelar-patente-na-biblioteca-municipal-ate-29-de-janeiro\/#primaryimage","url":"https:\/\/www.altominho.tv\/site\/wp-content\/uploads\/2022\/01\/Amor-de-Ma\u0303e-scaled.jpg","contentUrl":"https:\/\/www.altominho.tv\/site\/wp-content\/uploads\/2022\/01\/Amor-de-Ma\u0303e-scaled.jpg","width":2560,"height":1920},{"@type":"BreadcrumbList","@id":"https:\/\/www.altominho.tv\/site\/2022\/01\/12\/exposicao-de-obras-de-arte-de-isabel-bacelar-patente-na-biblioteca-municipal-ate-29-de-janeiro\/#breadcrumb","itemListElement":[{"@type":"ListItem","position":1,"name":"In\u00edcio","item":"https:\/\/www.altominho.tv\/site\/"},{"@type":"ListItem","position":2,"name":"Exposi\u00e7\u00e3o de obras de arte de Isabel Bacelar patente na Biblioteca Municipal at\u00e9 29 de janeiro"}]},{"@type":"WebSite","@id":"https:\/\/www.altominho.tv\/site\/#website","url":"https:\/\/www.altominho.tv\/site\/","name":"Altominho.tv","description":"A sua regi\u00e3o \u00e0 dist\u00e2ncia de um clique...","potentialAction":[{"@type":"SearchAction","target":{"@type":"EntryPoint","urlTemplate":"https:\/\/www.altominho.tv\/site\/?s={search_term_string}"},"query-input":{"@type":"PropertyValueSpecification","valueRequired":true,"valueName":"search_term_string"}}],"inLanguage":"pt-PT"},{"@type":"Person","@id":"https:\/\/www.altominho.tv\/site\/#\/schema\/person\/4e536851627d7914baf3dac752b6af22","name":"Altominho.tv","image":{"@type":"ImageObject","inLanguage":"pt-PT","@id":"https:\/\/www.altominho.tv\/site\/wp-content\/uploads\/2019\/11\/Logo_Avatar_2-150x150.jpg","url":"https:\/\/www.altominho.tv\/site\/wp-content\/uploads\/2019\/11\/Logo_Avatar_2-150x150.jpg","contentUrl":"https:\/\/www.altominho.tv\/site\/wp-content\/uploads\/2019\/11\/Logo_Avatar_2-150x150.jpg","caption":"Altominho.tv"},"url":"https:\/\/www.altominho.tv\/site\/author\/altominhotv-tecnico\/"}]}},"_links":{"self":[{"href":"https:\/\/www.altominho.tv\/site\/wp-json\/wp\/v2\/posts\/74787","targetHints":{"allow":["GET"]}}],"collection":[{"href":"https:\/\/www.altominho.tv\/site\/wp-json\/wp\/v2\/posts"}],"about":[{"href":"https:\/\/www.altominho.tv\/site\/wp-json\/wp\/v2\/types\/post"}],"author":[{"embeddable":true,"href":"https:\/\/www.altominho.tv\/site\/wp-json\/wp\/v2\/users\/1"}],"replies":[{"embeddable":true,"href":"https:\/\/www.altominho.tv\/site\/wp-json\/wp\/v2\/comments?post=74787"}],"version-history":[{"count":0,"href":"https:\/\/www.altominho.tv\/site\/wp-json\/wp\/v2\/posts\/74787\/revisions"}],"wp:featuredmedia":[{"embeddable":true,"href":"https:\/\/www.altominho.tv\/site\/wp-json\/wp\/v2\/media\/74789"}],"wp:attachment":[{"href":"https:\/\/www.altominho.tv\/site\/wp-json\/wp\/v2\/media?parent=74787"}],"wp:term":[{"taxonomy":"category","embeddable":true,"href":"https:\/\/www.altominho.tv\/site\/wp-json\/wp\/v2\/categories?post=74787"},{"taxonomy":"post_tag","embeddable":true,"href":"https:\/\/www.altominho.tv\/site\/wp-json\/wp\/v2\/tags?post=74787"}],"curies":[{"name":"wp","href":"https:\/\/api.w.org\/{rel}","templated":true}]}}