{"id":74751,"date":"2022-01-12T13:06:58","date_gmt":"2022-01-12T13:06:58","guid":{"rendered":"https:\/\/www.altominho.tv\/site\/?p=74751"},"modified":"2022-03-02T14:45:43","modified_gmt":"2022-03-02T14:45:43","slug":"costa-afirma-que-portugal-cumprira-sem-esforco-excessivo-regras-da-zona-euro-em-2023","status":"publish","type":"post","link":"https:\/\/www.altominho.tv\/site\/2022\/01\/12\/costa-afirma-que-portugal-cumprira-sem-esforco-excessivo-regras-da-zona-euro-em-2023\/","title":{"rendered":"Costa afirma que Portugal cumprir\u00e1 sem esfor\u00e7o excessivo regras da zona euro em 2023"},"content":{"rendered":"\n<p>O secret\u00e1rio-geral do PS afirmou hoje que Portugal, se mantiver a atual trajet\u00f3ria econ\u00f3mico-financeira, cumprir\u00e1 sem esfor\u00e7o excessivo as regras or\u00e7amentais da zona euro em 2023 e que h\u00e1 uma nova conjuntura favor\u00e1vel para as empresas.<\/p>\n\n\n\n<p>Este cen\u00e1rio sobre a evolu\u00e7\u00e3o da economia portuguesa foi apresentado por Ant\u00f3nio Costa, numa sess\u00e3o com empres\u00e1rios em Almada, que foi aberta pela l\u00edder parlamentar do PS e cabe\u00e7a de lista socialista pelo c\u00edrculo de Set\u00fabal, Ana Catarina Mendes.<\/p>\n\n\n\n<p>Numa interven\u00e7\u00e3o de cerca de 30 minutos, Ant\u00f3nio Costa defendeu que, no final do primeiro semestre deste ano, o pa\u00eds \u201cter\u00e1 recuperado o n\u00edvel do Produto Interno Bruto (PIB) que j\u00e1 tinha em 2019\u201d antes da crise pand\u00e9mica da covid-19.<\/p>\n\n\n\n<p>Por outro lado, segundo Ant\u00f3nio Costa, ao n\u00edvel da envolvente externa, \u201cn\u00e3o h\u00e1 indica\u00e7\u00f5es de que o Banco Central Europeu (BCE) esteja a prever nos pr\u00f3ximos tempos uma altera\u00e7\u00e3o da sua pol\u00edtica\u201d.<\/p>\n\n\n\n<p>\u201cPara o BCE, este pico de infla\u00e7\u00e3o que estamos a viver tem um car\u00e1ter eminentemente conjuntural e, como tal, n\u00e3o justifica uma altera\u00e7\u00e3o da sua pol\u00edtica estrutural\u201d, apontou, citando Christine Lagarde.<\/p>\n\n\n\n<p>No entanto, na perspetiva de Ant\u00f3nio Costa, \u00e9 essencial que, mantendo-se a pol\u00edtica de juros baixos do BCE, \u201co pa\u00eds esteja em condi\u00e7\u00f5es de beneficiar dos efeitos dessa pol\u00edtica\u201d, sendo para isso necess\u00e1ria uma pol\u00edtica de finan\u00e7as p\u00fablicas \u201cs\u00e3s\u201d.<\/p>\n\n\n\n<p>\u201cEm 2023, de acordo com todos os indicadores, Portugal estar\u00e1 em condi\u00e7\u00f5es de cumprir as regras [do Tratado Or\u00e7amental da Uni\u00e3o Europeia] quando elas forem restabelecidas. O d\u00e9fice de 2021 ser\u00e1 provavelmente menor do que as previs\u00f5es do Governo em resultado do crescimento da economia e de um melhor comportamento da despesa\u201d, advogou.<\/p>\n\n\n\n<p>Este ano, mesmo com os primeiros meses em duod\u00e9cimos, como consequ\u00eancia do chumbo no parlamento do Or\u00e7amento do Estado para 2022, Ant\u00f3nio Costa disse acreditar que Portugal est\u00e1 em condi\u00e7\u00f5es de cumprir a meta de d\u00e9fice fixada.<\/p>\n\n\n\n<p>\u201cE em 2023, sem esfor\u00e7o excessivo, poderemos acomodar-nos \u00e0s regras vigentes na zona euro\u201d, sustentou.<\/p>\n\n\n\n<p>Em rela\u00e7\u00e3o \u00e0 nova conjuntura econ\u00f3mica p\u00f3s-pandemia da covid-19, o secret\u00e1rio-geral do PS defendeu que \u00e9 favor\u00e1vel \u00e0 expans\u00e3o dos neg\u00f3cios por parte das empresas nacionais, quer por raz\u00f5es internas, quer externas.<\/p>\n\n\n\n<p>\u201cJ\u00e1 pass\u00e1mos o momento mais dif\u00edcil e de maior incerteza da situa\u00e7\u00e3o pand\u00e9mica da covid-19. Sa\u00edmos em boas condi\u00e7\u00f5es para rapidamente podermos retomar o caminho interrompido, tendo agora a oportunidade, que nunca tivemos at\u00e9 agora, de fazer o que n\u00e3o foi feito\u201d, salientou.<\/p>\n\n\n\n<p>Para Ant\u00f3nio Costa, com os sistemas nacionais empresarial e tecnol\u00f3gico\/cient\u00edfico alinhados, \u201cmobilizados e preparados\u201d, h\u00e1 condi\u00e7\u00f5es objetivas para um impulso ao n\u00edvel do crescimento econ\u00f3mico. Mas, ressalvou, cabe \u00e0s institui\u00e7\u00f5es \u201cum papel fundamental\u201d.<\/p>\n\n\n\n<p>\u201cAs institui\u00e7\u00f5es t\u00eam um papel fundamental na redu\u00e7\u00e3o de custos de contexto, na cria\u00e7\u00e3o de boas condi\u00e7\u00f5es macroecon\u00f3micas, mas tamb\u00e9m na cria\u00e7\u00e3o de estabilidade pol\u00edtica e de pol\u00edticas para evitar que o pa\u00eds n\u00e3o ande de crise em crise, voltando ao tempo dos governos provis\u00f3rios. Pelo contr\u00e1rio, Portugal precisa de ter uma estabilidade necess\u00e1ria para se focar naquilo que \u00e9 essencial: A recupera\u00e7\u00e3o econ\u00f3mica, o progresso e a reforma estrutural do pa\u00eds\u201d, acrescentou, aqui numa nota de ordem pol\u00edtica.<\/p>\n","protected":false},"excerpt":{"rendered":"<p>O secret\u00e1rio-geral do PS afirmou hoje que Portugal, se mantiver a atual trajet\u00f3ria econ\u00f3mico-financeira, cumprir\u00e1 sem esfor\u00e7o excessivo as regras or\u00e7amentais da zona euro em 2023 e que h\u00e1 uma nova conjuntura favor\u00e1vel para as empresas. Este cen\u00e1rio sobre a evolu\u00e7\u00e3o da economia portuguesa foi apresentado por Ant\u00f3nio Costa, numa sess\u00e3o com empres\u00e1rios em Almada, [&hellip;]<\/p>\n","protected":false},"author":16,"featured_media":74753,"comment_status":"closed","ping_status":"closed","sticky":false,"template":"","format":"standard","meta":{"_exactmetrics_skip_tracking":false,"_exactmetrics_sitenote_active":false,"_exactmetrics_sitenote_note":"","_exactmetrics_sitenote_category":0,"footnotes":""},"categories":[56325],"tags":[56326],"class_list":["post-74751","post","type-post","status-publish","format-standard","has-post-thumbnail","hentry","category-pais","tag-politica"],"yoast_head":"<!-- This site is optimized with the Yoast SEO Premium plugin v27.5 (Yoast SEO v27.5) - https:\/\/yoast.com\/product\/yoast-seo-premium-wordpress\/ -->\n<title>Costa afirma que Portugal cumprir\u00e1 sem esfor\u00e7o excessivo regras da zona euro em 2023<\/title>\n<meta name=\"description\" content=\"O secret\u00e1rio-geral do PS afirmou hoje que Portugal, se mantiver a atual trajet\u00f3ria econ\u00f3mico-financeira, cumprir\u00e1 sem esfor\u00e7o excessivo.\" \/>\n<meta name=\"robots\" content=\"index, follow, max-snippet:-1, max-image-preview:large, max-video-preview:-1\" \/>\n<link rel=\"canonical\" href=\"https:\/\/www.altominho.tv\/site\/2022\/01\/12\/costa-afirma-que-portugal-cumprira-sem-esforco-excessivo-regras-da-zona-euro-em-2023\/\" \/>\n<meta property=\"og:locale\" content=\"pt_PT\" \/>\n<meta property=\"og:type\" content=\"article\" \/>\n<meta property=\"og:title\" content=\"Costa afirma que Portugal cumprir\u00e1 sem esfor\u00e7o excessivo regras da zona euro em 2023\" \/>\n<meta property=\"og:description\" content=\"O secret\u00e1rio-geral do PS afirmou hoje que Portugal, se mantiver a atual trajet\u00f3ria econ\u00f3mico-financeira, cumprir\u00e1 sem esfor\u00e7o excessivo.\" \/>\n<meta property=\"og:url\" content=\"https:\/\/www.altominho.tv\/site\/2022\/01\/12\/costa-afirma-que-portugal-cumprira-sem-esforco-excessivo-regras-da-zona-euro-em-2023\/\" \/>\n<meta property=\"og:site_name\" content=\"Altominho.tv\" \/>\n<meta property=\"article:publisher\" content=\"https:\/\/www.facebook.com\/altominhotv\" \/>\n<meta property=\"article:published_time\" content=\"2022-01-12T13:06:58+00:00\" \/>\n<meta property=\"article:modified_time\" content=\"2022-03-02T14:45:43+00:00\" \/>\n<meta property=\"og:image\" content=\"https:\/\/www.altominho.tv\/site\/wp-content\/uploads\/2022\/01\/costa-.jpeg\" \/>\n\t<meta property=\"og:image:width\" content=\"1920\" \/>\n\t<meta property=\"og:image:height\" content=\"1080\" \/>\n\t<meta property=\"og:image:type\" content=\"image\/jpeg\" \/>\n<meta name=\"author\" content=\"Andreia Cunha | Lusa\" \/>\n<meta name=\"twitter:card\" content=\"summary_large_image\" \/>\n<meta name=\"twitter:creator\" content=\"@altominhoTV\" \/>\n<meta name=\"twitter:site\" content=\"@altominhoTV\" \/>\n<meta name=\"twitter:label1\" content=\"Escrito por\" \/>\n\t<meta name=\"twitter:data1\" content=\"Andreia Cunha | Lusa\" \/>\n\t<meta name=\"twitter:label2\" content=\"Tempo estimado de leitura\" \/>\n\t<meta name=\"twitter:data2\" content=\"3 minutos\" \/>\n<script type=\"application\/ld+json\" class=\"yoast-schema-graph\">{\"@context\":\"https:\\\/\\\/schema.org\",\"@graph\":[{\"@type\":\"Article\",\"@id\":\"https:\\\/\\\/www.altominho.tv\\\/site\\\/2022\\\/01\\\/12\\\/costa-afirma-que-portugal-cumprira-sem-esforco-excessivo-regras-da-zona-euro-em-2023\\\/#article\",\"isPartOf\":{\"@id\":\"https:\\\/\\\/www.altominho.tv\\\/site\\\/2022\\\/01\\\/12\\\/costa-afirma-que-portugal-cumprira-sem-esforco-excessivo-regras-da-zona-euro-em-2023\\\/\"},\"author\":{\"name\":\"Andreia Cunha | Lusa\",\"@id\":\"https:\\\/\\\/www.altominho.tv\\\/site\\\/#\\\/schema\\\/person\\\/dbaf181c01b51ff40c9f461a905d321e\"},\"headline\":\"Costa afirma que Portugal cumprir\u00e1 sem esfor\u00e7o excessivo regras da zona euro em 2023\",\"datePublished\":\"2022-01-12T13:06:58+00:00\",\"dateModified\":\"2022-03-02T14:45:43+00:00\",\"mainEntityOfPage\":{\"@id\":\"https:\\\/\\\/www.altominho.tv\\\/site\\\/2022\\\/01\\\/12\\\/costa-afirma-que-portugal-cumprira-sem-esforco-excessivo-regras-da-zona-euro-em-2023\\\/\"},\"wordCount\":607,\"image\":{\"@id\":\"https:\\\/\\\/www.altominho.tv\\\/site\\\/2022\\\/01\\\/12\\\/costa-afirma-que-portugal-cumprira-sem-esforco-excessivo-regras-da-zona-euro-em-2023\\\/#primaryimage\"},\"thumbnailUrl\":\"https:\\\/\\\/www.altominho.tv\\\/site\\\/wp-content\\\/uploads\\\/2022\\\/01\\\/costa-.jpeg\",\"keywords\":[\"Pol\u00edtica\"],\"articleSection\":[\"Pa\u00eds\"],\"inLanguage\":\"pt-PT\",\"copyrightYear\":\"2022\",\"copyrightHolder\":{\"@id\":\"https:\\\/\\\/www.altominho.tv\\\/site\\\/#organization\"}},{\"@type\":\"WebPage\",\"@id\":\"https:\\\/\\\/www.altominho.tv\\\/site\\\/2022\\\/01\\\/12\\\/costa-afirma-que-portugal-cumprira-sem-esforco-excessivo-regras-da-zona-euro-em-2023\\\/\",\"url\":\"https:\\\/\\\/www.altominho.tv\\\/site\\\/2022\\\/01\\\/12\\\/costa-afirma-que-portugal-cumprira-sem-esforco-excessivo-regras-da-zona-euro-em-2023\\\/\",\"name\":\"Costa afirma que Portugal cumprir\u00e1 sem esfor\u00e7o excessivo regras da zona euro em 2023\",\"isPartOf\":{\"@id\":\"https:\\\/\\\/www.altominho.tv\\\/site\\\/#website\"},\"primaryImageOfPage\":{\"@id\":\"https:\\\/\\\/www.altominho.tv\\\/site\\\/2022\\\/01\\\/12\\\/costa-afirma-que-portugal-cumprira-sem-esforco-excessivo-regras-da-zona-euro-em-2023\\\/#primaryimage\"},\"image\":{\"@id\":\"https:\\\/\\\/www.altominho.tv\\\/site\\\/2022\\\/01\\\/12\\\/costa-afirma-que-portugal-cumprira-sem-esforco-excessivo-regras-da-zona-euro-em-2023\\\/#primaryimage\"},\"thumbnailUrl\":\"https:\\\/\\\/www.altominho.tv\\\/site\\\/wp-content\\\/uploads\\\/2022\\\/01\\\/costa-.jpeg\",\"datePublished\":\"2022-01-12T13:06:58+00:00\",\"dateModified\":\"2022-03-02T14:45:43+00:00\",\"author\":{\"@id\":\"https:\\\/\\\/www.altominho.tv\\\/site\\\/#\\\/schema\\\/person\\\/dbaf181c01b51ff40c9f461a905d321e\"},\"description\":\"O secret\u00e1rio-geral do PS afirmou hoje que Portugal, se mantiver a atual trajet\u00f3ria econ\u00f3mico-financeira, cumprir\u00e1 sem esfor\u00e7o excessivo.\",\"breadcrumb\":{\"@id\":\"https:\\\/\\\/www.altominho.tv\\\/site\\\/2022\\\/01\\\/12\\\/costa-afirma-que-portugal-cumprira-sem-esforco-excessivo-regras-da-zona-euro-em-2023\\\/#breadcrumb\"},\"inLanguage\":\"pt-PT\",\"potentialAction\":[{\"@type\":\"ReadAction\",\"target\":[\"https:\\\/\\\/www.altominho.tv\\\/site\\\/2022\\\/01\\\/12\\\/costa-afirma-que-portugal-cumprira-sem-esforco-excessivo-regras-da-zona-euro-em-2023\\\/\"]}]},{\"@type\":\"ImageObject\",\"inLanguage\":\"pt-PT\",\"@id\":\"https:\\\/\\\/www.altominho.tv\\\/site\\\/2022\\\/01\\\/12\\\/costa-afirma-que-portugal-cumprira-sem-esforco-excessivo-regras-da-zona-euro-em-2023\\\/#primaryimage\",\"url\":\"https:\\\/\\\/www.altominho.tv\\\/site\\\/wp-content\\\/uploads\\\/2022\\\/01\\\/costa-.jpeg\",\"contentUrl\":\"https:\\\/\\\/www.altominho.tv\\\/site\\\/wp-content\\\/uploads\\\/2022\\\/01\\\/costa-.jpeg\",\"width\":1920,\"height\":1080},{\"@type\":\"BreadcrumbList\",\"@id\":\"https:\\\/\\\/www.altominho.tv\\\/site\\\/2022\\\/01\\\/12\\\/costa-afirma-que-portugal-cumprira-sem-esforco-excessivo-regras-da-zona-euro-em-2023\\\/#breadcrumb\",\"itemListElement\":[{\"@type\":\"ListItem\",\"position\":1,\"name\":\"In\u00edcio\",\"item\":\"https:\\\/\\\/www.altominho.tv\\\/site\\\/\"},{\"@type\":\"ListItem\",\"position\":2,\"name\":\"Costa afirma que Portugal cumprir\u00e1 sem esfor\u00e7o excessivo regras da zona euro em 2023\"}]},{\"@type\":\"WebSite\",\"@id\":\"https:\\\/\\\/www.altominho.tv\\\/site\\\/#website\",\"url\":\"https:\\\/\\\/www.altominho.tv\\\/site\\\/\",\"name\":\"Altominho.tv\",\"description\":\"A sua regi\u00e3o \u00e0 dist\u00e2ncia de um clique...\",\"potentialAction\":[{\"@type\":\"SearchAction\",\"target\":{\"@type\":\"EntryPoint\",\"urlTemplate\":\"https:\\\/\\\/www.altominho.tv\\\/site\\\/?s={search_term_string}\"},\"query-input\":{\"@type\":\"PropertyValueSpecification\",\"valueRequired\":true,\"valueName\":\"search_term_string\"}}],\"inLanguage\":\"pt-PT\"},{\"@type\":\"Person\",\"@id\":\"https:\\\/\\\/www.altominho.tv\\\/site\\\/#\\\/schema\\\/person\\\/dbaf181c01b51ff40c9f461a905d321e\",\"name\":\"Andreia Cunha | Lusa\",\"image\":{\"@type\":\"ImageObject\",\"inLanguage\":\"pt-PT\",\"@id\":\"https:\\\/\\\/www.altominho.tv\\\/site\\\/wp-content\\\/uploads\\\/2017\\\/11\\\/Andreia_Cunha-1-150x150.jpg\",\"url\":\"https:\\\/\\\/www.altominho.tv\\\/site\\\/wp-content\\\/uploads\\\/2017\\\/11\\\/Andreia_Cunha-1-150x150.jpg\",\"contentUrl\":\"https:\\\/\\\/www.altominho.tv\\\/site\\\/wp-content\\\/uploads\\\/2017\\\/11\\\/Andreia_Cunha-1-150x150.jpg\",\"caption\":\"Andreia Cunha | Lusa\"},\"sameAs\":[\"https:\\\/\\\/www.altominho.tv\\\/site\"],\"url\":\"https:\\\/\\\/www.altominho.tv\\\/site\\\/author\\\/andreiacunhalusa\\\/\"}]}<\/script>\n<!-- \/ Yoast SEO Premium plugin. -->","yoast_head_json":{"title":"Costa afirma que Portugal cumprir\u00e1 sem esfor\u00e7o excessivo regras da zona euro em 2023","description":"O secret\u00e1rio-geral do PS afirmou hoje que Portugal, se mantiver a atual trajet\u00f3ria econ\u00f3mico-financeira, cumprir\u00e1 sem esfor\u00e7o excessivo.","robots":{"index":"index","follow":"follow","max-snippet":"max-snippet:-1","max-image-preview":"max-image-preview:large","max-video-preview":"max-video-preview:-1"},"canonical":"https:\/\/www.altominho.tv\/site\/2022\/01\/12\/costa-afirma-que-portugal-cumprira-sem-esforco-excessivo-regras-da-zona-euro-em-2023\/","og_locale":"pt_PT","og_type":"article","og_title":"Costa afirma que Portugal cumprir\u00e1 sem esfor\u00e7o excessivo regras da zona euro em 2023","og_description":"O secret\u00e1rio-geral do PS afirmou hoje que Portugal, se mantiver a atual trajet\u00f3ria econ\u00f3mico-financeira, cumprir\u00e1 sem esfor\u00e7o excessivo.","og_url":"https:\/\/www.altominho.tv\/site\/2022\/01\/12\/costa-afirma-que-portugal-cumprira-sem-esforco-excessivo-regras-da-zona-euro-em-2023\/","og_site_name":"Altominho.tv","article_publisher":"https:\/\/www.facebook.com\/altominhotv","article_published_time":"2022-01-12T13:06:58+00:00","article_modified_time":"2022-03-02T14:45:43+00:00","og_image":[{"width":1920,"height":1080,"url":"https:\/\/www.altominho.tv\/site\/wp-content\/uploads\/2022\/01\/costa-.jpeg","type":"image\/jpeg"}],"author":"Andreia Cunha | Lusa","twitter_card":"summary_large_image","twitter_creator":"@altominhoTV","twitter_site":"@altominhoTV","twitter_misc":{"Escrito por":"Andreia Cunha | Lusa","Tempo estimado de leitura":"3 minutos"},"schema":{"@context":"https:\/\/schema.org","@graph":[{"@type":"Article","@id":"https:\/\/www.altominho.tv\/site\/2022\/01\/12\/costa-afirma-que-portugal-cumprira-sem-esforco-excessivo-regras-da-zona-euro-em-2023\/#article","isPartOf":{"@id":"https:\/\/www.altominho.tv\/site\/2022\/01\/12\/costa-afirma-que-portugal-cumprira-sem-esforco-excessivo-regras-da-zona-euro-em-2023\/"},"author":{"name":"Andreia Cunha | Lusa","@id":"https:\/\/www.altominho.tv\/site\/#\/schema\/person\/dbaf181c01b51ff40c9f461a905d321e"},"headline":"Costa afirma que Portugal cumprir\u00e1 sem esfor\u00e7o excessivo regras da zona euro em 2023","datePublished":"2022-01-12T13:06:58+00:00","dateModified":"2022-03-02T14:45:43+00:00","mainEntityOfPage":{"@id":"https:\/\/www.altominho.tv\/site\/2022\/01\/12\/costa-afirma-que-portugal-cumprira-sem-esforco-excessivo-regras-da-zona-euro-em-2023\/"},"wordCount":607,"image":{"@id":"https:\/\/www.altominho.tv\/site\/2022\/01\/12\/costa-afirma-que-portugal-cumprira-sem-esforco-excessivo-regras-da-zona-euro-em-2023\/#primaryimage"},"thumbnailUrl":"https:\/\/www.altominho.tv\/site\/wp-content\/uploads\/2022\/01\/costa-.jpeg","keywords":["Pol\u00edtica"],"articleSection":["Pa\u00eds"],"inLanguage":"pt-PT","copyrightYear":"2022","copyrightHolder":{"@id":"https:\/\/www.altominho.tv\/site\/#organization"}},{"@type":"WebPage","@id":"https:\/\/www.altominho.tv\/site\/2022\/01\/12\/costa-afirma-que-portugal-cumprira-sem-esforco-excessivo-regras-da-zona-euro-em-2023\/","url":"https:\/\/www.altominho.tv\/site\/2022\/01\/12\/costa-afirma-que-portugal-cumprira-sem-esforco-excessivo-regras-da-zona-euro-em-2023\/","name":"Costa afirma que Portugal cumprir\u00e1 sem esfor\u00e7o excessivo regras da zona euro em 2023","isPartOf":{"@id":"https:\/\/www.altominho.tv\/site\/#website"},"primaryImageOfPage":{"@id":"https:\/\/www.altominho.tv\/site\/2022\/01\/12\/costa-afirma-que-portugal-cumprira-sem-esforco-excessivo-regras-da-zona-euro-em-2023\/#primaryimage"},"image":{"@id":"https:\/\/www.altominho.tv\/site\/2022\/01\/12\/costa-afirma-que-portugal-cumprira-sem-esforco-excessivo-regras-da-zona-euro-em-2023\/#primaryimage"},"thumbnailUrl":"https:\/\/www.altominho.tv\/site\/wp-content\/uploads\/2022\/01\/costa-.jpeg","datePublished":"2022-01-12T13:06:58+00:00","dateModified":"2022-03-02T14:45:43+00:00","author":{"@id":"https:\/\/www.altominho.tv\/site\/#\/schema\/person\/dbaf181c01b51ff40c9f461a905d321e"},"description":"O secret\u00e1rio-geral do PS afirmou hoje que Portugal, se mantiver a atual trajet\u00f3ria econ\u00f3mico-financeira, cumprir\u00e1 sem esfor\u00e7o excessivo.","breadcrumb":{"@id":"https:\/\/www.altominho.tv\/site\/2022\/01\/12\/costa-afirma-que-portugal-cumprira-sem-esforco-excessivo-regras-da-zona-euro-em-2023\/#breadcrumb"},"inLanguage":"pt-PT","potentialAction":[{"@type":"ReadAction","target":["https:\/\/www.altominho.tv\/site\/2022\/01\/12\/costa-afirma-que-portugal-cumprira-sem-esforco-excessivo-regras-da-zona-euro-em-2023\/"]}]},{"@type":"ImageObject","inLanguage":"pt-PT","@id":"https:\/\/www.altominho.tv\/site\/2022\/01\/12\/costa-afirma-que-portugal-cumprira-sem-esforco-excessivo-regras-da-zona-euro-em-2023\/#primaryimage","url":"https:\/\/www.altominho.tv\/site\/wp-content\/uploads\/2022\/01\/costa-.jpeg","contentUrl":"https:\/\/www.altominho.tv\/site\/wp-content\/uploads\/2022\/01\/costa-.jpeg","width":1920,"height":1080},{"@type":"BreadcrumbList","@id":"https:\/\/www.altominho.tv\/site\/2022\/01\/12\/costa-afirma-que-portugal-cumprira-sem-esforco-excessivo-regras-da-zona-euro-em-2023\/#breadcrumb","itemListElement":[{"@type":"ListItem","position":1,"name":"In\u00edcio","item":"https:\/\/www.altominho.tv\/site\/"},{"@type":"ListItem","position":2,"name":"Costa afirma que Portugal cumprir\u00e1 sem esfor\u00e7o excessivo regras da zona euro em 2023"}]},{"@type":"WebSite","@id":"https:\/\/www.altominho.tv\/site\/#website","url":"https:\/\/www.altominho.tv\/site\/","name":"Altominho.tv","description":"A sua regi\u00e3o \u00e0 dist\u00e2ncia de um clique...","potentialAction":[{"@type":"SearchAction","target":{"@type":"EntryPoint","urlTemplate":"https:\/\/www.altominho.tv\/site\/?s={search_term_string}"},"query-input":{"@type":"PropertyValueSpecification","valueRequired":true,"valueName":"search_term_string"}}],"inLanguage":"pt-PT"},{"@type":"Person","@id":"https:\/\/www.altominho.tv\/site\/#\/schema\/person\/dbaf181c01b51ff40c9f461a905d321e","name":"Andreia Cunha | Lusa","image":{"@type":"ImageObject","inLanguage":"pt-PT","@id":"https:\/\/www.altominho.tv\/site\/wp-content\/uploads\/2017\/11\/Andreia_Cunha-1-150x150.jpg","url":"https:\/\/www.altominho.tv\/site\/wp-content\/uploads\/2017\/11\/Andreia_Cunha-1-150x150.jpg","contentUrl":"https:\/\/www.altominho.tv\/site\/wp-content\/uploads\/2017\/11\/Andreia_Cunha-1-150x150.jpg","caption":"Andreia Cunha | Lusa"},"sameAs":["https:\/\/www.altominho.tv\/site"],"url":"https:\/\/www.altominho.tv\/site\/author\/andreiacunhalusa\/"}]}},"_links":{"self":[{"href":"https:\/\/www.altominho.tv\/site\/wp-json\/wp\/v2\/posts\/74751","targetHints":{"allow":["GET"]}}],"collection":[{"href":"https:\/\/www.altominho.tv\/site\/wp-json\/wp\/v2\/posts"}],"about":[{"href":"https:\/\/www.altominho.tv\/site\/wp-json\/wp\/v2\/types\/post"}],"author":[{"embeddable":true,"href":"https:\/\/www.altominho.tv\/site\/wp-json\/wp\/v2\/users\/16"}],"replies":[{"embeddable":true,"href":"https:\/\/www.altominho.tv\/site\/wp-json\/wp\/v2\/comments?post=74751"}],"version-history":[{"count":0,"href":"https:\/\/www.altominho.tv\/site\/wp-json\/wp\/v2\/posts\/74751\/revisions"}],"wp:featuredmedia":[{"embeddable":true,"href":"https:\/\/www.altominho.tv\/site\/wp-json\/wp\/v2\/media\/74753"}],"wp:attachment":[{"href":"https:\/\/www.altominho.tv\/site\/wp-json\/wp\/v2\/media?parent=74751"}],"wp:term":[{"taxonomy":"category","embeddable":true,"href":"https:\/\/www.altominho.tv\/site\/wp-json\/wp\/v2\/categories?post=74751"},{"taxonomy":"post_tag","embeddable":true,"href":"https:\/\/www.altominho.tv\/site\/wp-json\/wp\/v2\/tags?post=74751"}],"curies":[{"name":"wp","href":"https:\/\/api.w.org\/{rel}","templated":true}]}}