{"id":74725,"date":"2022-01-12T10:05:26","date_gmt":"2022-01-12T10:05:26","guid":{"rendered":"https:\/\/www.altominho.tv\/site\/?p=74725"},"modified":"2022-02-28T11:47:24","modified_gmt":"2022-02-28T11:47:24","slug":"camara-de-viana-adere-ao-projeto-piloto-integrar-valoriza-da-regiao-norte","status":"publish","type":"post","link":"https:\/\/www.altominho.tv\/site\/2022\/01\/12\/camara-de-viana-adere-ao-projeto-piloto-integrar-valoriza-da-regiao-norte\/","title":{"rendered":"C\u00e2mara de Viana adere ao projeto-piloto \u201cIntegrar Valoriza\u201d da regi\u00e3o Norte"},"content":{"rendered":"<p>A C\u00e2mara de Viana do Castelo aderiu ao projeto-piloto \u201cIntegrar Valoriza\u201d que integra 15 munic\u00edpios da regi\u00e3o Norte e que tem como objetivo refor\u00e7ar as pol\u00edticas de integra\u00e7\u00e3o das pessoas imigrantes.<\/p>\n<p>No \u00e2mbito deste projeto-piloto, em colabora\u00e7\u00e3o com o Alto Comissariado para as Migra\u00e7\u00f5es (ACM), as c\u00e2maras municipais comprometem-se a trabalhar em rede e a ter pol\u00edticas de integra\u00e7\u00e3o dos imigrantes em v\u00e1rias \u00e1reas, como a habita\u00e7\u00e3o, o emprego e a educa\u00e7\u00e3o, trabalhando-as de forma articulada.<\/p>\n<p>O \u201cIntegrar Valoriza\u201d, enquanto projeto experimental, visa implementar medidas de pol\u00edtica p\u00fablica nacional descentralizadas, mediante a interven\u00e7\u00e3o articulada e integrada, entre entidades p\u00fablicas e privadas com responsabilidades na \u00e1rea do acolhimento e da integra\u00e7\u00e3o de pessoas imigrantes, e sendo composto por uma rede de munic\u00edpios.<\/p>\n<p>Para al\u00e9m de Viana do Castelo, aderiram a este projeto, na regi\u00e3o Norte, os munic\u00edpios de Alf\u00e2ndega da F\u00e9, Braga, Bragan\u00e7a, Carrazeda de Ansi\u00e3es, Espinho, Esposende, Matosinhos, Moimenta da Beira, P\u00f3voa de Varzim, Santa Maria da Feira, S. Jo\u00e3o da Madeira, Trofa, Vila Nova de Cerveira e Vila Nova de Famalic\u00e3o.<\/p>\n","protected":false},"excerpt":{"rendered":"<p>A C\u00e2mara de Viana do Castelo aderiu ao projeto-piloto \u201cIntegrar Valoriza\u201d que integra 15 munic\u00edpios da regi\u00e3o Norte e que tem como objetivo refor\u00e7ar as pol\u00edticas de integra\u00e7\u00e3o das pessoas imigrantes. No \u00e2mbito deste projeto-piloto, em colabora\u00e7\u00e3o com o Alto Comissariado para as Migra\u00e7\u00f5es (ACM), as c\u00e2maras municipais comprometem-se a trabalhar em rede e a [&hellip;]<\/p>\n","protected":false},"author":12,"featured_media":61549,"comment_status":"closed","ping_status":"closed","sticky":false,"template":"","format":"standard","meta":{"_exactmetrics_skip_tracking":false,"_exactmetrics_sitenote_active":false,"_exactmetrics_sitenote_note":"","_exactmetrics_sitenote_category":0,"footnotes":""},"categories":[14],"tags":[27],"class_list":["post-74725","post","type-post","status-publish","format-standard","has-post-thumbnail","hentry","category-viana-do-castelo","tag-sociedade"],"yoast_head":"<!-- This site is optimized with the Yoast SEO Premium plugin v27.5 (Yoast SEO v27.5) - https:\/\/yoast.com\/product\/yoast-seo-premium-wordpress\/ -->\n<title>C\u00e2mara de Viana adere ao projeto-piloto \u201cIntegrar Valoriza\u201d da regi\u00e3o Norte<\/title>\n<meta name=\"description\" content=\"A C\u00e2mara de Viana do Castelo aderiu ao projeto-piloto \u201cIntegrar Valoriza\u201d que integra 15 munic\u00edpios da regi\u00e3o Norte.\" \/>\n<meta name=\"robots\" content=\"index, follow, max-snippet:-1, max-image-preview:large, max-video-preview:-1\" \/>\n<link rel=\"canonical\" href=\"https:\/\/www.altominho.tv\/site\/2022\/01\/12\/camara-de-viana-adere-ao-projeto-piloto-integrar-valoriza-da-regiao-norte\/\" \/>\n<meta property=\"og:locale\" content=\"pt_PT\" \/>\n<meta property=\"og:type\" content=\"article\" \/>\n<meta property=\"og:title\" content=\"C\u00e2mara de Viana adere ao projeto-piloto \u201cIntegrar Valoriza\u201d da regi\u00e3o Norte\" \/>\n<meta property=\"og:description\" content=\"A C\u00e2mara de Viana do Castelo aderiu ao projeto-piloto \u201cIntegrar Valoriza\u201d que integra 15 munic\u00edpios da regi\u00e3o Norte.\" \/>\n<meta property=\"og:url\" content=\"https:\/\/www.altominho.tv\/site\/2022\/01\/12\/camara-de-viana-adere-ao-projeto-piloto-integrar-valoriza-da-regiao-norte\/\" \/>\n<meta property=\"og:site_name\" content=\"Altominho.tv\" \/>\n<meta property=\"article:publisher\" content=\"https:\/\/www.facebook.com\/altominhotv\" \/>\n<meta property=\"article:published_time\" content=\"2022-01-12T10:05:26+00:00\" \/>\n<meta property=\"article:modified_time\" content=\"2022-02-28T11:47:24+00:00\" \/>\n<meta property=\"og:image\" content=\"https:\/\/www.altominho.tv\/site\/wp-content\/uploads\/2021\/02\/Ca\u0302mara-viana-740x447-1-1.jpg\" \/>\n\t<meta property=\"og:image:width\" content=\"740\" \/>\n\t<meta property=\"og:image:height\" content=\"447\" \/>\n\t<meta property=\"og:image:type\" content=\"image\/jpeg\" \/>\n<meta name=\"author\" content=\"Andreia Ferreira\" \/>\n<meta name=\"twitter:card\" content=\"summary_large_image\" \/>\n<meta name=\"twitter:creator\" content=\"@altominhoTV\" \/>\n<meta name=\"twitter:site\" content=\"@altominhoTV\" \/>\n<meta name=\"twitter:label1\" content=\"Escrito por\" \/>\n\t<meta name=\"twitter:data1\" content=\"Andreia Ferreira\" \/>\n\t<meta name=\"twitter:label2\" content=\"Tempo estimado de leitura\" \/>\n\t<meta name=\"twitter:data2\" content=\"1 minuto\" \/>\n<script type=\"application\/ld+json\" class=\"yoast-schema-graph\">{\"@context\":\"https:\\\/\\\/schema.org\",\"@graph\":[{\"@type\":\"Article\",\"@id\":\"https:\\\/\\\/www.altominho.tv\\\/site\\\/2022\\\/01\\\/12\\\/camara-de-viana-adere-ao-projeto-piloto-integrar-valoriza-da-regiao-norte\\\/#article\",\"isPartOf\":{\"@id\":\"https:\\\/\\\/www.altominho.tv\\\/site\\\/2022\\\/01\\\/12\\\/camara-de-viana-adere-ao-projeto-piloto-integrar-valoriza-da-regiao-norte\\\/\"},\"author\":{\"name\":\"Andreia Ferreira\",\"@id\":\"https:\\\/\\\/www.altominho.tv\\\/site\\\/#\\\/schema\\\/person\\\/d9be4265364723f14ea8e0d56a1d38cd\"},\"headline\":\"C\u00e2mara de Viana adere ao projeto-piloto \u201cIntegrar Valoriza\u201d da regi\u00e3o Norte\",\"datePublished\":\"2022-01-12T10:05:26+00:00\",\"dateModified\":\"2022-02-28T11:47:24+00:00\",\"mainEntityOfPage\":{\"@id\":\"https:\\\/\\\/www.altominho.tv\\\/site\\\/2022\\\/01\\\/12\\\/camara-de-viana-adere-ao-projeto-piloto-integrar-valoriza-da-regiao-norte\\\/\"},\"wordCount\":213,\"image\":{\"@id\":\"https:\\\/\\\/www.altominho.tv\\\/site\\\/2022\\\/01\\\/12\\\/camara-de-viana-adere-ao-projeto-piloto-integrar-valoriza-da-regiao-norte\\\/#primaryimage\"},\"thumbnailUrl\":\"https:\\\/\\\/www.altominho.tv\\\/site\\\/wp-content\\\/uploads\\\/2021\\\/02\\\/Ca\u0302mara-viana-740x447-1-1.jpg\",\"keywords\":[\"Sociedade\"],\"articleSection\":[\"Viana do Castelo\"],\"inLanguage\":\"pt-PT\",\"copyrightYear\":\"2022\",\"copyrightHolder\":{\"@id\":\"https:\\\/\\\/www.altominho.tv\\\/site\\\/#organization\"}},{\"@type\":\"WebPage\",\"@id\":\"https:\\\/\\\/www.altominho.tv\\\/site\\\/2022\\\/01\\\/12\\\/camara-de-viana-adere-ao-projeto-piloto-integrar-valoriza-da-regiao-norte\\\/\",\"url\":\"https:\\\/\\\/www.altominho.tv\\\/site\\\/2022\\\/01\\\/12\\\/camara-de-viana-adere-ao-projeto-piloto-integrar-valoriza-da-regiao-norte\\\/\",\"name\":\"C\u00e2mara de Viana adere ao projeto-piloto \u201cIntegrar Valoriza\u201d da regi\u00e3o Norte\",\"isPartOf\":{\"@id\":\"https:\\\/\\\/www.altominho.tv\\\/site\\\/#website\"},\"primaryImageOfPage\":{\"@id\":\"https:\\\/\\\/www.altominho.tv\\\/site\\\/2022\\\/01\\\/12\\\/camara-de-viana-adere-ao-projeto-piloto-integrar-valoriza-da-regiao-norte\\\/#primaryimage\"},\"image\":{\"@id\":\"https:\\\/\\\/www.altominho.tv\\\/site\\\/2022\\\/01\\\/12\\\/camara-de-viana-adere-ao-projeto-piloto-integrar-valoriza-da-regiao-norte\\\/#primaryimage\"},\"thumbnailUrl\":\"https:\\\/\\\/www.altominho.tv\\\/site\\\/wp-content\\\/uploads\\\/2021\\\/02\\\/Ca\u0302mara-viana-740x447-1-1.jpg\",\"datePublished\":\"2022-01-12T10:05:26+00:00\",\"dateModified\":\"2022-02-28T11:47:24+00:00\",\"author\":{\"@id\":\"https:\\\/\\\/www.altominho.tv\\\/site\\\/#\\\/schema\\\/person\\\/d9be4265364723f14ea8e0d56a1d38cd\"},\"description\":\"A C\u00e2mara de Viana do Castelo aderiu ao projeto-piloto \u201cIntegrar Valoriza\u201d que integra 15 munic\u00edpios da regi\u00e3o Norte.\",\"breadcrumb\":{\"@id\":\"https:\\\/\\\/www.altominho.tv\\\/site\\\/2022\\\/01\\\/12\\\/camara-de-viana-adere-ao-projeto-piloto-integrar-valoriza-da-regiao-norte\\\/#breadcrumb\"},\"inLanguage\":\"pt-PT\",\"potentialAction\":[{\"@type\":\"ReadAction\",\"target\":[\"https:\\\/\\\/www.altominho.tv\\\/site\\\/2022\\\/01\\\/12\\\/camara-de-viana-adere-ao-projeto-piloto-integrar-valoriza-da-regiao-norte\\\/\"]}]},{\"@type\":\"ImageObject\",\"inLanguage\":\"pt-PT\",\"@id\":\"https:\\\/\\\/www.altominho.tv\\\/site\\\/2022\\\/01\\\/12\\\/camara-de-viana-adere-ao-projeto-piloto-integrar-valoriza-da-regiao-norte\\\/#primaryimage\",\"url\":\"https:\\\/\\\/www.altominho.tv\\\/site\\\/wp-content\\\/uploads\\\/2021\\\/02\\\/Ca\u0302mara-viana-740x447-1-1.jpg\",\"contentUrl\":\"https:\\\/\\\/www.altominho.tv\\\/site\\\/wp-content\\\/uploads\\\/2021\\\/02\\\/Ca\u0302mara-viana-740x447-1-1.jpg\",\"width\":740,\"height\":447},{\"@type\":\"BreadcrumbList\",\"@id\":\"https:\\\/\\\/www.altominho.tv\\\/site\\\/2022\\\/01\\\/12\\\/camara-de-viana-adere-ao-projeto-piloto-integrar-valoriza-da-regiao-norte\\\/#breadcrumb\",\"itemListElement\":[{\"@type\":\"ListItem\",\"position\":1,\"name\":\"In\u00edcio\",\"item\":\"https:\\\/\\\/www.altominho.tv\\\/site\\\/\"},{\"@type\":\"ListItem\",\"position\":2,\"name\":\"C\u00e2mara de Viana adere ao projeto-piloto \u201cIntegrar Valoriza\u201d da regi\u00e3o Norte\"}]},{\"@type\":\"WebSite\",\"@id\":\"https:\\\/\\\/www.altominho.tv\\\/site\\\/#website\",\"url\":\"https:\\\/\\\/www.altominho.tv\\\/site\\\/\",\"name\":\"Altominho.tv\",\"description\":\"A sua regi\u00e3o \u00e0 dist\u00e2ncia de um clique...\",\"potentialAction\":[{\"@type\":\"SearchAction\",\"target\":{\"@type\":\"EntryPoint\",\"urlTemplate\":\"https:\\\/\\\/www.altominho.tv\\\/site\\\/?s={search_term_string}\"},\"query-input\":{\"@type\":\"PropertyValueSpecification\",\"valueRequired\":true,\"valueName\":\"search_term_string\"}}],\"inLanguage\":\"pt-PT\"},{\"@type\":\"Person\",\"@id\":\"https:\\\/\\\/www.altominho.tv\\\/site\\\/#\\\/schema\\\/person\\\/d9be4265364723f14ea8e0d56a1d38cd\",\"name\":\"Andreia Ferreira\",\"image\":{\"@type\":\"ImageObject\",\"inLanguage\":\"pt-PT\",\"@id\":\"https:\\\/\\\/www.altominho.tv\\\/site\\\/wp-content\\\/uploads\\\/2021\\\/01\\\/AndreiaFerreira-150x150.jpg\",\"url\":\"https:\\\/\\\/www.altominho.tv\\\/site\\\/wp-content\\\/uploads\\\/2021\\\/01\\\/AndreiaFerreira-150x150.jpg\",\"contentUrl\":\"https:\\\/\\\/www.altominho.tv\\\/site\\\/wp-content\\\/uploads\\\/2021\\\/01\\\/AndreiaFerreira-150x150.jpg\",\"caption\":\"Andreia Ferreira\"},\"url\":\"https:\\\/\\\/www.altominho.tv\\\/site\\\/author\\\/andreiaferreira\\\/\"}]}<\/script>\n<!-- \/ Yoast SEO Premium plugin. -->","yoast_head_json":{"title":"C\u00e2mara de Viana adere ao projeto-piloto \u201cIntegrar Valoriza\u201d da regi\u00e3o Norte","description":"A C\u00e2mara de Viana do Castelo aderiu ao projeto-piloto \u201cIntegrar Valoriza\u201d que integra 15 munic\u00edpios da regi\u00e3o Norte.","robots":{"index":"index","follow":"follow","max-snippet":"max-snippet:-1","max-image-preview":"max-image-preview:large","max-video-preview":"max-video-preview:-1"},"canonical":"https:\/\/www.altominho.tv\/site\/2022\/01\/12\/camara-de-viana-adere-ao-projeto-piloto-integrar-valoriza-da-regiao-norte\/","og_locale":"pt_PT","og_type":"article","og_title":"C\u00e2mara de Viana adere ao projeto-piloto \u201cIntegrar Valoriza\u201d da regi\u00e3o Norte","og_description":"A C\u00e2mara de Viana do Castelo aderiu ao projeto-piloto \u201cIntegrar Valoriza\u201d que integra 15 munic\u00edpios da regi\u00e3o Norte.","og_url":"https:\/\/www.altominho.tv\/site\/2022\/01\/12\/camara-de-viana-adere-ao-projeto-piloto-integrar-valoriza-da-regiao-norte\/","og_site_name":"Altominho.tv","article_publisher":"https:\/\/www.facebook.com\/altominhotv","article_published_time":"2022-01-12T10:05:26+00:00","article_modified_time":"2022-02-28T11:47:24+00:00","og_image":[{"width":740,"height":447,"url":"https:\/\/www.altominho.tv\/site\/wp-content\/uploads\/2021\/02\/Ca\u0302mara-viana-740x447-1-1.jpg","type":"image\/jpeg"}],"author":"Andreia Ferreira","twitter_card":"summary_large_image","twitter_creator":"@altominhoTV","twitter_site":"@altominhoTV","twitter_misc":{"Escrito por":"Andreia Ferreira","Tempo estimado de leitura":"1 minuto"},"schema":{"@context":"https:\/\/schema.org","@graph":[{"@type":"Article","@id":"https:\/\/www.altominho.tv\/site\/2022\/01\/12\/camara-de-viana-adere-ao-projeto-piloto-integrar-valoriza-da-regiao-norte\/#article","isPartOf":{"@id":"https:\/\/www.altominho.tv\/site\/2022\/01\/12\/camara-de-viana-adere-ao-projeto-piloto-integrar-valoriza-da-regiao-norte\/"},"author":{"name":"Andreia Ferreira","@id":"https:\/\/www.altominho.tv\/site\/#\/schema\/person\/d9be4265364723f14ea8e0d56a1d38cd"},"headline":"C\u00e2mara de Viana adere ao projeto-piloto \u201cIntegrar Valoriza\u201d da regi\u00e3o Norte","datePublished":"2022-01-12T10:05:26+00:00","dateModified":"2022-02-28T11:47:24+00:00","mainEntityOfPage":{"@id":"https:\/\/www.altominho.tv\/site\/2022\/01\/12\/camara-de-viana-adere-ao-projeto-piloto-integrar-valoriza-da-regiao-norte\/"},"wordCount":213,"image":{"@id":"https:\/\/www.altominho.tv\/site\/2022\/01\/12\/camara-de-viana-adere-ao-projeto-piloto-integrar-valoriza-da-regiao-norte\/#primaryimage"},"thumbnailUrl":"https:\/\/www.altominho.tv\/site\/wp-content\/uploads\/2021\/02\/Ca\u0302mara-viana-740x447-1-1.jpg","keywords":["Sociedade"],"articleSection":["Viana do Castelo"],"inLanguage":"pt-PT","copyrightYear":"2022","copyrightHolder":{"@id":"https:\/\/www.altominho.tv\/site\/#organization"}},{"@type":"WebPage","@id":"https:\/\/www.altominho.tv\/site\/2022\/01\/12\/camara-de-viana-adere-ao-projeto-piloto-integrar-valoriza-da-regiao-norte\/","url":"https:\/\/www.altominho.tv\/site\/2022\/01\/12\/camara-de-viana-adere-ao-projeto-piloto-integrar-valoriza-da-regiao-norte\/","name":"C\u00e2mara de Viana adere ao projeto-piloto \u201cIntegrar Valoriza\u201d da regi\u00e3o Norte","isPartOf":{"@id":"https:\/\/www.altominho.tv\/site\/#website"},"primaryImageOfPage":{"@id":"https:\/\/www.altominho.tv\/site\/2022\/01\/12\/camara-de-viana-adere-ao-projeto-piloto-integrar-valoriza-da-regiao-norte\/#primaryimage"},"image":{"@id":"https:\/\/www.altominho.tv\/site\/2022\/01\/12\/camara-de-viana-adere-ao-projeto-piloto-integrar-valoriza-da-regiao-norte\/#primaryimage"},"thumbnailUrl":"https:\/\/www.altominho.tv\/site\/wp-content\/uploads\/2021\/02\/Ca\u0302mara-viana-740x447-1-1.jpg","datePublished":"2022-01-12T10:05:26+00:00","dateModified":"2022-02-28T11:47:24+00:00","author":{"@id":"https:\/\/www.altominho.tv\/site\/#\/schema\/person\/d9be4265364723f14ea8e0d56a1d38cd"},"description":"A C\u00e2mara de Viana do Castelo aderiu ao projeto-piloto \u201cIntegrar Valoriza\u201d que integra 15 munic\u00edpios da regi\u00e3o Norte.","breadcrumb":{"@id":"https:\/\/www.altominho.tv\/site\/2022\/01\/12\/camara-de-viana-adere-ao-projeto-piloto-integrar-valoriza-da-regiao-norte\/#breadcrumb"},"inLanguage":"pt-PT","potentialAction":[{"@type":"ReadAction","target":["https:\/\/www.altominho.tv\/site\/2022\/01\/12\/camara-de-viana-adere-ao-projeto-piloto-integrar-valoriza-da-regiao-norte\/"]}]},{"@type":"ImageObject","inLanguage":"pt-PT","@id":"https:\/\/www.altominho.tv\/site\/2022\/01\/12\/camara-de-viana-adere-ao-projeto-piloto-integrar-valoriza-da-regiao-norte\/#primaryimage","url":"https:\/\/www.altominho.tv\/site\/wp-content\/uploads\/2021\/02\/Ca\u0302mara-viana-740x447-1-1.jpg","contentUrl":"https:\/\/www.altominho.tv\/site\/wp-content\/uploads\/2021\/02\/Ca\u0302mara-viana-740x447-1-1.jpg","width":740,"height":447},{"@type":"BreadcrumbList","@id":"https:\/\/www.altominho.tv\/site\/2022\/01\/12\/camara-de-viana-adere-ao-projeto-piloto-integrar-valoriza-da-regiao-norte\/#breadcrumb","itemListElement":[{"@type":"ListItem","position":1,"name":"In\u00edcio","item":"https:\/\/www.altominho.tv\/site\/"},{"@type":"ListItem","position":2,"name":"C\u00e2mara de Viana adere ao projeto-piloto \u201cIntegrar Valoriza\u201d da regi\u00e3o Norte"}]},{"@type":"WebSite","@id":"https:\/\/www.altominho.tv\/site\/#website","url":"https:\/\/www.altominho.tv\/site\/","name":"Altominho.tv","description":"A sua regi\u00e3o \u00e0 dist\u00e2ncia de um clique...","potentialAction":[{"@type":"SearchAction","target":{"@type":"EntryPoint","urlTemplate":"https:\/\/www.altominho.tv\/site\/?s={search_term_string}"},"query-input":{"@type":"PropertyValueSpecification","valueRequired":true,"valueName":"search_term_string"}}],"inLanguage":"pt-PT"},{"@type":"Person","@id":"https:\/\/www.altominho.tv\/site\/#\/schema\/person\/d9be4265364723f14ea8e0d56a1d38cd","name":"Andreia Ferreira","image":{"@type":"ImageObject","inLanguage":"pt-PT","@id":"https:\/\/www.altominho.tv\/site\/wp-content\/uploads\/2021\/01\/AndreiaFerreira-150x150.jpg","url":"https:\/\/www.altominho.tv\/site\/wp-content\/uploads\/2021\/01\/AndreiaFerreira-150x150.jpg","contentUrl":"https:\/\/www.altominho.tv\/site\/wp-content\/uploads\/2021\/01\/AndreiaFerreira-150x150.jpg","caption":"Andreia Ferreira"},"url":"https:\/\/www.altominho.tv\/site\/author\/andreiaferreira\/"}]}},"_links":{"self":[{"href":"https:\/\/www.altominho.tv\/site\/wp-json\/wp\/v2\/posts\/74725","targetHints":{"allow":["GET"]}}],"collection":[{"href":"https:\/\/www.altominho.tv\/site\/wp-json\/wp\/v2\/posts"}],"about":[{"href":"https:\/\/www.altominho.tv\/site\/wp-json\/wp\/v2\/types\/post"}],"author":[{"embeddable":true,"href":"https:\/\/www.altominho.tv\/site\/wp-json\/wp\/v2\/users\/12"}],"replies":[{"embeddable":true,"href":"https:\/\/www.altominho.tv\/site\/wp-json\/wp\/v2\/comments?post=74725"}],"version-history":[{"count":0,"href":"https:\/\/www.altominho.tv\/site\/wp-json\/wp\/v2\/posts\/74725\/revisions"}],"wp:featuredmedia":[{"embeddable":true,"href":"https:\/\/www.altominho.tv\/site\/wp-json\/wp\/v2\/media\/61549"}],"wp:attachment":[{"href":"https:\/\/www.altominho.tv\/site\/wp-json\/wp\/v2\/media?parent=74725"}],"wp:term":[{"taxonomy":"category","embeddable":true,"href":"https:\/\/www.altominho.tv\/site\/wp-json\/wp\/v2\/categories?post=74725"},{"taxonomy":"post_tag","embeddable":true,"href":"https:\/\/www.altominho.tv\/site\/wp-json\/wp\/v2\/tags?post=74725"}],"curies":[{"name":"wp","href":"https:\/\/api.w.org\/{rel}","templated":true}]}}