{"id":74688,"date":"2022-01-11T13:12:14","date_gmt":"2022-01-11T13:12:14","guid":{"rendered":"https:\/\/www.altominho.tv\/site\/?p=74688"},"modified":"2022-03-03T10:34:51","modified_gmt":"2022-03-03T10:34:51","slug":"escola-de-bombeiros-com-128-recrutas-em-formacao-para-reforcar-protecao-e-socorro-no-alto-minho","status":"publish","type":"post","link":"https:\/\/www.altominho.tv\/site\/2022\/01\/11\/escola-de-bombeiros-com-128-recrutas-em-formacao-para-reforcar-protecao-e-socorro-no-alto-minho\/","title":{"rendered":"Escola de bombeiros com 128 recrutas em forma\u00e7\u00e3o para refor\u00e7ar prote\u00e7\u00e3o e socorro no Alto Minho"},"content":{"rendered":"<p>A Escola Distrital de <span class=\"il\">Bombeiros<\/span> Volunt\u00e1rios de Viana do Castelo conta com 128 novos recrutas em forma\u00e7\u00e3o para &#8220;refor\u00e7ar a prote\u00e7\u00e3o e o socorro no Alto Minho&#8221;.<\/p>\n<p>Em comunicado, a Federa\u00e7\u00e3o dos Bombeiros do distrito de Viana do Castelo adiantou que a \u201cquarta edi\u00e7\u00e3o da escola de recrutas, uma modalidade que a regi\u00e3o adotou para a forma\u00e7\u00e3o de estagi\u00e1rios na carreira de bombeiro\u201d, teve in\u00edcio em outubro, visando &#8220;robustecer e aumentar a capacidade dos Bombeiros do Distrito de Viana do Castelo e, sobretudo, suprimir as perdas que ao longo dos tempos se t\u00eam feito sentir&#8221;.<\/p>\n<p>A escola distrital de\u00a0<span class=\"il\">bombeiros<\/span> do Alto Minho resulta de uma colabora\u00e7\u00e3o entre\u00a0a Federa\u00e7\u00e3o dos Bombeiros do Distrito de Viana do Castelo e o Comando Distrital de Opera\u00e7\u00f5es de Socorro (CDOS).<\/p>\n<p>O processo formativo em curso \u201cvisa a realiza\u00e7\u00e3o de a\u00e7\u00f5es de socorrismo e desencarceramento, conferindo aos elementos conhecimentos te\u00f3ricos e t\u00e9cnicos, dotando e capacitando os mesmos para a passagem \u00e0 \u00faltima fase que ser\u00e1 o per\u00edodo probat\u00f3rio, com uma dura\u00e7\u00e3o de cerca de tr\u00eas meses\u201d.<\/p>\n<p>&#8220;Ap\u00f3s a prova final, estes novos estagi\u00e1rios estar\u00e3o aptos a exercer fun\u00e7\u00f5es na carreira de bombeiro volunt\u00e1rio e refor\u00e7ar a prote\u00e7\u00e3o e socorro no distrito de Viana do Castelo&#8221;, refere a Federa\u00e7\u00e3o dos Bombeiros do distrito de Viana do Castelo.<\/p>\n<p>Com uma \u00e1rea total de 222 mil hectares, o distrito de Viana do Castelo \u00e9 composto por &#8220;208 freguesias, 99 das quais (8,9% do total do pa\u00eds) consideradas priorit\u00e1rias na preven\u00e7\u00e3o de fogos florestais e onde est\u00e3o identificados 1.185 lugares priorit\u00e1rios&#8221;, l\u00ea-se na nota enviada \u00e0 imprensa.<\/p>\n","protected":false},"excerpt":{"rendered":"<p>A Escola Distrital de Bombeiros Volunt\u00e1rios de Viana do Castelo conta com 128 novos recrutas em forma\u00e7\u00e3o para &#8220;refor\u00e7ar a prote\u00e7\u00e3o e o socorro no Alto Minho&#8221;. Em comunicado, a Federa\u00e7\u00e3o dos Bombeiros do distrito de Viana do Castelo adiantou que a \u201cquarta edi\u00e7\u00e3o da escola de recrutas, uma modalidade que a regi\u00e3o adotou para [&hellip;]<\/p>\n","protected":false},"author":12,"featured_media":74689,"comment_status":"closed","ping_status":"closed","sticky":false,"template":"","format":"standard","meta":{"_exactmetrics_skip_tracking":false,"_exactmetrics_sitenote_active":false,"_exactmetrics_sitenote_note":"","_exactmetrics_sitenote_category":0,"footnotes":""},"categories":[73],"tags":[27],"class_list":["post-74688","post","type-post","status-publish","format-standard","has-post-thumbnail","hentry","category-alto-minho","tag-sociedade"],"yoast_head":"<!-- This site is optimized with the Yoast SEO Premium plugin v27.5 (Yoast SEO v27.5) - https:\/\/yoast.com\/product\/yoast-seo-premium-wordpress\/ -->\n<title>Escola de bombeiros com 128 recrutas em forma\u00e7\u00e3o para refor\u00e7ar prote\u00e7\u00e3o e socorro no Alto Minho<\/title>\n<meta name=\"description\" content=\"A Escola de Bombeiros Volunt\u00e1rios de Viana do Castelo conta com novos recrutas em forma\u00e7\u00e3o para refor\u00e7ar a prote\u00e7\u00e3o e o socorro no Alto Minho\" \/>\n<meta name=\"robots\" content=\"index, follow, max-snippet:-1, max-image-preview:large, max-video-preview:-1\" \/>\n<link rel=\"canonical\" href=\"https:\/\/www.altominho.tv\/site\/2022\/01\/11\/escola-de-bombeiros-com-128-recrutas-em-formacao-para-reforcar-protecao-e-socorro-no-alto-minho\/\" \/>\n<meta property=\"og:locale\" content=\"pt_PT\" \/>\n<meta property=\"og:type\" content=\"article\" \/>\n<meta property=\"og:title\" content=\"Escola de bombeiros com 128 recrutas em forma\u00e7\u00e3o para refor\u00e7ar prote\u00e7\u00e3o e socorro no Alto Minho\" \/>\n<meta property=\"og:description\" content=\"A Escola de Bombeiros Volunt\u00e1rios de Viana do Castelo conta com novos recrutas em forma\u00e7\u00e3o para refor\u00e7ar a prote\u00e7\u00e3o e o socorro no Alto Minho\" \/>\n<meta property=\"og:url\" content=\"https:\/\/www.altominho.tv\/site\/2022\/01\/11\/escola-de-bombeiros-com-128-recrutas-em-formacao-para-reforcar-protecao-e-socorro-no-alto-minho\/\" \/>\n<meta property=\"og:site_name\" content=\"Altominho.tv\" \/>\n<meta property=\"article:publisher\" content=\"https:\/\/www.facebook.com\/altominhotv\" \/>\n<meta property=\"article:published_time\" content=\"2022-01-11T13:12:14+00:00\" \/>\n<meta property=\"article:modified_time\" content=\"2022-03-03T10:34:51+00:00\" \/>\n<meta property=\"og:image\" content=\"https:\/\/www.altominho.tv\/site\/wp-content\/uploads\/2022\/01\/c.jpg\" \/>\n\t<meta property=\"og:image:width\" content=\"1919\" \/>\n\t<meta property=\"og:image:height\" content=\"909\" \/>\n\t<meta property=\"og:image:type\" content=\"image\/jpeg\" \/>\n<meta name=\"author\" content=\"Andreia Ferreira\" \/>\n<meta name=\"twitter:card\" content=\"summary_large_image\" \/>\n<meta name=\"twitter:creator\" content=\"@altominhoTV\" \/>\n<meta name=\"twitter:site\" content=\"@altominhoTV\" \/>\n<meta name=\"twitter:label1\" content=\"Escrito por\" \/>\n\t<meta name=\"twitter:data1\" content=\"Andreia Ferreira\" \/>\n\t<meta name=\"twitter:label2\" content=\"Tempo estimado de leitura\" \/>\n\t<meta name=\"twitter:data2\" content=\"2 minutos\" \/>\n<script type=\"application\/ld+json\" class=\"yoast-schema-graph\">{\"@context\":\"https:\\\/\\\/schema.org\",\"@graph\":[{\"@type\":\"Article\",\"@id\":\"https:\\\/\\\/www.altominho.tv\\\/site\\\/2022\\\/01\\\/11\\\/escola-de-bombeiros-com-128-recrutas-em-formacao-para-reforcar-protecao-e-socorro-no-alto-minho\\\/#article\",\"isPartOf\":{\"@id\":\"https:\\\/\\\/www.altominho.tv\\\/site\\\/2022\\\/01\\\/11\\\/escola-de-bombeiros-com-128-recrutas-em-formacao-para-reforcar-protecao-e-socorro-no-alto-minho\\\/\"},\"author\":{\"name\":\"Andreia Ferreira\",\"@id\":\"https:\\\/\\\/www.altominho.tv\\\/site\\\/#\\\/schema\\\/person\\\/d9be4265364723f14ea8e0d56a1d38cd\"},\"headline\":\"Escola de bombeiros com 128 recrutas em forma\u00e7\u00e3o para refor\u00e7ar prote\u00e7\u00e3o e socorro no Alto Minho\",\"datePublished\":\"2022-01-11T13:12:14+00:00\",\"dateModified\":\"2022-03-03T10:34:51+00:00\",\"mainEntityOfPage\":{\"@id\":\"https:\\\/\\\/www.altominho.tv\\\/site\\\/2022\\\/01\\\/11\\\/escola-de-bombeiros-com-128-recrutas-em-formacao-para-reforcar-protecao-e-socorro-no-alto-minho\\\/\"},\"wordCount\":304,\"image\":{\"@id\":\"https:\\\/\\\/www.altominho.tv\\\/site\\\/2022\\\/01\\\/11\\\/escola-de-bombeiros-com-128-recrutas-em-formacao-para-reforcar-protecao-e-socorro-no-alto-minho\\\/#primaryimage\"},\"thumbnailUrl\":\"https:\\\/\\\/www.altominho.tv\\\/site\\\/wp-content\\\/uploads\\\/2022\\\/01\\\/c.jpg\",\"keywords\":[\"Sociedade\"],\"articleSection\":[\"Alto Minho\"],\"inLanguage\":\"pt-PT\",\"copyrightYear\":\"2022\",\"copyrightHolder\":{\"@id\":\"https:\\\/\\\/www.altominho.tv\\\/site\\\/#organization\"}},{\"@type\":\"WebPage\",\"@id\":\"https:\\\/\\\/www.altominho.tv\\\/site\\\/2022\\\/01\\\/11\\\/escola-de-bombeiros-com-128-recrutas-em-formacao-para-reforcar-protecao-e-socorro-no-alto-minho\\\/\",\"url\":\"https:\\\/\\\/www.altominho.tv\\\/site\\\/2022\\\/01\\\/11\\\/escola-de-bombeiros-com-128-recrutas-em-formacao-para-reforcar-protecao-e-socorro-no-alto-minho\\\/\",\"name\":\"Escola de bombeiros com 128 recrutas em forma\u00e7\u00e3o para refor\u00e7ar prote\u00e7\u00e3o e socorro no Alto Minho\",\"isPartOf\":{\"@id\":\"https:\\\/\\\/www.altominho.tv\\\/site\\\/#website\"},\"primaryImageOfPage\":{\"@id\":\"https:\\\/\\\/www.altominho.tv\\\/site\\\/2022\\\/01\\\/11\\\/escola-de-bombeiros-com-128-recrutas-em-formacao-para-reforcar-protecao-e-socorro-no-alto-minho\\\/#primaryimage\"},\"image\":{\"@id\":\"https:\\\/\\\/www.altominho.tv\\\/site\\\/2022\\\/01\\\/11\\\/escola-de-bombeiros-com-128-recrutas-em-formacao-para-reforcar-protecao-e-socorro-no-alto-minho\\\/#primaryimage\"},\"thumbnailUrl\":\"https:\\\/\\\/www.altominho.tv\\\/site\\\/wp-content\\\/uploads\\\/2022\\\/01\\\/c.jpg\",\"datePublished\":\"2022-01-11T13:12:14+00:00\",\"dateModified\":\"2022-03-03T10:34:51+00:00\",\"author\":{\"@id\":\"https:\\\/\\\/www.altominho.tv\\\/site\\\/#\\\/schema\\\/person\\\/d9be4265364723f14ea8e0d56a1d38cd\"},\"description\":\"A Escola de Bombeiros Volunt\u00e1rios de Viana do Castelo conta com novos recrutas em forma\u00e7\u00e3o para refor\u00e7ar a prote\u00e7\u00e3o e o socorro no Alto Minho\",\"breadcrumb\":{\"@id\":\"https:\\\/\\\/www.altominho.tv\\\/site\\\/2022\\\/01\\\/11\\\/escola-de-bombeiros-com-128-recrutas-em-formacao-para-reforcar-protecao-e-socorro-no-alto-minho\\\/#breadcrumb\"},\"inLanguage\":\"pt-PT\",\"potentialAction\":[{\"@type\":\"ReadAction\",\"target\":[\"https:\\\/\\\/www.altominho.tv\\\/site\\\/2022\\\/01\\\/11\\\/escola-de-bombeiros-com-128-recrutas-em-formacao-para-reforcar-protecao-e-socorro-no-alto-minho\\\/\"]}]},{\"@type\":\"ImageObject\",\"inLanguage\":\"pt-PT\",\"@id\":\"https:\\\/\\\/www.altominho.tv\\\/site\\\/2022\\\/01\\\/11\\\/escola-de-bombeiros-com-128-recrutas-em-formacao-para-reforcar-protecao-e-socorro-no-alto-minho\\\/#primaryimage\",\"url\":\"https:\\\/\\\/www.altominho.tv\\\/site\\\/wp-content\\\/uploads\\\/2022\\\/01\\\/c.jpg\",\"contentUrl\":\"https:\\\/\\\/www.altominho.tv\\\/site\\\/wp-content\\\/uploads\\\/2022\\\/01\\\/c.jpg\",\"width\":1919,\"height\":909,\"caption\":\"FEDERA\u00c7\u00c3O DOS BOMBEIROS DO DISTRITO DE VIANA DO CASTELO\"},{\"@type\":\"BreadcrumbList\",\"@id\":\"https:\\\/\\\/www.altominho.tv\\\/site\\\/2022\\\/01\\\/11\\\/escola-de-bombeiros-com-128-recrutas-em-formacao-para-reforcar-protecao-e-socorro-no-alto-minho\\\/#breadcrumb\",\"itemListElement\":[{\"@type\":\"ListItem\",\"position\":1,\"name\":\"In\u00edcio\",\"item\":\"https:\\\/\\\/www.altominho.tv\\\/site\\\/\"},{\"@type\":\"ListItem\",\"position\":2,\"name\":\"Escola de bombeiros com 128 recrutas em forma\u00e7\u00e3o para refor\u00e7ar prote\u00e7\u00e3o e socorro no Alto Minho\"}]},{\"@type\":\"WebSite\",\"@id\":\"https:\\\/\\\/www.altominho.tv\\\/site\\\/#website\",\"url\":\"https:\\\/\\\/www.altominho.tv\\\/site\\\/\",\"name\":\"Altominho.tv\",\"description\":\"A sua regi\u00e3o \u00e0 dist\u00e2ncia de um clique...\",\"potentialAction\":[{\"@type\":\"SearchAction\",\"target\":{\"@type\":\"EntryPoint\",\"urlTemplate\":\"https:\\\/\\\/www.altominho.tv\\\/site\\\/?s={search_term_string}\"},\"query-input\":{\"@type\":\"PropertyValueSpecification\",\"valueRequired\":true,\"valueName\":\"search_term_string\"}}],\"inLanguage\":\"pt-PT\"},{\"@type\":\"Person\",\"@id\":\"https:\\\/\\\/www.altominho.tv\\\/site\\\/#\\\/schema\\\/person\\\/d9be4265364723f14ea8e0d56a1d38cd\",\"name\":\"Andreia Ferreira\",\"image\":{\"@type\":\"ImageObject\",\"inLanguage\":\"pt-PT\",\"@id\":\"https:\\\/\\\/www.altominho.tv\\\/site\\\/wp-content\\\/uploads\\\/2021\\\/01\\\/AndreiaFerreira-150x150.jpg\",\"url\":\"https:\\\/\\\/www.altominho.tv\\\/site\\\/wp-content\\\/uploads\\\/2021\\\/01\\\/AndreiaFerreira-150x150.jpg\",\"contentUrl\":\"https:\\\/\\\/www.altominho.tv\\\/site\\\/wp-content\\\/uploads\\\/2021\\\/01\\\/AndreiaFerreira-150x150.jpg\",\"caption\":\"Andreia Ferreira\"},\"url\":\"https:\\\/\\\/www.altominho.tv\\\/site\\\/author\\\/andreiaferreira\\\/\"}]}<\/script>\n<!-- \/ Yoast SEO Premium plugin. -->","yoast_head_json":{"title":"Escola de bombeiros com 128 recrutas em forma\u00e7\u00e3o para refor\u00e7ar prote\u00e7\u00e3o e socorro no Alto Minho","description":"A Escola de Bombeiros Volunt\u00e1rios de Viana do Castelo conta com novos recrutas em forma\u00e7\u00e3o para refor\u00e7ar a prote\u00e7\u00e3o e o socorro no Alto Minho","robots":{"index":"index","follow":"follow","max-snippet":"max-snippet:-1","max-image-preview":"max-image-preview:large","max-video-preview":"max-video-preview:-1"},"canonical":"https:\/\/www.altominho.tv\/site\/2022\/01\/11\/escola-de-bombeiros-com-128-recrutas-em-formacao-para-reforcar-protecao-e-socorro-no-alto-minho\/","og_locale":"pt_PT","og_type":"article","og_title":"Escola de bombeiros com 128 recrutas em forma\u00e7\u00e3o para refor\u00e7ar prote\u00e7\u00e3o e socorro no Alto Minho","og_description":"A Escola de Bombeiros Volunt\u00e1rios de Viana do Castelo conta com novos recrutas em forma\u00e7\u00e3o para refor\u00e7ar a prote\u00e7\u00e3o e o socorro no Alto Minho","og_url":"https:\/\/www.altominho.tv\/site\/2022\/01\/11\/escola-de-bombeiros-com-128-recrutas-em-formacao-para-reforcar-protecao-e-socorro-no-alto-minho\/","og_site_name":"Altominho.tv","article_publisher":"https:\/\/www.facebook.com\/altominhotv","article_published_time":"2022-01-11T13:12:14+00:00","article_modified_time":"2022-03-03T10:34:51+00:00","og_image":[{"width":1919,"height":909,"url":"https:\/\/www.altominho.tv\/site\/wp-content\/uploads\/2022\/01\/c.jpg","type":"image\/jpeg"}],"author":"Andreia Ferreira","twitter_card":"summary_large_image","twitter_creator":"@altominhoTV","twitter_site":"@altominhoTV","twitter_misc":{"Escrito por":"Andreia Ferreira","Tempo estimado de leitura":"2 minutos"},"schema":{"@context":"https:\/\/schema.org","@graph":[{"@type":"Article","@id":"https:\/\/www.altominho.tv\/site\/2022\/01\/11\/escola-de-bombeiros-com-128-recrutas-em-formacao-para-reforcar-protecao-e-socorro-no-alto-minho\/#article","isPartOf":{"@id":"https:\/\/www.altominho.tv\/site\/2022\/01\/11\/escola-de-bombeiros-com-128-recrutas-em-formacao-para-reforcar-protecao-e-socorro-no-alto-minho\/"},"author":{"name":"Andreia Ferreira","@id":"https:\/\/www.altominho.tv\/site\/#\/schema\/person\/d9be4265364723f14ea8e0d56a1d38cd"},"headline":"Escola de bombeiros com 128 recrutas em forma\u00e7\u00e3o para refor\u00e7ar prote\u00e7\u00e3o e socorro no Alto Minho","datePublished":"2022-01-11T13:12:14+00:00","dateModified":"2022-03-03T10:34:51+00:00","mainEntityOfPage":{"@id":"https:\/\/www.altominho.tv\/site\/2022\/01\/11\/escola-de-bombeiros-com-128-recrutas-em-formacao-para-reforcar-protecao-e-socorro-no-alto-minho\/"},"wordCount":304,"image":{"@id":"https:\/\/www.altominho.tv\/site\/2022\/01\/11\/escola-de-bombeiros-com-128-recrutas-em-formacao-para-reforcar-protecao-e-socorro-no-alto-minho\/#primaryimage"},"thumbnailUrl":"https:\/\/www.altominho.tv\/site\/wp-content\/uploads\/2022\/01\/c.jpg","keywords":["Sociedade"],"articleSection":["Alto Minho"],"inLanguage":"pt-PT","copyrightYear":"2022","copyrightHolder":{"@id":"https:\/\/www.altominho.tv\/site\/#organization"}},{"@type":"WebPage","@id":"https:\/\/www.altominho.tv\/site\/2022\/01\/11\/escola-de-bombeiros-com-128-recrutas-em-formacao-para-reforcar-protecao-e-socorro-no-alto-minho\/","url":"https:\/\/www.altominho.tv\/site\/2022\/01\/11\/escola-de-bombeiros-com-128-recrutas-em-formacao-para-reforcar-protecao-e-socorro-no-alto-minho\/","name":"Escola de bombeiros com 128 recrutas em forma\u00e7\u00e3o para refor\u00e7ar prote\u00e7\u00e3o e socorro no Alto Minho","isPartOf":{"@id":"https:\/\/www.altominho.tv\/site\/#website"},"primaryImageOfPage":{"@id":"https:\/\/www.altominho.tv\/site\/2022\/01\/11\/escola-de-bombeiros-com-128-recrutas-em-formacao-para-reforcar-protecao-e-socorro-no-alto-minho\/#primaryimage"},"image":{"@id":"https:\/\/www.altominho.tv\/site\/2022\/01\/11\/escola-de-bombeiros-com-128-recrutas-em-formacao-para-reforcar-protecao-e-socorro-no-alto-minho\/#primaryimage"},"thumbnailUrl":"https:\/\/www.altominho.tv\/site\/wp-content\/uploads\/2022\/01\/c.jpg","datePublished":"2022-01-11T13:12:14+00:00","dateModified":"2022-03-03T10:34:51+00:00","author":{"@id":"https:\/\/www.altominho.tv\/site\/#\/schema\/person\/d9be4265364723f14ea8e0d56a1d38cd"},"description":"A Escola de Bombeiros Volunt\u00e1rios de Viana do Castelo conta com novos recrutas em forma\u00e7\u00e3o para refor\u00e7ar a prote\u00e7\u00e3o e o socorro no Alto Minho","breadcrumb":{"@id":"https:\/\/www.altominho.tv\/site\/2022\/01\/11\/escola-de-bombeiros-com-128-recrutas-em-formacao-para-reforcar-protecao-e-socorro-no-alto-minho\/#breadcrumb"},"inLanguage":"pt-PT","potentialAction":[{"@type":"ReadAction","target":["https:\/\/www.altominho.tv\/site\/2022\/01\/11\/escola-de-bombeiros-com-128-recrutas-em-formacao-para-reforcar-protecao-e-socorro-no-alto-minho\/"]}]},{"@type":"ImageObject","inLanguage":"pt-PT","@id":"https:\/\/www.altominho.tv\/site\/2022\/01\/11\/escola-de-bombeiros-com-128-recrutas-em-formacao-para-reforcar-protecao-e-socorro-no-alto-minho\/#primaryimage","url":"https:\/\/www.altominho.tv\/site\/wp-content\/uploads\/2022\/01\/c.jpg","contentUrl":"https:\/\/www.altominho.tv\/site\/wp-content\/uploads\/2022\/01\/c.jpg","width":1919,"height":909,"caption":"FEDERA\u00c7\u00c3O DOS BOMBEIROS DO DISTRITO DE VIANA DO CASTELO"},{"@type":"BreadcrumbList","@id":"https:\/\/www.altominho.tv\/site\/2022\/01\/11\/escola-de-bombeiros-com-128-recrutas-em-formacao-para-reforcar-protecao-e-socorro-no-alto-minho\/#breadcrumb","itemListElement":[{"@type":"ListItem","position":1,"name":"In\u00edcio","item":"https:\/\/www.altominho.tv\/site\/"},{"@type":"ListItem","position":2,"name":"Escola de bombeiros com 128 recrutas em forma\u00e7\u00e3o para refor\u00e7ar prote\u00e7\u00e3o e socorro no Alto Minho"}]},{"@type":"WebSite","@id":"https:\/\/www.altominho.tv\/site\/#website","url":"https:\/\/www.altominho.tv\/site\/","name":"Altominho.tv","description":"A sua regi\u00e3o \u00e0 dist\u00e2ncia de um clique...","potentialAction":[{"@type":"SearchAction","target":{"@type":"EntryPoint","urlTemplate":"https:\/\/www.altominho.tv\/site\/?s={search_term_string}"},"query-input":{"@type":"PropertyValueSpecification","valueRequired":true,"valueName":"search_term_string"}}],"inLanguage":"pt-PT"},{"@type":"Person","@id":"https:\/\/www.altominho.tv\/site\/#\/schema\/person\/d9be4265364723f14ea8e0d56a1d38cd","name":"Andreia Ferreira","image":{"@type":"ImageObject","inLanguage":"pt-PT","@id":"https:\/\/www.altominho.tv\/site\/wp-content\/uploads\/2021\/01\/AndreiaFerreira-150x150.jpg","url":"https:\/\/www.altominho.tv\/site\/wp-content\/uploads\/2021\/01\/AndreiaFerreira-150x150.jpg","contentUrl":"https:\/\/www.altominho.tv\/site\/wp-content\/uploads\/2021\/01\/AndreiaFerreira-150x150.jpg","caption":"Andreia Ferreira"},"url":"https:\/\/www.altominho.tv\/site\/author\/andreiaferreira\/"}]}},"_links":{"self":[{"href":"https:\/\/www.altominho.tv\/site\/wp-json\/wp\/v2\/posts\/74688","targetHints":{"allow":["GET"]}}],"collection":[{"href":"https:\/\/www.altominho.tv\/site\/wp-json\/wp\/v2\/posts"}],"about":[{"href":"https:\/\/www.altominho.tv\/site\/wp-json\/wp\/v2\/types\/post"}],"author":[{"embeddable":true,"href":"https:\/\/www.altominho.tv\/site\/wp-json\/wp\/v2\/users\/12"}],"replies":[{"embeddable":true,"href":"https:\/\/www.altominho.tv\/site\/wp-json\/wp\/v2\/comments?post=74688"}],"version-history":[{"count":0,"href":"https:\/\/www.altominho.tv\/site\/wp-json\/wp\/v2\/posts\/74688\/revisions"}],"wp:featuredmedia":[{"embeddable":true,"href":"https:\/\/www.altominho.tv\/site\/wp-json\/wp\/v2\/media\/74689"}],"wp:attachment":[{"href":"https:\/\/www.altominho.tv\/site\/wp-json\/wp\/v2\/media?parent=74688"}],"wp:term":[{"taxonomy":"category","embeddable":true,"href":"https:\/\/www.altominho.tv\/site\/wp-json\/wp\/v2\/categories?post=74688"},{"taxonomy":"post_tag","embeddable":true,"href":"https:\/\/www.altominho.tv\/site\/wp-json\/wp\/v2\/tags?post=74688"}],"curies":[{"name":"wp","href":"https:\/\/api.w.org\/{rel}","templated":true}]}}