{"id":74560,"date":"2022-01-09T13:58:29","date_gmt":"2022-01-09T13:58:29","guid":{"rendered":"https:\/\/www.altominho.tv\/site\/?p=74560"},"modified":"2022-01-09T17:16:11","modified_gmt":"2022-01-09T17:16:11","slug":"autoagendamento-para-maiores-de-45-anos-arranca-na-proxima-semana","status":"publish","type":"post","link":"https:\/\/www.altominho.tv\/site\/2022\/01\/09\/autoagendamento-para-maiores-de-45-anos-arranca-na-proxima-semana\/","title":{"rendered":"Autoagendamento para maiores de 45 anos arranca na pr\u00f3xima semana"},"content":{"rendered":"<p class=\"text-paragraph\" data-uw-styling-context=\"true\">O autoagendamento da vacina contra a covid-19 para maiores de 45 anos vai iniciar-se na pr\u00f3xima semana, anunciou hoje o secret\u00e1rio de Estado Adjunto e da Sa\u00fade, Ant\u00f3nio Lacerda Sales.<\/p>\n<p class=\"text-paragraph\" data-uw-styling-context=\"true\">O governante, que falava aos jornalistas nas Caldas da Rainha, fez um balan\u00e7o\u00a0sobre o processo de vacina\u00e7\u00e3o que j\u00e1 permitiu administrar \u201c3,3 milh\u00f5es de doses\u00a0de refor\u00e7o da vacina contra a covid-19 e 2,4 milh\u00f5es de vacinas da gripe\u201d.<\/p>\n<p class=\"text-paragraph\" data-uw-styling-context=\"true\">Sublinhando a \u201cenorme ades\u00e3o\u201d dos portugueses \u00e0 vacina\u00e7\u00e3o, o secret\u00e1rio de Estado, lembrou que\u00a0est\u00e3o vacinadas com a terceira dose mais de 84% das pessoas com mais de 80 anos e, acima dos 65 anos, 77% das pessoas j\u00e1 receberam o refor\u00e7o.<\/p>\n<p class=\"text-paragraph\" data-uw-styling-context=\"true\">Questionado sobre a inclus\u00e3o de gr\u00e1vidas na lista das pessoas priorit\u00e1rias para vacina\u00e7\u00e3o, Lacerda Sales\u00a0sublinhou que estas devem ser vacinadas a partir das 20 semanas de gesta\u00e7\u00e3o e apelou a que as mesmas fa\u00e7am \u201cum processo de auto monitoriza\u00e7\u00e3o\u201d\u00a0no sentido de se \u201cauto precaver\u201d relativamente \u00e0 infe\u00e7\u00e3o a que s\u00e3o mais suscet\u00edveis no \u00faltimo trimestre da gravidez.<\/p>\n<p class=\"text-paragraph\" data-uw-styling-context=\"true\">Lacerda Sales falava no final de uma visita ao Centro de Vacina\u00e7\u00e3o Covid instalado na Associa\u00e7\u00e3o Arneirense, depois de horas antes ter visitado um outro centro, em Peniche, ambos no distrito de Leiria.<\/p>\n","protected":false},"excerpt":{"rendered":"<p>O autoagendamento da vacina contra a covid-19 para maiores de 45 anos vai iniciar-se na pr\u00f3xima semana, anunciou hoje o secret\u00e1rio de Estado Adjunto e da Sa\u00fade, Ant\u00f3nio Lacerda Sales. O governante, que falava aos jornalistas nas Caldas da Rainha, fez um balan\u00e7o\u00a0sobre o processo de vacina\u00e7\u00e3o que j\u00e1 permitiu administrar \u201c3,3 milh\u00f5es de doses\u00a0de [&hellip;]<\/p>\n","protected":false},"author":13,"featured_media":74561,"comment_status":"closed","ping_status":"closed","sticky":false,"template":"","format":"standard","meta":{"_exactmetrics_skip_tracking":false,"_exactmetrics_sitenote_active":false,"_exactmetrics_sitenote_note":"","_exactmetrics_sitenote_category":0,"footnotes":""},"categories":[42722],"tags":[26],"class_list":["post-74560","post","type-post","status-publish","format-standard","has-post-thumbnail","hentry","category-covid-19","tag-saude"],"yoast_head":"<!-- This site is optimized with the Yoast SEO Premium plugin v27.5 (Yoast SEO v27.5) - https:\/\/yoast.com\/product\/yoast-seo-premium-wordpress\/ -->\n<title>Autoagendamento para maiores de 45 anos arranca na pr\u00f3xima semana<\/title>\n<meta name=\"robots\" content=\"index, follow, max-snippet:-1, max-image-preview:large, max-video-preview:-1\" \/>\n<link rel=\"canonical\" href=\"https:\/\/www.altominho.tv\/site\/2022\/01\/09\/autoagendamento-para-maiores-de-45-anos-arranca-na-proxima-semana\/\" \/>\n<meta property=\"og:locale\" content=\"pt_PT\" \/>\n<meta property=\"og:type\" content=\"article\" \/>\n<meta property=\"og:title\" content=\"Autoagendamento para maiores de 45 anos arranca na pr\u00f3xima semana\" \/>\n<meta property=\"og:description\" content=\"O autoagendamento da vacina contra a covid-19 para maiores de 45 anos vai iniciar-se na pr\u00f3xima semana, anunciou hoje o secret\u00e1rio de Estado Adjunto e da Sa\u00fade, Ant\u00f3nio Lacerda Sales. O governante, que falava aos jornalistas nas Caldas da Rainha, fez um balan\u00e7o\u00a0sobre o processo de vacina\u00e7\u00e3o que j\u00e1 permitiu administrar \u201c3,3 milh\u00f5es de doses\u00a0de [&hellip;]\" \/>\n<meta property=\"og:url\" content=\"https:\/\/www.altominho.tv\/site\/2022\/01\/09\/autoagendamento-para-maiores-de-45-anos-arranca-na-proxima-semana\/\" \/>\n<meta property=\"og:site_name\" content=\"Altominho.tv\" \/>\n<meta property=\"article:publisher\" content=\"https:\/\/www.facebook.com\/altominhotv\" \/>\n<meta property=\"article:published_time\" content=\"2022-01-09T13:58:29+00:00\" \/>\n<meta property=\"article:modified_time\" content=\"2022-01-09T17:16:11+00:00\" \/>\n<meta property=\"og:image\" content=\"https:\/\/www.altominho.tv\/site\/wp-content\/uploads\/2022\/01\/Vacinac\u0327a\u0303o_45anos.jpeg\" \/>\n\t<meta property=\"og:image:width\" content=\"1230\" \/>\n\t<meta property=\"og:image:height\" content=\"692\" \/>\n\t<meta property=\"og:image:type\" content=\"image\/jpeg\" \/>\n<meta name=\"author\" content=\"Lusa\" \/>\n<meta name=\"twitter:card\" content=\"summary_large_image\" \/>\n<meta name=\"twitter:creator\" content=\"@altominhoTV\" \/>\n<meta name=\"twitter:site\" content=\"@altominhoTV\" \/>\n<meta name=\"twitter:label1\" content=\"Escrito por\" \/>\n\t<meta name=\"twitter:data1\" content=\"Lusa\" \/>\n\t<meta name=\"twitter:label2\" content=\"Tempo estimado de leitura\" \/>\n\t<meta name=\"twitter:data2\" content=\"2 minutos\" \/>\n<script type=\"application\/ld+json\" class=\"yoast-schema-graph\">{\"@context\":\"https:\\\/\\\/schema.org\",\"@graph\":[{\"@type\":\"Article\",\"@id\":\"https:\\\/\\\/www.altominho.tv\\\/site\\\/2022\\\/01\\\/09\\\/autoagendamento-para-maiores-de-45-anos-arranca-na-proxima-semana\\\/#article\",\"isPartOf\":{\"@id\":\"https:\\\/\\\/www.altominho.tv\\\/site\\\/2022\\\/01\\\/09\\\/autoagendamento-para-maiores-de-45-anos-arranca-na-proxima-semana\\\/\"},\"author\":{\"name\":\"Lusa\",\"@id\":\"https:\\\/\\\/www.altominho.tv\\\/site\\\/#\\\/schema\\\/person\\\/63f693da3e1899361cbe955c46f3232e\"},\"headline\":\"Autoagendamento para maiores de 45 anos arranca na pr\u00f3xima semana\",\"datePublished\":\"2022-01-09T13:58:29+00:00\",\"dateModified\":\"2022-01-09T17:16:11+00:00\",\"mainEntityOfPage\":{\"@id\":\"https:\\\/\\\/www.altominho.tv\\\/site\\\/2022\\\/01\\\/09\\\/autoagendamento-para-maiores-de-45-anos-arranca-na-proxima-semana\\\/\"},\"wordCount\":230,\"image\":{\"@id\":\"https:\\\/\\\/www.altominho.tv\\\/site\\\/2022\\\/01\\\/09\\\/autoagendamento-para-maiores-de-45-anos-arranca-na-proxima-semana\\\/#primaryimage\"},\"thumbnailUrl\":\"https:\\\/\\\/www.altominho.tv\\\/site\\\/wp-content\\\/uploads\\\/2022\\\/01\\\/Vacinac\u0327a\u0303o_45anos.jpeg\",\"keywords\":[\"Sa\u00fade\"],\"articleSection\":[\"Coronav\u00edrus\"],\"inLanguage\":\"pt-PT\",\"copyrightYear\":\"2022\",\"copyrightHolder\":{\"@id\":\"https:\\\/\\\/www.altominho.tv\\\/site\\\/#organization\"}},{\"@type\":\"WebPage\",\"@id\":\"https:\\\/\\\/www.altominho.tv\\\/site\\\/2022\\\/01\\\/09\\\/autoagendamento-para-maiores-de-45-anos-arranca-na-proxima-semana\\\/\",\"url\":\"https:\\\/\\\/www.altominho.tv\\\/site\\\/2022\\\/01\\\/09\\\/autoagendamento-para-maiores-de-45-anos-arranca-na-proxima-semana\\\/\",\"name\":\"Autoagendamento para maiores de 45 anos arranca na pr\u00f3xima semana\",\"isPartOf\":{\"@id\":\"https:\\\/\\\/www.altominho.tv\\\/site\\\/#website\"},\"primaryImageOfPage\":{\"@id\":\"https:\\\/\\\/www.altominho.tv\\\/site\\\/2022\\\/01\\\/09\\\/autoagendamento-para-maiores-de-45-anos-arranca-na-proxima-semana\\\/#primaryimage\"},\"image\":{\"@id\":\"https:\\\/\\\/www.altominho.tv\\\/site\\\/2022\\\/01\\\/09\\\/autoagendamento-para-maiores-de-45-anos-arranca-na-proxima-semana\\\/#primaryimage\"},\"thumbnailUrl\":\"https:\\\/\\\/www.altominho.tv\\\/site\\\/wp-content\\\/uploads\\\/2022\\\/01\\\/Vacinac\u0327a\u0303o_45anos.jpeg\",\"datePublished\":\"2022-01-09T13:58:29+00:00\",\"dateModified\":\"2022-01-09T17:16:11+00:00\",\"author\":{\"@id\":\"https:\\\/\\\/www.altominho.tv\\\/site\\\/#\\\/schema\\\/person\\\/63f693da3e1899361cbe955c46f3232e\"},\"breadcrumb\":{\"@id\":\"https:\\\/\\\/www.altominho.tv\\\/site\\\/2022\\\/01\\\/09\\\/autoagendamento-para-maiores-de-45-anos-arranca-na-proxima-semana\\\/#breadcrumb\"},\"inLanguage\":\"pt-PT\",\"potentialAction\":[{\"@type\":\"ReadAction\",\"target\":[\"https:\\\/\\\/www.altominho.tv\\\/site\\\/2022\\\/01\\\/09\\\/autoagendamento-para-maiores-de-45-anos-arranca-na-proxima-semana\\\/\"]}]},{\"@type\":\"ImageObject\",\"inLanguage\":\"pt-PT\",\"@id\":\"https:\\\/\\\/www.altominho.tv\\\/site\\\/2022\\\/01\\\/09\\\/autoagendamento-para-maiores-de-45-anos-arranca-na-proxima-semana\\\/#primaryimage\",\"url\":\"https:\\\/\\\/www.altominho.tv\\\/site\\\/wp-content\\\/uploads\\\/2022\\\/01\\\/Vacinac\u0327a\u0303o_45anos.jpeg\",\"contentUrl\":\"https:\\\/\\\/www.altominho.tv\\\/site\\\/wp-content\\\/uploads\\\/2022\\\/01\\\/Vacinac\u0327a\u0303o_45anos.jpeg\",\"width\":1230,\"height\":692},{\"@type\":\"BreadcrumbList\",\"@id\":\"https:\\\/\\\/www.altominho.tv\\\/site\\\/2022\\\/01\\\/09\\\/autoagendamento-para-maiores-de-45-anos-arranca-na-proxima-semana\\\/#breadcrumb\",\"itemListElement\":[{\"@type\":\"ListItem\",\"position\":1,\"name\":\"In\u00edcio\",\"item\":\"https:\\\/\\\/www.altominho.tv\\\/site\\\/\"},{\"@type\":\"ListItem\",\"position\":2,\"name\":\"Autoagendamento para maiores de 45 anos arranca na pr\u00f3xima semana\"}]},{\"@type\":\"WebSite\",\"@id\":\"https:\\\/\\\/www.altominho.tv\\\/site\\\/#website\",\"url\":\"https:\\\/\\\/www.altominho.tv\\\/site\\\/\",\"name\":\"Altominho.tv\",\"description\":\"A sua regi\u00e3o \u00e0 dist\u00e2ncia de um clique...\",\"potentialAction\":[{\"@type\":\"SearchAction\",\"target\":{\"@type\":\"EntryPoint\",\"urlTemplate\":\"https:\\\/\\\/www.altominho.tv\\\/site\\\/?s={search_term_string}\"},\"query-input\":{\"@type\":\"PropertyValueSpecification\",\"valueRequired\":true,\"valueName\":\"search_term_string\"}}],\"inLanguage\":\"pt-PT\"},{\"@type\":\"Person\",\"@id\":\"https:\\\/\\\/www.altominho.tv\\\/site\\\/#\\\/schema\\\/person\\\/63f693da3e1899361cbe955c46f3232e\",\"name\":\"Lusa\",\"image\":{\"@type\":\"ImageObject\",\"inLanguage\":\"pt-PT\",\"@id\":\"https:\\\/\\\/www.altominho.tv\\\/site\\\/wp-content\\\/uploads\\\/2019\\\/08\\\/LUSA_Logo.gif\",\"url\":\"https:\\\/\\\/www.altominho.tv\\\/site\\\/wp-content\\\/uploads\\\/2019\\\/08\\\/LUSA_Logo.gif\",\"contentUrl\":\"https:\\\/\\\/www.altominho.tv\\\/site\\\/wp-content\\\/uploads\\\/2019\\\/08\\\/LUSA_Logo.gif\",\"caption\":\"Lusa\"},\"sameAs\":[\"http:\\\/\\\/\\\/\\\/www.altominho.tv\\\/site\"],\"url\":\"https:\\\/\\\/www.altominho.tv\\\/site\\\/author\\\/lusa\\\/\"}]}<\/script>\n<!-- \/ Yoast SEO Premium plugin. -->","yoast_head_json":{"title":"Autoagendamento para maiores de 45 anos arranca na pr\u00f3xima semana","robots":{"index":"index","follow":"follow","max-snippet":"max-snippet:-1","max-image-preview":"max-image-preview:large","max-video-preview":"max-video-preview:-1"},"canonical":"https:\/\/www.altominho.tv\/site\/2022\/01\/09\/autoagendamento-para-maiores-de-45-anos-arranca-na-proxima-semana\/","og_locale":"pt_PT","og_type":"article","og_title":"Autoagendamento para maiores de 45 anos arranca na pr\u00f3xima semana","og_description":"O autoagendamento da vacina contra a covid-19 para maiores de 45 anos vai iniciar-se na pr\u00f3xima semana, anunciou hoje o secret\u00e1rio de Estado Adjunto e da Sa\u00fade, Ant\u00f3nio Lacerda Sales. O governante, que falava aos jornalistas nas Caldas da Rainha, fez um balan\u00e7o\u00a0sobre o processo de vacina\u00e7\u00e3o que j\u00e1 permitiu administrar \u201c3,3 milh\u00f5es de doses\u00a0de [&hellip;]","og_url":"https:\/\/www.altominho.tv\/site\/2022\/01\/09\/autoagendamento-para-maiores-de-45-anos-arranca-na-proxima-semana\/","og_site_name":"Altominho.tv","article_publisher":"https:\/\/www.facebook.com\/altominhotv","article_published_time":"2022-01-09T13:58:29+00:00","article_modified_time":"2022-01-09T17:16:11+00:00","og_image":[{"width":1230,"height":692,"url":"https:\/\/www.altominho.tv\/site\/wp-content\/uploads\/2022\/01\/Vacinac\u0327a\u0303o_45anos.jpeg","type":"image\/jpeg"}],"author":"Lusa","twitter_card":"summary_large_image","twitter_creator":"@altominhoTV","twitter_site":"@altominhoTV","twitter_misc":{"Escrito por":"Lusa","Tempo estimado de leitura":"2 minutos"},"schema":{"@context":"https:\/\/schema.org","@graph":[{"@type":"Article","@id":"https:\/\/www.altominho.tv\/site\/2022\/01\/09\/autoagendamento-para-maiores-de-45-anos-arranca-na-proxima-semana\/#article","isPartOf":{"@id":"https:\/\/www.altominho.tv\/site\/2022\/01\/09\/autoagendamento-para-maiores-de-45-anos-arranca-na-proxima-semana\/"},"author":{"name":"Lusa","@id":"https:\/\/www.altominho.tv\/site\/#\/schema\/person\/63f693da3e1899361cbe955c46f3232e"},"headline":"Autoagendamento para maiores de 45 anos arranca na pr\u00f3xima semana","datePublished":"2022-01-09T13:58:29+00:00","dateModified":"2022-01-09T17:16:11+00:00","mainEntityOfPage":{"@id":"https:\/\/www.altominho.tv\/site\/2022\/01\/09\/autoagendamento-para-maiores-de-45-anos-arranca-na-proxima-semana\/"},"wordCount":230,"image":{"@id":"https:\/\/www.altominho.tv\/site\/2022\/01\/09\/autoagendamento-para-maiores-de-45-anos-arranca-na-proxima-semana\/#primaryimage"},"thumbnailUrl":"https:\/\/www.altominho.tv\/site\/wp-content\/uploads\/2022\/01\/Vacinac\u0327a\u0303o_45anos.jpeg","keywords":["Sa\u00fade"],"articleSection":["Coronav\u00edrus"],"inLanguage":"pt-PT","copyrightYear":"2022","copyrightHolder":{"@id":"https:\/\/www.altominho.tv\/site\/#organization"}},{"@type":"WebPage","@id":"https:\/\/www.altominho.tv\/site\/2022\/01\/09\/autoagendamento-para-maiores-de-45-anos-arranca-na-proxima-semana\/","url":"https:\/\/www.altominho.tv\/site\/2022\/01\/09\/autoagendamento-para-maiores-de-45-anos-arranca-na-proxima-semana\/","name":"Autoagendamento para maiores de 45 anos arranca na pr\u00f3xima semana","isPartOf":{"@id":"https:\/\/www.altominho.tv\/site\/#website"},"primaryImageOfPage":{"@id":"https:\/\/www.altominho.tv\/site\/2022\/01\/09\/autoagendamento-para-maiores-de-45-anos-arranca-na-proxima-semana\/#primaryimage"},"image":{"@id":"https:\/\/www.altominho.tv\/site\/2022\/01\/09\/autoagendamento-para-maiores-de-45-anos-arranca-na-proxima-semana\/#primaryimage"},"thumbnailUrl":"https:\/\/www.altominho.tv\/site\/wp-content\/uploads\/2022\/01\/Vacinac\u0327a\u0303o_45anos.jpeg","datePublished":"2022-01-09T13:58:29+00:00","dateModified":"2022-01-09T17:16:11+00:00","author":{"@id":"https:\/\/www.altominho.tv\/site\/#\/schema\/person\/63f693da3e1899361cbe955c46f3232e"},"breadcrumb":{"@id":"https:\/\/www.altominho.tv\/site\/2022\/01\/09\/autoagendamento-para-maiores-de-45-anos-arranca-na-proxima-semana\/#breadcrumb"},"inLanguage":"pt-PT","potentialAction":[{"@type":"ReadAction","target":["https:\/\/www.altominho.tv\/site\/2022\/01\/09\/autoagendamento-para-maiores-de-45-anos-arranca-na-proxima-semana\/"]}]},{"@type":"ImageObject","inLanguage":"pt-PT","@id":"https:\/\/www.altominho.tv\/site\/2022\/01\/09\/autoagendamento-para-maiores-de-45-anos-arranca-na-proxima-semana\/#primaryimage","url":"https:\/\/www.altominho.tv\/site\/wp-content\/uploads\/2022\/01\/Vacinac\u0327a\u0303o_45anos.jpeg","contentUrl":"https:\/\/www.altominho.tv\/site\/wp-content\/uploads\/2022\/01\/Vacinac\u0327a\u0303o_45anos.jpeg","width":1230,"height":692},{"@type":"BreadcrumbList","@id":"https:\/\/www.altominho.tv\/site\/2022\/01\/09\/autoagendamento-para-maiores-de-45-anos-arranca-na-proxima-semana\/#breadcrumb","itemListElement":[{"@type":"ListItem","position":1,"name":"In\u00edcio","item":"https:\/\/www.altominho.tv\/site\/"},{"@type":"ListItem","position":2,"name":"Autoagendamento para maiores de 45 anos arranca na pr\u00f3xima semana"}]},{"@type":"WebSite","@id":"https:\/\/www.altominho.tv\/site\/#website","url":"https:\/\/www.altominho.tv\/site\/","name":"Altominho.tv","description":"A sua regi\u00e3o \u00e0 dist\u00e2ncia de um clique...","potentialAction":[{"@type":"SearchAction","target":{"@type":"EntryPoint","urlTemplate":"https:\/\/www.altominho.tv\/site\/?s={search_term_string}"},"query-input":{"@type":"PropertyValueSpecification","valueRequired":true,"valueName":"search_term_string"}}],"inLanguage":"pt-PT"},{"@type":"Person","@id":"https:\/\/www.altominho.tv\/site\/#\/schema\/person\/63f693da3e1899361cbe955c46f3232e","name":"Lusa","image":{"@type":"ImageObject","inLanguage":"pt-PT","@id":"https:\/\/www.altominho.tv\/site\/wp-content\/uploads\/2019\/08\/LUSA_Logo.gif","url":"https:\/\/www.altominho.tv\/site\/wp-content\/uploads\/2019\/08\/LUSA_Logo.gif","contentUrl":"https:\/\/www.altominho.tv\/site\/wp-content\/uploads\/2019\/08\/LUSA_Logo.gif","caption":"Lusa"},"sameAs":["http:\/\/\/\/www.altominho.tv\/site"],"url":"https:\/\/www.altominho.tv\/site\/author\/lusa\/"}]}},"_links":{"self":[{"href":"https:\/\/www.altominho.tv\/site\/wp-json\/wp\/v2\/posts\/74560","targetHints":{"allow":["GET"]}}],"collection":[{"href":"https:\/\/www.altominho.tv\/site\/wp-json\/wp\/v2\/posts"}],"about":[{"href":"https:\/\/www.altominho.tv\/site\/wp-json\/wp\/v2\/types\/post"}],"author":[{"embeddable":true,"href":"https:\/\/www.altominho.tv\/site\/wp-json\/wp\/v2\/users\/13"}],"replies":[{"embeddable":true,"href":"https:\/\/www.altominho.tv\/site\/wp-json\/wp\/v2\/comments?post=74560"}],"version-history":[{"count":0,"href":"https:\/\/www.altominho.tv\/site\/wp-json\/wp\/v2\/posts\/74560\/revisions"}],"wp:featuredmedia":[{"embeddable":true,"href":"https:\/\/www.altominho.tv\/site\/wp-json\/wp\/v2\/media\/74561"}],"wp:attachment":[{"href":"https:\/\/www.altominho.tv\/site\/wp-json\/wp\/v2\/media?parent=74560"}],"wp:term":[{"taxonomy":"category","embeddable":true,"href":"https:\/\/www.altominho.tv\/site\/wp-json\/wp\/v2\/categories?post=74560"},{"taxonomy":"post_tag","embeddable":true,"href":"https:\/\/www.altominho.tv\/site\/wp-json\/wp\/v2\/tags?post=74560"}],"curies":[{"name":"wp","href":"https:\/\/api.w.org\/{rel}","templated":true}]}}