{"id":74511,"date":"2022-01-07T16:42:27","date_gmt":"2022-01-07T16:42:27","guid":{"rendered":"https:\/\/www.altominho.tv\/site\/?p=74511"},"modified":"2022-03-07T10:55:51","modified_gmt":"2022-03-07T10:55:51","slug":"portugal-com-38-734-novos-casos-de-covid-19-e-17-mortes","status":"publish","type":"post","link":"https:\/\/www.altominho.tv\/site\/2022\/01\/07\/portugal-com-38-734-novos-casos-de-covid-19-e-17-mortes\/","title":{"rendered":"Portugal com 38.734 novos casos de Covid-19 e 17 mortes"},"content":{"rendered":"<div class=\"t-article-content\">\n<div class=\"t-article-content-inner js-select-and-share-1\">\n<p>Portugal registou mais 38.734 casos de Covid-19 e 17 mortes nas \u00faltimas 24 horas, segundo o relat\u00f3rio epidemiol\u00f3gico da Dire\u00e7\u00e3o-Geral da Sa\u00fade (DGS) divulgado esta sexta-feira.<\/p>\n<p>Desde o in\u00edcio da pandemia, j\u00e1 foram contabilizados 1.577.784 casos de infe\u00e7\u00e3o e 19.071 \u00f3bitos associados \u00e0 Covid-19.<\/p>\n<p>Recuperaram da doen\u00e7a 31.917 pessoas nas \u00faltimas 24 horas, o que aumenta o total de recuperados para 1.304.473.<\/p>\n<p>Ainda de acordo com os dados da DGS, est\u00e3o internadas 1353 pessoas nos hospitais portugueses, mais 42 do que no dia anterior, das quais 161 est\u00e3o em unidades de cuidados intensivos, mais tr\u00eas.<\/p>\n<p>Os casos ativos voltaram a aumentar, totalizando 254.240, mais 6.800 do que na quinta-feira.<\/p>\n<\/div>\n<\/div>\n","protected":false},"excerpt":{"rendered":"<p>Portugal registou mais 38.734 casos de Covid-19 e 17 mortes nas \u00faltimas 24 horas, segundo o relat\u00f3rio epidemiol\u00f3gico da Dire\u00e7\u00e3o-Geral da Sa\u00fade (DGS) divulgado esta sexta-feira. Desde o in\u00edcio da pandemia, j\u00e1 foram contabilizados 1.577.784 casos de infe\u00e7\u00e3o e 19.071 \u00f3bitos associados \u00e0 Covid-19. Recuperaram da doen\u00e7a 31.917 pessoas nas \u00faltimas 24 horas, o que [&hellip;]<\/p>\n","protected":false},"author":12,"featured_media":62949,"comment_status":"closed","ping_status":"closed","sticky":false,"template":"","format":"standard","meta":{"_exactmetrics_skip_tracking":false,"_exactmetrics_sitenote_active":false,"_exactmetrics_sitenote_note":"","_exactmetrics_sitenote_category":0,"footnotes":""},"categories":[42722],"tags":[26,27],"class_list":["post-74511","post","type-post","status-publish","format-standard","has-post-thumbnail","hentry","category-covid-19","tag-saude","tag-sociedade"],"yoast_head":"<!-- This site is optimized with the Yoast SEO Premium plugin v27.5 (Yoast SEO v27.5) - https:\/\/yoast.com\/product\/yoast-seo-premium-wordpress\/ -->\n<title>Portugal com 38.734 novos casos de Covid-19 e 17 mortes<\/title>\n<meta name=\"description\" content=\"Portugal registou mais 38.734 casos de Covid-19 e 17 mortes nas \u00faltimas 24 horas, segundo o relat\u00f3rio epidemiol\u00f3gico\" \/>\n<meta name=\"robots\" content=\"index, follow, max-snippet:-1, max-image-preview:large, max-video-preview:-1\" \/>\n<link rel=\"canonical\" href=\"https:\/\/www.altominho.tv\/site\/2022\/01\/07\/portugal-com-38-734-novos-casos-de-covid-19-e-17-mortes\/\" \/>\n<meta property=\"og:locale\" content=\"pt_PT\" \/>\n<meta property=\"og:type\" content=\"article\" \/>\n<meta property=\"og:title\" content=\"Portugal com 38.734 novos casos de Covid-19 e 17 mortes\" \/>\n<meta property=\"og:description\" content=\"Portugal registou mais 38.734 casos de Covid-19 e 17 mortes nas \u00faltimas 24 horas, segundo o relat\u00f3rio epidemiol\u00f3gico\" \/>\n<meta property=\"og:url\" content=\"https:\/\/www.altominho.tv\/site\/2022\/01\/07\/portugal-com-38-734-novos-casos-de-covid-19-e-17-mortes\/\" \/>\n<meta property=\"og:site_name\" content=\"Altominho.tv\" \/>\n<meta property=\"article:publisher\" content=\"https:\/\/www.facebook.com\/altominhotv\" \/>\n<meta property=\"article:published_time\" content=\"2022-01-07T16:42:27+00:00\" \/>\n<meta property=\"article:modified_time\" content=\"2022-03-07T10:55:51+00:00\" \/>\n<meta property=\"og:image\" content=\"https:\/\/www.altominho.tv\/site\/wp-content\/uploads\/2021\/02\/Untitled-Project-8.jpg\" \/>\n\t<meta property=\"og:image:width\" content=\"1920\" \/>\n\t<meta property=\"og:image:height\" content=\"1080\" \/>\n\t<meta property=\"og:image:type\" content=\"image\/jpeg\" \/>\n<meta name=\"author\" content=\"Andreia Ferreira\" \/>\n<meta name=\"twitter:card\" content=\"summary_large_image\" \/>\n<meta name=\"twitter:creator\" content=\"@altominhoTV\" \/>\n<meta name=\"twitter:site\" content=\"@altominhoTV\" \/>\n<meta name=\"twitter:label1\" content=\"Escrito por\" \/>\n\t<meta name=\"twitter:data1\" content=\"Andreia Ferreira\" \/>\n\t<meta name=\"twitter:label2\" content=\"Tempo estimado de leitura\" \/>\n\t<meta name=\"twitter:data2\" content=\"1 minuto\" \/>\n<script type=\"application\/ld+json\" class=\"yoast-schema-graph\">{\"@context\":\"https:\\\/\\\/schema.org\",\"@graph\":[{\"@type\":\"Article\",\"@id\":\"https:\\\/\\\/www.altominho.tv\\\/site\\\/2022\\\/01\\\/07\\\/portugal-com-38-734-novos-casos-de-covid-19-e-17-mortes\\\/#article\",\"isPartOf\":{\"@id\":\"https:\\\/\\\/www.altominho.tv\\\/site\\\/2022\\\/01\\\/07\\\/portugal-com-38-734-novos-casos-de-covid-19-e-17-mortes\\\/\"},\"author\":{\"name\":\"Andreia Ferreira\",\"@id\":\"https:\\\/\\\/www.altominho.tv\\\/site\\\/#\\\/schema\\\/person\\\/d9be4265364723f14ea8e0d56a1d38cd\"},\"headline\":\"Portugal com 38.734 novos casos de Covid-19 e 17 mortes\",\"datePublished\":\"2022-01-07T16:42:27+00:00\",\"dateModified\":\"2022-03-07T10:55:51+00:00\",\"mainEntityOfPage\":{\"@id\":\"https:\\\/\\\/www.altominho.tv\\\/site\\\/2022\\\/01\\\/07\\\/portugal-com-38-734-novos-casos-de-covid-19-e-17-mortes\\\/\"},\"wordCount\":113,\"image\":{\"@id\":\"https:\\\/\\\/www.altominho.tv\\\/site\\\/2022\\\/01\\\/07\\\/portugal-com-38-734-novos-casos-de-covid-19-e-17-mortes\\\/#primaryimage\"},\"thumbnailUrl\":\"https:\\\/\\\/www.altominho.tv\\\/site\\\/wp-content\\\/uploads\\\/2021\\\/02\\\/Untitled-Project-8.jpg\",\"keywords\":[\"Sa\u00fade\",\"Sociedade\"],\"articleSection\":[\"Coronav\u00edrus\"],\"inLanguage\":\"pt-PT\",\"copyrightYear\":\"2022\",\"copyrightHolder\":{\"@id\":\"https:\\\/\\\/www.altominho.tv\\\/site\\\/#organization\"}},{\"@type\":\"WebPage\",\"@id\":\"https:\\\/\\\/www.altominho.tv\\\/site\\\/2022\\\/01\\\/07\\\/portugal-com-38-734-novos-casos-de-covid-19-e-17-mortes\\\/\",\"url\":\"https:\\\/\\\/www.altominho.tv\\\/site\\\/2022\\\/01\\\/07\\\/portugal-com-38-734-novos-casos-de-covid-19-e-17-mortes\\\/\",\"name\":\"Portugal com 38.734 novos casos de Covid-19 e 17 mortes\",\"isPartOf\":{\"@id\":\"https:\\\/\\\/www.altominho.tv\\\/site\\\/#website\"},\"primaryImageOfPage\":{\"@id\":\"https:\\\/\\\/www.altominho.tv\\\/site\\\/2022\\\/01\\\/07\\\/portugal-com-38-734-novos-casos-de-covid-19-e-17-mortes\\\/#primaryimage\"},\"image\":{\"@id\":\"https:\\\/\\\/www.altominho.tv\\\/site\\\/2022\\\/01\\\/07\\\/portugal-com-38-734-novos-casos-de-covid-19-e-17-mortes\\\/#primaryimage\"},\"thumbnailUrl\":\"https:\\\/\\\/www.altominho.tv\\\/site\\\/wp-content\\\/uploads\\\/2021\\\/02\\\/Untitled-Project-8.jpg\",\"datePublished\":\"2022-01-07T16:42:27+00:00\",\"dateModified\":\"2022-03-07T10:55:51+00:00\",\"author\":{\"@id\":\"https:\\\/\\\/www.altominho.tv\\\/site\\\/#\\\/schema\\\/person\\\/d9be4265364723f14ea8e0d56a1d38cd\"},\"description\":\"Portugal registou mais 38.734 casos de Covid-19 e 17 mortes nas \u00faltimas 24 horas, segundo o relat\u00f3rio epidemiol\u00f3gico\",\"breadcrumb\":{\"@id\":\"https:\\\/\\\/www.altominho.tv\\\/site\\\/2022\\\/01\\\/07\\\/portugal-com-38-734-novos-casos-de-covid-19-e-17-mortes\\\/#breadcrumb\"},\"inLanguage\":\"pt-PT\",\"potentialAction\":[{\"@type\":\"ReadAction\",\"target\":[\"https:\\\/\\\/www.altominho.tv\\\/site\\\/2022\\\/01\\\/07\\\/portugal-com-38-734-novos-casos-de-covid-19-e-17-mortes\\\/\"]}]},{\"@type\":\"ImageObject\",\"inLanguage\":\"pt-PT\",\"@id\":\"https:\\\/\\\/www.altominho.tv\\\/site\\\/2022\\\/01\\\/07\\\/portugal-com-38-734-novos-casos-de-covid-19-e-17-mortes\\\/#primaryimage\",\"url\":\"https:\\\/\\\/www.altominho.tv\\\/site\\\/wp-content\\\/uploads\\\/2021\\\/02\\\/Untitled-Project-8.jpg\",\"contentUrl\":\"https:\\\/\\\/www.altominho.tv\\\/site\\\/wp-content\\\/uploads\\\/2021\\\/02\\\/Untitled-Project-8.jpg\",\"width\":1920,\"height\":1080},{\"@type\":\"BreadcrumbList\",\"@id\":\"https:\\\/\\\/www.altominho.tv\\\/site\\\/2022\\\/01\\\/07\\\/portugal-com-38-734-novos-casos-de-covid-19-e-17-mortes\\\/#breadcrumb\",\"itemListElement\":[{\"@type\":\"ListItem\",\"position\":1,\"name\":\"In\u00edcio\",\"item\":\"https:\\\/\\\/www.altominho.tv\\\/site\\\/\"},{\"@type\":\"ListItem\",\"position\":2,\"name\":\"Portugal com 38.734 novos casos de Covid-19 e 17 mortes\"}]},{\"@type\":\"WebSite\",\"@id\":\"https:\\\/\\\/www.altominho.tv\\\/site\\\/#website\",\"url\":\"https:\\\/\\\/www.altominho.tv\\\/site\\\/\",\"name\":\"Altominho.tv\",\"description\":\"A sua regi\u00e3o \u00e0 dist\u00e2ncia de um clique...\",\"potentialAction\":[{\"@type\":\"SearchAction\",\"target\":{\"@type\":\"EntryPoint\",\"urlTemplate\":\"https:\\\/\\\/www.altominho.tv\\\/site\\\/?s={search_term_string}\"},\"query-input\":{\"@type\":\"PropertyValueSpecification\",\"valueRequired\":true,\"valueName\":\"search_term_string\"}}],\"inLanguage\":\"pt-PT\"},{\"@type\":\"Person\",\"@id\":\"https:\\\/\\\/www.altominho.tv\\\/site\\\/#\\\/schema\\\/person\\\/d9be4265364723f14ea8e0d56a1d38cd\",\"name\":\"Andreia Ferreira\",\"image\":{\"@type\":\"ImageObject\",\"inLanguage\":\"pt-PT\",\"@id\":\"https:\\\/\\\/www.altominho.tv\\\/site\\\/wp-content\\\/uploads\\\/2021\\\/01\\\/AndreiaFerreira-150x150.jpg\",\"url\":\"https:\\\/\\\/www.altominho.tv\\\/site\\\/wp-content\\\/uploads\\\/2021\\\/01\\\/AndreiaFerreira-150x150.jpg\",\"contentUrl\":\"https:\\\/\\\/www.altominho.tv\\\/site\\\/wp-content\\\/uploads\\\/2021\\\/01\\\/AndreiaFerreira-150x150.jpg\",\"caption\":\"Andreia Ferreira\"},\"url\":\"https:\\\/\\\/www.altominho.tv\\\/site\\\/author\\\/andreiaferreira\\\/\"}]}<\/script>\n<!-- \/ Yoast SEO Premium plugin. -->","yoast_head_json":{"title":"Portugal com 38.734 novos casos de Covid-19 e 17 mortes","description":"Portugal registou mais 38.734 casos de Covid-19 e 17 mortes nas \u00faltimas 24 horas, segundo o relat\u00f3rio epidemiol\u00f3gico","robots":{"index":"index","follow":"follow","max-snippet":"max-snippet:-1","max-image-preview":"max-image-preview:large","max-video-preview":"max-video-preview:-1"},"canonical":"https:\/\/www.altominho.tv\/site\/2022\/01\/07\/portugal-com-38-734-novos-casos-de-covid-19-e-17-mortes\/","og_locale":"pt_PT","og_type":"article","og_title":"Portugal com 38.734 novos casos de Covid-19 e 17 mortes","og_description":"Portugal registou mais 38.734 casos de Covid-19 e 17 mortes nas \u00faltimas 24 horas, segundo o relat\u00f3rio epidemiol\u00f3gico","og_url":"https:\/\/www.altominho.tv\/site\/2022\/01\/07\/portugal-com-38-734-novos-casos-de-covid-19-e-17-mortes\/","og_site_name":"Altominho.tv","article_publisher":"https:\/\/www.facebook.com\/altominhotv","article_published_time":"2022-01-07T16:42:27+00:00","article_modified_time":"2022-03-07T10:55:51+00:00","og_image":[{"width":1920,"height":1080,"url":"https:\/\/www.altominho.tv\/site\/wp-content\/uploads\/2021\/02\/Untitled-Project-8.jpg","type":"image\/jpeg"}],"author":"Andreia Ferreira","twitter_card":"summary_large_image","twitter_creator":"@altominhoTV","twitter_site":"@altominhoTV","twitter_misc":{"Escrito por":"Andreia Ferreira","Tempo estimado de leitura":"1 minuto"},"schema":{"@context":"https:\/\/schema.org","@graph":[{"@type":"Article","@id":"https:\/\/www.altominho.tv\/site\/2022\/01\/07\/portugal-com-38-734-novos-casos-de-covid-19-e-17-mortes\/#article","isPartOf":{"@id":"https:\/\/www.altominho.tv\/site\/2022\/01\/07\/portugal-com-38-734-novos-casos-de-covid-19-e-17-mortes\/"},"author":{"name":"Andreia Ferreira","@id":"https:\/\/www.altominho.tv\/site\/#\/schema\/person\/d9be4265364723f14ea8e0d56a1d38cd"},"headline":"Portugal com 38.734 novos casos de Covid-19 e 17 mortes","datePublished":"2022-01-07T16:42:27+00:00","dateModified":"2022-03-07T10:55:51+00:00","mainEntityOfPage":{"@id":"https:\/\/www.altominho.tv\/site\/2022\/01\/07\/portugal-com-38-734-novos-casos-de-covid-19-e-17-mortes\/"},"wordCount":113,"image":{"@id":"https:\/\/www.altominho.tv\/site\/2022\/01\/07\/portugal-com-38-734-novos-casos-de-covid-19-e-17-mortes\/#primaryimage"},"thumbnailUrl":"https:\/\/www.altominho.tv\/site\/wp-content\/uploads\/2021\/02\/Untitled-Project-8.jpg","keywords":["Sa\u00fade","Sociedade"],"articleSection":["Coronav\u00edrus"],"inLanguage":"pt-PT","copyrightYear":"2022","copyrightHolder":{"@id":"https:\/\/www.altominho.tv\/site\/#organization"}},{"@type":"WebPage","@id":"https:\/\/www.altominho.tv\/site\/2022\/01\/07\/portugal-com-38-734-novos-casos-de-covid-19-e-17-mortes\/","url":"https:\/\/www.altominho.tv\/site\/2022\/01\/07\/portugal-com-38-734-novos-casos-de-covid-19-e-17-mortes\/","name":"Portugal com 38.734 novos casos de Covid-19 e 17 mortes","isPartOf":{"@id":"https:\/\/www.altominho.tv\/site\/#website"},"primaryImageOfPage":{"@id":"https:\/\/www.altominho.tv\/site\/2022\/01\/07\/portugal-com-38-734-novos-casos-de-covid-19-e-17-mortes\/#primaryimage"},"image":{"@id":"https:\/\/www.altominho.tv\/site\/2022\/01\/07\/portugal-com-38-734-novos-casos-de-covid-19-e-17-mortes\/#primaryimage"},"thumbnailUrl":"https:\/\/www.altominho.tv\/site\/wp-content\/uploads\/2021\/02\/Untitled-Project-8.jpg","datePublished":"2022-01-07T16:42:27+00:00","dateModified":"2022-03-07T10:55:51+00:00","author":{"@id":"https:\/\/www.altominho.tv\/site\/#\/schema\/person\/d9be4265364723f14ea8e0d56a1d38cd"},"description":"Portugal registou mais 38.734 casos de Covid-19 e 17 mortes nas \u00faltimas 24 horas, segundo o relat\u00f3rio epidemiol\u00f3gico","breadcrumb":{"@id":"https:\/\/www.altominho.tv\/site\/2022\/01\/07\/portugal-com-38-734-novos-casos-de-covid-19-e-17-mortes\/#breadcrumb"},"inLanguage":"pt-PT","potentialAction":[{"@type":"ReadAction","target":["https:\/\/www.altominho.tv\/site\/2022\/01\/07\/portugal-com-38-734-novos-casos-de-covid-19-e-17-mortes\/"]}]},{"@type":"ImageObject","inLanguage":"pt-PT","@id":"https:\/\/www.altominho.tv\/site\/2022\/01\/07\/portugal-com-38-734-novos-casos-de-covid-19-e-17-mortes\/#primaryimage","url":"https:\/\/www.altominho.tv\/site\/wp-content\/uploads\/2021\/02\/Untitled-Project-8.jpg","contentUrl":"https:\/\/www.altominho.tv\/site\/wp-content\/uploads\/2021\/02\/Untitled-Project-8.jpg","width":1920,"height":1080},{"@type":"BreadcrumbList","@id":"https:\/\/www.altominho.tv\/site\/2022\/01\/07\/portugal-com-38-734-novos-casos-de-covid-19-e-17-mortes\/#breadcrumb","itemListElement":[{"@type":"ListItem","position":1,"name":"In\u00edcio","item":"https:\/\/www.altominho.tv\/site\/"},{"@type":"ListItem","position":2,"name":"Portugal com 38.734 novos casos de Covid-19 e 17 mortes"}]},{"@type":"WebSite","@id":"https:\/\/www.altominho.tv\/site\/#website","url":"https:\/\/www.altominho.tv\/site\/","name":"Altominho.tv","description":"A sua regi\u00e3o \u00e0 dist\u00e2ncia de um clique...","potentialAction":[{"@type":"SearchAction","target":{"@type":"EntryPoint","urlTemplate":"https:\/\/www.altominho.tv\/site\/?s={search_term_string}"},"query-input":{"@type":"PropertyValueSpecification","valueRequired":true,"valueName":"search_term_string"}}],"inLanguage":"pt-PT"},{"@type":"Person","@id":"https:\/\/www.altominho.tv\/site\/#\/schema\/person\/d9be4265364723f14ea8e0d56a1d38cd","name":"Andreia Ferreira","image":{"@type":"ImageObject","inLanguage":"pt-PT","@id":"https:\/\/www.altominho.tv\/site\/wp-content\/uploads\/2021\/01\/AndreiaFerreira-150x150.jpg","url":"https:\/\/www.altominho.tv\/site\/wp-content\/uploads\/2021\/01\/AndreiaFerreira-150x150.jpg","contentUrl":"https:\/\/www.altominho.tv\/site\/wp-content\/uploads\/2021\/01\/AndreiaFerreira-150x150.jpg","caption":"Andreia Ferreira"},"url":"https:\/\/www.altominho.tv\/site\/author\/andreiaferreira\/"}]}},"_links":{"self":[{"href":"https:\/\/www.altominho.tv\/site\/wp-json\/wp\/v2\/posts\/74511","targetHints":{"allow":["GET"]}}],"collection":[{"href":"https:\/\/www.altominho.tv\/site\/wp-json\/wp\/v2\/posts"}],"about":[{"href":"https:\/\/www.altominho.tv\/site\/wp-json\/wp\/v2\/types\/post"}],"author":[{"embeddable":true,"href":"https:\/\/www.altominho.tv\/site\/wp-json\/wp\/v2\/users\/12"}],"replies":[{"embeddable":true,"href":"https:\/\/www.altominho.tv\/site\/wp-json\/wp\/v2\/comments?post=74511"}],"version-history":[{"count":0,"href":"https:\/\/www.altominho.tv\/site\/wp-json\/wp\/v2\/posts\/74511\/revisions"}],"wp:featuredmedia":[{"embeddable":true,"href":"https:\/\/www.altominho.tv\/site\/wp-json\/wp\/v2\/media\/62949"}],"wp:attachment":[{"href":"https:\/\/www.altominho.tv\/site\/wp-json\/wp\/v2\/media?parent=74511"}],"wp:term":[{"taxonomy":"category","embeddable":true,"href":"https:\/\/www.altominho.tv\/site\/wp-json\/wp\/v2\/categories?post=74511"},{"taxonomy":"post_tag","embeddable":true,"href":"https:\/\/www.altominho.tv\/site\/wp-json\/wp\/v2\/tags?post=74511"}],"curies":[{"name":"wp","href":"https:\/\/api.w.org\/{rel}","templated":true}]}}