{"id":74507,"date":"2022-01-07T16:31:27","date_gmt":"2022-01-07T16:31:27","guid":{"rendered":"https:\/\/www.altominho.tv\/site\/?p=74507"},"modified":"2022-03-07T11:27:31","modified_gmt":"2022-03-07T11:27:31","slug":"fenprof-exige-vacinacao-de-reforco-para-o-ensino-superior","status":"publish","type":"post","link":"https:\/\/www.altominho.tv\/site\/2022\/01\/07\/fenprof-exige-vacinacao-de-reforco-para-o-ensino-superior\/","title":{"rendered":"Fenprof exige vacina\u00e7\u00e3o de refor\u00e7o para o ensino superior"},"content":{"rendered":"<p data-uw-styling-context=\"true\">A Federa\u00e7\u00e3o Nacional dos Professores (Fenprof) exigiu hoje que os docentes do ensino superior sejam abrangidos pela dose de refor\u00e7o de vacina contra a Covid-19, conforme decorre para os outros n\u00edveis de escolaridade.<\/p>\n<p class=\"text-paragraph\" data-uw-styling-context=\"true\">\u201cVerifica-se que os professores do ensino superior foram exclu\u00eddos desta fase de vacina\u00e7\u00e3o, apesar de pertencerem a um n\u00edvel de ensino em que, por norma, as turmas t\u00eam um n\u00famero elevado de alunos\u201d, contestou, em comunicado, a estrutura sindical.<\/p>\n<p class=\"text-paragraph\" data-uw-styling-context=\"true\">De acordo com a Fenprof, apesar de a plataforma para obter a senha digital de vacina\u00e7\u00e3o n\u00e3o discriminar o n\u00edvel de ensino, quando se dirigem aos centros de vacina\u00e7\u00e3o ou pedem esclarecimentos a este respeito, nas institui\u00e7\u00f5es de origem ou junto das autoridades de sa\u00fade, \u201cos docentes do ensino superior s\u00e3o informados de que a vacina\u00e7\u00e3o priorit\u00e1ria n\u00e3o os contempla, sendo-lhes negada a dose de refor\u00e7o da vacina\u201d.<\/p>\n<p class=\"text-paragraph\" data-uw-styling-context=\"true\">No documento, a Fenprof rejeitou que se discriminem os docentes de qualquer n\u00edvel ou grau de ensino e reclamou \u201ca corre\u00e7\u00e3o\u201d da situa\u00e7\u00e3o, por forma a garantir a estes profissionais \u201co mesmo grau de seguran\u00e7a que \u00e9 oferecido aos restantes docentes\u201d.<\/p>\n","protected":false},"excerpt":{"rendered":"<p>A Federa\u00e7\u00e3o Nacional dos Professores (Fenprof) exigiu hoje que os docentes do ensino superior sejam abrangidos pela dose de refor\u00e7o de vacina contra a Covid-19, conforme decorre para os outros n\u00edveis de escolaridade. \u201cVerifica-se que os professores do ensino superior foram exclu\u00eddos desta fase de vacina\u00e7\u00e3o, apesar de pertencerem a um n\u00edvel de ensino em [&hellip;]<\/p>\n","protected":false},"author":13,"featured_media":69404,"comment_status":"closed","ping_status":"closed","sticky":false,"template":"","format":"standard","meta":{"_exactmetrics_skip_tracking":false,"_exactmetrics_sitenote_active":false,"_exactmetrics_sitenote_note":"","_exactmetrics_sitenote_category":0,"footnotes":""},"categories":[42722],"tags":[22,27],"class_list":["post-74507","post","type-post","status-publish","format-standard","has-post-thumbnail","hentry","category-covid-19","tag-educacao","tag-sociedade"],"yoast_head":"<!-- This site is optimized with the Yoast SEO Premium plugin v27.5 (Yoast SEO v27.5) - https:\/\/yoast.com\/product\/yoast-seo-premium-wordpress\/ -->\n<title>Fenprof exige vacina\u00e7\u00e3o de refor\u00e7o para o ensino superior<\/title>\n<meta name=\"description\" content=\"Fenprof exigiu hoje que os docentes do ensino superior sejam abrangidos pela dose de refor\u00e7o de vacina contra a Covid-19.\" \/>\n<meta name=\"robots\" content=\"index, follow, max-snippet:-1, max-image-preview:large, max-video-preview:-1\" \/>\n<link rel=\"canonical\" href=\"https:\/\/www.altominho.tv\/site\/2022\/01\/07\/fenprof-exige-vacinacao-de-reforco-para-o-ensino-superior\/\" \/>\n<meta property=\"og:locale\" content=\"pt_PT\" \/>\n<meta property=\"og:type\" content=\"article\" \/>\n<meta property=\"og:title\" content=\"Fenprof exige vacina\u00e7\u00e3o de refor\u00e7o para o ensino superior\" \/>\n<meta property=\"og:description\" content=\"Fenprof exigiu hoje que os docentes do ensino superior sejam abrangidos pela dose de refor\u00e7o de vacina contra a Covid-19.\" \/>\n<meta property=\"og:url\" content=\"https:\/\/www.altominho.tv\/site\/2022\/01\/07\/fenprof-exige-vacinacao-de-reforco-para-o-ensino-superior\/\" \/>\n<meta property=\"og:site_name\" content=\"Altominho.tv\" \/>\n<meta property=\"article:publisher\" content=\"https:\/\/www.facebook.com\/altominhotv\" \/>\n<meta property=\"article:published_time\" content=\"2022-01-07T16:31:27+00:00\" \/>\n<meta property=\"article:modified_time\" content=\"2022-03-07T11:27:31+00:00\" \/>\n<meta property=\"og:image\" content=\"https:\/\/www.altominho.tv\/site\/wp-content\/uploads\/2021\/08\/covid.jpg\" \/>\n\t<meta property=\"og:image:width\" content=\"675\" \/>\n\t<meta property=\"og:image:height\" content=\"450\" \/>\n\t<meta property=\"og:image:type\" content=\"image\/jpeg\" \/>\n<meta name=\"author\" content=\"Lusa\" \/>\n<meta name=\"twitter:card\" content=\"summary_large_image\" \/>\n<meta name=\"twitter:creator\" content=\"@altominhoTV\" \/>\n<meta name=\"twitter:site\" content=\"@altominhoTV\" \/>\n<meta name=\"twitter:label1\" content=\"Escrito por\" \/>\n\t<meta name=\"twitter:data1\" content=\"Lusa\" \/>\n\t<meta name=\"twitter:label2\" content=\"Tempo estimado de leitura\" \/>\n\t<meta name=\"twitter:data2\" content=\"1 minuto\" \/>\n<script type=\"application\/ld+json\" class=\"yoast-schema-graph\">{\"@context\":\"https:\\\/\\\/schema.org\",\"@graph\":[{\"@type\":\"Article\",\"@id\":\"https:\\\/\\\/www.altominho.tv\\\/site\\\/2022\\\/01\\\/07\\\/fenprof-exige-vacinacao-de-reforco-para-o-ensino-superior\\\/#article\",\"isPartOf\":{\"@id\":\"https:\\\/\\\/www.altominho.tv\\\/site\\\/2022\\\/01\\\/07\\\/fenprof-exige-vacinacao-de-reforco-para-o-ensino-superior\\\/\"},\"author\":{\"name\":\"Lusa\",\"@id\":\"https:\\\/\\\/www.altominho.tv\\\/site\\\/#\\\/schema\\\/person\\\/63f693da3e1899361cbe955c46f3232e\"},\"headline\":\"Fenprof exige vacina\u00e7\u00e3o de refor\u00e7o para o ensino superior\",\"datePublished\":\"2022-01-07T16:31:27+00:00\",\"dateModified\":\"2022-03-07T11:27:31+00:00\",\"mainEntityOfPage\":{\"@id\":\"https:\\\/\\\/www.altominho.tv\\\/site\\\/2022\\\/01\\\/07\\\/fenprof-exige-vacinacao-de-reforco-para-o-ensino-superior\\\/\"},\"wordCount\":214,\"image\":{\"@id\":\"https:\\\/\\\/www.altominho.tv\\\/site\\\/2022\\\/01\\\/07\\\/fenprof-exige-vacinacao-de-reforco-para-o-ensino-superior\\\/#primaryimage\"},\"thumbnailUrl\":\"https:\\\/\\\/www.altominho.tv\\\/site\\\/wp-content\\\/uploads\\\/2021\\\/08\\\/covid.jpg\",\"keywords\":[\"Educa\u00e7\u00e3o\",\"Sociedade\"],\"articleSection\":[\"Coronav\u00edrus\"],\"inLanguage\":\"pt-PT\",\"copyrightYear\":\"2022\",\"copyrightHolder\":{\"@id\":\"https:\\\/\\\/www.altominho.tv\\\/site\\\/#organization\"}},{\"@type\":\"WebPage\",\"@id\":\"https:\\\/\\\/www.altominho.tv\\\/site\\\/2022\\\/01\\\/07\\\/fenprof-exige-vacinacao-de-reforco-para-o-ensino-superior\\\/\",\"url\":\"https:\\\/\\\/www.altominho.tv\\\/site\\\/2022\\\/01\\\/07\\\/fenprof-exige-vacinacao-de-reforco-para-o-ensino-superior\\\/\",\"name\":\"Fenprof exige vacina\u00e7\u00e3o de refor\u00e7o para o ensino superior\",\"isPartOf\":{\"@id\":\"https:\\\/\\\/www.altominho.tv\\\/site\\\/#website\"},\"primaryImageOfPage\":{\"@id\":\"https:\\\/\\\/www.altominho.tv\\\/site\\\/2022\\\/01\\\/07\\\/fenprof-exige-vacinacao-de-reforco-para-o-ensino-superior\\\/#primaryimage\"},\"image\":{\"@id\":\"https:\\\/\\\/www.altominho.tv\\\/site\\\/2022\\\/01\\\/07\\\/fenprof-exige-vacinacao-de-reforco-para-o-ensino-superior\\\/#primaryimage\"},\"thumbnailUrl\":\"https:\\\/\\\/www.altominho.tv\\\/site\\\/wp-content\\\/uploads\\\/2021\\\/08\\\/covid.jpg\",\"datePublished\":\"2022-01-07T16:31:27+00:00\",\"dateModified\":\"2022-03-07T11:27:31+00:00\",\"author\":{\"@id\":\"https:\\\/\\\/www.altominho.tv\\\/site\\\/#\\\/schema\\\/person\\\/63f693da3e1899361cbe955c46f3232e\"},\"description\":\"Fenprof exigiu hoje que os docentes do ensino superior sejam abrangidos pela dose de refor\u00e7o de vacina contra a Covid-19.\",\"breadcrumb\":{\"@id\":\"https:\\\/\\\/www.altominho.tv\\\/site\\\/2022\\\/01\\\/07\\\/fenprof-exige-vacinacao-de-reforco-para-o-ensino-superior\\\/#breadcrumb\"},\"inLanguage\":\"pt-PT\",\"potentialAction\":[{\"@type\":\"ReadAction\",\"target\":[\"https:\\\/\\\/www.altominho.tv\\\/site\\\/2022\\\/01\\\/07\\\/fenprof-exige-vacinacao-de-reforco-para-o-ensino-superior\\\/\"]}]},{\"@type\":\"ImageObject\",\"inLanguage\":\"pt-PT\",\"@id\":\"https:\\\/\\\/www.altominho.tv\\\/site\\\/2022\\\/01\\\/07\\\/fenprof-exige-vacinacao-de-reforco-para-o-ensino-superior\\\/#primaryimage\",\"url\":\"https:\\\/\\\/www.altominho.tv\\\/site\\\/wp-content\\\/uploads\\\/2021\\\/08\\\/covid.jpg\",\"contentUrl\":\"https:\\\/\\\/www.altominho.tv\\\/site\\\/wp-content\\\/uploads\\\/2021\\\/08\\\/covid.jpg\",\"width\":675,\"height\":450},{\"@type\":\"BreadcrumbList\",\"@id\":\"https:\\\/\\\/www.altominho.tv\\\/site\\\/2022\\\/01\\\/07\\\/fenprof-exige-vacinacao-de-reforco-para-o-ensino-superior\\\/#breadcrumb\",\"itemListElement\":[{\"@type\":\"ListItem\",\"position\":1,\"name\":\"In\u00edcio\",\"item\":\"https:\\\/\\\/www.altominho.tv\\\/site\\\/\"},{\"@type\":\"ListItem\",\"position\":2,\"name\":\"Fenprof exige vacina\u00e7\u00e3o de refor\u00e7o para o ensino superior\"}]},{\"@type\":\"WebSite\",\"@id\":\"https:\\\/\\\/www.altominho.tv\\\/site\\\/#website\",\"url\":\"https:\\\/\\\/www.altominho.tv\\\/site\\\/\",\"name\":\"Altominho.tv\",\"description\":\"A sua regi\u00e3o \u00e0 dist\u00e2ncia de um clique...\",\"potentialAction\":[{\"@type\":\"SearchAction\",\"target\":{\"@type\":\"EntryPoint\",\"urlTemplate\":\"https:\\\/\\\/www.altominho.tv\\\/site\\\/?s={search_term_string}\"},\"query-input\":{\"@type\":\"PropertyValueSpecification\",\"valueRequired\":true,\"valueName\":\"search_term_string\"}}],\"inLanguage\":\"pt-PT\"},{\"@type\":\"Person\",\"@id\":\"https:\\\/\\\/www.altominho.tv\\\/site\\\/#\\\/schema\\\/person\\\/63f693da3e1899361cbe955c46f3232e\",\"name\":\"Lusa\",\"image\":{\"@type\":\"ImageObject\",\"inLanguage\":\"pt-PT\",\"@id\":\"https:\\\/\\\/www.altominho.tv\\\/site\\\/wp-content\\\/uploads\\\/2019\\\/08\\\/LUSA_Logo.gif\",\"url\":\"https:\\\/\\\/www.altominho.tv\\\/site\\\/wp-content\\\/uploads\\\/2019\\\/08\\\/LUSA_Logo.gif\",\"contentUrl\":\"https:\\\/\\\/www.altominho.tv\\\/site\\\/wp-content\\\/uploads\\\/2019\\\/08\\\/LUSA_Logo.gif\",\"caption\":\"Lusa\"},\"sameAs\":[\"http:\\\/\\\/\\\/\\\/www.altominho.tv\\\/site\"],\"url\":\"https:\\\/\\\/www.altominho.tv\\\/site\\\/author\\\/lusa\\\/\"}]}<\/script>\n<!-- \/ Yoast SEO Premium plugin. -->","yoast_head_json":{"title":"Fenprof exige vacina\u00e7\u00e3o de refor\u00e7o para o ensino superior","description":"Fenprof exigiu hoje que os docentes do ensino superior sejam abrangidos pela dose de refor\u00e7o de vacina contra a Covid-19.","robots":{"index":"index","follow":"follow","max-snippet":"max-snippet:-1","max-image-preview":"max-image-preview:large","max-video-preview":"max-video-preview:-1"},"canonical":"https:\/\/www.altominho.tv\/site\/2022\/01\/07\/fenprof-exige-vacinacao-de-reforco-para-o-ensino-superior\/","og_locale":"pt_PT","og_type":"article","og_title":"Fenprof exige vacina\u00e7\u00e3o de refor\u00e7o para o ensino superior","og_description":"Fenprof exigiu hoje que os docentes do ensino superior sejam abrangidos pela dose de refor\u00e7o de vacina contra a Covid-19.","og_url":"https:\/\/www.altominho.tv\/site\/2022\/01\/07\/fenprof-exige-vacinacao-de-reforco-para-o-ensino-superior\/","og_site_name":"Altominho.tv","article_publisher":"https:\/\/www.facebook.com\/altominhotv","article_published_time":"2022-01-07T16:31:27+00:00","article_modified_time":"2022-03-07T11:27:31+00:00","og_image":[{"width":675,"height":450,"url":"https:\/\/www.altominho.tv\/site\/wp-content\/uploads\/2021\/08\/covid.jpg","type":"image\/jpeg"}],"author":"Lusa","twitter_card":"summary_large_image","twitter_creator":"@altominhoTV","twitter_site":"@altominhoTV","twitter_misc":{"Escrito por":"Lusa","Tempo estimado de leitura":"1 minuto"},"schema":{"@context":"https:\/\/schema.org","@graph":[{"@type":"Article","@id":"https:\/\/www.altominho.tv\/site\/2022\/01\/07\/fenprof-exige-vacinacao-de-reforco-para-o-ensino-superior\/#article","isPartOf":{"@id":"https:\/\/www.altominho.tv\/site\/2022\/01\/07\/fenprof-exige-vacinacao-de-reforco-para-o-ensino-superior\/"},"author":{"name":"Lusa","@id":"https:\/\/www.altominho.tv\/site\/#\/schema\/person\/63f693da3e1899361cbe955c46f3232e"},"headline":"Fenprof exige vacina\u00e7\u00e3o de refor\u00e7o para o ensino superior","datePublished":"2022-01-07T16:31:27+00:00","dateModified":"2022-03-07T11:27:31+00:00","mainEntityOfPage":{"@id":"https:\/\/www.altominho.tv\/site\/2022\/01\/07\/fenprof-exige-vacinacao-de-reforco-para-o-ensino-superior\/"},"wordCount":214,"image":{"@id":"https:\/\/www.altominho.tv\/site\/2022\/01\/07\/fenprof-exige-vacinacao-de-reforco-para-o-ensino-superior\/#primaryimage"},"thumbnailUrl":"https:\/\/www.altominho.tv\/site\/wp-content\/uploads\/2021\/08\/covid.jpg","keywords":["Educa\u00e7\u00e3o","Sociedade"],"articleSection":["Coronav\u00edrus"],"inLanguage":"pt-PT","copyrightYear":"2022","copyrightHolder":{"@id":"https:\/\/www.altominho.tv\/site\/#organization"}},{"@type":"WebPage","@id":"https:\/\/www.altominho.tv\/site\/2022\/01\/07\/fenprof-exige-vacinacao-de-reforco-para-o-ensino-superior\/","url":"https:\/\/www.altominho.tv\/site\/2022\/01\/07\/fenprof-exige-vacinacao-de-reforco-para-o-ensino-superior\/","name":"Fenprof exige vacina\u00e7\u00e3o de refor\u00e7o para o ensino superior","isPartOf":{"@id":"https:\/\/www.altominho.tv\/site\/#website"},"primaryImageOfPage":{"@id":"https:\/\/www.altominho.tv\/site\/2022\/01\/07\/fenprof-exige-vacinacao-de-reforco-para-o-ensino-superior\/#primaryimage"},"image":{"@id":"https:\/\/www.altominho.tv\/site\/2022\/01\/07\/fenprof-exige-vacinacao-de-reforco-para-o-ensino-superior\/#primaryimage"},"thumbnailUrl":"https:\/\/www.altominho.tv\/site\/wp-content\/uploads\/2021\/08\/covid.jpg","datePublished":"2022-01-07T16:31:27+00:00","dateModified":"2022-03-07T11:27:31+00:00","author":{"@id":"https:\/\/www.altominho.tv\/site\/#\/schema\/person\/63f693da3e1899361cbe955c46f3232e"},"description":"Fenprof exigiu hoje que os docentes do ensino superior sejam abrangidos pela dose de refor\u00e7o de vacina contra a Covid-19.","breadcrumb":{"@id":"https:\/\/www.altominho.tv\/site\/2022\/01\/07\/fenprof-exige-vacinacao-de-reforco-para-o-ensino-superior\/#breadcrumb"},"inLanguage":"pt-PT","potentialAction":[{"@type":"ReadAction","target":["https:\/\/www.altominho.tv\/site\/2022\/01\/07\/fenprof-exige-vacinacao-de-reforco-para-o-ensino-superior\/"]}]},{"@type":"ImageObject","inLanguage":"pt-PT","@id":"https:\/\/www.altominho.tv\/site\/2022\/01\/07\/fenprof-exige-vacinacao-de-reforco-para-o-ensino-superior\/#primaryimage","url":"https:\/\/www.altominho.tv\/site\/wp-content\/uploads\/2021\/08\/covid.jpg","contentUrl":"https:\/\/www.altominho.tv\/site\/wp-content\/uploads\/2021\/08\/covid.jpg","width":675,"height":450},{"@type":"BreadcrumbList","@id":"https:\/\/www.altominho.tv\/site\/2022\/01\/07\/fenprof-exige-vacinacao-de-reforco-para-o-ensino-superior\/#breadcrumb","itemListElement":[{"@type":"ListItem","position":1,"name":"In\u00edcio","item":"https:\/\/www.altominho.tv\/site\/"},{"@type":"ListItem","position":2,"name":"Fenprof exige vacina\u00e7\u00e3o de refor\u00e7o para o ensino superior"}]},{"@type":"WebSite","@id":"https:\/\/www.altominho.tv\/site\/#website","url":"https:\/\/www.altominho.tv\/site\/","name":"Altominho.tv","description":"A sua regi\u00e3o \u00e0 dist\u00e2ncia de um clique...","potentialAction":[{"@type":"SearchAction","target":{"@type":"EntryPoint","urlTemplate":"https:\/\/www.altominho.tv\/site\/?s={search_term_string}"},"query-input":{"@type":"PropertyValueSpecification","valueRequired":true,"valueName":"search_term_string"}}],"inLanguage":"pt-PT"},{"@type":"Person","@id":"https:\/\/www.altominho.tv\/site\/#\/schema\/person\/63f693da3e1899361cbe955c46f3232e","name":"Lusa","image":{"@type":"ImageObject","inLanguage":"pt-PT","@id":"https:\/\/www.altominho.tv\/site\/wp-content\/uploads\/2019\/08\/LUSA_Logo.gif","url":"https:\/\/www.altominho.tv\/site\/wp-content\/uploads\/2019\/08\/LUSA_Logo.gif","contentUrl":"https:\/\/www.altominho.tv\/site\/wp-content\/uploads\/2019\/08\/LUSA_Logo.gif","caption":"Lusa"},"sameAs":["http:\/\/\/\/www.altominho.tv\/site"],"url":"https:\/\/www.altominho.tv\/site\/author\/lusa\/"}]}},"_links":{"self":[{"href":"https:\/\/www.altominho.tv\/site\/wp-json\/wp\/v2\/posts\/74507","targetHints":{"allow":["GET"]}}],"collection":[{"href":"https:\/\/www.altominho.tv\/site\/wp-json\/wp\/v2\/posts"}],"about":[{"href":"https:\/\/www.altominho.tv\/site\/wp-json\/wp\/v2\/types\/post"}],"author":[{"embeddable":true,"href":"https:\/\/www.altominho.tv\/site\/wp-json\/wp\/v2\/users\/13"}],"replies":[{"embeddable":true,"href":"https:\/\/www.altominho.tv\/site\/wp-json\/wp\/v2\/comments?post=74507"}],"version-history":[{"count":0,"href":"https:\/\/www.altominho.tv\/site\/wp-json\/wp\/v2\/posts\/74507\/revisions"}],"wp:featuredmedia":[{"embeddable":true,"href":"https:\/\/www.altominho.tv\/site\/wp-json\/wp\/v2\/media\/69404"}],"wp:attachment":[{"href":"https:\/\/www.altominho.tv\/site\/wp-json\/wp\/v2\/media?parent=74507"}],"wp:term":[{"taxonomy":"category","embeddable":true,"href":"https:\/\/www.altominho.tv\/site\/wp-json\/wp\/v2\/categories?post=74507"},{"taxonomy":"post_tag","embeddable":true,"href":"https:\/\/www.altominho.tv\/site\/wp-json\/wp\/v2\/tags?post=74507"}],"curies":[{"name":"wp","href":"https:\/\/api.w.org\/{rel}","templated":true}]}}