{"id":74468,"date":"2022-01-07T10:52:17","date_gmt":"2022-01-07T10:52:17","guid":{"rendered":"https:\/\/www.altominho.tv\/site\/?p=74468"},"modified":"2022-03-08T09:11:44","modified_gmt":"2022-03-08T09:11:44","slug":"nao-ha-garantia-de-menor-gravidade-da-omicron-e-nem-que-seja-a-ultima-variante","status":"publish","type":"post","link":"https:\/\/www.altominho.tv\/site\/2022\/01\/07\/nao-ha-garantia-de-menor-gravidade-da-omicron-e-nem-que-seja-a-ultima-variante\/","title":{"rendered":"N\u00e3o h\u00e1 garantia de menor gravidade da \u00d3micron e nem que seja a \u00faltima variante"},"content":{"rendered":"<p class=\"text-paragraph\">O Centro Europeu de Preven\u00e7\u00e3o e Controlo das Doen\u00e7as (ECDC) considera \u201cprematuro\u201d classificar a variante \u00d3micron do SARS-CoV-2 como menos grave, bem como a \u201c\u00faltima variante de sucesso\u201d, dando ainda como \u201caltamente incerto\u201d que garanta a imunidade coletiva.<\/p>\n<p class=\"text-paragraph\">\u201c\u00c9 ainda prematuro fazer uma avalia\u00e7\u00e3o completa da gravidade da \u00d3micron e s\u00e3o necess\u00e1rios mais dados\/estudos de investiga\u00e7\u00e3o\u201d, afirma o ECDC, numa resposta escrita enviada \u00e0 ag\u00eancia Lusa.<\/p>\n<p class=\"text-paragraph\">A ag\u00eancia europeia de aconselhamento aos pa\u00edses ressalva que \u201ca acumula\u00e7\u00e3o de resultados cl\u00ednicos leva geralmente v\u00e1rias semanas a concluir sobre o impacto de uma variante espec\u00edfica nas admiss\u00f5es hospitalares, necessidade de cuidados intensivos e mortes\u201d, contextualizando que \u201ca imunidade pr\u00e9via \u00e0 infe\u00e7\u00e3o natural e\/ou vacina\u00e7\u00e3o e melhores op\u00e7\u00f5es de tratamento contribuir\u00e3o para resultados menos graves da infe\u00e7\u00e3o subsequente\u201d.<\/p>\n<p class=\"text-paragraph\">Isto significa, segundo o centro europeu, que \u201co verdadeiro risco de infe\u00e7\u00e3o grave pode ser subestimado pelo grande n\u00famero de pessoas vacinadas ou anteriormente infetadas, o que n\u00e3o era o caso no in\u00edcio das vagas precedentes\u201d causadas por variantes do SARS-CoV-2 anteriores como a Beta (identificada no Reino Unido) ou a Delta (detetada na \u00cdndia).<\/p>\n<p class=\"text-paragraph\">\u201c\u00c9 tamb\u00e9m essencial ter em conta a idade relativamente jovem da maioria das pessoas que foram infetadas com a \u00d3micron at\u00e9 \u00e0 data\u201d, salvaguarda tamb\u00e9m o ECDC, aludindo aos cont\u00e1gios pela variante identificada inicialmente na \u00c1frica do Sul.<\/p>\n<p class=\"text-paragraph\">Para os especialistas desta ag\u00eancia europeia, \u201cos primeiros resultados podem n\u00e3o representar toda a vaga [atual] e o perfil cl\u00ednico da \u00d3micron pode mudar com as pr\u00f3ximas provas\u201d.<\/p>\n<p class=\"text-paragraph\">Al\u00e9m disso, estes respons\u00e1veis avisam que \u201ca combina\u00e7\u00e3o de uma maior taxa de crescimento e evas\u00e3o imunit\u00e1ria indica que qualquer vantagem que a \u00d3micron possa oferecer em termos de gravidade pode ser ultrapassada pelo aumento das taxas de infe\u00e7\u00e3o da comunidade, levando a uma carga substancialmente adicional para os hospitais, enquanto que os cuidados prim\u00e1rios podem ser sobrecarregados ainda mais do que durante as vagas anteriores\u201d.<\/p>\n<p class=\"text-paragraph\">\u201c\u00c0 medida que se acumulam mais provas, a avalia\u00e7\u00e3o dos resultados cl\u00ednicos e das consequ\u00eancias a longo prazo, tais como a condi\u00e7\u00e3o p\u00f3s-Covid-19, ser\u00e1 vi\u00e1vel\u201d, adiantam.<\/p>\n<p class=\"text-paragraph\">Questionado sobre a posi\u00e7\u00e3o de alguns especialistas que veem a \u00d3micron como um caminho para o controlo da pandemia, com imunidade coletiva, o ECDC diz \u00e0 Lusa que \u201cn\u00e3o existem provas nem raz\u00f5es para supor que esta ser\u00e1 a \u00faltima variante de sucesso do SARS-CoV-2, nem que a imunidade da popula\u00e7\u00e3o adquirida atrav\u00e9s da infe\u00e7\u00e3o e vacina\u00e7\u00e3o ser\u00e1 suficiente para proteger contra a transmiss\u00e3o ampla de uma poss\u00edvel nova variante evadindo a imunidade contra as variantes dominantes anteriores\u201d.<\/p>\n<p class=\"text-paragraph\">\u201cEmbora a imunidade adquirida anteriormente pare\u00e7a conferir prote\u00e7\u00e3o contra doen\u00e7as graves, \u00e9 altamente incerto se esta se ir\u00e1 manter contra futuras variantes altamente transmiss\u00edveis\u201d, afirma ainda este centro europeu \u00e0 Lusa.<\/p>\n<p class=\"text-paragraph\">A posi\u00e7\u00e3o do ECDC surge numa altura de elevado ressurgimento de casos por infe\u00e7\u00e3o com o SARS-CoV-2, que ainda assim n\u00e3o se traduz em mais internamentos ou mortes.<\/p>\n<p class=\"text-paragraph\">Isso tamb\u00e9m se deve \u00e0 cobertura vacinal, que \u00e9 de 68,5% para a popula\u00e7\u00e3o total na Uni\u00e3o Europeia e de 79,9% para os adultos europeus, de acordo com dados do ECDC.<\/p>\n<p class=\"text-paragraph\">A contribuir para o elevado n\u00famero de casos, que batem m\u00e1ximos, est\u00e1 a elevada transmissibilidade da variante de preocupa\u00e7\u00e3o \u00d3micron.<\/p>\n","protected":false},"excerpt":{"rendered":"<p>O Centro Europeu de Preven\u00e7\u00e3o e Controlo das Doen\u00e7as (ECDC) considera \u201cprematuro\u201d classificar a variante \u00d3micron do SARS-CoV-2 como menos grave, bem como a \u201c\u00faltima variante de sucesso\u201d, dando ainda como \u201caltamente incerto\u201d que garanta a imunidade coletiva. \u201c\u00c9 ainda prematuro fazer uma avalia\u00e7\u00e3o completa da gravidade da \u00d3micron e s\u00e3o necess\u00e1rios mais dados\/estudos de [&hellip;]<\/p>\n","protected":false},"author":13,"featured_media":74092,"comment_status":"closed","ping_status":"closed","sticky":false,"template":"","format":"standard","meta":{"_exactmetrics_skip_tracking":false,"_exactmetrics_sitenote_active":false,"_exactmetrics_sitenote_note":"","_exactmetrics_sitenote_category":0,"footnotes":""},"categories":[42722],"tags":[26,27],"class_list":["post-74468","post","type-post","status-publish","format-standard","has-post-thumbnail","hentry","category-covid-19","tag-saude","tag-sociedade"],"yoast_head":"<!-- This site is optimized with the Yoast SEO Premium plugin v27.5 (Yoast SEO v27.5) - https:\/\/yoast.com\/product\/yoast-seo-premium-wordpress\/ -->\n<title>N\u00e3o h\u00e1 garantia de menor gravidade da \u00d3micron e nem que seja a \u00faltima variante<\/title>\n<meta name=\"description\" content=\"O Centro Europeu de Preven\u00e7\u00e3o e Controlo das Doen\u00e7as (ECDC) considera \u201cprematuro\u201d classificar a variante \u00d3micron.\" \/>\n<meta name=\"robots\" content=\"index, follow, max-snippet:-1, max-image-preview:large, max-video-preview:-1\" \/>\n<link rel=\"canonical\" href=\"https:\/\/www.altominho.tv\/site\/2022\/01\/07\/nao-ha-garantia-de-menor-gravidade-da-omicron-e-nem-que-seja-a-ultima-variante\/\" \/>\n<meta property=\"og:locale\" content=\"pt_PT\" \/>\n<meta property=\"og:type\" content=\"article\" \/>\n<meta property=\"og:title\" content=\"N\u00e3o h\u00e1 garantia de menor gravidade da \u00d3micron e nem que seja a \u00faltima variante\" \/>\n<meta property=\"og:description\" content=\"O Centro Europeu de Preven\u00e7\u00e3o e Controlo das Doen\u00e7as (ECDC) considera \u201cprematuro\u201d classificar a variante \u00d3micron.\" \/>\n<meta property=\"og:url\" content=\"https:\/\/www.altominho.tv\/site\/2022\/01\/07\/nao-ha-garantia-de-menor-gravidade-da-omicron-e-nem-que-seja-a-ultima-variante\/\" \/>\n<meta property=\"og:site_name\" content=\"Altominho.tv\" \/>\n<meta property=\"article:publisher\" content=\"https:\/\/www.facebook.com\/altominhotv\" \/>\n<meta property=\"article:published_time\" content=\"2022-01-07T10:52:17+00:00\" \/>\n<meta property=\"article:modified_time\" content=\"2022-03-08T09:11:44+00:00\" \/>\n<meta property=\"og:image\" content=\"https:\/\/www.altominho.tv\/site\/wp-content\/uploads\/2021\/12\/20200401171904490031e.jpeg\" \/>\n\t<meta property=\"og:image:width\" content=\"660\" \/>\n\t<meta property=\"og:image:height\" content=\"360\" \/>\n\t<meta property=\"og:image:type\" content=\"image\/jpeg\" \/>\n<meta name=\"author\" content=\"Lusa\" \/>\n<meta name=\"twitter:card\" content=\"summary_large_image\" \/>\n<meta name=\"twitter:creator\" content=\"@altominhoTV\" \/>\n<meta name=\"twitter:site\" content=\"@altominhoTV\" \/>\n<meta name=\"twitter:label1\" content=\"Escrito por\" \/>\n\t<meta name=\"twitter:data1\" content=\"Lusa\" \/>\n\t<meta name=\"twitter:label2\" content=\"Tempo estimado de leitura\" \/>\n\t<meta name=\"twitter:data2\" content=\"3 minutos\" \/>\n<script type=\"application\/ld+json\" class=\"yoast-schema-graph\">{\"@context\":\"https:\\\/\\\/schema.org\",\"@graph\":[{\"@type\":\"Article\",\"@id\":\"https:\\\/\\\/www.altominho.tv\\\/site\\\/2022\\\/01\\\/07\\\/nao-ha-garantia-de-menor-gravidade-da-omicron-e-nem-que-seja-a-ultima-variante\\\/#article\",\"isPartOf\":{\"@id\":\"https:\\\/\\\/www.altominho.tv\\\/site\\\/2022\\\/01\\\/07\\\/nao-ha-garantia-de-menor-gravidade-da-omicron-e-nem-que-seja-a-ultima-variante\\\/\"},\"author\":{\"name\":\"Lusa\",\"@id\":\"https:\\\/\\\/www.altominho.tv\\\/site\\\/#\\\/schema\\\/person\\\/63f693da3e1899361cbe955c46f3232e\"},\"headline\":\"N\u00e3o h\u00e1 garantia de menor gravidade da \u00d3micron e nem que seja a \u00faltima variante\",\"datePublished\":\"2022-01-07T10:52:17+00:00\",\"dateModified\":\"2022-03-08T09:11:44+00:00\",\"mainEntityOfPage\":{\"@id\":\"https:\\\/\\\/www.altominho.tv\\\/site\\\/2022\\\/01\\\/07\\\/nao-ha-garantia-de-menor-gravidade-da-omicron-e-nem-que-seja-a-ultima-variante\\\/\"},\"wordCount\":597,\"image\":{\"@id\":\"https:\\\/\\\/www.altominho.tv\\\/site\\\/2022\\\/01\\\/07\\\/nao-ha-garantia-de-menor-gravidade-da-omicron-e-nem-que-seja-a-ultima-variante\\\/#primaryimage\"},\"thumbnailUrl\":\"https:\\\/\\\/www.altominho.tv\\\/site\\\/wp-content\\\/uploads\\\/2021\\\/12\\\/20200401171904490031e.jpeg\",\"keywords\":[\"Sa\u00fade\",\"Sociedade\"],\"articleSection\":[\"Coronav\u00edrus\"],\"inLanguage\":\"pt-PT\",\"copyrightYear\":\"2022\",\"copyrightHolder\":{\"@id\":\"https:\\\/\\\/www.altominho.tv\\\/site\\\/#organization\"}},{\"@type\":\"WebPage\",\"@id\":\"https:\\\/\\\/www.altominho.tv\\\/site\\\/2022\\\/01\\\/07\\\/nao-ha-garantia-de-menor-gravidade-da-omicron-e-nem-que-seja-a-ultima-variante\\\/\",\"url\":\"https:\\\/\\\/www.altominho.tv\\\/site\\\/2022\\\/01\\\/07\\\/nao-ha-garantia-de-menor-gravidade-da-omicron-e-nem-que-seja-a-ultima-variante\\\/\",\"name\":\"N\u00e3o h\u00e1 garantia de menor gravidade da \u00d3micron e nem que seja a \u00faltima variante\",\"isPartOf\":{\"@id\":\"https:\\\/\\\/www.altominho.tv\\\/site\\\/#website\"},\"primaryImageOfPage\":{\"@id\":\"https:\\\/\\\/www.altominho.tv\\\/site\\\/2022\\\/01\\\/07\\\/nao-ha-garantia-de-menor-gravidade-da-omicron-e-nem-que-seja-a-ultima-variante\\\/#primaryimage\"},\"image\":{\"@id\":\"https:\\\/\\\/www.altominho.tv\\\/site\\\/2022\\\/01\\\/07\\\/nao-ha-garantia-de-menor-gravidade-da-omicron-e-nem-que-seja-a-ultima-variante\\\/#primaryimage\"},\"thumbnailUrl\":\"https:\\\/\\\/www.altominho.tv\\\/site\\\/wp-content\\\/uploads\\\/2021\\\/12\\\/20200401171904490031e.jpeg\",\"datePublished\":\"2022-01-07T10:52:17+00:00\",\"dateModified\":\"2022-03-08T09:11:44+00:00\",\"author\":{\"@id\":\"https:\\\/\\\/www.altominho.tv\\\/site\\\/#\\\/schema\\\/person\\\/63f693da3e1899361cbe955c46f3232e\"},\"description\":\"O Centro Europeu de Preven\u00e7\u00e3o e Controlo das Doen\u00e7as (ECDC) considera \u201cprematuro\u201d classificar a variante \u00d3micron.\",\"breadcrumb\":{\"@id\":\"https:\\\/\\\/www.altominho.tv\\\/site\\\/2022\\\/01\\\/07\\\/nao-ha-garantia-de-menor-gravidade-da-omicron-e-nem-que-seja-a-ultima-variante\\\/#breadcrumb\"},\"inLanguage\":\"pt-PT\",\"potentialAction\":[{\"@type\":\"ReadAction\",\"target\":[\"https:\\\/\\\/www.altominho.tv\\\/site\\\/2022\\\/01\\\/07\\\/nao-ha-garantia-de-menor-gravidade-da-omicron-e-nem-que-seja-a-ultima-variante\\\/\"]}]},{\"@type\":\"ImageObject\",\"inLanguage\":\"pt-PT\",\"@id\":\"https:\\\/\\\/www.altominho.tv\\\/site\\\/2022\\\/01\\\/07\\\/nao-ha-garantia-de-menor-gravidade-da-omicron-e-nem-que-seja-a-ultima-variante\\\/#primaryimage\",\"url\":\"https:\\\/\\\/www.altominho.tv\\\/site\\\/wp-content\\\/uploads\\\/2021\\\/12\\\/20200401171904490031e.jpeg\",\"contentUrl\":\"https:\\\/\\\/www.altominho.tv\\\/site\\\/wp-content\\\/uploads\\\/2021\\\/12\\\/20200401171904490031e.jpeg\",\"width\":660,\"height\":360},{\"@type\":\"BreadcrumbList\",\"@id\":\"https:\\\/\\\/www.altominho.tv\\\/site\\\/2022\\\/01\\\/07\\\/nao-ha-garantia-de-menor-gravidade-da-omicron-e-nem-que-seja-a-ultima-variante\\\/#breadcrumb\",\"itemListElement\":[{\"@type\":\"ListItem\",\"position\":1,\"name\":\"In\u00edcio\",\"item\":\"https:\\\/\\\/www.altominho.tv\\\/site\\\/\"},{\"@type\":\"ListItem\",\"position\":2,\"name\":\"N\u00e3o h\u00e1 garantia de menor gravidade da \u00d3micron e nem que seja a \u00faltima variante\"}]},{\"@type\":\"WebSite\",\"@id\":\"https:\\\/\\\/www.altominho.tv\\\/site\\\/#website\",\"url\":\"https:\\\/\\\/www.altominho.tv\\\/site\\\/\",\"name\":\"Altominho.tv\",\"description\":\"A sua regi\u00e3o \u00e0 dist\u00e2ncia de um clique...\",\"potentialAction\":[{\"@type\":\"SearchAction\",\"target\":{\"@type\":\"EntryPoint\",\"urlTemplate\":\"https:\\\/\\\/www.altominho.tv\\\/site\\\/?s={search_term_string}\"},\"query-input\":{\"@type\":\"PropertyValueSpecification\",\"valueRequired\":true,\"valueName\":\"search_term_string\"}}],\"inLanguage\":\"pt-PT\"},{\"@type\":\"Person\",\"@id\":\"https:\\\/\\\/www.altominho.tv\\\/site\\\/#\\\/schema\\\/person\\\/63f693da3e1899361cbe955c46f3232e\",\"name\":\"Lusa\",\"image\":{\"@type\":\"ImageObject\",\"inLanguage\":\"pt-PT\",\"@id\":\"https:\\\/\\\/www.altominho.tv\\\/site\\\/wp-content\\\/uploads\\\/2019\\\/08\\\/LUSA_Logo.gif\",\"url\":\"https:\\\/\\\/www.altominho.tv\\\/site\\\/wp-content\\\/uploads\\\/2019\\\/08\\\/LUSA_Logo.gif\",\"contentUrl\":\"https:\\\/\\\/www.altominho.tv\\\/site\\\/wp-content\\\/uploads\\\/2019\\\/08\\\/LUSA_Logo.gif\",\"caption\":\"Lusa\"},\"sameAs\":[\"http:\\\/\\\/\\\/\\\/www.altominho.tv\\\/site\"],\"url\":\"https:\\\/\\\/www.altominho.tv\\\/site\\\/author\\\/lusa\\\/\"}]}<\/script>\n<!-- \/ Yoast SEO Premium plugin. -->","yoast_head_json":{"title":"N\u00e3o h\u00e1 garantia de menor gravidade da \u00d3micron e nem que seja a \u00faltima variante","description":"O Centro Europeu de Preven\u00e7\u00e3o e Controlo das Doen\u00e7as (ECDC) considera \u201cprematuro\u201d classificar a variante \u00d3micron.","robots":{"index":"index","follow":"follow","max-snippet":"max-snippet:-1","max-image-preview":"max-image-preview:large","max-video-preview":"max-video-preview:-1"},"canonical":"https:\/\/www.altominho.tv\/site\/2022\/01\/07\/nao-ha-garantia-de-menor-gravidade-da-omicron-e-nem-que-seja-a-ultima-variante\/","og_locale":"pt_PT","og_type":"article","og_title":"N\u00e3o h\u00e1 garantia de menor gravidade da \u00d3micron e nem que seja a \u00faltima variante","og_description":"O Centro Europeu de Preven\u00e7\u00e3o e Controlo das Doen\u00e7as (ECDC) considera \u201cprematuro\u201d classificar a variante \u00d3micron.","og_url":"https:\/\/www.altominho.tv\/site\/2022\/01\/07\/nao-ha-garantia-de-menor-gravidade-da-omicron-e-nem-que-seja-a-ultima-variante\/","og_site_name":"Altominho.tv","article_publisher":"https:\/\/www.facebook.com\/altominhotv","article_published_time":"2022-01-07T10:52:17+00:00","article_modified_time":"2022-03-08T09:11:44+00:00","og_image":[{"width":660,"height":360,"url":"https:\/\/www.altominho.tv\/site\/wp-content\/uploads\/2021\/12\/20200401171904490031e.jpeg","type":"image\/jpeg"}],"author":"Lusa","twitter_card":"summary_large_image","twitter_creator":"@altominhoTV","twitter_site":"@altominhoTV","twitter_misc":{"Escrito por":"Lusa","Tempo estimado de leitura":"3 minutos"},"schema":{"@context":"https:\/\/schema.org","@graph":[{"@type":"Article","@id":"https:\/\/www.altominho.tv\/site\/2022\/01\/07\/nao-ha-garantia-de-menor-gravidade-da-omicron-e-nem-que-seja-a-ultima-variante\/#article","isPartOf":{"@id":"https:\/\/www.altominho.tv\/site\/2022\/01\/07\/nao-ha-garantia-de-menor-gravidade-da-omicron-e-nem-que-seja-a-ultima-variante\/"},"author":{"name":"Lusa","@id":"https:\/\/www.altominho.tv\/site\/#\/schema\/person\/63f693da3e1899361cbe955c46f3232e"},"headline":"N\u00e3o h\u00e1 garantia de menor gravidade da \u00d3micron e nem que seja a \u00faltima variante","datePublished":"2022-01-07T10:52:17+00:00","dateModified":"2022-03-08T09:11:44+00:00","mainEntityOfPage":{"@id":"https:\/\/www.altominho.tv\/site\/2022\/01\/07\/nao-ha-garantia-de-menor-gravidade-da-omicron-e-nem-que-seja-a-ultima-variante\/"},"wordCount":597,"image":{"@id":"https:\/\/www.altominho.tv\/site\/2022\/01\/07\/nao-ha-garantia-de-menor-gravidade-da-omicron-e-nem-que-seja-a-ultima-variante\/#primaryimage"},"thumbnailUrl":"https:\/\/www.altominho.tv\/site\/wp-content\/uploads\/2021\/12\/20200401171904490031e.jpeg","keywords":["Sa\u00fade","Sociedade"],"articleSection":["Coronav\u00edrus"],"inLanguage":"pt-PT","copyrightYear":"2022","copyrightHolder":{"@id":"https:\/\/www.altominho.tv\/site\/#organization"}},{"@type":"WebPage","@id":"https:\/\/www.altominho.tv\/site\/2022\/01\/07\/nao-ha-garantia-de-menor-gravidade-da-omicron-e-nem-que-seja-a-ultima-variante\/","url":"https:\/\/www.altominho.tv\/site\/2022\/01\/07\/nao-ha-garantia-de-menor-gravidade-da-omicron-e-nem-que-seja-a-ultima-variante\/","name":"N\u00e3o h\u00e1 garantia de menor gravidade da \u00d3micron e nem que seja a \u00faltima variante","isPartOf":{"@id":"https:\/\/www.altominho.tv\/site\/#website"},"primaryImageOfPage":{"@id":"https:\/\/www.altominho.tv\/site\/2022\/01\/07\/nao-ha-garantia-de-menor-gravidade-da-omicron-e-nem-que-seja-a-ultima-variante\/#primaryimage"},"image":{"@id":"https:\/\/www.altominho.tv\/site\/2022\/01\/07\/nao-ha-garantia-de-menor-gravidade-da-omicron-e-nem-que-seja-a-ultima-variante\/#primaryimage"},"thumbnailUrl":"https:\/\/www.altominho.tv\/site\/wp-content\/uploads\/2021\/12\/20200401171904490031e.jpeg","datePublished":"2022-01-07T10:52:17+00:00","dateModified":"2022-03-08T09:11:44+00:00","author":{"@id":"https:\/\/www.altominho.tv\/site\/#\/schema\/person\/63f693da3e1899361cbe955c46f3232e"},"description":"O Centro Europeu de Preven\u00e7\u00e3o e Controlo das Doen\u00e7as (ECDC) considera \u201cprematuro\u201d classificar a variante \u00d3micron.","breadcrumb":{"@id":"https:\/\/www.altominho.tv\/site\/2022\/01\/07\/nao-ha-garantia-de-menor-gravidade-da-omicron-e-nem-que-seja-a-ultima-variante\/#breadcrumb"},"inLanguage":"pt-PT","potentialAction":[{"@type":"ReadAction","target":["https:\/\/www.altominho.tv\/site\/2022\/01\/07\/nao-ha-garantia-de-menor-gravidade-da-omicron-e-nem-que-seja-a-ultima-variante\/"]}]},{"@type":"ImageObject","inLanguage":"pt-PT","@id":"https:\/\/www.altominho.tv\/site\/2022\/01\/07\/nao-ha-garantia-de-menor-gravidade-da-omicron-e-nem-que-seja-a-ultima-variante\/#primaryimage","url":"https:\/\/www.altominho.tv\/site\/wp-content\/uploads\/2021\/12\/20200401171904490031e.jpeg","contentUrl":"https:\/\/www.altominho.tv\/site\/wp-content\/uploads\/2021\/12\/20200401171904490031e.jpeg","width":660,"height":360},{"@type":"BreadcrumbList","@id":"https:\/\/www.altominho.tv\/site\/2022\/01\/07\/nao-ha-garantia-de-menor-gravidade-da-omicron-e-nem-que-seja-a-ultima-variante\/#breadcrumb","itemListElement":[{"@type":"ListItem","position":1,"name":"In\u00edcio","item":"https:\/\/www.altominho.tv\/site\/"},{"@type":"ListItem","position":2,"name":"N\u00e3o h\u00e1 garantia de menor gravidade da \u00d3micron e nem que seja a \u00faltima variante"}]},{"@type":"WebSite","@id":"https:\/\/www.altominho.tv\/site\/#website","url":"https:\/\/www.altominho.tv\/site\/","name":"Altominho.tv","description":"A sua regi\u00e3o \u00e0 dist\u00e2ncia de um clique...","potentialAction":[{"@type":"SearchAction","target":{"@type":"EntryPoint","urlTemplate":"https:\/\/www.altominho.tv\/site\/?s={search_term_string}"},"query-input":{"@type":"PropertyValueSpecification","valueRequired":true,"valueName":"search_term_string"}}],"inLanguage":"pt-PT"},{"@type":"Person","@id":"https:\/\/www.altominho.tv\/site\/#\/schema\/person\/63f693da3e1899361cbe955c46f3232e","name":"Lusa","image":{"@type":"ImageObject","inLanguage":"pt-PT","@id":"https:\/\/www.altominho.tv\/site\/wp-content\/uploads\/2019\/08\/LUSA_Logo.gif","url":"https:\/\/www.altominho.tv\/site\/wp-content\/uploads\/2019\/08\/LUSA_Logo.gif","contentUrl":"https:\/\/www.altominho.tv\/site\/wp-content\/uploads\/2019\/08\/LUSA_Logo.gif","caption":"Lusa"},"sameAs":["http:\/\/\/\/www.altominho.tv\/site"],"url":"https:\/\/www.altominho.tv\/site\/author\/lusa\/"}]}},"_links":{"self":[{"href":"https:\/\/www.altominho.tv\/site\/wp-json\/wp\/v2\/posts\/74468","targetHints":{"allow":["GET"]}}],"collection":[{"href":"https:\/\/www.altominho.tv\/site\/wp-json\/wp\/v2\/posts"}],"about":[{"href":"https:\/\/www.altominho.tv\/site\/wp-json\/wp\/v2\/types\/post"}],"author":[{"embeddable":true,"href":"https:\/\/www.altominho.tv\/site\/wp-json\/wp\/v2\/users\/13"}],"replies":[{"embeddable":true,"href":"https:\/\/www.altominho.tv\/site\/wp-json\/wp\/v2\/comments?post=74468"}],"version-history":[{"count":0,"href":"https:\/\/www.altominho.tv\/site\/wp-json\/wp\/v2\/posts\/74468\/revisions"}],"wp:featuredmedia":[{"embeddable":true,"href":"https:\/\/www.altominho.tv\/site\/wp-json\/wp\/v2\/media\/74092"}],"wp:attachment":[{"href":"https:\/\/www.altominho.tv\/site\/wp-json\/wp\/v2\/media?parent=74468"}],"wp:term":[{"taxonomy":"category","embeddable":true,"href":"https:\/\/www.altominho.tv\/site\/wp-json\/wp\/v2\/categories?post=74468"},{"taxonomy":"post_tag","embeddable":true,"href":"https:\/\/www.altominho.tv\/site\/wp-json\/wp\/v2\/tags?post=74468"}],"curies":[{"name":"wp","href":"https:\/\/api.w.org\/{rel}","templated":true}]}}