{"id":74421,"date":"2022-01-06T13:33:59","date_gmt":"2022-01-06T13:33:59","guid":{"rendered":"https:\/\/www.altominho.tv\/site\/?p=74421"},"modified":"2022-03-07T16:14:48","modified_gmt":"2022-03-07T16:14:48","slug":"teletrabalho-obrigatorio-ate-14-de-janeiro-e-recomendado-a-partir-dessa-data","status":"publish","type":"post","link":"https:\/\/www.altominho.tv\/site\/2022\/01\/06\/teletrabalho-obrigatorio-ate-14-de-janeiro-e-recomendado-a-partir-dessa-data\/","title":{"rendered":"Teletrabalho obrigat\u00f3rio at\u00e9 14 de janeiro e recomendado a partir dessa data"},"content":{"rendered":"<p data-uw-styling-context=\"true\">O teletrabalho vai continuar obrigat\u00f3rio at\u00e9 14 de janeiro, sendo recomendado a partir dessa data, no \u00e2mbito das medidas de combate \u00e0 pandemia de Covid-19, segundo decidiu o Conselho de Ministros, esta quinta-feira.<\/p>\n<p class=\"text-paragraph\" data-uw-styling-context=\"true\">\u201cNo teletrabalho, a obrigatoriedade \u00e9 prolongada at\u00e9 dia 14 [de janeiro] e a partir do dia 14 h\u00e1 uma recomenda\u00e7\u00e3o da manuten\u00e7\u00e3o do teletrabalho\u201d, precisou o primeiro-ministro no final do Conselho de Ministros, que decorreu no Pal\u00e1cio da Ajuda, em Lisboa.<\/p>\n<p class=\"text-paragraph\" data-uw-styling-context=\"true\">Este Conselho de Ministros acontece um dia depois da reuni\u00e3o de peritos, onde os especialistas fizeram um ponto de situa\u00e7\u00e3o da evolu\u00e7\u00e3o da pandemia, tendo o Governo avaliado as medidas de conten\u00e7\u00e3o em vigor at\u00e9 ao dia 10 de janeiro e decidido o que fazer ap\u00f3s essa data.<\/p>\n<p class=\"text-paragraph\" data-uw-styling-context=\"true\">Recorde-se que num Conselho de Ministros extraordin\u00e1rio realizado em 21 de dezembro o Governo anunciou ter decidido antecipar para 25 de dezembro o per\u00edodo durante o qual o teletrabalho passou a obrigat\u00f3rio, determinando que este regime vigoraria a partir das 00h00 do dia 25 de dezembro at\u00e9 09 de janeiro.<\/p>\n<p class=\"text-paragraph\" data-uw-styling-context=\"true\">\u201c[Decidimos] antecipar j\u00e1 para o in\u00edcio da pr\u00f3xima semana, para as 00h00 do dia 25 de dezembro um conjunto de medidas que t\u00ednhamos apenas para a semana de conten\u00e7\u00e3o e, por isso, a partir das 00h00 do pr\u00f3ximo dia 25 o teletrabalho passa a ser obrigat\u00f3rio\u201d, referiu ent\u00e3o o primeiro-ministro, Ant\u00f3nio Costa.<\/p>\n<p class=\"text-paragraph\" data-uw-styling-context=\"true\">Com a entrada do pa\u00eds em situa\u00e7\u00e3o de calamidade, em 01 de dezembro, foi decidido que, excetuando o per\u00edodo de conten\u00e7\u00e3o (de 25 de dezembro a 09 de janeiro), o teletrabalho voltava a ser recomendado.<\/p>\n<p class=\"text-paragraph\" data-uw-styling-context=\"true\">O teletrabalho tinha deixado de ser recomendado em 01 de outubro.<\/p>\n","protected":false},"excerpt":{"rendered":"<p>O teletrabalho vai continuar obrigat\u00f3rio at\u00e9 14 de janeiro, sendo recomendado a partir dessa data, no \u00e2mbito das medidas de combate \u00e0 pandemia de Covid-19, segundo decidiu o Conselho de Ministros, esta quinta-feira. \u201cNo teletrabalho, a obrigatoriedade \u00e9 prolongada at\u00e9 dia 14 [de janeiro] e a partir do dia 14 h\u00e1 uma recomenda\u00e7\u00e3o da manuten\u00e7\u00e3o [&hellip;]<\/p>\n","protected":false},"author":13,"featured_media":72221,"comment_status":"closed","ping_status":"closed","sticky":false,"template":"","format":"standard","meta":{"_exactmetrics_skip_tracking":false,"_exactmetrics_sitenote_active":false,"_exactmetrics_sitenote_note":"","_exactmetrics_sitenote_category":0,"footnotes":""},"categories":[42722],"tags":[27],"class_list":["post-74421","post","type-post","status-publish","format-standard","has-post-thumbnail","hentry","category-covid-19","tag-sociedade"],"yoast_head":"<!-- This site is optimized with the Yoast SEO Premium plugin v27.5 (Yoast SEO v27.5) - https:\/\/yoast.com\/product\/yoast-seo-premium-wordpress\/ -->\n<title>Teletrabalho obrigat\u00f3rio at\u00e9 14 de janeiro e recomendado a partir dessa data<\/title>\n<meta name=\"description\" content=\"O teletrabalho vai continuar obrigat\u00f3rio at\u00e9 14 de janeiro, no \u00e2mbito das medidas de combate \u00e0 pandemia de Covid-19.\" \/>\n<meta name=\"robots\" content=\"index, follow, max-snippet:-1, max-image-preview:large, max-video-preview:-1\" \/>\n<link rel=\"canonical\" href=\"https:\/\/www.altominho.tv\/site\/2022\/01\/06\/teletrabalho-obrigatorio-ate-14-de-janeiro-e-recomendado-a-partir-dessa-data\/\" \/>\n<meta property=\"og:locale\" content=\"pt_PT\" \/>\n<meta property=\"og:type\" content=\"article\" \/>\n<meta property=\"og:title\" content=\"Teletrabalho obrigat\u00f3rio at\u00e9 14 de janeiro e recomendado a partir dessa data\" \/>\n<meta property=\"og:description\" content=\"O teletrabalho vai continuar obrigat\u00f3rio at\u00e9 14 de janeiro, no \u00e2mbito das medidas de combate \u00e0 pandemia de Covid-19.\" \/>\n<meta property=\"og:url\" content=\"https:\/\/www.altominho.tv\/site\/2022\/01\/06\/teletrabalho-obrigatorio-ate-14-de-janeiro-e-recomendado-a-partir-dessa-data\/\" \/>\n<meta property=\"og:site_name\" content=\"Altominho.tv\" \/>\n<meta property=\"article:publisher\" content=\"https:\/\/www.facebook.com\/altominhotv\" \/>\n<meta property=\"article:published_time\" content=\"2022-01-06T13:33:59+00:00\" \/>\n<meta property=\"article:modified_time\" content=\"2022-03-07T16:14:48+00:00\" \/>\n<meta property=\"og:image\" content=\"https:\/\/www.altominho.tv\/site\/wp-content\/uploads\/2021\/11\/1024.jpeg\" \/>\n\t<meta property=\"og:image:width\" content=\"1024\" \/>\n\t<meta property=\"og:image:height\" content=\"682\" \/>\n\t<meta property=\"og:image:type\" content=\"image\/jpeg\" \/>\n<meta name=\"author\" content=\"Lusa\" \/>\n<meta name=\"twitter:card\" content=\"summary_large_image\" \/>\n<meta name=\"twitter:creator\" content=\"@altominhoTV\" \/>\n<meta name=\"twitter:site\" content=\"@altominhoTV\" \/>\n<meta name=\"twitter:label1\" content=\"Escrito por\" \/>\n\t<meta name=\"twitter:data1\" content=\"Lusa\" \/>\n\t<meta name=\"twitter:label2\" content=\"Tempo estimado de leitura\" \/>\n\t<meta name=\"twitter:data2\" content=\"2 minutos\" \/>\n<script type=\"application\/ld+json\" class=\"yoast-schema-graph\">{\"@context\":\"https:\\\/\\\/schema.org\",\"@graph\":[{\"@type\":\"Article\",\"@id\":\"https:\\\/\\\/www.altominho.tv\\\/site\\\/2022\\\/01\\\/06\\\/teletrabalho-obrigatorio-ate-14-de-janeiro-e-recomendado-a-partir-dessa-data\\\/#article\",\"isPartOf\":{\"@id\":\"https:\\\/\\\/www.altominho.tv\\\/site\\\/2022\\\/01\\\/06\\\/teletrabalho-obrigatorio-ate-14-de-janeiro-e-recomendado-a-partir-dessa-data\\\/\"},\"author\":{\"name\":\"Lusa\",\"@id\":\"https:\\\/\\\/www.altominho.tv\\\/site\\\/#\\\/schema\\\/person\\\/63f693da3e1899361cbe955c46f3232e\"},\"headline\":\"Teletrabalho obrigat\u00f3rio at\u00e9 14 de janeiro e recomendado a partir dessa data\",\"datePublished\":\"2022-01-06T13:33:59+00:00\",\"dateModified\":\"2022-03-07T16:14:48+00:00\",\"mainEntityOfPage\":{\"@id\":\"https:\\\/\\\/www.altominho.tv\\\/site\\\/2022\\\/01\\\/06\\\/teletrabalho-obrigatorio-ate-14-de-janeiro-e-recomendado-a-partir-dessa-data\\\/\"},\"wordCount\":290,\"image\":{\"@id\":\"https:\\\/\\\/www.altominho.tv\\\/site\\\/2022\\\/01\\\/06\\\/teletrabalho-obrigatorio-ate-14-de-janeiro-e-recomendado-a-partir-dessa-data\\\/#primaryimage\"},\"thumbnailUrl\":\"https:\\\/\\\/www.altominho.tv\\\/site\\\/wp-content\\\/uploads\\\/2021\\\/11\\\/1024.jpeg\",\"keywords\":[\"Sociedade\"],\"articleSection\":[\"Coronav\u00edrus\"],\"inLanguage\":\"pt-PT\",\"copyrightYear\":\"2022\",\"copyrightHolder\":{\"@id\":\"https:\\\/\\\/www.altominho.tv\\\/site\\\/#organization\"}},{\"@type\":\"WebPage\",\"@id\":\"https:\\\/\\\/www.altominho.tv\\\/site\\\/2022\\\/01\\\/06\\\/teletrabalho-obrigatorio-ate-14-de-janeiro-e-recomendado-a-partir-dessa-data\\\/\",\"url\":\"https:\\\/\\\/www.altominho.tv\\\/site\\\/2022\\\/01\\\/06\\\/teletrabalho-obrigatorio-ate-14-de-janeiro-e-recomendado-a-partir-dessa-data\\\/\",\"name\":\"Teletrabalho obrigat\u00f3rio at\u00e9 14 de janeiro e recomendado a partir dessa data\",\"isPartOf\":{\"@id\":\"https:\\\/\\\/www.altominho.tv\\\/site\\\/#website\"},\"primaryImageOfPage\":{\"@id\":\"https:\\\/\\\/www.altominho.tv\\\/site\\\/2022\\\/01\\\/06\\\/teletrabalho-obrigatorio-ate-14-de-janeiro-e-recomendado-a-partir-dessa-data\\\/#primaryimage\"},\"image\":{\"@id\":\"https:\\\/\\\/www.altominho.tv\\\/site\\\/2022\\\/01\\\/06\\\/teletrabalho-obrigatorio-ate-14-de-janeiro-e-recomendado-a-partir-dessa-data\\\/#primaryimage\"},\"thumbnailUrl\":\"https:\\\/\\\/www.altominho.tv\\\/site\\\/wp-content\\\/uploads\\\/2021\\\/11\\\/1024.jpeg\",\"datePublished\":\"2022-01-06T13:33:59+00:00\",\"dateModified\":\"2022-03-07T16:14:48+00:00\",\"author\":{\"@id\":\"https:\\\/\\\/www.altominho.tv\\\/site\\\/#\\\/schema\\\/person\\\/63f693da3e1899361cbe955c46f3232e\"},\"description\":\"O teletrabalho vai continuar obrigat\u00f3rio at\u00e9 14 de janeiro, no \u00e2mbito das medidas de combate \u00e0 pandemia de Covid-19.\",\"breadcrumb\":{\"@id\":\"https:\\\/\\\/www.altominho.tv\\\/site\\\/2022\\\/01\\\/06\\\/teletrabalho-obrigatorio-ate-14-de-janeiro-e-recomendado-a-partir-dessa-data\\\/#breadcrumb\"},\"inLanguage\":\"pt-PT\",\"potentialAction\":[{\"@type\":\"ReadAction\",\"target\":[\"https:\\\/\\\/www.altominho.tv\\\/site\\\/2022\\\/01\\\/06\\\/teletrabalho-obrigatorio-ate-14-de-janeiro-e-recomendado-a-partir-dessa-data\\\/\"]}]},{\"@type\":\"ImageObject\",\"inLanguage\":\"pt-PT\",\"@id\":\"https:\\\/\\\/www.altominho.tv\\\/site\\\/2022\\\/01\\\/06\\\/teletrabalho-obrigatorio-ate-14-de-janeiro-e-recomendado-a-partir-dessa-data\\\/#primaryimage\",\"url\":\"https:\\\/\\\/www.altominho.tv\\\/site\\\/wp-content\\\/uploads\\\/2021\\\/11\\\/1024.jpeg\",\"contentUrl\":\"https:\\\/\\\/www.altominho.tv\\\/site\\\/wp-content\\\/uploads\\\/2021\\\/11\\\/1024.jpeg\",\"width\":1024,\"height\":682},{\"@type\":\"BreadcrumbList\",\"@id\":\"https:\\\/\\\/www.altominho.tv\\\/site\\\/2022\\\/01\\\/06\\\/teletrabalho-obrigatorio-ate-14-de-janeiro-e-recomendado-a-partir-dessa-data\\\/#breadcrumb\",\"itemListElement\":[{\"@type\":\"ListItem\",\"position\":1,\"name\":\"In\u00edcio\",\"item\":\"https:\\\/\\\/www.altominho.tv\\\/site\\\/\"},{\"@type\":\"ListItem\",\"position\":2,\"name\":\"Teletrabalho obrigat\u00f3rio at\u00e9 14 de janeiro e recomendado a partir dessa data\"}]},{\"@type\":\"WebSite\",\"@id\":\"https:\\\/\\\/www.altominho.tv\\\/site\\\/#website\",\"url\":\"https:\\\/\\\/www.altominho.tv\\\/site\\\/\",\"name\":\"Altominho.tv\",\"description\":\"A sua regi\u00e3o \u00e0 dist\u00e2ncia de um clique...\",\"potentialAction\":[{\"@type\":\"SearchAction\",\"target\":{\"@type\":\"EntryPoint\",\"urlTemplate\":\"https:\\\/\\\/www.altominho.tv\\\/site\\\/?s={search_term_string}\"},\"query-input\":{\"@type\":\"PropertyValueSpecification\",\"valueRequired\":true,\"valueName\":\"search_term_string\"}}],\"inLanguage\":\"pt-PT\"},{\"@type\":\"Person\",\"@id\":\"https:\\\/\\\/www.altominho.tv\\\/site\\\/#\\\/schema\\\/person\\\/63f693da3e1899361cbe955c46f3232e\",\"name\":\"Lusa\",\"image\":{\"@type\":\"ImageObject\",\"inLanguage\":\"pt-PT\",\"@id\":\"https:\\\/\\\/www.altominho.tv\\\/site\\\/wp-content\\\/uploads\\\/2019\\\/08\\\/LUSA_Logo.gif\",\"url\":\"https:\\\/\\\/www.altominho.tv\\\/site\\\/wp-content\\\/uploads\\\/2019\\\/08\\\/LUSA_Logo.gif\",\"contentUrl\":\"https:\\\/\\\/www.altominho.tv\\\/site\\\/wp-content\\\/uploads\\\/2019\\\/08\\\/LUSA_Logo.gif\",\"caption\":\"Lusa\"},\"sameAs\":[\"http:\\\/\\\/\\\/\\\/www.altominho.tv\\\/site\"],\"url\":\"https:\\\/\\\/www.altominho.tv\\\/site\\\/author\\\/lusa\\\/\"}]}<\/script>\n<!-- \/ Yoast SEO Premium plugin. -->","yoast_head_json":{"title":"Teletrabalho obrigat\u00f3rio at\u00e9 14 de janeiro e recomendado a partir dessa data","description":"O teletrabalho vai continuar obrigat\u00f3rio at\u00e9 14 de janeiro, no \u00e2mbito das medidas de combate \u00e0 pandemia de Covid-19.","robots":{"index":"index","follow":"follow","max-snippet":"max-snippet:-1","max-image-preview":"max-image-preview:large","max-video-preview":"max-video-preview:-1"},"canonical":"https:\/\/www.altominho.tv\/site\/2022\/01\/06\/teletrabalho-obrigatorio-ate-14-de-janeiro-e-recomendado-a-partir-dessa-data\/","og_locale":"pt_PT","og_type":"article","og_title":"Teletrabalho obrigat\u00f3rio at\u00e9 14 de janeiro e recomendado a partir dessa data","og_description":"O teletrabalho vai continuar obrigat\u00f3rio at\u00e9 14 de janeiro, no \u00e2mbito das medidas de combate \u00e0 pandemia de Covid-19.","og_url":"https:\/\/www.altominho.tv\/site\/2022\/01\/06\/teletrabalho-obrigatorio-ate-14-de-janeiro-e-recomendado-a-partir-dessa-data\/","og_site_name":"Altominho.tv","article_publisher":"https:\/\/www.facebook.com\/altominhotv","article_published_time":"2022-01-06T13:33:59+00:00","article_modified_time":"2022-03-07T16:14:48+00:00","og_image":[{"width":1024,"height":682,"url":"https:\/\/www.altominho.tv\/site\/wp-content\/uploads\/2021\/11\/1024.jpeg","type":"image\/jpeg"}],"author":"Lusa","twitter_card":"summary_large_image","twitter_creator":"@altominhoTV","twitter_site":"@altominhoTV","twitter_misc":{"Escrito por":"Lusa","Tempo estimado de leitura":"2 minutos"},"schema":{"@context":"https:\/\/schema.org","@graph":[{"@type":"Article","@id":"https:\/\/www.altominho.tv\/site\/2022\/01\/06\/teletrabalho-obrigatorio-ate-14-de-janeiro-e-recomendado-a-partir-dessa-data\/#article","isPartOf":{"@id":"https:\/\/www.altominho.tv\/site\/2022\/01\/06\/teletrabalho-obrigatorio-ate-14-de-janeiro-e-recomendado-a-partir-dessa-data\/"},"author":{"name":"Lusa","@id":"https:\/\/www.altominho.tv\/site\/#\/schema\/person\/63f693da3e1899361cbe955c46f3232e"},"headline":"Teletrabalho obrigat\u00f3rio at\u00e9 14 de janeiro e recomendado a partir dessa data","datePublished":"2022-01-06T13:33:59+00:00","dateModified":"2022-03-07T16:14:48+00:00","mainEntityOfPage":{"@id":"https:\/\/www.altominho.tv\/site\/2022\/01\/06\/teletrabalho-obrigatorio-ate-14-de-janeiro-e-recomendado-a-partir-dessa-data\/"},"wordCount":290,"image":{"@id":"https:\/\/www.altominho.tv\/site\/2022\/01\/06\/teletrabalho-obrigatorio-ate-14-de-janeiro-e-recomendado-a-partir-dessa-data\/#primaryimage"},"thumbnailUrl":"https:\/\/www.altominho.tv\/site\/wp-content\/uploads\/2021\/11\/1024.jpeg","keywords":["Sociedade"],"articleSection":["Coronav\u00edrus"],"inLanguage":"pt-PT","copyrightYear":"2022","copyrightHolder":{"@id":"https:\/\/www.altominho.tv\/site\/#organization"}},{"@type":"WebPage","@id":"https:\/\/www.altominho.tv\/site\/2022\/01\/06\/teletrabalho-obrigatorio-ate-14-de-janeiro-e-recomendado-a-partir-dessa-data\/","url":"https:\/\/www.altominho.tv\/site\/2022\/01\/06\/teletrabalho-obrigatorio-ate-14-de-janeiro-e-recomendado-a-partir-dessa-data\/","name":"Teletrabalho obrigat\u00f3rio at\u00e9 14 de janeiro e recomendado a partir dessa data","isPartOf":{"@id":"https:\/\/www.altominho.tv\/site\/#website"},"primaryImageOfPage":{"@id":"https:\/\/www.altominho.tv\/site\/2022\/01\/06\/teletrabalho-obrigatorio-ate-14-de-janeiro-e-recomendado-a-partir-dessa-data\/#primaryimage"},"image":{"@id":"https:\/\/www.altominho.tv\/site\/2022\/01\/06\/teletrabalho-obrigatorio-ate-14-de-janeiro-e-recomendado-a-partir-dessa-data\/#primaryimage"},"thumbnailUrl":"https:\/\/www.altominho.tv\/site\/wp-content\/uploads\/2021\/11\/1024.jpeg","datePublished":"2022-01-06T13:33:59+00:00","dateModified":"2022-03-07T16:14:48+00:00","author":{"@id":"https:\/\/www.altominho.tv\/site\/#\/schema\/person\/63f693da3e1899361cbe955c46f3232e"},"description":"O teletrabalho vai continuar obrigat\u00f3rio at\u00e9 14 de janeiro, no \u00e2mbito das medidas de combate \u00e0 pandemia de Covid-19.","breadcrumb":{"@id":"https:\/\/www.altominho.tv\/site\/2022\/01\/06\/teletrabalho-obrigatorio-ate-14-de-janeiro-e-recomendado-a-partir-dessa-data\/#breadcrumb"},"inLanguage":"pt-PT","potentialAction":[{"@type":"ReadAction","target":["https:\/\/www.altominho.tv\/site\/2022\/01\/06\/teletrabalho-obrigatorio-ate-14-de-janeiro-e-recomendado-a-partir-dessa-data\/"]}]},{"@type":"ImageObject","inLanguage":"pt-PT","@id":"https:\/\/www.altominho.tv\/site\/2022\/01\/06\/teletrabalho-obrigatorio-ate-14-de-janeiro-e-recomendado-a-partir-dessa-data\/#primaryimage","url":"https:\/\/www.altominho.tv\/site\/wp-content\/uploads\/2021\/11\/1024.jpeg","contentUrl":"https:\/\/www.altominho.tv\/site\/wp-content\/uploads\/2021\/11\/1024.jpeg","width":1024,"height":682},{"@type":"BreadcrumbList","@id":"https:\/\/www.altominho.tv\/site\/2022\/01\/06\/teletrabalho-obrigatorio-ate-14-de-janeiro-e-recomendado-a-partir-dessa-data\/#breadcrumb","itemListElement":[{"@type":"ListItem","position":1,"name":"In\u00edcio","item":"https:\/\/www.altominho.tv\/site\/"},{"@type":"ListItem","position":2,"name":"Teletrabalho obrigat\u00f3rio at\u00e9 14 de janeiro e recomendado a partir dessa data"}]},{"@type":"WebSite","@id":"https:\/\/www.altominho.tv\/site\/#website","url":"https:\/\/www.altominho.tv\/site\/","name":"Altominho.tv","description":"A sua regi\u00e3o \u00e0 dist\u00e2ncia de um clique...","potentialAction":[{"@type":"SearchAction","target":{"@type":"EntryPoint","urlTemplate":"https:\/\/www.altominho.tv\/site\/?s={search_term_string}"},"query-input":{"@type":"PropertyValueSpecification","valueRequired":true,"valueName":"search_term_string"}}],"inLanguage":"pt-PT"},{"@type":"Person","@id":"https:\/\/www.altominho.tv\/site\/#\/schema\/person\/63f693da3e1899361cbe955c46f3232e","name":"Lusa","image":{"@type":"ImageObject","inLanguage":"pt-PT","@id":"https:\/\/www.altominho.tv\/site\/wp-content\/uploads\/2019\/08\/LUSA_Logo.gif","url":"https:\/\/www.altominho.tv\/site\/wp-content\/uploads\/2019\/08\/LUSA_Logo.gif","contentUrl":"https:\/\/www.altominho.tv\/site\/wp-content\/uploads\/2019\/08\/LUSA_Logo.gif","caption":"Lusa"},"sameAs":["http:\/\/\/\/www.altominho.tv\/site"],"url":"https:\/\/www.altominho.tv\/site\/author\/lusa\/"}]}},"_links":{"self":[{"href":"https:\/\/www.altominho.tv\/site\/wp-json\/wp\/v2\/posts\/74421","targetHints":{"allow":["GET"]}}],"collection":[{"href":"https:\/\/www.altominho.tv\/site\/wp-json\/wp\/v2\/posts"}],"about":[{"href":"https:\/\/www.altominho.tv\/site\/wp-json\/wp\/v2\/types\/post"}],"author":[{"embeddable":true,"href":"https:\/\/www.altominho.tv\/site\/wp-json\/wp\/v2\/users\/13"}],"replies":[{"embeddable":true,"href":"https:\/\/www.altominho.tv\/site\/wp-json\/wp\/v2\/comments?post=74421"}],"version-history":[{"count":0,"href":"https:\/\/www.altominho.tv\/site\/wp-json\/wp\/v2\/posts\/74421\/revisions"}],"wp:featuredmedia":[{"embeddable":true,"href":"https:\/\/www.altominho.tv\/site\/wp-json\/wp\/v2\/media\/72221"}],"wp:attachment":[{"href":"https:\/\/www.altominho.tv\/site\/wp-json\/wp\/v2\/media?parent=74421"}],"wp:term":[{"taxonomy":"category","embeddable":true,"href":"https:\/\/www.altominho.tv\/site\/wp-json\/wp\/v2\/categories?post=74421"},{"taxonomy":"post_tag","embeddable":true,"href":"https:\/\/www.altominho.tv\/site\/wp-json\/wp\/v2\/tags?post=74421"}],"curies":[{"name":"wp","href":"https:\/\/api.w.org\/{rel}","templated":true}]}}