{"id":74399,"date":"2022-01-06T11:00:13","date_gmt":"2022-01-06T11:00:13","guid":{"rendered":"https:\/\/www.altominho.tv\/site\/?p=74399"},"modified":"2022-03-07T10:54:21","modified_gmt":"2022-03-07T10:54:21","slug":"realizados-cerca-de-154-mil-pedidos-de-agendamento-para-vacinacao-de-criancas","status":"publish","type":"post","link":"https:\/\/www.altominho.tv\/site\/2022\/01\/06\/realizados-cerca-de-154-mil-pedidos-de-agendamento-para-vacinacao-de-criancas\/","title":{"rendered":"Realizados cerca de 154 mil pedidos de agendamento para vacina\u00e7\u00e3o de crian\u00e7as"},"content":{"rendered":"<p data-uw-styling-context=\"true\">Cerca de 154 mil pedidos de agendamento para a vacina\u00e7\u00e3o contra a Covid-19 de crian\u00e7as entre os 5 e os 11 anos foram realizados at\u00e9 \u00e0s 07h00 desta quinta-feira, segundo os Servi\u00e7os Partilhados do Minist\u00e9rio da Sa\u00fade.<\/p>\n<p class=\"text-paragraph\" data-uw-styling-context=\"true\">Em comunicado, os Servi\u00e7os Partilhados do Minist\u00e9rio da Sa\u00fade (SPMS), adiantam que at\u00e9 \u00e0s 07h00 foram realizados cerca de 154 mil pedidos de agendamento para hoje, sexta-feira, s\u00e1bado e domingo.<\/p>\n<p class=\"text-paragraph\" data-uw-styling-context=\"true\">Na parte da manh\u00e3 destes quatro dias decorre a vacina\u00e7\u00e3o das crian\u00e7as com 05 a 11 anos, \u00e9 recordado na nota.<\/p>\n<p class=\"text-paragraph\" data-uw-styling-context=\"true\">No per\u00edodo da tarde, nos mesmos dias, decorrer\u00e1 a administra\u00e7\u00e3o de doses de refor\u00e7o contra a Covid-19, em modalidade de Casa Aberta atrav\u00e9s de senha digital, especificamente para a comunidade escolar (Pessoal docente e n\u00e3o docente).<\/p>\n<p class=\"text-paragraph\" data-uw-styling-context=\"true\">\u201cOs utentes eleg\u00edveis da comunidade escolar do ensino b\u00e1sico e secund\u00e1rio e das Respostas Sociais na inf\u00e2ncia que queiram vacinar-se com a dose de refor\u00e7o, ter\u00e3o de efetuar previamente o pedido de senha digital no <a href=\"https:\/\/covid19.min-saude.pt\/casa-aberta\/\">Portal COVID-19<\/a>, \u00e9 indicado na nota.<\/p>\n<p class=\"text-paragraph\" data-uw-styling-context=\"true\">O SPMS esclarece que para usufru\u00edrem do sistema de senha digital da modalidade Casa Aberta os utentes devem solicitar uma senha no dia em que pretenderem ser vacinados.<\/p>\n<p class=\"text-paragraph\" data-uw-styling-context=\"true\">Neste portal, dever\u00e1 ser preenchido um formul\u00e1rio, sendo posteriormente enviada para o telem\u00f3vel uma senha digital com o respetivo n\u00famero e hora prevista.<\/p>\n<p class=\"text-paragraph\" data-uw-styling-context=\"true\">Mais de 100 mil crian\u00e7as entre os 5 e 11 anos, durante a manh\u00e3, e professores e profissionais das creches e ATL, \u00e0 tarde, come\u00e7am a ser chamados esta quinta-feira para a vacina\u00e7\u00e3o contra a Covid-19.<\/p>\n<p class=\"text-paragraph\" data-uw-styling-context=\"true\">No primeiro per\u00edodo para estas idades, que decorreu no fim de semana de 18 e 19 de dezembro, foram vacinadas 95.752 crian\u00e7as com a dose pedi\u00e1trica da Pfizer.<\/p>\n<p class=\"text-paragraph\" data-uw-styling-context=\"true\">A decis\u00e3o de vacinar este grupo et\u00e1rio foi anunciada pelo Governo em 10 de dezembro, ap\u00f3s a recomenda\u00e7\u00e3o da DGS, ouvida a Comiss\u00e3o T\u00e9cnica de Vacina\u00e7\u00e3o e ponderadas as quest\u00f5es de natureza log\u00edstica com o n\u00facleo de coordena\u00e7\u00e3o de apoio ao Minist\u00e9rio da Sa\u00fade.<\/p>\n<p class=\"text-paragraph\" data-uw-styling-context=\"true\">Entre 05 de fevereiro e 13 de mar\u00e7o ser\u00e3o administradas as segundas doses, altura em que ficar\u00e1 conclu\u00eddo o esquema vacinal para esta faixa et\u00e1ria, estima o Governo.<\/p>\n<p class=\"text-paragraph\" data-uw-styling-context=\"true\">No in\u00edcio da semana foi tamb\u00e9m anunciado pelo secret\u00e1rio de Estado Adjunto e da Sa\u00fade, Ant\u00f3nio Lacerda Sales, que professores e profissionais das creches e ATL receberiam uma dose de refor\u00e7o da vacina contra a Covid-19.<\/p>\n","protected":false},"excerpt":{"rendered":"<p>Cerca de 154 mil pedidos de agendamento para a vacina\u00e7\u00e3o contra a Covid-19 de crian\u00e7as entre os 5 e os 11 anos foram realizados at\u00e9 \u00e0s 07h00 desta quinta-feira, segundo os Servi\u00e7os Partilhados do Minist\u00e9rio da Sa\u00fade. Em comunicado, os Servi\u00e7os Partilhados do Minist\u00e9rio da Sa\u00fade (SPMS), adiantam que at\u00e9 \u00e0s 07h00 foram realizados cerca [&hellip;]<\/p>\n","protected":false},"author":13,"featured_media":73071,"comment_status":"closed","ping_status":"closed","sticky":false,"template":"","format":"standard","meta":{"_exactmetrics_skip_tracking":false,"_exactmetrics_sitenote_active":false,"_exactmetrics_sitenote_note":"","_exactmetrics_sitenote_category":0,"footnotes":""},"categories":[42722],"tags":[26,27],"class_list":["post-74399","post","type-post","status-publish","format-standard","has-post-thumbnail","hentry","category-covid-19","tag-saude","tag-sociedade"],"yoast_head":"<!-- This site is optimized with the Yoast SEO Premium plugin v27.5 (Yoast SEO v27.5) - https:\/\/yoast.com\/product\/yoast-seo-premium-wordpress\/ -->\n<title>Realizados cerca de 154 mil pedidos de agendamento para vacina\u00e7\u00e3o de crian\u00e7as<\/title>\n<meta name=\"description\" content=\"Cerca de 154 mil pedidos de agendamento para a vacina\u00e7\u00e3o contra a Covid-19 de crian\u00e7as entre os 5 e os 11 anos foram realizados.\" \/>\n<meta name=\"robots\" content=\"index, follow, max-snippet:-1, max-image-preview:large, max-video-preview:-1\" \/>\n<link rel=\"canonical\" href=\"https:\/\/www.altominho.tv\/site\/2022\/01\/06\/realizados-cerca-de-154-mil-pedidos-de-agendamento-para-vacinacao-de-criancas\/\" \/>\n<meta property=\"og:locale\" content=\"pt_PT\" \/>\n<meta property=\"og:type\" content=\"article\" \/>\n<meta property=\"og:title\" content=\"Realizados cerca de 154 mil pedidos de agendamento para vacina\u00e7\u00e3o de crian\u00e7as\" \/>\n<meta property=\"og:description\" content=\"Cerca de 154 mil pedidos de agendamento para a vacina\u00e7\u00e3o contra a Covid-19 de crian\u00e7as entre os 5 e os 11 anos foram realizados.\" \/>\n<meta property=\"og:url\" content=\"https:\/\/www.altominho.tv\/site\/2022\/01\/06\/realizados-cerca-de-154-mil-pedidos-de-agendamento-para-vacinacao-de-criancas\/\" \/>\n<meta property=\"og:site_name\" content=\"Altominho.tv\" \/>\n<meta property=\"article:publisher\" content=\"https:\/\/www.facebook.com\/altominhotv\" \/>\n<meta property=\"article:published_time\" content=\"2022-01-06T11:00:13+00:00\" \/>\n<meta property=\"article:modified_time\" content=\"2022-03-07T10:54:21+00:00\" \/>\n<meta property=\"og:image\" content=\"https:\/\/www.altominho.tv\/site\/wp-content\/uploads\/2021\/11\/Vacinacao_Criancas.jpeg\" \/>\n\t<meta property=\"og:image:width\" content=\"1580\" \/>\n\t<meta property=\"og:image:height\" content=\"1080\" \/>\n\t<meta property=\"og:image:type\" content=\"image\/jpeg\" \/>\n<meta name=\"author\" content=\"Lusa\" \/>\n<meta name=\"twitter:card\" content=\"summary_large_image\" \/>\n<meta name=\"twitter:creator\" content=\"@altominhoTV\" \/>\n<meta name=\"twitter:site\" content=\"@altominhoTV\" \/>\n<meta name=\"twitter:label1\" content=\"Escrito por\" \/>\n\t<meta name=\"twitter:data1\" content=\"Lusa\" \/>\n\t<meta name=\"twitter:label2\" content=\"Tempo estimado de leitura\" \/>\n\t<meta name=\"twitter:data2\" content=\"3 minutos\" \/>\n<script type=\"application\/ld+json\" class=\"yoast-schema-graph\">{\"@context\":\"https:\\\/\\\/schema.org\",\"@graph\":[{\"@type\":\"Article\",\"@id\":\"https:\\\/\\\/www.altominho.tv\\\/site\\\/2022\\\/01\\\/06\\\/realizados-cerca-de-154-mil-pedidos-de-agendamento-para-vacinacao-de-criancas\\\/#article\",\"isPartOf\":{\"@id\":\"https:\\\/\\\/www.altominho.tv\\\/site\\\/2022\\\/01\\\/06\\\/realizados-cerca-de-154-mil-pedidos-de-agendamento-para-vacinacao-de-criancas\\\/\"},\"author\":{\"name\":\"Lusa\",\"@id\":\"https:\\\/\\\/www.altominho.tv\\\/site\\\/#\\\/schema\\\/person\\\/63f693da3e1899361cbe955c46f3232e\"},\"headline\":\"Realizados cerca de 154 mil pedidos de agendamento para vacina\u00e7\u00e3o de crian\u00e7as\",\"datePublished\":\"2022-01-06T11:00:13+00:00\",\"dateModified\":\"2022-03-07T10:54:21+00:00\",\"mainEntityOfPage\":{\"@id\":\"https:\\\/\\\/www.altominho.tv\\\/site\\\/2022\\\/01\\\/06\\\/realizados-cerca-de-154-mil-pedidos-de-agendamento-para-vacinacao-de-criancas\\\/\"},\"wordCount\":438,\"image\":{\"@id\":\"https:\\\/\\\/www.altominho.tv\\\/site\\\/2022\\\/01\\\/06\\\/realizados-cerca-de-154-mil-pedidos-de-agendamento-para-vacinacao-de-criancas\\\/#primaryimage\"},\"thumbnailUrl\":\"https:\\\/\\\/www.altominho.tv\\\/site\\\/wp-content\\\/uploads\\\/2021\\\/11\\\/Vacinacao_Criancas.jpeg\",\"keywords\":[\"Sa\u00fade\",\"Sociedade\"],\"articleSection\":[\"Coronav\u00edrus\"],\"inLanguage\":\"pt-PT\",\"copyrightYear\":\"2022\",\"copyrightHolder\":{\"@id\":\"https:\\\/\\\/www.altominho.tv\\\/site\\\/#organization\"}},{\"@type\":\"WebPage\",\"@id\":\"https:\\\/\\\/www.altominho.tv\\\/site\\\/2022\\\/01\\\/06\\\/realizados-cerca-de-154-mil-pedidos-de-agendamento-para-vacinacao-de-criancas\\\/\",\"url\":\"https:\\\/\\\/www.altominho.tv\\\/site\\\/2022\\\/01\\\/06\\\/realizados-cerca-de-154-mil-pedidos-de-agendamento-para-vacinacao-de-criancas\\\/\",\"name\":\"Realizados cerca de 154 mil pedidos de agendamento para vacina\u00e7\u00e3o de crian\u00e7as\",\"isPartOf\":{\"@id\":\"https:\\\/\\\/www.altominho.tv\\\/site\\\/#website\"},\"primaryImageOfPage\":{\"@id\":\"https:\\\/\\\/www.altominho.tv\\\/site\\\/2022\\\/01\\\/06\\\/realizados-cerca-de-154-mil-pedidos-de-agendamento-para-vacinacao-de-criancas\\\/#primaryimage\"},\"image\":{\"@id\":\"https:\\\/\\\/www.altominho.tv\\\/site\\\/2022\\\/01\\\/06\\\/realizados-cerca-de-154-mil-pedidos-de-agendamento-para-vacinacao-de-criancas\\\/#primaryimage\"},\"thumbnailUrl\":\"https:\\\/\\\/www.altominho.tv\\\/site\\\/wp-content\\\/uploads\\\/2021\\\/11\\\/Vacinacao_Criancas.jpeg\",\"datePublished\":\"2022-01-06T11:00:13+00:00\",\"dateModified\":\"2022-03-07T10:54:21+00:00\",\"author\":{\"@id\":\"https:\\\/\\\/www.altominho.tv\\\/site\\\/#\\\/schema\\\/person\\\/63f693da3e1899361cbe955c46f3232e\"},\"description\":\"Cerca de 154 mil pedidos de agendamento para a vacina\u00e7\u00e3o contra a Covid-19 de crian\u00e7as entre os 5 e os 11 anos foram realizados.\",\"breadcrumb\":{\"@id\":\"https:\\\/\\\/www.altominho.tv\\\/site\\\/2022\\\/01\\\/06\\\/realizados-cerca-de-154-mil-pedidos-de-agendamento-para-vacinacao-de-criancas\\\/#breadcrumb\"},\"inLanguage\":\"pt-PT\",\"potentialAction\":[{\"@type\":\"ReadAction\",\"target\":[\"https:\\\/\\\/www.altominho.tv\\\/site\\\/2022\\\/01\\\/06\\\/realizados-cerca-de-154-mil-pedidos-de-agendamento-para-vacinacao-de-criancas\\\/\"]}]},{\"@type\":\"ImageObject\",\"inLanguage\":\"pt-PT\",\"@id\":\"https:\\\/\\\/www.altominho.tv\\\/site\\\/2022\\\/01\\\/06\\\/realizados-cerca-de-154-mil-pedidos-de-agendamento-para-vacinacao-de-criancas\\\/#primaryimage\",\"url\":\"https:\\\/\\\/www.altominho.tv\\\/site\\\/wp-content\\\/uploads\\\/2021\\\/11\\\/Vacinacao_Criancas.jpeg\",\"contentUrl\":\"https:\\\/\\\/www.altominho.tv\\\/site\\\/wp-content\\\/uploads\\\/2021\\\/11\\\/Vacinacao_Criancas.jpeg\",\"width\":1580,\"height\":1080},{\"@type\":\"BreadcrumbList\",\"@id\":\"https:\\\/\\\/www.altominho.tv\\\/site\\\/2022\\\/01\\\/06\\\/realizados-cerca-de-154-mil-pedidos-de-agendamento-para-vacinacao-de-criancas\\\/#breadcrumb\",\"itemListElement\":[{\"@type\":\"ListItem\",\"position\":1,\"name\":\"In\u00edcio\",\"item\":\"https:\\\/\\\/www.altominho.tv\\\/site\\\/\"},{\"@type\":\"ListItem\",\"position\":2,\"name\":\"Realizados cerca de 154 mil pedidos de agendamento para vacina\u00e7\u00e3o de crian\u00e7as\"}]},{\"@type\":\"WebSite\",\"@id\":\"https:\\\/\\\/www.altominho.tv\\\/site\\\/#website\",\"url\":\"https:\\\/\\\/www.altominho.tv\\\/site\\\/\",\"name\":\"Altominho.tv\",\"description\":\"A sua regi\u00e3o \u00e0 dist\u00e2ncia de um clique...\",\"potentialAction\":[{\"@type\":\"SearchAction\",\"target\":{\"@type\":\"EntryPoint\",\"urlTemplate\":\"https:\\\/\\\/www.altominho.tv\\\/site\\\/?s={search_term_string}\"},\"query-input\":{\"@type\":\"PropertyValueSpecification\",\"valueRequired\":true,\"valueName\":\"search_term_string\"}}],\"inLanguage\":\"pt-PT\"},{\"@type\":\"Person\",\"@id\":\"https:\\\/\\\/www.altominho.tv\\\/site\\\/#\\\/schema\\\/person\\\/63f693da3e1899361cbe955c46f3232e\",\"name\":\"Lusa\",\"image\":{\"@type\":\"ImageObject\",\"inLanguage\":\"pt-PT\",\"@id\":\"https:\\\/\\\/www.altominho.tv\\\/site\\\/wp-content\\\/uploads\\\/2019\\\/08\\\/LUSA_Logo.gif\",\"url\":\"https:\\\/\\\/www.altominho.tv\\\/site\\\/wp-content\\\/uploads\\\/2019\\\/08\\\/LUSA_Logo.gif\",\"contentUrl\":\"https:\\\/\\\/www.altominho.tv\\\/site\\\/wp-content\\\/uploads\\\/2019\\\/08\\\/LUSA_Logo.gif\",\"caption\":\"Lusa\"},\"sameAs\":[\"http:\\\/\\\/\\\/\\\/www.altominho.tv\\\/site\"],\"url\":\"https:\\\/\\\/www.altominho.tv\\\/site\\\/author\\\/lusa\\\/\"}]}<\/script>\n<!-- \/ Yoast SEO Premium plugin. -->","yoast_head_json":{"title":"Realizados cerca de 154 mil pedidos de agendamento para vacina\u00e7\u00e3o de crian\u00e7as","description":"Cerca de 154 mil pedidos de agendamento para a vacina\u00e7\u00e3o contra a Covid-19 de crian\u00e7as entre os 5 e os 11 anos foram realizados.","robots":{"index":"index","follow":"follow","max-snippet":"max-snippet:-1","max-image-preview":"max-image-preview:large","max-video-preview":"max-video-preview:-1"},"canonical":"https:\/\/www.altominho.tv\/site\/2022\/01\/06\/realizados-cerca-de-154-mil-pedidos-de-agendamento-para-vacinacao-de-criancas\/","og_locale":"pt_PT","og_type":"article","og_title":"Realizados cerca de 154 mil pedidos de agendamento para vacina\u00e7\u00e3o de crian\u00e7as","og_description":"Cerca de 154 mil pedidos de agendamento para a vacina\u00e7\u00e3o contra a Covid-19 de crian\u00e7as entre os 5 e os 11 anos foram realizados.","og_url":"https:\/\/www.altominho.tv\/site\/2022\/01\/06\/realizados-cerca-de-154-mil-pedidos-de-agendamento-para-vacinacao-de-criancas\/","og_site_name":"Altominho.tv","article_publisher":"https:\/\/www.facebook.com\/altominhotv","article_published_time":"2022-01-06T11:00:13+00:00","article_modified_time":"2022-03-07T10:54:21+00:00","og_image":[{"width":1580,"height":1080,"url":"https:\/\/www.altominho.tv\/site\/wp-content\/uploads\/2021\/11\/Vacinacao_Criancas.jpeg","type":"image\/jpeg"}],"author":"Lusa","twitter_card":"summary_large_image","twitter_creator":"@altominhoTV","twitter_site":"@altominhoTV","twitter_misc":{"Escrito por":"Lusa","Tempo estimado de leitura":"3 minutos"},"schema":{"@context":"https:\/\/schema.org","@graph":[{"@type":"Article","@id":"https:\/\/www.altominho.tv\/site\/2022\/01\/06\/realizados-cerca-de-154-mil-pedidos-de-agendamento-para-vacinacao-de-criancas\/#article","isPartOf":{"@id":"https:\/\/www.altominho.tv\/site\/2022\/01\/06\/realizados-cerca-de-154-mil-pedidos-de-agendamento-para-vacinacao-de-criancas\/"},"author":{"name":"Lusa","@id":"https:\/\/www.altominho.tv\/site\/#\/schema\/person\/63f693da3e1899361cbe955c46f3232e"},"headline":"Realizados cerca de 154 mil pedidos de agendamento para vacina\u00e7\u00e3o de crian\u00e7as","datePublished":"2022-01-06T11:00:13+00:00","dateModified":"2022-03-07T10:54:21+00:00","mainEntityOfPage":{"@id":"https:\/\/www.altominho.tv\/site\/2022\/01\/06\/realizados-cerca-de-154-mil-pedidos-de-agendamento-para-vacinacao-de-criancas\/"},"wordCount":438,"image":{"@id":"https:\/\/www.altominho.tv\/site\/2022\/01\/06\/realizados-cerca-de-154-mil-pedidos-de-agendamento-para-vacinacao-de-criancas\/#primaryimage"},"thumbnailUrl":"https:\/\/www.altominho.tv\/site\/wp-content\/uploads\/2021\/11\/Vacinacao_Criancas.jpeg","keywords":["Sa\u00fade","Sociedade"],"articleSection":["Coronav\u00edrus"],"inLanguage":"pt-PT","copyrightYear":"2022","copyrightHolder":{"@id":"https:\/\/www.altominho.tv\/site\/#organization"}},{"@type":"WebPage","@id":"https:\/\/www.altominho.tv\/site\/2022\/01\/06\/realizados-cerca-de-154-mil-pedidos-de-agendamento-para-vacinacao-de-criancas\/","url":"https:\/\/www.altominho.tv\/site\/2022\/01\/06\/realizados-cerca-de-154-mil-pedidos-de-agendamento-para-vacinacao-de-criancas\/","name":"Realizados cerca de 154 mil pedidos de agendamento para vacina\u00e7\u00e3o de crian\u00e7as","isPartOf":{"@id":"https:\/\/www.altominho.tv\/site\/#website"},"primaryImageOfPage":{"@id":"https:\/\/www.altominho.tv\/site\/2022\/01\/06\/realizados-cerca-de-154-mil-pedidos-de-agendamento-para-vacinacao-de-criancas\/#primaryimage"},"image":{"@id":"https:\/\/www.altominho.tv\/site\/2022\/01\/06\/realizados-cerca-de-154-mil-pedidos-de-agendamento-para-vacinacao-de-criancas\/#primaryimage"},"thumbnailUrl":"https:\/\/www.altominho.tv\/site\/wp-content\/uploads\/2021\/11\/Vacinacao_Criancas.jpeg","datePublished":"2022-01-06T11:00:13+00:00","dateModified":"2022-03-07T10:54:21+00:00","author":{"@id":"https:\/\/www.altominho.tv\/site\/#\/schema\/person\/63f693da3e1899361cbe955c46f3232e"},"description":"Cerca de 154 mil pedidos de agendamento para a vacina\u00e7\u00e3o contra a Covid-19 de crian\u00e7as entre os 5 e os 11 anos foram realizados.","breadcrumb":{"@id":"https:\/\/www.altominho.tv\/site\/2022\/01\/06\/realizados-cerca-de-154-mil-pedidos-de-agendamento-para-vacinacao-de-criancas\/#breadcrumb"},"inLanguage":"pt-PT","potentialAction":[{"@type":"ReadAction","target":["https:\/\/www.altominho.tv\/site\/2022\/01\/06\/realizados-cerca-de-154-mil-pedidos-de-agendamento-para-vacinacao-de-criancas\/"]}]},{"@type":"ImageObject","inLanguage":"pt-PT","@id":"https:\/\/www.altominho.tv\/site\/2022\/01\/06\/realizados-cerca-de-154-mil-pedidos-de-agendamento-para-vacinacao-de-criancas\/#primaryimage","url":"https:\/\/www.altominho.tv\/site\/wp-content\/uploads\/2021\/11\/Vacinacao_Criancas.jpeg","contentUrl":"https:\/\/www.altominho.tv\/site\/wp-content\/uploads\/2021\/11\/Vacinacao_Criancas.jpeg","width":1580,"height":1080},{"@type":"BreadcrumbList","@id":"https:\/\/www.altominho.tv\/site\/2022\/01\/06\/realizados-cerca-de-154-mil-pedidos-de-agendamento-para-vacinacao-de-criancas\/#breadcrumb","itemListElement":[{"@type":"ListItem","position":1,"name":"In\u00edcio","item":"https:\/\/www.altominho.tv\/site\/"},{"@type":"ListItem","position":2,"name":"Realizados cerca de 154 mil pedidos de agendamento para vacina\u00e7\u00e3o de crian\u00e7as"}]},{"@type":"WebSite","@id":"https:\/\/www.altominho.tv\/site\/#website","url":"https:\/\/www.altominho.tv\/site\/","name":"Altominho.tv","description":"A sua regi\u00e3o \u00e0 dist\u00e2ncia de um clique...","potentialAction":[{"@type":"SearchAction","target":{"@type":"EntryPoint","urlTemplate":"https:\/\/www.altominho.tv\/site\/?s={search_term_string}"},"query-input":{"@type":"PropertyValueSpecification","valueRequired":true,"valueName":"search_term_string"}}],"inLanguage":"pt-PT"},{"@type":"Person","@id":"https:\/\/www.altominho.tv\/site\/#\/schema\/person\/63f693da3e1899361cbe955c46f3232e","name":"Lusa","image":{"@type":"ImageObject","inLanguage":"pt-PT","@id":"https:\/\/www.altominho.tv\/site\/wp-content\/uploads\/2019\/08\/LUSA_Logo.gif","url":"https:\/\/www.altominho.tv\/site\/wp-content\/uploads\/2019\/08\/LUSA_Logo.gif","contentUrl":"https:\/\/www.altominho.tv\/site\/wp-content\/uploads\/2019\/08\/LUSA_Logo.gif","caption":"Lusa"},"sameAs":["http:\/\/\/\/www.altominho.tv\/site"],"url":"https:\/\/www.altominho.tv\/site\/author\/lusa\/"}]}},"_links":{"self":[{"href":"https:\/\/www.altominho.tv\/site\/wp-json\/wp\/v2\/posts\/74399","targetHints":{"allow":["GET"]}}],"collection":[{"href":"https:\/\/www.altominho.tv\/site\/wp-json\/wp\/v2\/posts"}],"about":[{"href":"https:\/\/www.altominho.tv\/site\/wp-json\/wp\/v2\/types\/post"}],"author":[{"embeddable":true,"href":"https:\/\/www.altominho.tv\/site\/wp-json\/wp\/v2\/users\/13"}],"replies":[{"embeddable":true,"href":"https:\/\/www.altominho.tv\/site\/wp-json\/wp\/v2\/comments?post=74399"}],"version-history":[{"count":0,"href":"https:\/\/www.altominho.tv\/site\/wp-json\/wp\/v2\/posts\/74399\/revisions"}],"wp:featuredmedia":[{"embeddable":true,"href":"https:\/\/www.altominho.tv\/site\/wp-json\/wp\/v2\/media\/73071"}],"wp:attachment":[{"href":"https:\/\/www.altominho.tv\/site\/wp-json\/wp\/v2\/media?parent=74399"}],"wp:term":[{"taxonomy":"category","embeddable":true,"href":"https:\/\/www.altominho.tv\/site\/wp-json\/wp\/v2\/categories?post=74399"},{"taxonomy":"post_tag","embeddable":true,"href":"https:\/\/www.altominho.tv\/site\/wp-json\/wp\/v2\/tags?post=74399"}],"curies":[{"name":"wp","href":"https:\/\/api.w.org\/{rel}","templated":true}]}}