{"id":74385,"date":"2022-01-05T22:01:56","date_gmt":"2022-01-05T22:01:56","guid":{"rendered":"https:\/\/www.altominho.tv\/site\/?p=74385"},"modified":"2022-03-07T16:22:25","modified_gmt":"2022-03-07T16:22:25","slug":"criancas-que-contactem-com-caso-positivo-na-escola-nao-ficam-em-isolamento","status":"publish","type":"post","link":"https:\/\/www.altominho.tv\/site\/2022\/01\/05\/criancas-que-contactem-com-caso-positivo-na-escola-nao-ficam-em-isolamento\/","title":{"rendered":"Crian\u00e7as que contactem com caso positivo na escola n\u00e3o ficam em isolamento"},"content":{"rendered":"<p class=\"text-paragraph\" data-uw-styling-context=\"true\">A diretora-geral da Sa\u00fade, Gra\u00e7a Freitas, esclareceu, esta quarta-feira, que crian\u00e7as que tenham um contacto com um caso positivo de Covid-19 na escola n\u00e3o ficam em isolamento.<\/p>\n<p class=\"text-paragraph\" data-uw-styling-context=\"true\">Em declara\u00e7\u00f5es \u00e0 ag\u00eancia Lusa, Gra\u00e7a Freitas disse que s\u00f3 s\u00e3o considerados contactos de alto risco as crian\u00e7as que vivam na mesma casa que algu\u00e9m com Covid-19, pelo que ficam isoladas, j\u00e1 que n\u00e3o t\u00eam refor\u00e7o da vacina.<\/p>\n<p class=\"text-paragraph\" data-uw-styling-context=\"true\">\u201cN\u00f3s, por norma, vamos considerar as crian\u00e7as apenas contacto de alto risco se forem coabitantes de um doente\u201d, pelo que essa crian\u00e7a fica isolada, porque \u201c\u00e9 um contacto domicili\u00e1rio e as crian\u00e7as n\u00e3o t\u00eam refor\u00e7o\u201d, explicou a diretora-geral da Sa\u00fade.<\/p>\n<p class=\"text-paragraph\" data-uw-styling-context=\"true\">Uma crian\u00e7a com um contacto com um caso positivo na escola n\u00e3o fica em isolamento, disse Gra\u00e7a Freitas \u00e0 Lusa, acrescentando que o que se pede aos pais \u00e9 que sejam reduzidos os contactos e conv\u00edvios e que essas crian\u00e7as, dependendo da idade, usem m\u00e1scara.<\/p>\n<p class=\"text-paragraph\" data-uw-styling-context=\"true\">As crian\u00e7as que ficam na escola fazem um teste ao terceiro dia, adiantou.<\/p>\n<p class=\"text-paragraph\" data-uw-styling-context=\"true\">As aulas dever\u00e3o recome\u00e7ar na segunda-feira em Portugal depois de ter sido alargado o per\u00edodo de f\u00e9rias do Natal de duas para tr\u00eas semanas como medida de combate \u00e0 pandemia.<\/p>\n<p class=\"text-paragraph\" data-uw-styling-context=\"true\">A Covid-19 provocou em Portugal, desde mar\u00e7o de 2020, 19.029 mortes e foram contabilizados 1.499.976 casos de infe\u00e7\u00e3o, segundo dados da DGS.<\/p>\n\n\n<p><\/p>\n","protected":false},"excerpt":{"rendered":"<p>A diretora-geral da Sa\u00fade, Gra\u00e7a Freitas, esclareceu, esta quarta-feira, que crian\u00e7as que tenham um contacto com um caso positivo de Covid-19 na escola n\u00e3o ficam em isolamento. Em declara\u00e7\u00f5es \u00e0 ag\u00eancia Lusa, Gra\u00e7a Freitas disse que s\u00f3 s\u00e3o considerados contactos de alto risco as crian\u00e7as que vivam na mesma casa que algu\u00e9m com Covid-19, pelo [&hellip;]<\/p>\n","protected":false},"author":13,"featured_media":69709,"comment_status":"closed","ping_status":"closed","sticky":false,"template":"","format":"standard","meta":{"_exactmetrics_skip_tracking":false,"_exactmetrics_sitenote_active":false,"_exactmetrics_sitenote_note":"","_exactmetrics_sitenote_category":0,"footnotes":""},"categories":[42722],"tags":[22,26,27],"class_list":["post-74385","post","type-post","status-publish","format-standard","has-post-thumbnail","hentry","category-covid-19","tag-educacao","tag-saude","tag-sociedade"],"yoast_head":"<!-- This site is optimized with the Yoast SEO Premium plugin v27.5 (Yoast SEO v27.5) - https:\/\/yoast.com\/product\/yoast-seo-premium-wordpress\/ -->\n<title>Crian\u00e7as que contactem com caso positivo na escola n\u00e3o ficam em isolamento<\/title>\n<meta name=\"description\" content=\"A diretora-geral da Sa\u00fade esclareceu que crian\u00e7as que tenham um contacto com um caso positivo de Covid-19 na escola n\u00e3o ficam em isolamento.\" \/>\n<meta name=\"robots\" content=\"index, follow, max-snippet:-1, max-image-preview:large, max-video-preview:-1\" \/>\n<link rel=\"canonical\" href=\"https:\/\/www.altominho.tv\/site\/2022\/01\/05\/criancas-que-contactem-com-caso-positivo-na-escola-nao-ficam-em-isolamento\/\" \/>\n<meta property=\"og:locale\" content=\"pt_PT\" \/>\n<meta property=\"og:type\" content=\"article\" \/>\n<meta property=\"og:title\" content=\"Crian\u00e7as que contactem com caso positivo na escola n\u00e3o ficam em isolamento\" \/>\n<meta property=\"og:description\" content=\"A diretora-geral da Sa\u00fade esclareceu que crian\u00e7as que tenham um contacto com um caso positivo de Covid-19 na escola n\u00e3o ficam em isolamento.\" \/>\n<meta property=\"og:url\" content=\"https:\/\/www.altominho.tv\/site\/2022\/01\/05\/criancas-que-contactem-com-caso-positivo-na-escola-nao-ficam-em-isolamento\/\" \/>\n<meta property=\"og:site_name\" content=\"Altominho.tv\" \/>\n<meta property=\"article:publisher\" content=\"https:\/\/www.facebook.com\/altominhotv\" \/>\n<meta property=\"article:published_time\" content=\"2022-01-05T22:01:56+00:00\" \/>\n<meta property=\"article:modified_time\" content=\"2022-03-07T16:22:25+00:00\" \/>\n<meta property=\"og:image\" content=\"https:\/\/www.altominho.tv\/site\/wp-content\/uploads\/2021\/08\/Aulas_Covid.jpeg\" \/>\n\t<meta property=\"og:image:width\" content=\"1024\" \/>\n\t<meta property=\"og:image:height\" content=\"614\" \/>\n\t<meta property=\"og:image:type\" content=\"image\/jpeg\" \/>\n<meta name=\"author\" content=\"Lusa\" \/>\n<meta name=\"twitter:card\" content=\"summary_large_image\" \/>\n<meta name=\"twitter:creator\" content=\"@altominhoTV\" \/>\n<meta name=\"twitter:site\" content=\"@altominhoTV\" \/>\n<meta name=\"twitter:label1\" content=\"Escrito por\" \/>\n\t<meta name=\"twitter:data1\" content=\"Lusa\" \/>\n\t<meta name=\"twitter:label2\" content=\"Tempo estimado de leitura\" \/>\n\t<meta name=\"twitter:data2\" content=\"2 minutos\" \/>\n<script type=\"application\/ld+json\" class=\"yoast-schema-graph\">{\"@context\":\"https:\\\/\\\/schema.org\",\"@graph\":[{\"@type\":\"Article\",\"@id\":\"https:\\\/\\\/www.altominho.tv\\\/site\\\/2022\\\/01\\\/05\\\/criancas-que-contactem-com-caso-positivo-na-escola-nao-ficam-em-isolamento\\\/#article\",\"isPartOf\":{\"@id\":\"https:\\\/\\\/www.altominho.tv\\\/site\\\/2022\\\/01\\\/05\\\/criancas-que-contactem-com-caso-positivo-na-escola-nao-ficam-em-isolamento\\\/\"},\"author\":{\"name\":\"Lusa\",\"@id\":\"https:\\\/\\\/www.altominho.tv\\\/site\\\/#\\\/schema\\\/person\\\/63f693da3e1899361cbe955c46f3232e\"},\"headline\":\"Crian\u00e7as que contactem com caso positivo na escola n\u00e3o ficam em isolamento\",\"datePublished\":\"2022-01-05T22:01:56+00:00\",\"dateModified\":\"2022-03-07T16:22:25+00:00\",\"mainEntityOfPage\":{\"@id\":\"https:\\\/\\\/www.altominho.tv\\\/site\\\/2022\\\/01\\\/05\\\/criancas-que-contactem-com-caso-positivo-na-escola-nao-ficam-em-isolamento\\\/\"},\"wordCount\":257,\"image\":{\"@id\":\"https:\\\/\\\/www.altominho.tv\\\/site\\\/2022\\\/01\\\/05\\\/criancas-que-contactem-com-caso-positivo-na-escola-nao-ficam-em-isolamento\\\/#primaryimage\"},\"thumbnailUrl\":\"https:\\\/\\\/www.altominho.tv\\\/site\\\/wp-content\\\/uploads\\\/2021\\\/08\\\/Aulas_Covid.jpeg\",\"keywords\":[\"Educa\u00e7\u00e3o\",\"Sa\u00fade\",\"Sociedade\"],\"articleSection\":[\"Coronav\u00edrus\"],\"inLanguage\":\"pt-PT\",\"copyrightYear\":\"2022\",\"copyrightHolder\":{\"@id\":\"https:\\\/\\\/www.altominho.tv\\\/site\\\/#organization\"}},{\"@type\":\"WebPage\",\"@id\":\"https:\\\/\\\/www.altominho.tv\\\/site\\\/2022\\\/01\\\/05\\\/criancas-que-contactem-com-caso-positivo-na-escola-nao-ficam-em-isolamento\\\/\",\"url\":\"https:\\\/\\\/www.altominho.tv\\\/site\\\/2022\\\/01\\\/05\\\/criancas-que-contactem-com-caso-positivo-na-escola-nao-ficam-em-isolamento\\\/\",\"name\":\"Crian\u00e7as que contactem com caso positivo na escola n\u00e3o ficam em isolamento\",\"isPartOf\":{\"@id\":\"https:\\\/\\\/www.altominho.tv\\\/site\\\/#website\"},\"primaryImageOfPage\":{\"@id\":\"https:\\\/\\\/www.altominho.tv\\\/site\\\/2022\\\/01\\\/05\\\/criancas-que-contactem-com-caso-positivo-na-escola-nao-ficam-em-isolamento\\\/#primaryimage\"},\"image\":{\"@id\":\"https:\\\/\\\/www.altominho.tv\\\/site\\\/2022\\\/01\\\/05\\\/criancas-que-contactem-com-caso-positivo-na-escola-nao-ficam-em-isolamento\\\/#primaryimage\"},\"thumbnailUrl\":\"https:\\\/\\\/www.altominho.tv\\\/site\\\/wp-content\\\/uploads\\\/2021\\\/08\\\/Aulas_Covid.jpeg\",\"datePublished\":\"2022-01-05T22:01:56+00:00\",\"dateModified\":\"2022-03-07T16:22:25+00:00\",\"author\":{\"@id\":\"https:\\\/\\\/www.altominho.tv\\\/site\\\/#\\\/schema\\\/person\\\/63f693da3e1899361cbe955c46f3232e\"},\"description\":\"A diretora-geral da Sa\u00fade esclareceu que crian\u00e7as que tenham um contacto com um caso positivo de Covid-19 na escola n\u00e3o ficam em isolamento.\",\"breadcrumb\":{\"@id\":\"https:\\\/\\\/www.altominho.tv\\\/site\\\/2022\\\/01\\\/05\\\/criancas-que-contactem-com-caso-positivo-na-escola-nao-ficam-em-isolamento\\\/#breadcrumb\"},\"inLanguage\":\"pt-PT\",\"potentialAction\":[{\"@type\":\"ReadAction\",\"target\":[\"https:\\\/\\\/www.altominho.tv\\\/site\\\/2022\\\/01\\\/05\\\/criancas-que-contactem-com-caso-positivo-na-escola-nao-ficam-em-isolamento\\\/\"]}]},{\"@type\":\"ImageObject\",\"inLanguage\":\"pt-PT\",\"@id\":\"https:\\\/\\\/www.altominho.tv\\\/site\\\/2022\\\/01\\\/05\\\/criancas-que-contactem-com-caso-positivo-na-escola-nao-ficam-em-isolamento\\\/#primaryimage\",\"url\":\"https:\\\/\\\/www.altominho.tv\\\/site\\\/wp-content\\\/uploads\\\/2021\\\/08\\\/Aulas_Covid.jpeg\",\"contentUrl\":\"https:\\\/\\\/www.altominho.tv\\\/site\\\/wp-content\\\/uploads\\\/2021\\\/08\\\/Aulas_Covid.jpeg\",\"width\":1024,\"height\":614},{\"@type\":\"BreadcrumbList\",\"@id\":\"https:\\\/\\\/www.altominho.tv\\\/site\\\/2022\\\/01\\\/05\\\/criancas-que-contactem-com-caso-positivo-na-escola-nao-ficam-em-isolamento\\\/#breadcrumb\",\"itemListElement\":[{\"@type\":\"ListItem\",\"position\":1,\"name\":\"In\u00edcio\",\"item\":\"https:\\\/\\\/www.altominho.tv\\\/site\\\/\"},{\"@type\":\"ListItem\",\"position\":2,\"name\":\"Crian\u00e7as que contactem com caso positivo na escola n\u00e3o ficam em isolamento\"}]},{\"@type\":\"WebSite\",\"@id\":\"https:\\\/\\\/www.altominho.tv\\\/site\\\/#website\",\"url\":\"https:\\\/\\\/www.altominho.tv\\\/site\\\/\",\"name\":\"Altominho.tv\",\"description\":\"A sua regi\u00e3o \u00e0 dist\u00e2ncia de um clique...\",\"potentialAction\":[{\"@type\":\"SearchAction\",\"target\":{\"@type\":\"EntryPoint\",\"urlTemplate\":\"https:\\\/\\\/www.altominho.tv\\\/site\\\/?s={search_term_string}\"},\"query-input\":{\"@type\":\"PropertyValueSpecification\",\"valueRequired\":true,\"valueName\":\"search_term_string\"}}],\"inLanguage\":\"pt-PT\"},{\"@type\":\"Person\",\"@id\":\"https:\\\/\\\/www.altominho.tv\\\/site\\\/#\\\/schema\\\/person\\\/63f693da3e1899361cbe955c46f3232e\",\"name\":\"Lusa\",\"image\":{\"@type\":\"ImageObject\",\"inLanguage\":\"pt-PT\",\"@id\":\"https:\\\/\\\/www.altominho.tv\\\/site\\\/wp-content\\\/uploads\\\/2019\\\/08\\\/LUSA_Logo.gif\",\"url\":\"https:\\\/\\\/www.altominho.tv\\\/site\\\/wp-content\\\/uploads\\\/2019\\\/08\\\/LUSA_Logo.gif\",\"contentUrl\":\"https:\\\/\\\/www.altominho.tv\\\/site\\\/wp-content\\\/uploads\\\/2019\\\/08\\\/LUSA_Logo.gif\",\"caption\":\"Lusa\"},\"sameAs\":[\"http:\\\/\\\/\\\/\\\/www.altominho.tv\\\/site\"],\"url\":\"https:\\\/\\\/www.altominho.tv\\\/site\\\/author\\\/lusa\\\/\"}]}<\/script>\n<!-- \/ Yoast SEO Premium plugin. -->","yoast_head_json":{"title":"Crian\u00e7as que contactem com caso positivo na escola n\u00e3o ficam em isolamento","description":"A diretora-geral da Sa\u00fade esclareceu que crian\u00e7as que tenham um contacto com um caso positivo de Covid-19 na escola n\u00e3o ficam em isolamento.","robots":{"index":"index","follow":"follow","max-snippet":"max-snippet:-1","max-image-preview":"max-image-preview:large","max-video-preview":"max-video-preview:-1"},"canonical":"https:\/\/www.altominho.tv\/site\/2022\/01\/05\/criancas-que-contactem-com-caso-positivo-na-escola-nao-ficam-em-isolamento\/","og_locale":"pt_PT","og_type":"article","og_title":"Crian\u00e7as que contactem com caso positivo na escola n\u00e3o ficam em isolamento","og_description":"A diretora-geral da Sa\u00fade esclareceu que crian\u00e7as que tenham um contacto com um caso positivo de Covid-19 na escola n\u00e3o ficam em isolamento.","og_url":"https:\/\/www.altominho.tv\/site\/2022\/01\/05\/criancas-que-contactem-com-caso-positivo-na-escola-nao-ficam-em-isolamento\/","og_site_name":"Altominho.tv","article_publisher":"https:\/\/www.facebook.com\/altominhotv","article_published_time":"2022-01-05T22:01:56+00:00","article_modified_time":"2022-03-07T16:22:25+00:00","og_image":[{"width":1024,"height":614,"url":"https:\/\/www.altominho.tv\/site\/wp-content\/uploads\/2021\/08\/Aulas_Covid.jpeg","type":"image\/jpeg"}],"author":"Lusa","twitter_card":"summary_large_image","twitter_creator":"@altominhoTV","twitter_site":"@altominhoTV","twitter_misc":{"Escrito por":"Lusa","Tempo estimado de leitura":"2 minutos"},"schema":{"@context":"https:\/\/schema.org","@graph":[{"@type":"Article","@id":"https:\/\/www.altominho.tv\/site\/2022\/01\/05\/criancas-que-contactem-com-caso-positivo-na-escola-nao-ficam-em-isolamento\/#article","isPartOf":{"@id":"https:\/\/www.altominho.tv\/site\/2022\/01\/05\/criancas-que-contactem-com-caso-positivo-na-escola-nao-ficam-em-isolamento\/"},"author":{"name":"Lusa","@id":"https:\/\/www.altominho.tv\/site\/#\/schema\/person\/63f693da3e1899361cbe955c46f3232e"},"headline":"Crian\u00e7as que contactem com caso positivo na escola n\u00e3o ficam em isolamento","datePublished":"2022-01-05T22:01:56+00:00","dateModified":"2022-03-07T16:22:25+00:00","mainEntityOfPage":{"@id":"https:\/\/www.altominho.tv\/site\/2022\/01\/05\/criancas-que-contactem-com-caso-positivo-na-escola-nao-ficam-em-isolamento\/"},"wordCount":257,"image":{"@id":"https:\/\/www.altominho.tv\/site\/2022\/01\/05\/criancas-que-contactem-com-caso-positivo-na-escola-nao-ficam-em-isolamento\/#primaryimage"},"thumbnailUrl":"https:\/\/www.altominho.tv\/site\/wp-content\/uploads\/2021\/08\/Aulas_Covid.jpeg","keywords":["Educa\u00e7\u00e3o","Sa\u00fade","Sociedade"],"articleSection":["Coronav\u00edrus"],"inLanguage":"pt-PT","copyrightYear":"2022","copyrightHolder":{"@id":"https:\/\/www.altominho.tv\/site\/#organization"}},{"@type":"WebPage","@id":"https:\/\/www.altominho.tv\/site\/2022\/01\/05\/criancas-que-contactem-com-caso-positivo-na-escola-nao-ficam-em-isolamento\/","url":"https:\/\/www.altominho.tv\/site\/2022\/01\/05\/criancas-que-contactem-com-caso-positivo-na-escola-nao-ficam-em-isolamento\/","name":"Crian\u00e7as que contactem com caso positivo na escola n\u00e3o ficam em isolamento","isPartOf":{"@id":"https:\/\/www.altominho.tv\/site\/#website"},"primaryImageOfPage":{"@id":"https:\/\/www.altominho.tv\/site\/2022\/01\/05\/criancas-que-contactem-com-caso-positivo-na-escola-nao-ficam-em-isolamento\/#primaryimage"},"image":{"@id":"https:\/\/www.altominho.tv\/site\/2022\/01\/05\/criancas-que-contactem-com-caso-positivo-na-escola-nao-ficam-em-isolamento\/#primaryimage"},"thumbnailUrl":"https:\/\/www.altominho.tv\/site\/wp-content\/uploads\/2021\/08\/Aulas_Covid.jpeg","datePublished":"2022-01-05T22:01:56+00:00","dateModified":"2022-03-07T16:22:25+00:00","author":{"@id":"https:\/\/www.altominho.tv\/site\/#\/schema\/person\/63f693da3e1899361cbe955c46f3232e"},"description":"A diretora-geral da Sa\u00fade esclareceu que crian\u00e7as que tenham um contacto com um caso positivo de Covid-19 na escola n\u00e3o ficam em isolamento.","breadcrumb":{"@id":"https:\/\/www.altominho.tv\/site\/2022\/01\/05\/criancas-que-contactem-com-caso-positivo-na-escola-nao-ficam-em-isolamento\/#breadcrumb"},"inLanguage":"pt-PT","potentialAction":[{"@type":"ReadAction","target":["https:\/\/www.altominho.tv\/site\/2022\/01\/05\/criancas-que-contactem-com-caso-positivo-na-escola-nao-ficam-em-isolamento\/"]}]},{"@type":"ImageObject","inLanguage":"pt-PT","@id":"https:\/\/www.altominho.tv\/site\/2022\/01\/05\/criancas-que-contactem-com-caso-positivo-na-escola-nao-ficam-em-isolamento\/#primaryimage","url":"https:\/\/www.altominho.tv\/site\/wp-content\/uploads\/2021\/08\/Aulas_Covid.jpeg","contentUrl":"https:\/\/www.altominho.tv\/site\/wp-content\/uploads\/2021\/08\/Aulas_Covid.jpeg","width":1024,"height":614},{"@type":"BreadcrumbList","@id":"https:\/\/www.altominho.tv\/site\/2022\/01\/05\/criancas-que-contactem-com-caso-positivo-na-escola-nao-ficam-em-isolamento\/#breadcrumb","itemListElement":[{"@type":"ListItem","position":1,"name":"In\u00edcio","item":"https:\/\/www.altominho.tv\/site\/"},{"@type":"ListItem","position":2,"name":"Crian\u00e7as que contactem com caso positivo na escola n\u00e3o ficam em isolamento"}]},{"@type":"WebSite","@id":"https:\/\/www.altominho.tv\/site\/#website","url":"https:\/\/www.altominho.tv\/site\/","name":"Altominho.tv","description":"A sua regi\u00e3o \u00e0 dist\u00e2ncia de um clique...","potentialAction":[{"@type":"SearchAction","target":{"@type":"EntryPoint","urlTemplate":"https:\/\/www.altominho.tv\/site\/?s={search_term_string}"},"query-input":{"@type":"PropertyValueSpecification","valueRequired":true,"valueName":"search_term_string"}}],"inLanguage":"pt-PT"},{"@type":"Person","@id":"https:\/\/www.altominho.tv\/site\/#\/schema\/person\/63f693da3e1899361cbe955c46f3232e","name":"Lusa","image":{"@type":"ImageObject","inLanguage":"pt-PT","@id":"https:\/\/www.altominho.tv\/site\/wp-content\/uploads\/2019\/08\/LUSA_Logo.gif","url":"https:\/\/www.altominho.tv\/site\/wp-content\/uploads\/2019\/08\/LUSA_Logo.gif","contentUrl":"https:\/\/www.altominho.tv\/site\/wp-content\/uploads\/2019\/08\/LUSA_Logo.gif","caption":"Lusa"},"sameAs":["http:\/\/\/\/www.altominho.tv\/site"],"url":"https:\/\/www.altominho.tv\/site\/author\/lusa\/"}]}},"_links":{"self":[{"href":"https:\/\/www.altominho.tv\/site\/wp-json\/wp\/v2\/posts\/74385","targetHints":{"allow":["GET"]}}],"collection":[{"href":"https:\/\/www.altominho.tv\/site\/wp-json\/wp\/v2\/posts"}],"about":[{"href":"https:\/\/www.altominho.tv\/site\/wp-json\/wp\/v2\/types\/post"}],"author":[{"embeddable":true,"href":"https:\/\/www.altominho.tv\/site\/wp-json\/wp\/v2\/users\/13"}],"replies":[{"embeddable":true,"href":"https:\/\/www.altominho.tv\/site\/wp-json\/wp\/v2\/comments?post=74385"}],"version-history":[{"count":0,"href":"https:\/\/www.altominho.tv\/site\/wp-json\/wp\/v2\/posts\/74385\/revisions"}],"wp:featuredmedia":[{"embeddable":true,"href":"https:\/\/www.altominho.tv\/site\/wp-json\/wp\/v2\/media\/69709"}],"wp:attachment":[{"href":"https:\/\/www.altominho.tv\/site\/wp-json\/wp\/v2\/media?parent=74385"}],"wp:term":[{"taxonomy":"category","embeddable":true,"href":"https:\/\/www.altominho.tv\/site\/wp-json\/wp\/v2\/categories?post=74385"},{"taxonomy":"post_tag","embeddable":true,"href":"https:\/\/www.altominho.tv\/site\/wp-json\/wp\/v2\/tags?post=74385"}],"curies":[{"name":"wp","href":"https:\/\/api.w.org\/{rel}","templated":true}]}}