{"id":74351,"date":"2022-01-05T11:17:02","date_gmt":"2022-01-05T11:17:02","guid":{"rendered":"https:\/\/www.altominho.tv\/site\/?p=74351"},"modified":"2022-03-07T16:32:38","modified_gmt":"2022-03-07T16:32:38","slug":"efetividade-das-vacinas-e-menor-com-a-variante-omicron","status":"publish","type":"post","link":"https:\/\/www.altominho.tv\/site\/2022\/01\/05\/efetividade-das-vacinas-e-menor-com-a-variante-omicron\/","title":{"rendered":"Efetividade das vacinas \u00e9 menor com a variante \u00d3micron"},"content":{"rendered":"<p>A efetividade da vacina contra a Covid-19 \u00e9 mais baixa na variante \u00d3micron do que a estimada para a Delta, mas ap\u00f3s a dose de refor\u00e7o aumenta e varia consoante a vacina e o tempo desde a \u00faltima dose, segundo os especialistas.<\/p>\n<p class=\"text-paragraph\">Na apresenta\u00e7\u00e3o que, esta quarta-feira, fez na reuni\u00e3o de peritos do Infarmed, Ana Paula Rodrigues, do Instituto Nacional de Sa\u00fade Doutor Ricardo Jorge (INSA), explicou, citando v\u00e1rios estudos, que a efetividade da vacina contra infe\u00e7\u00e3o no caso da variante \u00d3micron situa-se entre os 40% a 70% e \u00e9 considerada \u201cmoderada contra a infe\u00e7\u00e3o sintom\u00e1tica\u201d.<\/p>\n<p class=\"text-paragraph\">A especialista disse ainda que a imunidade baixa mais r\u00e1pidamente na variante \u00d3micron do que o que se verificou na Delta, fruto da maior capacidade de escape ao sistema imunit\u00e1rio.<\/p>\n<p class=\"text-paragraph\">J\u00e1 a efetividade contra a hospitaliza\u00e7\u00e3o, independentemente do tipo de vacina, no caso da \u00d3micron, e ap\u00f3s o refor\u00e7o vacinal, \u00e9 de 88%. Ap\u00f3s a segunda dose situa-se entre os 52% e os 72%, &#8220;dependendo do tempo que decorreu entre \u00faltima toma da vacina&#8221;, disse Ana Paula Rodrigues.<\/p>\n<p class=\"text-paragraph\">Os dados apontam para valores inferiores na efetividade da vacina relativamente ao que se verificava na variante Delta, &#8220;mas ap\u00f3s o refor\u00e7o aproxima-se. Contudo, n\u00e3o se sabe ainda qual \u00e9 o decaimento no risco de hospitaliza\u00e7\u00e3o com o tempo, mas espera-se que seja menor&#8221;, acrescentou.<\/p>\n<p class=\"text-paragraph\">Durante a apresenta\u00e7\u00e3o que fez sobre a gravidade da infe\u00e7\u00e3o, a efetividade da vacina\u00e7\u00e3o e o impacto esperado, Ana Paula Rodrigues disse ainda que tendo em conta que no grupo et\u00e1rio entre os 50 e 59 anos h\u00e1 70% que ainda n\u00e3o t\u00eam refor\u00e7o vacinal este grupo \u201cdeve ter cuidados acrescidos nas medidas de prote\u00e7\u00e3o individual\u201d.<\/p>\n<p class=\"text-paragraph\">Sublinhou ainda que, apesar da menor efetividade das vacinas, \u00e9 esperada uma carga de doen\u00e7a elevada, mas com gravidade mais baixa, pois \u201ch\u00e1 v\u00e1rios sinais de menos gravidade na infe\u00e7\u00e3o por \u00d3micron\u201d.<\/p>\n<p class=\"text-paragraph\">\u201c\u00c9 mais benigna do que a que t\u00ednhamos anteriormente\u201d, considerou a especialista, insistindo que \u201cjustificam-se as medidas de prote\u00e7\u00e3o individual, independentemente da idade, assim como o refor\u00e7o da vacina e a continuidade da vacina\u00e7\u00e3o nos atuais grupos alvo\u201d.<\/p>\n<p class=\"text-paragraph\">Antes de Ana Paula Rodrigues, Jo\u00e3o Paulo Gomes, tamb\u00e9m do INSA, explicou porque \u00e9 que a gravidade de doen\u00e7a com a variante \u00d3micron \u00e9 menor, apesar da maior capacidade de transmiss\u00e3o, referindo que esta variante tem mais muta\u00e7\u00f5es na zona de liga\u00e7\u00e3o com as c\u00e9lulas humanas, da\u00ed escapar mais ao sistema imunit\u00e1rio e disseminar-se mais facilmente, mas tem menor capacidade de se replicar nos pulm\u00f5es pela \u201cbaixa afinidade com as prote\u00ednas espec\u00edficas dos pulm\u00f5es\u201d.<\/p>\n<p class=\"text-paragraph\">Citando dados experimentais da Universidade Hong Kong, o especialista indicou que, no caso da variante \u00d3micron, o processo de replica\u00e7\u00e3o nas vias a\u00e9reas superiores \u00e9 70 vezes mais r\u00e1pido do que na variante Delta, mas 10 vezes mais lento nas c\u00e9lulas inferiores do pulm\u00e3o, o que explica a menor severidade da doen\u00e7a.<\/p>\n<p class=\"text-paragraph\">Acrescentou igualmente que \u201cn\u00e3o h\u00e1 diferen\u00e7a significativa entre infetados com a \u00d3micron e com a delta no que se refere \u00e0 carga viral\u201d.<\/p>\n<p class=\"text-paragraph\">Jo\u00e3o Paulo Gomes disse ainda que a \u00d3micron j\u00e1 representa 90% das infe\u00e7\u00f5es em Portugal e apontou a \u201cgrande heterogeneidade, tanto nos timings como na dissemina\u00e7\u00e3o nas v\u00e1rias regi\u00f5es\u201d, dando como exemplo o Algarve, que na semana do Natal ainda tinha um peso de 40% de uma das linhagens da variante delta, \u2018importada\u2019 do Reino Unido e ligada ao turismo.<\/p>\n","protected":false},"excerpt":{"rendered":"<p>A efetividade da vacina contra a Covid-19 \u00e9 mais baixa na variante \u00d3micron do que a estimada para a Delta, mas ap\u00f3s a dose de refor\u00e7o aumenta e varia consoante a vacina e o tempo desde a \u00faltima dose, segundo os especialistas. Na apresenta\u00e7\u00e3o que, esta quarta-feira, fez na reuni\u00e3o de peritos do Infarmed, Ana [&hellip;]<\/p>\n","protected":false},"author":13,"featured_media":73152,"comment_status":"closed","ping_status":"closed","sticky":false,"template":"","format":"standard","meta":{"_exactmetrics_skip_tracking":false,"_exactmetrics_sitenote_active":false,"_exactmetrics_sitenote_note":"","_exactmetrics_sitenote_category":0,"footnotes":""},"categories":[42722],"tags":[26,27],"class_list":["post-74351","post","type-post","status-publish","format-standard","has-post-thumbnail","hentry","category-covid-19","tag-saude","tag-sociedade"],"yoast_head":"<!-- This site is optimized with the Yoast SEO Premium plugin v27.5 (Yoast SEO v27.5) - https:\/\/yoast.com\/product\/yoast-seo-premium-wordpress\/ -->\n<title>Efetividade das vacinas \u00e9 menor com a variante \u00d3micron<\/title>\n<meta name=\"description\" content=\"A efetividade da vacina contra a Covid-19 \u00e9 mais baixa na variante \u00d3micron do que a estimada para a Delta.\" \/>\n<meta name=\"robots\" content=\"index, follow, max-snippet:-1, max-image-preview:large, max-video-preview:-1\" \/>\n<link rel=\"canonical\" href=\"https:\/\/www.altominho.tv\/site\/2022\/01\/05\/efetividade-das-vacinas-e-menor-com-a-variante-omicron\/\" \/>\n<meta property=\"og:locale\" content=\"pt_PT\" \/>\n<meta property=\"og:type\" content=\"article\" \/>\n<meta property=\"og:title\" content=\"Efetividade das vacinas \u00e9 menor com a variante \u00d3micron\" \/>\n<meta property=\"og:description\" content=\"A efetividade da vacina contra a Covid-19 \u00e9 mais baixa na variante \u00d3micron do que a estimada para a Delta.\" \/>\n<meta property=\"og:url\" content=\"https:\/\/www.altominho.tv\/site\/2022\/01\/05\/efetividade-das-vacinas-e-menor-com-a-variante-omicron\/\" \/>\n<meta property=\"og:site_name\" content=\"Altominho.tv\" \/>\n<meta property=\"article:publisher\" content=\"https:\/\/www.facebook.com\/altominhotv\" \/>\n<meta property=\"article:published_time\" content=\"2022-01-05T11:17:02+00:00\" \/>\n<meta property=\"article:modified_time\" content=\"2022-03-07T16:32:38+00:00\" \/>\n<meta property=\"og:image\" content=\"https:\/\/www.altominho.tv\/site\/wp-content\/uploads\/2021\/11\/Omicron_Variante.jpg\" \/>\n\t<meta property=\"og:image:width\" content=\"860\" \/>\n\t<meta property=\"og:image:height\" content=\"571\" \/>\n\t<meta property=\"og:image:type\" content=\"image\/jpeg\" \/>\n<meta name=\"author\" content=\"Lusa\" \/>\n<meta name=\"twitter:card\" content=\"summary_large_image\" \/>\n<meta name=\"twitter:creator\" content=\"@altominhoTV\" \/>\n<meta name=\"twitter:site\" content=\"@altominhoTV\" \/>\n<meta name=\"twitter:label1\" content=\"Escrito por\" \/>\n\t<meta name=\"twitter:data1\" content=\"Lusa\" \/>\n\t<meta name=\"twitter:label2\" content=\"Tempo estimado de leitura\" \/>\n\t<meta name=\"twitter:data2\" content=\"4 minutos\" \/>\n<script type=\"application\/ld+json\" class=\"yoast-schema-graph\">{\"@context\":\"https:\\\/\\\/schema.org\",\"@graph\":[{\"@type\":\"Article\",\"@id\":\"https:\\\/\\\/www.altominho.tv\\\/site\\\/2022\\\/01\\\/05\\\/efetividade-das-vacinas-e-menor-com-a-variante-omicron\\\/#article\",\"isPartOf\":{\"@id\":\"https:\\\/\\\/www.altominho.tv\\\/site\\\/2022\\\/01\\\/05\\\/efetividade-das-vacinas-e-menor-com-a-variante-omicron\\\/\"},\"author\":{\"name\":\"Lusa\",\"@id\":\"https:\\\/\\\/www.altominho.tv\\\/site\\\/#\\\/schema\\\/person\\\/63f693da3e1899361cbe955c46f3232e\"},\"headline\":\"Efetividade das vacinas \u00e9 menor com a variante \u00d3micron\",\"datePublished\":\"2022-01-05T11:17:02+00:00\",\"dateModified\":\"2022-03-07T16:32:38+00:00\",\"mainEntityOfPage\":{\"@id\":\"https:\\\/\\\/www.altominho.tv\\\/site\\\/2022\\\/01\\\/05\\\/efetividade-das-vacinas-e-menor-com-a-variante-omicron\\\/\"},\"wordCount\":599,\"image\":{\"@id\":\"https:\\\/\\\/www.altominho.tv\\\/site\\\/2022\\\/01\\\/05\\\/efetividade-das-vacinas-e-menor-com-a-variante-omicron\\\/#primaryimage\"},\"thumbnailUrl\":\"https:\\\/\\\/www.altominho.tv\\\/site\\\/wp-content\\\/uploads\\\/2021\\\/11\\\/Omicron_Variante.jpg\",\"keywords\":[\"Sa\u00fade\",\"Sociedade\"],\"articleSection\":[\"Coronav\u00edrus\"],\"inLanguage\":\"pt-PT\",\"copyrightYear\":\"2022\",\"copyrightHolder\":{\"@id\":\"https:\\\/\\\/www.altominho.tv\\\/site\\\/#organization\"}},{\"@type\":\"WebPage\",\"@id\":\"https:\\\/\\\/www.altominho.tv\\\/site\\\/2022\\\/01\\\/05\\\/efetividade-das-vacinas-e-menor-com-a-variante-omicron\\\/\",\"url\":\"https:\\\/\\\/www.altominho.tv\\\/site\\\/2022\\\/01\\\/05\\\/efetividade-das-vacinas-e-menor-com-a-variante-omicron\\\/\",\"name\":\"Efetividade das vacinas \u00e9 menor com a variante \u00d3micron\",\"isPartOf\":{\"@id\":\"https:\\\/\\\/www.altominho.tv\\\/site\\\/#website\"},\"primaryImageOfPage\":{\"@id\":\"https:\\\/\\\/www.altominho.tv\\\/site\\\/2022\\\/01\\\/05\\\/efetividade-das-vacinas-e-menor-com-a-variante-omicron\\\/#primaryimage\"},\"image\":{\"@id\":\"https:\\\/\\\/www.altominho.tv\\\/site\\\/2022\\\/01\\\/05\\\/efetividade-das-vacinas-e-menor-com-a-variante-omicron\\\/#primaryimage\"},\"thumbnailUrl\":\"https:\\\/\\\/www.altominho.tv\\\/site\\\/wp-content\\\/uploads\\\/2021\\\/11\\\/Omicron_Variante.jpg\",\"datePublished\":\"2022-01-05T11:17:02+00:00\",\"dateModified\":\"2022-03-07T16:32:38+00:00\",\"author\":{\"@id\":\"https:\\\/\\\/www.altominho.tv\\\/site\\\/#\\\/schema\\\/person\\\/63f693da3e1899361cbe955c46f3232e\"},\"description\":\"A efetividade da vacina contra a Covid-19 \u00e9 mais baixa na variante \u00d3micron do que a estimada para a Delta.\",\"breadcrumb\":{\"@id\":\"https:\\\/\\\/www.altominho.tv\\\/site\\\/2022\\\/01\\\/05\\\/efetividade-das-vacinas-e-menor-com-a-variante-omicron\\\/#breadcrumb\"},\"inLanguage\":\"pt-PT\",\"potentialAction\":[{\"@type\":\"ReadAction\",\"target\":[\"https:\\\/\\\/www.altominho.tv\\\/site\\\/2022\\\/01\\\/05\\\/efetividade-das-vacinas-e-menor-com-a-variante-omicron\\\/\"]}]},{\"@type\":\"ImageObject\",\"inLanguage\":\"pt-PT\",\"@id\":\"https:\\\/\\\/www.altominho.tv\\\/site\\\/2022\\\/01\\\/05\\\/efetividade-das-vacinas-e-menor-com-a-variante-omicron\\\/#primaryimage\",\"url\":\"https:\\\/\\\/www.altominho.tv\\\/site\\\/wp-content\\\/uploads\\\/2021\\\/11\\\/Omicron_Variante.jpg\",\"contentUrl\":\"https:\\\/\\\/www.altominho.tv\\\/site\\\/wp-content\\\/uploads\\\/2021\\\/11\\\/Omicron_Variante.jpg\",\"width\":860,\"height\":571},{\"@type\":\"BreadcrumbList\",\"@id\":\"https:\\\/\\\/www.altominho.tv\\\/site\\\/2022\\\/01\\\/05\\\/efetividade-das-vacinas-e-menor-com-a-variante-omicron\\\/#breadcrumb\",\"itemListElement\":[{\"@type\":\"ListItem\",\"position\":1,\"name\":\"In\u00edcio\",\"item\":\"https:\\\/\\\/www.altominho.tv\\\/site\\\/\"},{\"@type\":\"ListItem\",\"position\":2,\"name\":\"Efetividade das vacinas \u00e9 menor com a variante \u00d3micron\"}]},{\"@type\":\"WebSite\",\"@id\":\"https:\\\/\\\/www.altominho.tv\\\/site\\\/#website\",\"url\":\"https:\\\/\\\/www.altominho.tv\\\/site\\\/\",\"name\":\"Altominho.tv\",\"description\":\"A sua regi\u00e3o \u00e0 dist\u00e2ncia de um clique...\",\"potentialAction\":[{\"@type\":\"SearchAction\",\"target\":{\"@type\":\"EntryPoint\",\"urlTemplate\":\"https:\\\/\\\/www.altominho.tv\\\/site\\\/?s={search_term_string}\"},\"query-input\":{\"@type\":\"PropertyValueSpecification\",\"valueRequired\":true,\"valueName\":\"search_term_string\"}}],\"inLanguage\":\"pt-PT\"},{\"@type\":\"Person\",\"@id\":\"https:\\\/\\\/www.altominho.tv\\\/site\\\/#\\\/schema\\\/person\\\/63f693da3e1899361cbe955c46f3232e\",\"name\":\"Lusa\",\"image\":{\"@type\":\"ImageObject\",\"inLanguage\":\"pt-PT\",\"@id\":\"https:\\\/\\\/www.altominho.tv\\\/site\\\/wp-content\\\/uploads\\\/2019\\\/08\\\/LUSA_Logo.gif\",\"url\":\"https:\\\/\\\/www.altominho.tv\\\/site\\\/wp-content\\\/uploads\\\/2019\\\/08\\\/LUSA_Logo.gif\",\"contentUrl\":\"https:\\\/\\\/www.altominho.tv\\\/site\\\/wp-content\\\/uploads\\\/2019\\\/08\\\/LUSA_Logo.gif\",\"caption\":\"Lusa\"},\"sameAs\":[\"http:\\\/\\\/\\\/\\\/www.altominho.tv\\\/site\"],\"url\":\"https:\\\/\\\/www.altominho.tv\\\/site\\\/author\\\/lusa\\\/\"}]}<\/script>\n<!-- \/ Yoast SEO Premium plugin. -->","yoast_head_json":{"title":"Efetividade das vacinas \u00e9 menor com a variante \u00d3micron","description":"A efetividade da vacina contra a Covid-19 \u00e9 mais baixa na variante \u00d3micron do que a estimada para a Delta.","robots":{"index":"index","follow":"follow","max-snippet":"max-snippet:-1","max-image-preview":"max-image-preview:large","max-video-preview":"max-video-preview:-1"},"canonical":"https:\/\/www.altominho.tv\/site\/2022\/01\/05\/efetividade-das-vacinas-e-menor-com-a-variante-omicron\/","og_locale":"pt_PT","og_type":"article","og_title":"Efetividade das vacinas \u00e9 menor com a variante \u00d3micron","og_description":"A efetividade da vacina contra a Covid-19 \u00e9 mais baixa na variante \u00d3micron do que a estimada para a Delta.","og_url":"https:\/\/www.altominho.tv\/site\/2022\/01\/05\/efetividade-das-vacinas-e-menor-com-a-variante-omicron\/","og_site_name":"Altominho.tv","article_publisher":"https:\/\/www.facebook.com\/altominhotv","article_published_time":"2022-01-05T11:17:02+00:00","article_modified_time":"2022-03-07T16:32:38+00:00","og_image":[{"width":860,"height":571,"url":"https:\/\/www.altominho.tv\/site\/wp-content\/uploads\/2021\/11\/Omicron_Variante.jpg","type":"image\/jpeg"}],"author":"Lusa","twitter_card":"summary_large_image","twitter_creator":"@altominhoTV","twitter_site":"@altominhoTV","twitter_misc":{"Escrito por":"Lusa","Tempo estimado de leitura":"4 minutos"},"schema":{"@context":"https:\/\/schema.org","@graph":[{"@type":"Article","@id":"https:\/\/www.altominho.tv\/site\/2022\/01\/05\/efetividade-das-vacinas-e-menor-com-a-variante-omicron\/#article","isPartOf":{"@id":"https:\/\/www.altominho.tv\/site\/2022\/01\/05\/efetividade-das-vacinas-e-menor-com-a-variante-omicron\/"},"author":{"name":"Lusa","@id":"https:\/\/www.altominho.tv\/site\/#\/schema\/person\/63f693da3e1899361cbe955c46f3232e"},"headline":"Efetividade das vacinas \u00e9 menor com a variante \u00d3micron","datePublished":"2022-01-05T11:17:02+00:00","dateModified":"2022-03-07T16:32:38+00:00","mainEntityOfPage":{"@id":"https:\/\/www.altominho.tv\/site\/2022\/01\/05\/efetividade-das-vacinas-e-menor-com-a-variante-omicron\/"},"wordCount":599,"image":{"@id":"https:\/\/www.altominho.tv\/site\/2022\/01\/05\/efetividade-das-vacinas-e-menor-com-a-variante-omicron\/#primaryimage"},"thumbnailUrl":"https:\/\/www.altominho.tv\/site\/wp-content\/uploads\/2021\/11\/Omicron_Variante.jpg","keywords":["Sa\u00fade","Sociedade"],"articleSection":["Coronav\u00edrus"],"inLanguage":"pt-PT","copyrightYear":"2022","copyrightHolder":{"@id":"https:\/\/www.altominho.tv\/site\/#organization"}},{"@type":"WebPage","@id":"https:\/\/www.altominho.tv\/site\/2022\/01\/05\/efetividade-das-vacinas-e-menor-com-a-variante-omicron\/","url":"https:\/\/www.altominho.tv\/site\/2022\/01\/05\/efetividade-das-vacinas-e-menor-com-a-variante-omicron\/","name":"Efetividade das vacinas \u00e9 menor com a variante \u00d3micron","isPartOf":{"@id":"https:\/\/www.altominho.tv\/site\/#website"},"primaryImageOfPage":{"@id":"https:\/\/www.altominho.tv\/site\/2022\/01\/05\/efetividade-das-vacinas-e-menor-com-a-variante-omicron\/#primaryimage"},"image":{"@id":"https:\/\/www.altominho.tv\/site\/2022\/01\/05\/efetividade-das-vacinas-e-menor-com-a-variante-omicron\/#primaryimage"},"thumbnailUrl":"https:\/\/www.altominho.tv\/site\/wp-content\/uploads\/2021\/11\/Omicron_Variante.jpg","datePublished":"2022-01-05T11:17:02+00:00","dateModified":"2022-03-07T16:32:38+00:00","author":{"@id":"https:\/\/www.altominho.tv\/site\/#\/schema\/person\/63f693da3e1899361cbe955c46f3232e"},"description":"A efetividade da vacina contra a Covid-19 \u00e9 mais baixa na variante \u00d3micron do que a estimada para a Delta.","breadcrumb":{"@id":"https:\/\/www.altominho.tv\/site\/2022\/01\/05\/efetividade-das-vacinas-e-menor-com-a-variante-omicron\/#breadcrumb"},"inLanguage":"pt-PT","potentialAction":[{"@type":"ReadAction","target":["https:\/\/www.altominho.tv\/site\/2022\/01\/05\/efetividade-das-vacinas-e-menor-com-a-variante-omicron\/"]}]},{"@type":"ImageObject","inLanguage":"pt-PT","@id":"https:\/\/www.altominho.tv\/site\/2022\/01\/05\/efetividade-das-vacinas-e-menor-com-a-variante-omicron\/#primaryimage","url":"https:\/\/www.altominho.tv\/site\/wp-content\/uploads\/2021\/11\/Omicron_Variante.jpg","contentUrl":"https:\/\/www.altominho.tv\/site\/wp-content\/uploads\/2021\/11\/Omicron_Variante.jpg","width":860,"height":571},{"@type":"BreadcrumbList","@id":"https:\/\/www.altominho.tv\/site\/2022\/01\/05\/efetividade-das-vacinas-e-menor-com-a-variante-omicron\/#breadcrumb","itemListElement":[{"@type":"ListItem","position":1,"name":"In\u00edcio","item":"https:\/\/www.altominho.tv\/site\/"},{"@type":"ListItem","position":2,"name":"Efetividade das vacinas \u00e9 menor com a variante \u00d3micron"}]},{"@type":"WebSite","@id":"https:\/\/www.altominho.tv\/site\/#website","url":"https:\/\/www.altominho.tv\/site\/","name":"Altominho.tv","description":"A sua regi\u00e3o \u00e0 dist\u00e2ncia de um clique...","potentialAction":[{"@type":"SearchAction","target":{"@type":"EntryPoint","urlTemplate":"https:\/\/www.altominho.tv\/site\/?s={search_term_string}"},"query-input":{"@type":"PropertyValueSpecification","valueRequired":true,"valueName":"search_term_string"}}],"inLanguage":"pt-PT"},{"@type":"Person","@id":"https:\/\/www.altominho.tv\/site\/#\/schema\/person\/63f693da3e1899361cbe955c46f3232e","name":"Lusa","image":{"@type":"ImageObject","inLanguage":"pt-PT","@id":"https:\/\/www.altominho.tv\/site\/wp-content\/uploads\/2019\/08\/LUSA_Logo.gif","url":"https:\/\/www.altominho.tv\/site\/wp-content\/uploads\/2019\/08\/LUSA_Logo.gif","contentUrl":"https:\/\/www.altominho.tv\/site\/wp-content\/uploads\/2019\/08\/LUSA_Logo.gif","caption":"Lusa"},"sameAs":["http:\/\/\/\/www.altominho.tv\/site"],"url":"https:\/\/www.altominho.tv\/site\/author\/lusa\/"}]}},"_links":{"self":[{"href":"https:\/\/www.altominho.tv\/site\/wp-json\/wp\/v2\/posts\/74351","targetHints":{"allow":["GET"]}}],"collection":[{"href":"https:\/\/www.altominho.tv\/site\/wp-json\/wp\/v2\/posts"}],"about":[{"href":"https:\/\/www.altominho.tv\/site\/wp-json\/wp\/v2\/types\/post"}],"author":[{"embeddable":true,"href":"https:\/\/www.altominho.tv\/site\/wp-json\/wp\/v2\/users\/13"}],"replies":[{"embeddable":true,"href":"https:\/\/www.altominho.tv\/site\/wp-json\/wp\/v2\/comments?post=74351"}],"version-history":[{"count":0,"href":"https:\/\/www.altominho.tv\/site\/wp-json\/wp\/v2\/posts\/74351\/revisions"}],"wp:featuredmedia":[{"embeddable":true,"href":"https:\/\/www.altominho.tv\/site\/wp-json\/wp\/v2\/media\/73152"}],"wp:attachment":[{"href":"https:\/\/www.altominho.tv\/site\/wp-json\/wp\/v2\/media?parent=74351"}],"wp:term":[{"taxonomy":"category","embeddable":true,"href":"https:\/\/www.altominho.tv\/site\/wp-json\/wp\/v2\/categories?post=74351"},{"taxonomy":"post_tag","embeddable":true,"href":"https:\/\/www.altominho.tv\/site\/wp-json\/wp\/v2\/tags?post=74351"}],"curies":[{"name":"wp","href":"https:\/\/api.w.org\/{rel}","templated":true}]}}