{"id":74338,"date":"2022-01-05T08:53:15","date_gmt":"2022-01-05T08:53:15","guid":{"rendered":"https:\/\/www.altominho.tv\/site\/?p=74338"},"modified":"2022-03-07T16:36:02","modified_gmt":"2022-03-07T16:36:02","slug":"periodo-de-isolamento-de-assintomaticos-passa-para-sete-dias","status":"publish","type":"post","link":"https:\/\/www.altominho.tv\/site\/2022\/01\/05\/periodo-de-isolamento-de-assintomaticos-passa-para-sete-dias\/","title":{"rendered":"Per\u00edodo de isolamento de assintom\u00e1ticos passa para sete dias"},"content":{"rendered":"<p>O per\u00edodo de isolamento para as pessoas assintom\u00e1ticas que testam positivo ao SARS-CoV-2 e t\u00eam doen\u00e7a ligeira passa, a partir desta quarta-feira, a ser de sete dias, segundo a Dire\u00e7\u00e3o-Geral da Sa\u00fade (DGS).<\/p>\n<p class=\"text-paragraph\">As normas atualizadas pela DGS tamb\u00e9m reduzem para sete dias o isolamento dos contactos de alto risco, mas alteram as defini\u00e7\u00f5es destes contactos, que s\u00f3 entram em vigor na pr\u00f3xima segunda-feira.<\/p>\n<p class=\"text-paragraph\">Assim, passam a ser considerados contactos de alto risco os coabitantes do caso confirmado, exceto se tiverem esquema vacinal completo com dose de refor\u00e7o, quem resida ou trabalhe em lares ou outras respostas dedicadas a pessoas idosas, comunidades terap\u00eauticas e de inser\u00e7\u00e3o social, bem como em centros de acolhimento tempor\u00e1rio, de alojamento de emerg\u00eancia e na rede de cuidados continuados.<\/p>\n<p class=\"text-paragraph\">A DGS definiu que as pessoas assintom\u00e1ticas e quem tem sintomas ligeiros ficam em autovigil\u00e2ncia e n\u00e3o precisam de fazer teste no s\u00e9timo dia para sa\u00edrem do isolamento.<\/p>\n<p class=\"text-paragraph\">Segundo os documentos atualizados esta quarta-feira, o tempo m\u00ednimo definido para o isolamento, aplica-se aos casos de isolamento em curso, ou seja, considera-se integralmente cumprido o per\u00edodo de isolamento para as pessoas com infe\u00e7\u00e3o confirmada, assintom\u00e1ticas ou com doen\u00e7a ligeira, que ao dia de hoje tenham cumprido sete dias ou mais de isolamento.<\/p>\n<p class=\"text-paragraph\">De acordo com as normas, o per\u00edodo de isolamento ser\u00e1 de 10 dias para quem desenvolve doen\u00e7a moderada e 20 para quem desenvolve doen\u00e7a grave e para quem tem problemas de imunodepress\u00e3o, independentemente da gravidade da evolu\u00e7\u00e3o cl\u00ednica.<\/p>\n<p class=\"text-paragraph\">A DGS indica que as pessoas assintom\u00e1ticas com resultado positivo devem autoisolar-se, \u201cinterrompendo o autoisolamento para a realiza\u00e7\u00e3o de teste laboratorial, quando indicado\u201d, e podem fazer testes r\u00e1pidos de antig\u00e9nio de uso profissional (TRAg) ou testes moleculares (TAAN).<\/p>\n<p class=\"text-paragraph\">Ap\u00f3s o teste (24 a 48 horas) receber\u00e3o uma mensagem, atrav\u00e9s da qual lhes chega o formul\u00e1rio de apoio ao inqu\u00e9rito epidemiol\u00f3gico, informa\u00e7\u00e3o relativa \u00e0 declara\u00e7\u00e3o de isolamento e o folheto de recomenda\u00e7\u00f5es e medidas a observar.<\/p>\n<p class=\"text-paragraph\">A norma define que os assintom\u00e1ticos podem igualmente fazer autoteste, \u201ccaso n\u00e3o seja poss\u00edvel a realiza\u00e7\u00e3o de um TRAg ou TAAN no prazo de 24 horas\u201d e, nesse caso, devem contactar o SNS24, atrav\u00e9s do qual recebem a requisi\u00e7\u00e3o para realiza\u00e7\u00e3o de TAAN ou TRAg (confirmat\u00f3rio), informa\u00e7\u00e3o relativa \u00e0 declara\u00e7\u00e3o de isolamento e o folheto de recomenda\u00e7\u00f5es e medidas a observar.<\/p>\n<p class=\"text-paragraph\">Diz igualmente a norma que as pessoas com infe\u00e7\u00e3o confirmada por SARS-CoV-2 que sejam assintom\u00e1ticas \u00e0 data do diagn\u00f3stico t\u00eam indica\u00e7\u00e3o para autocuidados e isolamento no domic\u00edlio e, caso desenvolvam sintomas, devem contactar o SNS24.<\/p>\n<p class=\"text-paragraph\">Todas as pessoas que, independentemente do estado vacinal, apresentem quadro de infe\u00e7\u00e3o respirat\u00f3ria aguda com tosse de novo ou agravamento do padr\u00e3o habitual, febre ou dificuldade respirat\u00f3ria e\/ou perturba\u00e7\u00f5es no olfato ou diminui\u00e7\u00e3o ou perda de paladar, devem contactar o SNS24.<\/p>\n<p class=\"text-paragraph\">Segundo a norma, ficar\u00e3o em autocuidados e isolamento no domic\u00edlio as pessoas que tiverem sintomas ligeiros como febre por per\u00edodo inferior a 3 dias e\/ou tosse, aus\u00eancia de dificuldade respirat\u00f3ria, v\u00f3mitos ou diarreia e se n\u00e3o tiverem doen\u00e7as cr\u00f3nicas descompensadas ou condi\u00e7\u00f5es associadas a risco de evolu\u00e7\u00e3o para a Covid-19 com gravidade.<\/p>\n<p class=\"text-paragraph\">Nos termos da mesma norma, s\u00f3 ser\u00e3o encaminhados para avalia\u00e7\u00e3o cl\u00ednica presencial nas \u00e1reas dedicadas nos cuidados de sa\u00fade prim\u00e1rios os doentes com sintomas moderados como febre persistente, pieira ou tosse persistente, com obesidade ou doen\u00e7a cr\u00f3nica compensada.<\/p>\n<p class=\"text-paragraph\">Por outro lado, ser\u00e3o encaminhadas para avalia\u00e7\u00e3o cl\u00ednica presencial em \u00e1reas dedicadas nos servi\u00e7os de urg\u00eancia hospitalares quem tiver sintomas como febre persistente com mais de 48 horas de dura\u00e7\u00e3o, dispneia ou sinais de dificuldade respirat\u00f3ria, v\u00f3mitos ou diarreia persistentes ou ainda doen\u00e7a cr\u00f3nica descompensada, doen\u00e7a renal cr\u00f3nica em di\u00e1lise, neoplasia maligna ativa ou imunossupress\u00e3o.<\/p>\n<p class=\"text-paragraph\">As pessoas sintom\u00e1ticas com suspeita de infe\u00e7\u00e3o por SARS-CoV-2, ap\u00f3s a realiza\u00e7\u00e3o do teste para SARS-CoV-2 com resultado negativo (TAAN ou TRAg) deixam de estar em isolamento, exceto se forem contacto de alto risco de um caso confirmado.<\/p>\n<p class=\"text-paragraph\">A norma sobre o rastreio de contactos define que, no atual contexto epidemiol\u00f3gico, \u201c\u00e9 privilegiada a identifica\u00e7\u00e3o dos contactos de alto risco de caso confirmado de infe\u00e7\u00e3o\u201d.<\/p>\n<p class=\"text-paragraph\">Diz ainda que os contactos de alto risco devem realizar testes laboratoriais para SARS-CoV-2 (TAAN ou TRAg) o mais precocemente poss\u00edvel at\u00e9 ao 3.\u00ba dia e um segundo teste ao 7.\u00ba dia, que definir\u00e1 o fim do per\u00edodo de isolamento. J\u00e1 os restantes contactos s\u00e3o aconselhados a fazer apenas um teste o mais precocemente poss\u00edvel, at\u00e9 ao 3.\u00ba dia do contacto com o caso confirmado.<\/p>\n","protected":false},"excerpt":{"rendered":"<p>O per\u00edodo de isolamento para as pessoas assintom\u00e1ticas que testam positivo ao SARS-CoV-2 e t\u00eam doen\u00e7a ligeira passa, a partir desta quarta-feira, a ser de sete dias, segundo a Dire\u00e7\u00e3o-Geral da Sa\u00fade (DGS). As normas atualizadas pela DGS tamb\u00e9m reduzem para sete dias o isolamento dos contactos de alto risco, mas alteram as defini\u00e7\u00f5es destes [&hellip;]<\/p>\n","protected":false},"author":13,"featured_media":73457,"comment_status":"closed","ping_status":"closed","sticky":false,"template":"","format":"standard","meta":{"_exactmetrics_skip_tracking":false,"_exactmetrics_sitenote_active":false,"_exactmetrics_sitenote_note":"","_exactmetrics_sitenote_category":0,"footnotes":""},"categories":[42722],"tags":[26,27],"class_list":["post-74338","post","type-post","status-publish","format-standard","has-post-thumbnail","hentry","category-covid-19","tag-saude","tag-sociedade"],"yoast_head":"<!-- This site is optimized with the Yoast SEO Premium plugin v27.5 (Yoast SEO v27.5) - https:\/\/yoast.com\/product\/yoast-seo-premium-wordpress\/ -->\n<title>Per\u00edodo de isolamento de assintom\u00e1ticos passa para sete dias<\/title>\n<meta name=\"description\" content=\"O per\u00edodo de isolamento para as pessoas assintom\u00e1ticas que testam positivo ao covid-19 passa, a partir desta quarta-feira, a ser de sete dias\" \/>\n<meta name=\"robots\" content=\"index, follow, max-snippet:-1, max-image-preview:large, max-video-preview:-1\" \/>\n<link rel=\"canonical\" href=\"https:\/\/www.altominho.tv\/site\/2022\/01\/05\/periodo-de-isolamento-de-assintomaticos-passa-para-sete-dias\/\" \/>\n<meta property=\"og:locale\" content=\"pt_PT\" \/>\n<meta property=\"og:type\" content=\"article\" \/>\n<meta property=\"og:title\" content=\"Per\u00edodo de isolamento de assintom\u00e1ticos passa para sete dias\" \/>\n<meta property=\"og:description\" content=\"O per\u00edodo de isolamento para as pessoas assintom\u00e1ticas que testam positivo ao covid-19 passa, a partir desta quarta-feira, a ser de sete dias\" \/>\n<meta property=\"og:url\" content=\"https:\/\/www.altominho.tv\/site\/2022\/01\/05\/periodo-de-isolamento-de-assintomaticos-passa-para-sete-dias\/\" \/>\n<meta property=\"og:site_name\" content=\"Altominho.tv\" \/>\n<meta property=\"article:publisher\" content=\"https:\/\/www.facebook.com\/altominhotv\" \/>\n<meta property=\"article:published_time\" content=\"2022-01-05T08:53:15+00:00\" \/>\n<meta property=\"article:modified_time\" content=\"2022-03-07T16:36:02+00:00\" \/>\n<meta property=\"og:image\" content=\"https:\/\/www.altominho.tv\/site\/wp-content\/uploads\/2021\/12\/rastreio_testes_covid_19.jpeg\" \/>\n\t<meta property=\"og:image:width\" content=\"1300\" \/>\n\t<meta property=\"og:image:height\" content=\"868\" \/>\n\t<meta property=\"og:image:type\" content=\"image\/jpeg\" \/>\n<meta name=\"author\" content=\"Lusa\" \/>\n<meta name=\"twitter:card\" content=\"summary_large_image\" \/>\n<meta name=\"twitter:creator\" content=\"@altominhoTV\" \/>\n<meta name=\"twitter:site\" content=\"@altominhoTV\" \/>\n<meta name=\"twitter:label1\" content=\"Escrito por\" \/>\n\t<meta name=\"twitter:data1\" content=\"Lusa\" \/>\n\t<meta name=\"twitter:label2\" content=\"Tempo estimado de leitura\" \/>\n\t<meta name=\"twitter:data2\" content=\"5 minutos\" \/>\n<script type=\"application\/ld+json\" class=\"yoast-schema-graph\">{\"@context\":\"https:\\\/\\\/schema.org\",\"@graph\":[{\"@type\":\"Article\",\"@id\":\"https:\\\/\\\/www.altominho.tv\\\/site\\\/2022\\\/01\\\/05\\\/periodo-de-isolamento-de-assintomaticos-passa-para-sete-dias\\\/#article\",\"isPartOf\":{\"@id\":\"https:\\\/\\\/www.altominho.tv\\\/site\\\/2022\\\/01\\\/05\\\/periodo-de-isolamento-de-assintomaticos-passa-para-sete-dias\\\/\"},\"author\":{\"name\":\"Lusa\",\"@id\":\"https:\\\/\\\/www.altominho.tv\\\/site\\\/#\\\/schema\\\/person\\\/63f693da3e1899361cbe955c46f3232e\"},\"headline\":\"Per\u00edodo de isolamento de assintom\u00e1ticos passa para sete dias\",\"datePublished\":\"2022-01-05T08:53:15+00:00\",\"dateModified\":\"2022-03-07T16:36:02+00:00\",\"mainEntityOfPage\":{\"@id\":\"https:\\\/\\\/www.altominho.tv\\\/site\\\/2022\\\/01\\\/05\\\/periodo-de-isolamento-de-assintomaticos-passa-para-sete-dias\\\/\"},\"wordCount\":838,\"image\":{\"@id\":\"https:\\\/\\\/www.altominho.tv\\\/site\\\/2022\\\/01\\\/05\\\/periodo-de-isolamento-de-assintomaticos-passa-para-sete-dias\\\/#primaryimage\"},\"thumbnailUrl\":\"https:\\\/\\\/www.altominho.tv\\\/site\\\/wp-content\\\/uploads\\\/2021\\\/12\\\/rastreio_testes_covid_19.jpeg\",\"keywords\":[\"Sa\u00fade\",\"Sociedade\"],\"articleSection\":[\"Coronav\u00edrus\"],\"inLanguage\":\"pt-PT\",\"copyrightYear\":\"2022\",\"copyrightHolder\":{\"@id\":\"https:\\\/\\\/www.altominho.tv\\\/site\\\/#organization\"}},{\"@type\":\"WebPage\",\"@id\":\"https:\\\/\\\/www.altominho.tv\\\/site\\\/2022\\\/01\\\/05\\\/periodo-de-isolamento-de-assintomaticos-passa-para-sete-dias\\\/\",\"url\":\"https:\\\/\\\/www.altominho.tv\\\/site\\\/2022\\\/01\\\/05\\\/periodo-de-isolamento-de-assintomaticos-passa-para-sete-dias\\\/\",\"name\":\"Per\u00edodo de isolamento de assintom\u00e1ticos passa para sete dias\",\"isPartOf\":{\"@id\":\"https:\\\/\\\/www.altominho.tv\\\/site\\\/#website\"},\"primaryImageOfPage\":{\"@id\":\"https:\\\/\\\/www.altominho.tv\\\/site\\\/2022\\\/01\\\/05\\\/periodo-de-isolamento-de-assintomaticos-passa-para-sete-dias\\\/#primaryimage\"},\"image\":{\"@id\":\"https:\\\/\\\/www.altominho.tv\\\/site\\\/2022\\\/01\\\/05\\\/periodo-de-isolamento-de-assintomaticos-passa-para-sete-dias\\\/#primaryimage\"},\"thumbnailUrl\":\"https:\\\/\\\/www.altominho.tv\\\/site\\\/wp-content\\\/uploads\\\/2021\\\/12\\\/rastreio_testes_covid_19.jpeg\",\"datePublished\":\"2022-01-05T08:53:15+00:00\",\"dateModified\":\"2022-03-07T16:36:02+00:00\",\"author\":{\"@id\":\"https:\\\/\\\/www.altominho.tv\\\/site\\\/#\\\/schema\\\/person\\\/63f693da3e1899361cbe955c46f3232e\"},\"description\":\"O per\u00edodo de isolamento para as pessoas assintom\u00e1ticas que testam positivo ao covid-19 passa, a partir desta quarta-feira, a ser de sete dias\",\"breadcrumb\":{\"@id\":\"https:\\\/\\\/www.altominho.tv\\\/site\\\/2022\\\/01\\\/05\\\/periodo-de-isolamento-de-assintomaticos-passa-para-sete-dias\\\/#breadcrumb\"},\"inLanguage\":\"pt-PT\",\"potentialAction\":[{\"@type\":\"ReadAction\",\"target\":[\"https:\\\/\\\/www.altominho.tv\\\/site\\\/2022\\\/01\\\/05\\\/periodo-de-isolamento-de-assintomaticos-passa-para-sete-dias\\\/\"]}]},{\"@type\":\"ImageObject\",\"inLanguage\":\"pt-PT\",\"@id\":\"https:\\\/\\\/www.altominho.tv\\\/site\\\/2022\\\/01\\\/05\\\/periodo-de-isolamento-de-assintomaticos-passa-para-sete-dias\\\/#primaryimage\",\"url\":\"https:\\\/\\\/www.altominho.tv\\\/site\\\/wp-content\\\/uploads\\\/2021\\\/12\\\/rastreio_testes_covid_19.jpeg\",\"contentUrl\":\"https:\\\/\\\/www.altominho.tv\\\/site\\\/wp-content\\\/uploads\\\/2021\\\/12\\\/rastreio_testes_covid_19.jpeg\",\"width\":1300,\"height\":868},{\"@type\":\"BreadcrumbList\",\"@id\":\"https:\\\/\\\/www.altominho.tv\\\/site\\\/2022\\\/01\\\/05\\\/periodo-de-isolamento-de-assintomaticos-passa-para-sete-dias\\\/#breadcrumb\",\"itemListElement\":[{\"@type\":\"ListItem\",\"position\":1,\"name\":\"In\u00edcio\",\"item\":\"https:\\\/\\\/www.altominho.tv\\\/site\\\/\"},{\"@type\":\"ListItem\",\"position\":2,\"name\":\"Per\u00edodo de isolamento de assintom\u00e1ticos passa para sete dias\"}]},{\"@type\":\"WebSite\",\"@id\":\"https:\\\/\\\/www.altominho.tv\\\/site\\\/#website\",\"url\":\"https:\\\/\\\/www.altominho.tv\\\/site\\\/\",\"name\":\"Altominho.tv\",\"description\":\"A sua regi\u00e3o \u00e0 dist\u00e2ncia de um clique...\",\"potentialAction\":[{\"@type\":\"SearchAction\",\"target\":{\"@type\":\"EntryPoint\",\"urlTemplate\":\"https:\\\/\\\/www.altominho.tv\\\/site\\\/?s={search_term_string}\"},\"query-input\":{\"@type\":\"PropertyValueSpecification\",\"valueRequired\":true,\"valueName\":\"search_term_string\"}}],\"inLanguage\":\"pt-PT\"},{\"@type\":\"Person\",\"@id\":\"https:\\\/\\\/www.altominho.tv\\\/site\\\/#\\\/schema\\\/person\\\/63f693da3e1899361cbe955c46f3232e\",\"name\":\"Lusa\",\"image\":{\"@type\":\"ImageObject\",\"inLanguage\":\"pt-PT\",\"@id\":\"https:\\\/\\\/www.altominho.tv\\\/site\\\/wp-content\\\/uploads\\\/2019\\\/08\\\/LUSA_Logo.gif\",\"url\":\"https:\\\/\\\/www.altominho.tv\\\/site\\\/wp-content\\\/uploads\\\/2019\\\/08\\\/LUSA_Logo.gif\",\"contentUrl\":\"https:\\\/\\\/www.altominho.tv\\\/site\\\/wp-content\\\/uploads\\\/2019\\\/08\\\/LUSA_Logo.gif\",\"caption\":\"Lusa\"},\"sameAs\":[\"http:\\\/\\\/\\\/\\\/www.altominho.tv\\\/site\"],\"url\":\"https:\\\/\\\/www.altominho.tv\\\/site\\\/author\\\/lusa\\\/\"}]}<\/script>\n<!-- \/ Yoast SEO Premium plugin. -->","yoast_head_json":{"title":"Per\u00edodo de isolamento de assintom\u00e1ticos passa para sete dias","description":"O per\u00edodo de isolamento para as pessoas assintom\u00e1ticas que testam positivo ao covid-19 passa, a partir desta quarta-feira, a ser de sete dias","robots":{"index":"index","follow":"follow","max-snippet":"max-snippet:-1","max-image-preview":"max-image-preview:large","max-video-preview":"max-video-preview:-1"},"canonical":"https:\/\/www.altominho.tv\/site\/2022\/01\/05\/periodo-de-isolamento-de-assintomaticos-passa-para-sete-dias\/","og_locale":"pt_PT","og_type":"article","og_title":"Per\u00edodo de isolamento de assintom\u00e1ticos passa para sete dias","og_description":"O per\u00edodo de isolamento para as pessoas assintom\u00e1ticas que testam positivo ao covid-19 passa, a partir desta quarta-feira, a ser de sete dias","og_url":"https:\/\/www.altominho.tv\/site\/2022\/01\/05\/periodo-de-isolamento-de-assintomaticos-passa-para-sete-dias\/","og_site_name":"Altominho.tv","article_publisher":"https:\/\/www.facebook.com\/altominhotv","article_published_time":"2022-01-05T08:53:15+00:00","article_modified_time":"2022-03-07T16:36:02+00:00","og_image":[{"width":1300,"height":868,"url":"https:\/\/www.altominho.tv\/site\/wp-content\/uploads\/2021\/12\/rastreio_testes_covid_19.jpeg","type":"image\/jpeg"}],"author":"Lusa","twitter_card":"summary_large_image","twitter_creator":"@altominhoTV","twitter_site":"@altominhoTV","twitter_misc":{"Escrito por":"Lusa","Tempo estimado de leitura":"5 minutos"},"schema":{"@context":"https:\/\/schema.org","@graph":[{"@type":"Article","@id":"https:\/\/www.altominho.tv\/site\/2022\/01\/05\/periodo-de-isolamento-de-assintomaticos-passa-para-sete-dias\/#article","isPartOf":{"@id":"https:\/\/www.altominho.tv\/site\/2022\/01\/05\/periodo-de-isolamento-de-assintomaticos-passa-para-sete-dias\/"},"author":{"name":"Lusa","@id":"https:\/\/www.altominho.tv\/site\/#\/schema\/person\/63f693da3e1899361cbe955c46f3232e"},"headline":"Per\u00edodo de isolamento de assintom\u00e1ticos passa para sete dias","datePublished":"2022-01-05T08:53:15+00:00","dateModified":"2022-03-07T16:36:02+00:00","mainEntityOfPage":{"@id":"https:\/\/www.altominho.tv\/site\/2022\/01\/05\/periodo-de-isolamento-de-assintomaticos-passa-para-sete-dias\/"},"wordCount":838,"image":{"@id":"https:\/\/www.altominho.tv\/site\/2022\/01\/05\/periodo-de-isolamento-de-assintomaticos-passa-para-sete-dias\/#primaryimage"},"thumbnailUrl":"https:\/\/www.altominho.tv\/site\/wp-content\/uploads\/2021\/12\/rastreio_testes_covid_19.jpeg","keywords":["Sa\u00fade","Sociedade"],"articleSection":["Coronav\u00edrus"],"inLanguage":"pt-PT","copyrightYear":"2022","copyrightHolder":{"@id":"https:\/\/www.altominho.tv\/site\/#organization"}},{"@type":"WebPage","@id":"https:\/\/www.altominho.tv\/site\/2022\/01\/05\/periodo-de-isolamento-de-assintomaticos-passa-para-sete-dias\/","url":"https:\/\/www.altominho.tv\/site\/2022\/01\/05\/periodo-de-isolamento-de-assintomaticos-passa-para-sete-dias\/","name":"Per\u00edodo de isolamento de assintom\u00e1ticos passa para sete dias","isPartOf":{"@id":"https:\/\/www.altominho.tv\/site\/#website"},"primaryImageOfPage":{"@id":"https:\/\/www.altominho.tv\/site\/2022\/01\/05\/periodo-de-isolamento-de-assintomaticos-passa-para-sete-dias\/#primaryimage"},"image":{"@id":"https:\/\/www.altominho.tv\/site\/2022\/01\/05\/periodo-de-isolamento-de-assintomaticos-passa-para-sete-dias\/#primaryimage"},"thumbnailUrl":"https:\/\/www.altominho.tv\/site\/wp-content\/uploads\/2021\/12\/rastreio_testes_covid_19.jpeg","datePublished":"2022-01-05T08:53:15+00:00","dateModified":"2022-03-07T16:36:02+00:00","author":{"@id":"https:\/\/www.altominho.tv\/site\/#\/schema\/person\/63f693da3e1899361cbe955c46f3232e"},"description":"O per\u00edodo de isolamento para as pessoas assintom\u00e1ticas que testam positivo ao covid-19 passa, a partir desta quarta-feira, a ser de sete dias","breadcrumb":{"@id":"https:\/\/www.altominho.tv\/site\/2022\/01\/05\/periodo-de-isolamento-de-assintomaticos-passa-para-sete-dias\/#breadcrumb"},"inLanguage":"pt-PT","potentialAction":[{"@type":"ReadAction","target":["https:\/\/www.altominho.tv\/site\/2022\/01\/05\/periodo-de-isolamento-de-assintomaticos-passa-para-sete-dias\/"]}]},{"@type":"ImageObject","inLanguage":"pt-PT","@id":"https:\/\/www.altominho.tv\/site\/2022\/01\/05\/periodo-de-isolamento-de-assintomaticos-passa-para-sete-dias\/#primaryimage","url":"https:\/\/www.altominho.tv\/site\/wp-content\/uploads\/2021\/12\/rastreio_testes_covid_19.jpeg","contentUrl":"https:\/\/www.altominho.tv\/site\/wp-content\/uploads\/2021\/12\/rastreio_testes_covid_19.jpeg","width":1300,"height":868},{"@type":"BreadcrumbList","@id":"https:\/\/www.altominho.tv\/site\/2022\/01\/05\/periodo-de-isolamento-de-assintomaticos-passa-para-sete-dias\/#breadcrumb","itemListElement":[{"@type":"ListItem","position":1,"name":"In\u00edcio","item":"https:\/\/www.altominho.tv\/site\/"},{"@type":"ListItem","position":2,"name":"Per\u00edodo de isolamento de assintom\u00e1ticos passa para sete dias"}]},{"@type":"WebSite","@id":"https:\/\/www.altominho.tv\/site\/#website","url":"https:\/\/www.altominho.tv\/site\/","name":"Altominho.tv","description":"A sua regi\u00e3o \u00e0 dist\u00e2ncia de um clique...","potentialAction":[{"@type":"SearchAction","target":{"@type":"EntryPoint","urlTemplate":"https:\/\/www.altominho.tv\/site\/?s={search_term_string}"},"query-input":{"@type":"PropertyValueSpecification","valueRequired":true,"valueName":"search_term_string"}}],"inLanguage":"pt-PT"},{"@type":"Person","@id":"https:\/\/www.altominho.tv\/site\/#\/schema\/person\/63f693da3e1899361cbe955c46f3232e","name":"Lusa","image":{"@type":"ImageObject","inLanguage":"pt-PT","@id":"https:\/\/www.altominho.tv\/site\/wp-content\/uploads\/2019\/08\/LUSA_Logo.gif","url":"https:\/\/www.altominho.tv\/site\/wp-content\/uploads\/2019\/08\/LUSA_Logo.gif","contentUrl":"https:\/\/www.altominho.tv\/site\/wp-content\/uploads\/2019\/08\/LUSA_Logo.gif","caption":"Lusa"},"sameAs":["http:\/\/\/\/www.altominho.tv\/site"],"url":"https:\/\/www.altominho.tv\/site\/author\/lusa\/"}]}},"_links":{"self":[{"href":"https:\/\/www.altominho.tv\/site\/wp-json\/wp\/v2\/posts\/74338","targetHints":{"allow":["GET"]}}],"collection":[{"href":"https:\/\/www.altominho.tv\/site\/wp-json\/wp\/v2\/posts"}],"about":[{"href":"https:\/\/www.altominho.tv\/site\/wp-json\/wp\/v2\/types\/post"}],"author":[{"embeddable":true,"href":"https:\/\/www.altominho.tv\/site\/wp-json\/wp\/v2\/users\/13"}],"replies":[{"embeddable":true,"href":"https:\/\/www.altominho.tv\/site\/wp-json\/wp\/v2\/comments?post=74338"}],"version-history":[{"count":0,"href":"https:\/\/www.altominho.tv\/site\/wp-json\/wp\/v2\/posts\/74338\/revisions"}],"wp:featuredmedia":[{"embeddable":true,"href":"https:\/\/www.altominho.tv\/site\/wp-json\/wp\/v2\/media\/73457"}],"wp:attachment":[{"href":"https:\/\/www.altominho.tv\/site\/wp-json\/wp\/v2\/media?parent=74338"}],"wp:term":[{"taxonomy":"category","embeddable":true,"href":"https:\/\/www.altominho.tv\/site\/wp-json\/wp\/v2\/categories?post=74338"},{"taxonomy":"post_tag","embeddable":true,"href":"https:\/\/www.altominho.tv\/site\/wp-json\/wp\/v2\/tags?post=74338"}],"curies":[{"name":"wp","href":"https:\/\/api.w.org\/{rel}","templated":true}]}}